{"id":26426,"date":"2018-10-06T17:00:42","date_gmt":"2018-10-06T16:00:42","guid":{"rendered":"https:\/\/www.aie.es\/adios-a-montserrat-caballe\/"},"modified":"2018-10-06T17:00:42","modified_gmt":"2018-10-06T16:00:42","slug":"adios-a-montserrat-caballe","status":"publish","type":"post","link":"https:\/\/www.aie.es\/en\/adios-a-montserrat-caballe\/","title":{"rendered":"Adi\u00f3s a Montserrat Caball\u00e9"},"content":{"rendered":"<p>Montserrat Caball\u00e9,<strong>\u00a0mito a la altura de Maria Callas, Joan Sutherland o Renata Tebaldi<\/strong>, destac\u00f3 por su voz plena, potente y bella, dotada de tersura, nitidez, suavidad, y su timbre iridiscente y tornasolado.<\/p>\n<p>Nacida<strong> Mar\u00eda de Montserrat Bibiana Concepci\u00f3n Caball\u00e9 i Folch<\/strong>\u00a0el 12 de abril de 1933 en el barrio de Gr\u00e0cia de Barcelona, era hija del tarraconense Carlos Caball\u00e9 Borr\u00e1s y de la valenciana Ana Folch. Gracias a su madre, que le ense\u00f1\u00f3 conceptos b\u00e1sicos de solfeo, y a una adinerada familia barcelonesa, los Bertrand i Mata,\u200b logr\u00f3 ingresar a los 11 a\u00f1os en el Conservatorio Superior de M\u00fasica del Liceo de Barcelona, en un principio con una beca y m\u00e1s tarde con el apoyo econ\u00f3mico de sus primeros mecenas.<\/p>\n<p><img decoding=\"async\" class=\"aligncenter size-full wp-image-26257\" src=\"https:\/\/www.aie.es\/wp-content\/uploads\/Caball\u00e9-2.jpg\" alt=\"\" width=\"940\" height=\"529\" srcset=\"https:\/\/www.aie.es\/wp-content\/uploads\/Caball\u00e9-2.jpg 940w, https:\/\/www.aie.es\/wp-content\/uploads\/Caball\u00e9-2-300x169.jpg 300w, https:\/\/www.aie.es\/wp-content\/uploads\/Caball\u00e9-2-768x432.jpg 768w, https:\/\/www.aie.es\/wp-content\/uploads\/Caball\u00e9-2-700x394.jpg 700w, https:\/\/www.aie.es\/wp-content\/uploads\/Caball\u00e9-2-539x303.jpg 539w\" sizes=\"(max-width: 940px) 100vw, 940px\" \/><\/p>\n<p><strong>En 1950 pis\u00f3 por primera vez un escenario<\/strong>\u00a0interpretando a Serpina de La serva padrona de Giovanni Battista Pergolesi, en el Teatro Fortuny de Reus.\u00a0Gan\u00f3 la medalla de oro de 1954. Sus maestros fueron Eugenia Kemmeny, a quien atribuye el desarrollo de su espectacular t\u00e9cnica respiratoria, Conchita Bad\u00eda y Napoleone Annovazzi. Tras\u00a0titularse <strong>hizo su primer estreno oper\u00edstico el 27 de junio de 1955<\/strong> con ese mismo papel en el Teatro Principal de Valencia con la Compa\u00f1\u00eda de Opera de C\u00e1mara de Barcelona, dirigida por Napoleone Annovazzi.<\/p>\n<p><strong>Ingres\u00f3 en la compa\u00f1\u00eda del Teatro Municipal de Basilea en 1956<\/strong>, donde hizo su debut oper\u00edstico fuera de Espa\u00f1a, el 17 de noviembre de ese mismo a\u00f1o, interpretando Mim\u00ed en La Boh\u00e8me, adem\u00e1s de un gran repertorio de papeles, incluyendo Tosca de Giacomo Puccini, Aida de Giuseppe Verdi, y Arabella y Salom\u00e9 de Richard Strauss. <strong>Fue contratada por la \u00d3pera de Bremen para la temporada de 1960-1961<\/strong>, donde se especializ\u00f3 en los papeles del bel canto.<\/p>\n<p><strong>En 1962 regresa a Barcelona y debuta en el Liceu el 7 de enero, con Arabella<\/strong>.\u00a0El emblem\u00e1tico teatro de La Rambla ha tenido siempre muy presente a la diva, a quien convirti\u00f3 en 2002 en la primera mujer socia del C\u00edrculo del Liceo y a la que dedic\u00f3 ese a\u00f1o el libro <em>Montserrat Caball\u00e9, 40 a\u00f1os en el Liceo<\/em>.<\/p>\n<p><strong>Se podr\u00eda decir que su primer \u00e9xito internacional tuvo lugar en 1965<\/strong>, cuando el 20 de abril sustituy\u00f3 a Marilyn Horne, que -indispuesta- no pudo cantar en la versi\u00f3n en concierto de Lucrezia Borgia en el Carnegie Hall de Nueva York; <strong>su interpretaci\u00f3n caus\u00f3 sensaci\u00f3n y la hizo famosa en el mundo de la \u00f3pera<\/strong>. Un peri\u00f3dico neoyorquino titul\u00f3 al d\u00eda siguiente: \u00abCallas + Tebaldi = Caball\u00e9\u00bb.<\/p>\n<p>Ese mismo a\u00f1o, debut\u00f3 en el Festival de Glyndebourne y en la Metropolitan Opera House con el personaje de Marguerite en el Fausto de Gounod. <strong>En 1972 debut\u00f3 en La Scala<\/strong> con Norma de Bellini y con Violetta en el Royal Opera House de Londres. <strong>En 1974 grab\u00f3 con gran \u00e9xito una funci\u00f3n se\u00f1alada como hist\u00f3rica de la \u00f3pera Norma en el th\u00e9\u00e2tre antique d&#8217;Orange<\/strong>. En 1980, interpret\u00f3 Semiramide de Rossini en el Festival de Aix-en-Provence, dirigida por Jes\u00fas L\u00f3pez Cobos.<\/p>\n<p><iframe src=\"https:\/\/www.youtube.com\/embed\/RxZSP1Dc78Q\" width=\"940\" height=\"520\" frameborder=\"0\" allowfullscreen=\"allowfullscreen\"><\/iframe><\/p>\n<p>En 1986 interpret\u00f3 un peque\u00f1o papel en Romanza final, pel\u00edcula biogr\u00e1fica sobre Juli\u00e1n Gayarre dirigida por Jos\u00e9 Mar\u00eda Forqu\u00e9 y protagonizada por Jos\u00e9 Carreras en el papel de Gayarre.<\/p>\n<p><strong>Con Freddie Mercury y Sara Montiel<\/strong><\/p>\n<p>Entre 1986 y 1988 interpret\u00f3 el \u00e1lbum Barcelona junto al vocalista de Queen, Freddie Mercury con quien forj\u00f3 una gran amistad. En el proyecto, donde participaron en la composici\u00f3n de las canciones Freddie Mercury y Mike Moran, tambi\u00e9n intervinieron Tim Rice y Montserrat Caball\u00e9. Su tema principal, &#8220;Barcelona&#8221;, <strong>fue elegido por el Comit\u00e9 Ol\u00edmpico espa\u00f1ol, himno oficial de Los Juegos Ol\u00edmpicos de Barcelona 1992<\/strong>. La interpretaron en directo en dos ocasiones. La primera en el Ku Club de Ibiza el 29 de mayo de 1987, y la segunda, dentro de los conciertos de <em>La Nit<\/em> de octubre de 1988. No pudieron actuar en la ceremonia de apertura de los Juegos Ol\u00edmpicos de 1992 por el fallecimiento de Freddie Mercury un a\u00f1o antes.<\/p>\n<p><strong>En 1988 Caball\u00e9 particip\u00f3 en el exitoso \u00e1lbum Pur\u00edsimo Sara de Sara Montiel<\/strong>, grabando a d\u00fao con ella el cl\u00e1sico La violetera. Este \u00e1lbum alcanz\u00f3 grandes ventas (Disco de Oro y luego Disco de Platino) y mereci\u00f3 un premio en Nueva York.<\/p>\n<p>A lo largo de su carrera, Caball\u00e9 comparti\u00f3 escenario con todos los grandes artistas, aunque reconoc\u00eda que <strong>tuvo una qu\u00edmica especial con tres de ellos: Pavarotti, Pl\u00e1cido Domingo y Carreras<\/strong>.\u00a0Montserrat Caball\u00e9 hizo incursiones en la m\u00fasica popular e incluso en la m\u00fasica pop, y siempre quedar\u00e1 en el recuerdo la interpretaci\u00f3n que hizo en 1988 junto al cantante Freddie Mercury del tema Barcelona, que abander\u00f3 los Juegos Ol\u00edmpicos del 92.<\/p>\n<p><strong>Prestigio mundial<\/strong><\/p>\n<p>Montserrat Caball\u00e9 ha interpretado <strong>m\u00e1s de ochenta personajes oper\u00edsticos, que van desde la \u00f3pera barroca, hasta Verdi, Wagner, Puccini, y Richard Strauss<\/strong>. Ha interpretado papeles tan diferentes como Norma, Salom\u00e9, Violeta, la Marschallin, Semiramide o Isolda, amplitud de repertorio reflejado en sus muchas grabaciones. Tambi\u00e9n interpret\u00f3 canciones populares espa\u00f1olas.<\/p>\n<p><strong>En 1982 recibi\u00f3 la Medalla de Oro de la Generalitat de Catalunya y en 1988 el Premio Nacional de M\u00fasica de Espa\u00f1a.\u00a0<\/strong>Fue <strong>Premio Pr\u00edncipe de Asturias de las Artes 1991<\/strong> a la Generaci\u00f3n L\u00edrica Espa\u00f1ola representada por Montserrat Caball\u00e9, Pl\u00e1cido Domingo, Jos\u00e9 Carreras, Alfredo Kraus, Teresa Berganza, Victoria de los \u00c1ngeles y Pilar Lorengar personificando, seg\u00fan el Jurado, con su inmenso talento musical un momento de excepcional brillantez de la l\u00edrica espa\u00f1ola, proyectando universalmente el nombre de Espa\u00f1a y propiciando un creciente amor por la m\u00fasica en el conjunto de la sociedad.<\/p>\n","protected":false},"excerpt":{"rendered":"<p>La soprano Montserrat Caball\u00e9, Socia de Honor de AIE, ha fallecido este s\u00e1bado a los 85 a\u00f1os de edad en el hospital Sant Pau de Barcelona, donde se encontraba ingresada desde mediados de septiembre. El vest\u00edbulo del Gran Teatre del Liceu permanece abierto para que quien lo desee deposite flores y se ha abierto en su pasillo central un libro de condolencias. El velatorio ser\u00e1 este domingo a partir de las dos de la tarde en el tanatorio de Les Corts, mientras que el funeral de la artista se celebra este lunes al mediod\u00eda en ese mismo recinto. La Sociedad de Artistas AIE env\u00eda sus condolencias a familiares y amigos.<\/p>\n","protected":false},"author":3,"featured_media":26256,"comment_status":"open","ping_status":"open","sticky":false,"template":"","format":"standard","meta":{"_acf_changed":false,"_relevanssi_hide_post":"","_relevanssi_hide_content":"","_relevanssi_pin_for_all":"","_relevanssi_pin_keywords":"","_relevanssi_unpin_keywords":"","_relevanssi_related_keywords":"","_relevanssi_related_include_ids":"","_relevanssi_related_exclude_ids":"","_relevanssi_related_no_append":"","_relevanssi_related_not_related":"","_relevanssi_related_posts":"","_relevanssi_noindex_reason":"","footnotes":""},"categories":[318],"tags":[],"acf":[],"yoast_head":"<!-- This site is optimized with the Yoast SEO Premium plugin v21.5 (Yoast SEO v21.9.1) - https:\/\/yoast.com\/wordpress\/plugins\/seo\/ -->\n<title>Adi\u00f3s a Montserrat Caball\u00e9 - AIE Sociedad de Artistas Int\u00e9rpretes o Ejecutantes de Espa\u00f1a<\/title>\n<meta name=\"robots\" content=\"index, follow, max-snippet:-1, max-image-preview:large, max-video-preview:-1\" \/>\n<link rel=\"canonical\" href=\"https:\/\/www.aie.es\/en\/adios-a-montserrat-caballe\/\" \/>\n<meta property=\"og:locale\" content=\"en_US\" \/>\n<meta property=\"og:type\" content=\"article\" \/>\n<meta property=\"og:title\" content=\"Adi\u00f3s a Montserrat Caball\u00e9\" \/>\n<meta property=\"og:description\" content=\"La soprano Montserrat Caball\u00e9, Socia de Honor de AIE, ha fallecido este s\u00e1bado a los 85 a\u00f1os de edad en el hospital Sant Pau de Barcelona, donde se encontraba ingresada desde mediados de septiembre. El vest\u00edbulo del Gran Teatre del Liceu permanece abierto para que quien lo desee deposite flores y se ha abierto en su pasillo central un libro de condolencias. El velatorio ser\u00e1 este domingo a partir de las dos de la tarde en el tanatorio de Les Corts, mientras que el funeral de la artista se celebra este lunes al mediod\u00eda en ese mismo recinto. La Sociedad de Artistas AIE env\u00eda sus condolencias a familiares y amigos.\" \/>\n<meta property=\"og:url\" content=\"https:\/\/www.aie.es\/en\/adios-a-montserrat-caballe\/\" \/>\n<meta property=\"og:site_name\" content=\"AIE Sociedad de Artistas Int\u00e9rpretes o Ejecutantes de Espa\u00f1a\" \/>\n<meta property=\"article:published_time\" content=\"2018-10-06T16:00:42+00:00\" \/>\n<meta property=\"og:image\" content=\"https:\/\/www.aie.es\/wp-content\/uploads\/Caball\u00e9-1.jpg\" \/>\n\t<meta property=\"og:image:width\" content=\"350\" \/>\n\t<meta property=\"og:image:height\" content=\"213\" \/>\n\t<meta property=\"og:image:type\" content=\"image\/jpeg\" \/>\n<meta name=\"author\" content=\"GGCOM\" \/>\n<meta name=\"twitter:card\" content=\"summary_large_image\" \/>\n<meta name=\"twitter:label1\" content=\"Written by\" \/>\n\t<meta name=\"twitter:data1\" content=\"GGCOM\" \/>\n\t<meta name=\"twitter:label2\" content=\"Est. reading time\" \/>\n\t<meta name=\"twitter:data2\" content=\"5 minutes\" \/>\n<script type=\"application\/ld+json\" class=\"yoast-schema-graph\">{\"@context\":\"https:\/\/schema.org\",\"@graph\":[{\"@type\":\"WebPage\",\"@id\":\"https:\/\/www.aie.es\/en\/adios-a-montserrat-caballe\/\",\"url\":\"https:\/\/www.aie.es\/en\/adios-a-montserrat-caballe\/\",\"name\":\"Adi\u00f3s a Montserrat Caball\u00e9 - AIE Sociedad de Artistas Int\u00e9rpretes o Ejecutantes de Espa\u00f1a\",\"isPartOf\":{\"@id\":\"https:\/\/www.aie.es\/#website\"},\"datePublished\":\"2018-10-06T16:00:42+00:00\",\"dateModified\":\"2018-10-06T16:00:42+00:00\",\"author\":{\"@id\":\"https:\/\/www.aie.es\/#\/schema\/person\/9008ac87bc3b5836f79e2a677dace4d5\"},\"breadcrumb\":{\"@id\":\"https:\/\/www.aie.es\/en\/adios-a-montserrat-caballe\/#breadcrumb\"},\"inLanguage\":\"en-US\",\"potentialAction\":[{\"@type\":\"ReadAction\",\"target\":[\"https:\/\/www.aie.es\/en\/adios-a-montserrat-caballe\/\"]}]},{\"@type\":\"BreadcrumbList\",\"@id\":\"https:\/\/www.aie.es\/en\/adios-a-montserrat-caballe\/#breadcrumb\",\"itemListElement\":[{\"@type\":\"ListItem\",\"position\":1,\"name\":\"Portada\",\"item\":\"https:\/\/www.aie.es\/en\/\"},{\"@type\":\"ListItem\",\"position\":2,\"name\":\"Adi\u00f3s a Montserrat Caball\u00e9\"}]},{\"@type\":\"WebSite\",\"@id\":\"https:\/\/www.aie.es\/#website\",\"url\":\"https:\/\/www.aie.es\/\",\"name\":\"AIE Sociedad de Artistas Int\u00e9rpretes o Ejecutantes de Espa\u00f1a\",\"description\":\"Entidad de gesti\u00f3n de derechos de propiedad intelectual\",\"potentialAction\":[{\"@type\":\"SearchAction\",\"target\":{\"@type\":\"EntryPoint\",\"urlTemplate\":\"https:\/\/www.aie.es\/?s={search_term_string}\"},\"query-input\":\"required name=search_term_string\"}],\"inLanguage\":\"en-US\"},{\"@type\":\"Person\",\"@id\":\"https:\/\/www.aie.es\/#\/schema\/person\/9008ac87bc3b5836f79e2a677dace4d5\",\"name\":\"GGCOM\",\"image\":{\"@type\":\"ImageObject\",\"inLanguage\":\"en-US\",\"@id\":\"https:\/\/www.aie.es\/#\/schema\/person\/image\/\",\"url\":\"https:\/\/secure.gravatar.com\/avatar\/b4ed17baa0f661a7cbe0494fbec9b888?s=96&d=mm&r=g\",\"contentUrl\":\"https:\/\/secure.gravatar.com\/avatar\/b4ed17baa0f661a7cbe0494fbec9b888?s=96&d=mm&r=g\",\"caption\":\"GGCOM\"},\"url\":\"https:\/\/www.aie.es\/en\/author\/cgarriga\/\"}]}<\/script>\n<!-- \/ Yoast SEO Premium plugin. -->","yoast_head_json":{"title":"Adi\u00f3s a Montserrat Caball\u00e9 - AIE Sociedad de Artistas Int\u00e9rpretes o Ejecutantes de Espa\u00f1a","robots":{"index":"index","follow":"follow","max-snippet":"max-snippet:-1","max-image-preview":"max-image-preview:large","max-video-preview":"max-video-preview:-1"},"canonical":"https:\/\/www.aie.es\/en\/adios-a-montserrat-caballe\/","og_locale":"en_US","og_type":"article","og_title":"Adi\u00f3s a Montserrat Caball\u00e9","og_description":"La soprano Montserrat Caball\u00e9, Socia de Honor de AIE, ha fallecido este s\u00e1bado a los 85 a\u00f1os de edad en el hospital Sant Pau de Barcelona, donde se encontraba ingresada desde mediados de septiembre. El vest\u00edbulo del Gran Teatre del Liceu permanece abierto para que quien lo desee deposite flores y se ha abierto en su pasillo central un libro de condolencias. El velatorio ser\u00e1 este domingo a partir de las dos de la tarde en el tanatorio de Les Corts, mientras que el funeral de la artista se celebra este lunes al mediod\u00eda en ese mismo recinto. La Sociedad de Artistas AIE env\u00eda sus condolencias a familiares y amigos.","og_url":"https:\/\/www.aie.es\/en\/adios-a-montserrat-caballe\/","og_site_name":"AIE Sociedad de Artistas Int\u00e9rpretes o Ejecutantes de Espa\u00f1a","article_published_time":"2018-10-06T16:00:42+00:00","og_image":[{"width":350,"height":213,"url":"https:\/\/www.aie.es\/wp-content\/uploads\/Caball\u00e9-1.jpg","type":"image\/jpeg"}],"author":"GGCOM","twitter_card":"summary_large_image","twitter_misc":{"Written by":"GGCOM","Est. reading time":"5 minutes"},"schema":{"@context":"https:\/\/schema.org","@graph":[{"@type":"WebPage","@id":"https:\/\/www.aie.es\/en\/adios-a-montserrat-caballe\/","url":"https:\/\/www.aie.es\/en\/adios-a-montserrat-caballe\/","name":"Adi\u00f3s a Montserrat Caball\u00e9 - AIE Sociedad de Artistas Int\u00e9rpretes o Ejecutantes de Espa\u00f1a","isPartOf":{"@id":"https:\/\/www.aie.es\/#website"},"datePublished":"2018-10-06T16:00:42+00:00","dateModified":"2018-10-06T16:00:42+00:00","author":{"@id":"https:\/\/www.aie.es\/#\/schema\/person\/9008ac87bc3b5836f79e2a677dace4d5"},"breadcrumb":{"@id":"https:\/\/www.aie.es\/en\/adios-a-montserrat-caballe\/#breadcrumb"},"inLanguage":"en-US","potentialAction":[{"@type":"ReadAction","target":["https:\/\/www.aie.es\/en\/adios-a-montserrat-caballe\/"]}]},{"@type":"BreadcrumbList","@id":"https:\/\/www.aie.es\/en\/adios-a-montserrat-caballe\/#breadcrumb","itemListElement":[{"@type":"ListItem","position":1,"name":"Portada","item":"https:\/\/www.aie.es\/en\/"},{"@type":"ListItem","position":2,"name":"Adi\u00f3s a Montserrat Caball\u00e9"}]},{"@type":"WebSite","@id":"https:\/\/www.aie.es\/#website","url":"https:\/\/www.aie.es\/","name":"AIE Sociedad de Artistas Int\u00e9rpretes o Ejecutantes de Espa\u00f1a","description":"Entidad de gesti\u00f3n de derechos de propiedad intelectual","potentialAction":[{"@type":"SearchAction","target":{"@type":"EntryPoint","urlTemplate":"https:\/\/www.aie.es\/?s={search_term_string}"},"query-input":"required name=search_term_string"}],"inLanguage":"en-US"},{"@type":"Person","@id":"https:\/\/www.aie.es\/#\/schema\/person\/9008ac87bc3b5836f79e2a677dace4d5","name":"GGCOM","image":{"@type":"ImageObject","inLanguage":"en-US","@id":"https:\/\/www.aie.es\/#\/schema\/person\/image\/","url":"https:\/\/secure.gravatar.com\/avatar\/b4ed17baa0f661a7cbe0494fbec9b888?s=96&d=mm&r=g","contentUrl":"https:\/\/secure.gravatar.com\/avatar\/b4ed17baa0f661a7cbe0494fbec9b888?s=96&d=mm&r=g","caption":"GGCOM"},"url":"https:\/\/www.aie.es\/en\/author\/cgarriga\/"}]}},"_links":{"self":[{"href":"https:\/\/www.aie.es\/en\/wp-json\/wp\/v2\/posts\/26426"}],"collection":[{"href":"https:\/\/www.aie.es\/en\/wp-json\/wp\/v2\/posts"}],"about":[{"href":"https:\/\/www.aie.es\/en\/wp-json\/wp\/v2\/types\/post"}],"author":[{"embeddable":true,"href":"https:\/\/www.aie.es\/en\/wp-json\/wp\/v2\/users\/3"}],"replies":[{"embeddable":true,"href":"https:\/\/www.aie.es\/en\/wp-json\/wp\/v2\/comments?post=26426"}],"version-history":[{"count":0,"href":"https:\/\/www.aie.es\/en\/wp-json\/wp\/v2\/posts\/26426\/revisions"}],"wp:featuredmedia":[{"embeddable":true,"href":"https:\/\/www.aie.es\/en\/wp-json\/wp\/v2\/media\/26256"}],"wp:attachment":[{"href":"https:\/\/www.aie.es\/en\/wp-json\/wp\/v2\/media?parent=26426"}],"wp:term":[{"taxonomy":"category","embeddable":true,"href":"https:\/\/www.aie.es\/en\/wp-json\/wp\/v2\/categories?post=26426"},{"taxonomy":"post_tag","embeddable":true,"href":"https:\/\/www.aie.es\/en\/wp-json\/wp\/v2\/tags?post=26426"}],"curies":[{"name":"wp","href":"https:\/\/api.w.org\/{rel}","templated":true}]}}