{"id":26432,"date":"2018-09-06T18:24:03","date_gmt":"2018-09-06T17:24:03","guid":{"rendered":"https:\/\/www.aie.es\/carta-del-presidente-aie\/"},"modified":"2023-11-28T10:55:16","modified_gmt":"2023-11-28T09:55:16","slug":"carta-del-presidente-aie","status":"publish","type":"post","link":"https:\/\/www.aie.es\/en\/carta-del-presidente-aie\/","title":{"rendered":"Carta del presidente"},"content":{"rendered":"<p><img decoding=\"async\" title=\"LC Memoria AIE 2017\" class=\"size-medium wp-image-25243 alignleft\" src=\"https:\/\/www.aie.es\/wp-content\/uploads\/\/LC-Memoria-AIE-2017-272x300.jpg\" alt=\"LC Memoria AIE 2017\" width=\"272\" height=\"300\" srcset=\"https:\/\/www.aie.es\/wp-content\/uploads\/LC-Memoria-AIE-2017-272x300.jpg 272w, https:\/\/www.aie.es\/wp-content\/uploads\/LC-Memoria-AIE-2017-768x848.jpg 768w, https:\/\/www.aie.es\/wp-content\/uploads\/LC-Memoria-AIE-2017-927x1024.jpg 927w, https:\/\/www.aie.es\/wp-content\/uploads\/LC-Memoria-AIE-2017-700x773.jpg 700w, https:\/\/www.aie.es\/wp-content\/uploads\/LC-Memoria-AIE-2017.jpg 1765w\" sizes=\"(max-width: 272px) 100vw, 272px\" \/><\/p>\n<p><strong>Queridos\/as todos\/as:<\/strong><\/p>\n<p style=\"text-align: left;\"><strong>En esta Memoria se detallan las acciones y deberes, cumplidos y pendientes, de las cuentas, recaudaciones, repartos y movimientos efectuados para mejorar la recaudaci\u00f3n y la gesti\u00f3n de los derechos de los artistas, realizados durante el a\u00f1o 2017 por las personas y equipos que conforman nuestra sociedad, para que los socios puedan refrendar o reprobar las gestiones realizadas, y el p\u00fablico y las autoridades que tienen que observar el cumplimiento de los estatutos y compromisos adquiridos por AIE, puedan comprobar la veracidad, rectitud y transparencia de nuestra gesti\u00f3n.<\/strong><\/p>\n<p>&nbsp;<\/p>\n<p><img decoding=\"async\" title=\"imagencarta1\" class=\"aligncenter size-full wp-image-25224\" src=\"https:\/\/www.aie.es\/wp-content\/uploads\/imagencarta1.jpg\" alt=\"imagencarta1\" width=\"1200\" height=\"214\" srcset=\"https:\/\/www.aie.es\/wp-content\/uploads\/imagencarta1.jpg 1200w, https:\/\/www.aie.es\/wp-content\/uploads\/imagencarta1-300x54.jpg 300w, https:\/\/www.aie.es\/wp-content\/uploads\/imagencarta1-768x137.jpg 768w, https:\/\/www.aie.es\/wp-content\/uploads\/imagencarta1-1024x183.jpg 1024w, https:\/\/www.aie.es\/wp-content\/uploads\/imagencarta1-700x125.jpg 700w\" sizes=\"(max-width: 1200px) 100vw, 1200px\" \/><\/p>\n<p>La Sociedad de Artistas AIE, en 2017, ha superado la recaudaci\u00f3n con respecto al presupuesto, controlado el gasto y reducido el descuento de administraci\u00f3n en un 4,6%, recaudando m\u00e1s de 29 millones de euros en 2017, un 12,7% por encima del presupuesto del a\u00f1o. Todo ello, a pesar de las trabas y dificultades puestas por los usuarios, en especial por la Asociaci\u00f3n de Radios Comerciales, AERC, para la implantaci\u00f3n de las nuevas tarifas establecidas por AIE al amparo de la Ley de Propiedad Intelectual de 2014. Es una gran satisfacci\u00f3n presentar los datos que profusamente explicados y detallados figuran en los diferentes apartados de esta Memoria AIE 2017.<\/p>\n<p><img decoding=\"async\" title=\"imagencarta2\" class=\"aligncenter size-full wp-image-25226\" src=\"https:\/\/www.aie.es\/wp-content\/uploads\/imagencarta2.jpg\" alt=\"imagencarta2\" width=\"1200\" height=\"76\" srcset=\"https:\/\/www.aie.es\/wp-content\/uploads\/imagencarta2.jpg 1200w, https:\/\/www.aie.es\/wp-content\/uploads\/imagencarta2-300x19.jpg 300w, https:\/\/www.aie.es\/wp-content\/uploads\/imagencarta2-768x49.jpg 768w, https:\/\/www.aie.es\/wp-content\/uploads\/imagencarta2-1024x65.jpg 1024w, https:\/\/www.aie.es\/wp-content\/uploads\/imagencarta2-700x44.jpg 700w\" sizes=\"(max-width: 1200px) 100vw, 1200px\" \/><\/p>\n<p>Un hecho muy positivo -sobre todo para 2018 y para el futuro\u2013 es haber recuperado, despu\u00e9s de seis a\u00f1os de lucha, denuncias y gestiones, <a href=\"https:\/\/www.aie.es\/espana-recupera-el-modelo-europeo-de-compensacion-por-copia-privada\/\" target=\"_blank\" rel=\"noopener\">el sistema de Copia Privada<\/a> que ten\u00edamos en Espa\u00f1a hasta enero de 2012, cuando el gobierno decidi\u00f3 suprimirlo e implantar otro, declarado nulo por los tribunales espa\u00f1oles y europeos. Ha sido una ardua tarea en la que AIE ha intervenido, junto a las dem\u00e1s entidades de gesti\u00f3n, con alguna excepci\u00f3n. Esa injusta, torpe y arbitraria decisi\u00f3n, ha producido, en los pasados seis a\u00f1os, un da\u00f1o de unos 500 millones de euros a los autores, artistas y dem\u00e1s derechohabientes.<\/p>\n<p><a href=\"https:\/\/www.aie.es\/el-congreso-aprueba-por-amplisima-mayoria-el-nuevo-modelo-de-copia-privada\/\" target=\"_blank\" rel=\"noopener\">La vuelta al sistema, en 2017<\/a>, si bien no nos devolver\u00e1 las cantidades perdidas, incrementar\u00e1 la recaudaci\u00f3n de los pr\u00f3ximos a\u00f1os. Y esa es una buena noticia.<\/p>\n<p><strong>Aplicando la extensi\u00f3n del plazo de protecci\u00f3n de los derechos de los artistas de 50 a 70 a\u00f1os, AIE ha realizado en 2017 el primer reparto de derechos a los artistas ejecutantes que no tienen contrato discogr\u00e1fico<\/strong>. Este derecho, para los ejecutantes, fue conseguido gracias al constante y exitoso trabajo de negociaci\u00f3n que realizamos durante tres a\u00f1os ante la Uni\u00f3n Europea.<\/p>\n<p><img decoding=\"async\" title=\"imagencarta3\" class=\"aligncenter size-full wp-image-25228\" src=\"https:\/\/www.aie.es\/wp-content\/uploads\/imagencarta3.jpg\" alt=\"imagencarta3\" width=\"1200\" height=\"76\" srcset=\"https:\/\/www.aie.es\/wp-content\/uploads\/imagencarta3.jpg 1200w, https:\/\/www.aie.es\/wp-content\/uploads\/imagencarta3-300x19.jpg 300w, https:\/\/www.aie.es\/wp-content\/uploads\/imagencarta3-768x49.jpg 768w, https:\/\/www.aie.es\/wp-content\/uploads\/imagencarta3-1024x65.jpg 1024w, https:\/\/www.aie.es\/wp-content\/uploads\/imagencarta3-700x44.jpg 700w\" sizes=\"(max-width: 1200px) 100vw, 1200px\" \/><\/p>\n<p>En 2017 AIE ha realizado 2.739 encuestas -el 98% de ellas automatizadas- entre los afiliados que han utilizado los servicios de AIE. La valoraci\u00f3n es de 9 sobre 10, la cifra m\u00e1s alta de los \u00faltimos a\u00f1os.<br \/>\nAIE cumpli\u00f3 el plazo de atenci\u00f3n y respuesta en 17.433 servicios prestados a los socios en 2017, siendo solo en un caso el cumplimiento de plazo parcial.<\/p>\n<p><img decoding=\"async\" title=\"imagencarta4\" class=\"aligncenter size-full wp-image-25230\" src=\"https:\/\/www.aie.es\/wp-content\/uploads\/imagencarta4.jpg\" alt=\"imagencarta4\" width=\"1200\" height=\"102\" srcset=\"https:\/\/www.aie.es\/wp-content\/uploads\/imagencarta4.jpg 1200w, https:\/\/www.aie.es\/wp-content\/uploads\/imagencarta4-300x26.jpg 300w, https:\/\/www.aie.es\/wp-content\/uploads\/imagencarta4-768x65.jpg 768w, https:\/\/www.aie.es\/wp-content\/uploads\/imagencarta4-1024x87.jpg 1024w, https:\/\/www.aie.es\/wp-content\/uploads\/imagencarta4-700x60.jpg 700w\" sizes=\"(max-width: 1200px) 100vw, 1200px\" \/><\/p>\n<p><strong>AIE sigue siendo la entidad de artistas con m\u00e1s acuerdos de reciprocidad firmados y en vigor en el mundo<\/strong>. AIE mantiene relaciones de reciprocidad y est\u00e1 presente en el 98% de los territorios donde se respeta la propiedad intelectual y existen legislaciones que permiten la recaudaci\u00f3n y el intercambio entre sociedades de gesti\u00f3n.<\/p>\n<p>La apuesta por la tecnolog\u00eda, la innovaci\u00f3n y la internacionalizaci\u00f3n, est\u00e1 funcionando y aporta a nuestra sociedad cr\u00e9dito y respeto por parte de las otras entidades y organizaciones internacionales. AIE, gracias a su eficaz y profesional sistema de gesti\u00f3n, puede desarrollar, compartir y exportar las m\u00e1s modernas y eficaces herramientas de gesti\u00f3n, que tambi\u00e9n son utilizadas por otras entidades de artistas. AIE contin\u00faa realizando revisiones y auditor\u00edas con todas las entidades con las que mantiene los convenios de reciprocidad, para defender y recaudar los derechos de todos sus socios en el mundo.<\/p>\n<p>Seguimos en la vanguardia de la tecnolog\u00eda, persiguiendo la excelencia dentro del \u00e1mbito de las entidades de gesti\u00f3n de artistas, al tiempo que cuidamos la tradici\u00f3n y el trato personal y humanizado con nuestros socios primero, pero tambi\u00e9n con los usuarios, colaboradores, con las autoridades y con las sociedades y organizaciones con las que tenemos planes, contactos y negocio de recaudaci\u00f3n, distribuci\u00f3n, mantenimiento y desarrollo de los derechos.<\/p>\n<p><strong>AIE ha sido reelegida, por unanimidad, para presidir por cuatro a\u00f1os m\u00e1s FILAIE, la Federaci\u00f3n Iberolatinoamericana de Artistas Int\u00e9rpretes o Ejecutantes<\/strong>. AIE participa, tambi\u00e9n, en el Consejo de la SCAPR y lidera el IT Council de la misma.<br \/>\n<strong>Este reconocimiento de las entidades de Latinoam\u00e9rica, Espa\u00f1a y Portugal, muestra que la reputaci\u00f3n y el respeto internacional de AIE<\/strong> se mantienen y siguen creciendo y eso nos llena de satisfacci\u00f3n y compensa los a\u00f1os de trabajo, esfuerzo y dedicaci\u00f3n empleados.<br \/>\nEs muy grato comprobar que el trabajo internacional que AIE ha realizado desde 1992 ha dado sus frutos y ello nos motiva para seguir trabajando m\u00e1s y mejor.<\/p>\n<p>En todos estos a\u00f1os de lucha, trabajo, informaci\u00f3n, desarrollo e intercambio de conocimiento e intensivo esfuerzo y dedicaci\u00f3n, no hemos sentido la presi\u00f3n que ahora se percibe, contra el derecho de propiedad intelectual, contra el reconocimiento del talento, el esfuerzo, el trabajo y los valores que nos han aportado el necesario combustible para pelear y estar en permanente campa\u00f1a para conservar, afianzar y desarrollar los derechos de los artistas y autores, y la justa remuneraci\u00f3n que todo ello debe aportar a la salud, al bienestar y a la seguridad econ\u00f3mica de los artistas y los autores.<\/p>\n<p>Desde 1992 hasta nuestros d\u00edas, hemos participado, interviniendo y liderando, en el campo nacional e internacional, los trabajos, gestiones y contactos para lograr traspasar los c\u00f3digos, normas y trabas del tiempo, consiguiendo superar el estr\u00e9s y las dificultades que todo cambio y avance impone en cualquier materia.<\/p>\n<p>AIE ha intervenido activamente en los hitos de la propiedad intelectual de los \u00faltimos 20 a\u00f1os: liderando la consecuci\u00f3n del Tratado de OMPI (TOIEF &#8211; WPPT) de 1996, despu\u00e9s de cuatro a\u00f1os de intenso trabajo a trav\u00e9s de ARTIS y FILAIE, organizaciones que hemos presidido en Europa y Am\u00e9rica Latina, influyendo en la redacci\u00f3n de la Directiva 2001, a trav\u00e9s de GIART (Grupo Internacional de Artistas, con sede en Bruselas), liderando tambi\u00e9n, con \u00e9xito, la Extensi\u00f3n del Plazo de Protecci\u00f3n de los derechos de Artistas de 50 a 70 a\u00f1os, a trav\u00e9s de estas organizaciones y FILAIE, la Federaci\u00f3n Iberoamericana de Artistas, que agrupa a la totalidad de artistas y sociedades de Iberoam\u00e9rica y el Caribe. As\u00ed mismo AIE, presidiendo FILAIE, fue muy activa y determinante para lograr la aprobaci\u00f3n, en 2012, del Tratado Audiovisual de Beijing, hist\u00f3rico en el reconocimiento de los derechos de los artistas en el campo audiovisual.<\/p>\n<p>Durante el a\u00f1o 2017 y en este momento, continuamos luchando por la mejora de los derechos de los artistas, y a tal efecto hemos realizado reuniones, comparecencias, conferencias, escritos y gestiones diversas, en una larga campa\u00f1a, desde 2015, para conseguir afianzar un derecho de remuneraci\u00f3n para los artistas, en la Directiva sobre derechos de autor en el Mercado \u00danico Digital, que se est\u00e1 tramitando en estos momentos y desde hace meses, en el Parlamento Europeo.<\/p>\n<p>En diciembre de 2015, en la sede de AIE en Barcelona, se cre\u00f3 el Consejo Directivo de la Coalici\u00f3n FAIR INTERNET FOR PERFORMERS \u201c<a href=\"https:\/\/www.aie.es\/los-artistas-piden-un-trato-justo-a-interpretes-o-ejecutantes-en-el-entorno-digital\/\" target=\"_blank\" rel=\"noopener\">Internet justo para los artistas<\/a>\u201d que representa a m\u00e1s de 500.000 artistas de Europa, integrado por representantes de la pr\u00e1ctica totalidad de asociaciones y organizaciones de artistas de Europa y el mundo y del que AIE es miembro.<\/p>\n<p>AIE forma parte de la organizaci\u00f3n europea que agrupa a las entidades de gesti\u00f3n de artistas, AEPO-ARTIS, la cual est\u00e1 intensamente involucrada en el seguimiento de esta iniciativa legislativa de la UE, a trav\u00e9s de la Coalici\u00f3n \u201cInternet Justo\u201d \u201cFair Internet\u201d Coalition.<\/p>\n<p>Esta coalici\u00f3n est\u00e1 participando activamente en la tramitaci\u00f3n de la propuesta de Directiva sobre Derechos de Autor en el Mercado \u00danico Digital con el fin de defender y salvaguardar los derechos de cientos de miles de artistas europeos en el entorno digital, quienes est\u00e1n viendo c\u00f3mo el uso cada vez m\u00e1s intensivo de sus interpretaciones y ejecuciones les reporta cantidades insignificantes o ning\u00fan tipo de remuneraci\u00f3n.<\/p>\n<p>Los artistas de Europa, y por extensi\u00f3n de gran parte del mundo, est\u00e1n muy preocupados por el sesgo que est\u00e1n tomando las medidas legislativas que se est\u00e1n debatiendo porque m\u00e1s que proteger sus derechos y rendimientos econ\u00f3micos, est\u00e1n estableciendo una serie de obst\u00e1culos muy dif\u00edciles de sortear para llegar a lo m\u00e1s importante de todo este proceso: proteger la creaci\u00f3n, la interpretaci\u00f3n, la industria y el futuro de los que construyen los contenidos digitales que no son otra cosa que obras, interpretaciones y producciones.<\/p>\n<p>Estamos ante un desaf\u00edo tecnol\u00f3gico, social y econ\u00f3mico nunca antes <strong>conocido<\/strong> en la vida y desarrollo de la propiedad intelectual y la gesti\u00f3n colectiva. <strong>Nos debatimos entre los algoritmos, el Big Data y la inteligencia artificial<\/strong>.<\/p>\n<p>El algoritmo, palabra tecnol\u00f3gica de moda, es una serie de instrucciones que se llevan a cabo para convertir un problema en una soluci\u00f3n. Los algoritmos recogen operaciones tan sencillas que pueden ser realizadas con \u00e9xito por cualquiera. Incluso por las m\u00e1quinas. <strong>Los algoritmos conocen nuestros gustos, tendencias y dem\u00e1s intimidades<\/strong>. Pueden ejecutar nuestros trabajos, y podr\u00edan condicionar y someter a la sociedad. Son elementos de gran poder y tambi\u00e9n pueden ayudar a los seres humanos a mejorar el mundo.<\/p>\n<p>Sin embargo, hay varios estudiosos de la materia que afirman que hay demasiados algoritmos que carecen de final o no resuelven problemas. M\u00e1s bien los crean.<\/p>\n<p><strong>Los algoritmos<\/strong>, que existen desde tiempos remotos, <strong>est\u00e1n tomando un gran protagonismo y ya se usan para predecir e influir en resultados electorales<\/strong>, en dise\u00f1ar y dirigir tendencias y marcas, automatizar el trabajo, etc. Tal vez el algoritmo m\u00e1s famoso del mundo, despu\u00e9s del de la tabla de multiplicar, sea el de Google, creado en 1998 y llamado PageRank.<\/p>\n<p>Los algoritmos no son entes aut\u00f3nomos. Detr\u00e1s hay personas. <strong>Es fundamental y b\u00e1sico exigir un c\u00f3digo \u00e9tico y p\u00fablico<\/strong> para evitar algunos de los problemas que acarrea el descontrol y el todo vale en la tecnolog\u00eda porque los que controlan los datos &#8211; Big Data &#8211; tienen grandes oportunidades para generar informaci\u00f3n y beneficio o generar da\u00f1o e influir en otros para ello. <strong>Un c\u00f3digo \u00e9tico es imprescindible para actuar de forma coherente con el inter\u00e9s social<\/strong>. Esta es una necesidad patente en una sociedad orientada al bien del individuo y a la primac\u00eda de \u00e9ste sobre el negocio.<\/p>\n<p><strong>El creador de Facebook<\/strong>, Mark Zuckerberg, en su comparecencia ante el Senado Norteamericano, <strong>ha afirmado que es necesario un mayor control sobre las redes sociales e Internet<\/strong>, en general, por el bien del derecho, la libertad, la seguridad y la protecci\u00f3n de los datos de las personas. Esperemos que esto no sea solo una afirmaci\u00f3n para cubrir las apariencias.<\/p>\n<p>En 2017, Google Brain anunci\u00f3 Magenta, un proyecto que pretende tener computadoras que produzcan m\u00fasica \u00abcautivadora y art\u00edstica\u00bb, llena de sorpresas.<\/p>\n<p><strong>Hoy ya existen m\u00e1s de 500.000 canciones compuestas por computadoras, guiadas por algoritmos, utilizando la inteligencia artificial<\/strong>.<\/p>\n<p>Kevin Slavin, profesor del MIT Media Lab afirma: \u201cLos algoritmos est\u00e1n configurando nuestro mundo. Tanto aqu\u00ed como en Wall Street vemos c\u00f3mo algoritmos en conflicto, trabados entre s\u00ed, crean bucles sin ning\u00fan tipo de supervisi\u00f3n humana\u201d.<\/p>\n<p><strong>En este viaje de la transformaci\u00f3n tecnol\u00f3gica todos deber\u00edamos tener el mismo destino<\/strong>: salvar los derechos, la dignidad y la libertad del individuo porque existe una gran pasividad social aceptada ante las normas que el Mercado Global Digital impone, creando poco a poco la dictadura de la tecnolog\u00eda, los algoritmos, las aplicaciones y la masificaci\u00f3n digital, propiciada por las grandes corporaciones multinacionales, en muchos casos bien vistas porque al frente de ellas est\u00e1n j\u00f3venes que presumen de haber descubierto la rueda cuadrada cuando, en realidad, como estamos viendo con Facebook, est\u00e1n realizando grandes negocios a nuestras espaldas, atropellando los derechos, la privacidad, la libertad e influyendo y alterando las grandes decisiones sociales, recibiendo, en algunos casos, como mucho, una reprimenda controlada por haber sido \u201cmalos chicos\u201d.<\/p>\n<p><strong>Es mejor aliarse con la modernidad tecnol\u00f3gica que depender total y pasivamente de ella<\/strong>.<\/p>\n<p><strong>Hay que estar atentos a estos importantes cambios y demandar democracia digital<\/strong> y un equilibro entre derechos y deberes para evitar que la masificaci\u00f3n digital, ya en marcha, nos envuelva y las pretendidas normas reguladoras del Mercado Digital solo nos vinculen a los grupos sociales que para conseguir nuestros derechos, nuestro salario y justo beneficio por la explotaci\u00f3n de nuestro talento y trabajo, nos aliamos para poder rascar migajas del Big Digital Business, acus\u00e1ndonos de monopolios, con la aquiescencia y jaleo de muchos grupos sociales, los mismos que no delatan ni denuncian a los aut\u00e9nticos monopolios planetarios que son estas grandes corporaciones a las que todos admiran y nadie cuestiona.<\/p>\n<p>A pesar de los logros e hitos relacionados en esta carta que escribo para la Memoria AIE 2017, no quisiera que la satisfacci\u00f3n y\/o euforia que siento y seguramente se deja sentir en este escrito, por los logros conseguidos en determinadas gestiones y campa\u00f1as realizadas con mucho esfuerzo, ilusi\u00f3n y compromiso, traduzca una sensaci\u00f3n de triunfalismo alejado de la realidad. Ni mucho menos.<\/p>\n<p>En este mundo en permanente cambio hay muchas cosas que mejorar y transformar y es necesaria la colaboraci\u00f3n y aportaci\u00f3n de ideas de nuestros artistas j\u00f3venes que est\u00e1n directamente familiarizados y relacionados con la tecnolog\u00eda, las redes sociales y los nuevos canales de comunicaci\u00f3n e informaci\u00f3n que van dejando atr\u00e1s a los tradicionales y se han impuesto ya como elementos comunes de la vida cotidiana, del trabajo y del ocio.<\/p>\n<p>Quiero, al tiempo que felicitar y dar las gracias a todas las personas que trabajan en esta buena entidad de gesti\u00f3n y nos ayudan a llevar a cabo nuestro compromiso, expresar mi convencimiento de que, en un futuro pr\u00f3ximo, unidos, conseguiremos que la creaci\u00f3n y la interpretaci\u00f3n consigan ser respetadas, admiradas y compensadas porque el funcionamiento del flujo de la creaci\u00f3n y la interpretaci\u00f3n en las autopistas de la comunicaci\u00f3n y el comercio as\u00ed lo demanda y tambi\u00e9n porque el tiempo nos dar\u00e1 la oportunidad de corregir muchos de los disparates que la industria y la tecnolog\u00eda \u2013\u201cen nombre de la evoluci\u00f3n\u201d y \u201cpor el bien de la humanidad\u201d\u2013 est\u00e1n cometiendo.<\/p>\n<p>Debemos conseguir el respeto, la protecci\u00f3n y el reconocimiento social que la creaci\u00f3n, la interpretaci\u00f3n y la propiedad intelectual merecen porque una sociedad que protege m\u00e1s los objetos que las ideas est\u00e1 enferma. Detr\u00e1s de las leyes, normas, derechos y gesti\u00f3n, est\u00e1n las personas y es a ellas a quienes nos debemos los que hemos optado por aceptar el compromiso de defender el arte y derecho en libertad.<\/p>\n<p>He tenido el honor y la suerte de intervenir en los inicios y el devenir de AIE, y, por ello, celebro y me siento muy satisfecho de que AIE goce de gran consideraci\u00f3n y prestigio, en Espa\u00f1a, en toda Europa, en Latinoam\u00e9rica y en el resto del mundo, por su buen hacer en el mercado de la m\u00fasica, en el sector de los derechos y la gesti\u00f3n colectiva y tambi\u00e9n como generadora de circuitos, programas y actividades culturales y asistenciales. Su modelo ha servido de ejemplo para constituir otras entidades de gesti\u00f3n y algunas de ellas hasta han importado la denominaci\u00f3n AIE en sus registros.<\/p>\n<p><strong>El futuro de la gesti\u00f3n colectiva pasa por la alianza estrat\u00e9gica y funcional de los autores y los artistas<\/strong>.<br \/>\nNuestro objetivo, a medio plazo, es unificar acciones, abaratar administraci\u00f3n, sumar esfuerzos y equipos y potenciar y mejorar la recaudaci\u00f3n, el reparto, la gesti\u00f3n interna y externa y la acci\u00f3n ante los usuarios, los poderes p\u00fablicos y las organizaciones y estructuras internacionales. Claro que este prop\u00f3sito ser\u00e1 posible y podr\u00e1 ver la luz si nuestros socios lo consideran oportuno y lo apoyan.<\/p>\n<p>Tenemos que insistir y seguir trabajando para conseguir un gran pacto pol\u00edtico y social, para asegurar la viabilidad de la cultura, para afianzar la propiedad intelectual y garantizar el futuro de los derechos y la creaci\u00f3n a trav\u00e9s de la gesti\u00f3n colectiva que ha demostrado ser el mejor sistema para materializar la justa remuneraci\u00f3n que los autores y artistas merecen por la utilizaci\u00f3n de sus obras e interpretaciones, tanto en el \u00e1mbito anal\u00f3gico como en el Mercado Global Digital.<\/p>\n<p><strong>En este momento, el principal objetivo de las entidades de gesti\u00f3n a nivel internacional, es reducir la brecha entre la protecci\u00f3n legal que se pretendi\u00f3 brindar a los autores y artistas con la legislaci\u00f3n global y las escasas posibilidades que hoy tienen los artistas y autores de disfrutar de esa protecci\u00f3n y de recibir la justa remuneraci\u00f3n, que por la utilizaci\u00f3n comercial de sus obras y actuaciones les corresponde<\/strong>. Claro que hay excepciones que podr\u00edan enturbiar o matizar esta definici\u00f3n de la mala situaci\u00f3n de los derechos y las retribuciones de los artistas y autores, pero son escasas y se encuadran en par\u00e1metros y circunstancias que no est\u00e1n al alcance de la mayor\u00eda de los artistas y autores.<\/p>\n<p>La solidez y determinaci\u00f3n de AIE, si sus socios y los artistas, en su gran mayor\u00eda, nos apoyan, ayudar\u00e1 a mantener una posici\u00f3n de fuerza ante las presiones de los que quieren debilitar los derechos y despojar a los artistas de esta arma pac\u00edfica y potente que es la gesti\u00f3n colectiva.<\/p>\n<p>Gracias a todos los socios por la confianza demostrada.<br \/>\nSeguiremos trabajando para ser merecedores de ella.<\/p>\n<p><img decoding=\"async\" title=\"imagencarta5\" class=\"aligncenter size-full wp-image-25232\" src=\"https:\/\/www.aie.es\/wp-content\/uploads\/imagencarta5.jpg\" alt=\"imagencarta5\" width=\"1200\" height=\"292\" srcset=\"https:\/\/www.aie.es\/wp-content\/uploads\/imagencarta5.jpg 1200w, https:\/\/www.aie.es\/wp-content\/uploads\/imagencarta5-300x73.jpg 300w, https:\/\/www.aie.es\/wp-content\/uploads\/imagencarta5-768x187.jpg 768w, https:\/\/www.aie.es\/wp-content\/uploads\/imagencarta5-1024x249.jpg 1024w, https:\/\/www.aie.es\/wp-content\/uploads\/imagencarta5-700x170.jpg 700w\" sizes=\"(max-width: 1200px) 100vw, 1200px\" \/><\/p>\n","protected":false},"excerpt":{"rendered":"<p>Carta de Luis Cobos, presidente de la Sociedad de Artistas AIE, incluida en la Memoria AIE 2017.<\/p>\n","protected":false},"author":3,"featured_media":25244,"comment_status":"open","ping_status":"open","sticky":false,"template":"","format":"standard","meta":{"_acf_changed":false,"_relevanssi_hide_post":"","_relevanssi_hide_content":"","_relevanssi_pin_for_all":"","_relevanssi_pin_keywords":"","_relevanssi_unpin_keywords":"","_relevanssi_related_keywords":"","_relevanssi_related_include_ids":"","_relevanssi_related_exclude_ids":"","_relevanssi_related_no_append":"","_relevanssi_related_not_related":"","_relevanssi_related_posts":"","_relevanssi_noindex_reason":"","footnotes":""},"categories":[322],"tags":[],"acf":[],"yoast_head":"<!-- This site is optimized with the Yoast SEO Premium plugin v21.5 (Yoast SEO v21.9.1) - https:\/\/yoast.com\/wordpress\/plugins\/seo\/ -->\n<title>Carta del presidente - AIE Sociedad de Artistas Int\u00e9rpretes o Ejecutantes de Espa\u00f1a<\/title>\n<meta name=\"robots\" content=\"index, follow, max-snippet:-1, max-image-preview:large, max-video-preview:-1\" \/>\n<link rel=\"canonical\" href=\"https:\/\/www.aie.es\/en\/carta-del-presidente-aie\/\" \/>\n<meta property=\"og:locale\" content=\"en_US\" \/>\n<meta property=\"og:type\" content=\"article\" \/>\n<meta property=\"og:title\" content=\"Carta del presidente\" \/>\n<meta property=\"og:description\" content=\"Carta de Luis Cobos, presidente de la Sociedad de Artistas AIE, incluida en la Memoria AIE 2017.\" \/>\n<meta property=\"og:url\" content=\"https:\/\/www.aie.es\/en\/carta-del-presidente-aie\/\" \/>\n<meta property=\"og:site_name\" content=\"AIE Sociedad de Artistas Int\u00e9rpretes o Ejecutantes de Espa\u00f1a\" \/>\n<meta property=\"article:published_time\" content=\"2018-09-06T17:24:03+00:00\" \/>\n<meta property=\"article:modified_time\" content=\"2023-11-28T09:55:16+00:00\" \/>\n<meta property=\"og:image\" content=\"https:\/\/www.aie.es\/wp-content\/uploads\/LC-Memoria-AIE-2017.jpg\" \/>\n\t<meta property=\"og:image:width\" content=\"1765\" \/>\n\t<meta property=\"og:image:height\" content=\"1950\" \/>\n\t<meta property=\"og:image:type\" content=\"image\/jpeg\" \/>\n<meta name=\"author\" content=\"GGCOM\" \/>\n<meta name=\"twitter:card\" content=\"summary_large_image\" \/>\n<meta name=\"twitter:label1\" content=\"Written by\" \/>\n\t<meta name=\"twitter:data1\" content=\"GGCOM\" \/>\n\t<meta name=\"twitter:label2\" content=\"Est. reading time\" \/>\n\t<meta name=\"twitter:data2\" content=\"15 minutes\" \/>\n<script type=\"application\/ld+json\" class=\"yoast-schema-graph\">{\"@context\":\"https:\/\/schema.org\",\"@graph\":[{\"@type\":\"WebPage\",\"@id\":\"https:\/\/www.aie.es\/en\/carta-del-presidente-aie\/\",\"url\":\"https:\/\/www.aie.es\/en\/carta-del-presidente-aie\/\",\"name\":\"Carta del presidente - AIE Sociedad de Artistas Int\u00e9rpretes o Ejecutantes de Espa\u00f1a\",\"isPartOf\":{\"@id\":\"https:\/\/www.aie.es\/#website\"},\"datePublished\":\"2018-09-06T17:24:03+00:00\",\"dateModified\":\"2023-11-28T09:55:16+00:00\",\"author\":{\"@id\":\"https:\/\/www.aie.es\/#\/schema\/person\/9008ac87bc3b5836f79e2a677dace4d5\"},\"breadcrumb\":{\"@id\":\"https:\/\/www.aie.es\/en\/carta-del-presidente-aie\/#breadcrumb\"},\"inLanguage\":\"en-US\",\"potentialAction\":[{\"@type\":\"ReadAction\",\"target\":[\"https:\/\/www.aie.es\/en\/carta-del-presidente-aie\/\"]}]},{\"@type\":\"BreadcrumbList\",\"@id\":\"https:\/\/www.aie.es\/en\/carta-del-presidente-aie\/#breadcrumb\",\"itemListElement\":[{\"@type\":\"ListItem\",\"position\":1,\"name\":\"Portada\",\"item\":\"https:\/\/www.aie.es\/en\/\"},{\"@type\":\"ListItem\",\"position\":2,\"name\":\"Carta del presidente\"}]},{\"@type\":\"WebSite\",\"@id\":\"https:\/\/www.aie.es\/#website\",\"url\":\"https:\/\/www.aie.es\/\",\"name\":\"AIE Sociedad de Artistas Int\u00e9rpretes o Ejecutantes de Espa\u00f1a\",\"description\":\"Entidad de gesti\u00f3n de derechos de propiedad intelectual\",\"potentialAction\":[{\"@type\":\"SearchAction\",\"target\":{\"@type\":\"EntryPoint\",\"urlTemplate\":\"https:\/\/www.aie.es\/?s={search_term_string}\"},\"query-input\":\"required name=search_term_string\"}],\"inLanguage\":\"en-US\"},{\"@type\":\"Person\",\"@id\":\"https:\/\/www.aie.es\/#\/schema\/person\/9008ac87bc3b5836f79e2a677dace4d5\",\"name\":\"GGCOM\",\"image\":{\"@type\":\"ImageObject\",\"inLanguage\":\"en-US\",\"@id\":\"https:\/\/www.aie.es\/#\/schema\/person\/image\/\",\"url\":\"https:\/\/secure.gravatar.com\/avatar\/b4ed17baa0f661a7cbe0494fbec9b888?s=96&d=mm&r=g\",\"contentUrl\":\"https:\/\/secure.gravatar.com\/avatar\/b4ed17baa0f661a7cbe0494fbec9b888?s=96&d=mm&r=g\",\"caption\":\"GGCOM\"},\"url\":\"https:\/\/www.aie.es\/en\/author\/cgarriga\/\"}]}<\/script>\n<!-- \/ Yoast SEO Premium plugin. -->","yoast_head_json":{"title":"Carta del presidente - AIE Sociedad de Artistas Int\u00e9rpretes o Ejecutantes de Espa\u00f1a","robots":{"index":"index","follow":"follow","max-snippet":"max-snippet:-1","max-image-preview":"max-image-preview:large","max-video-preview":"max-video-preview:-1"},"canonical":"https:\/\/www.aie.es\/en\/carta-del-presidente-aie\/","og_locale":"en_US","og_type":"article","og_title":"Carta del presidente","og_description":"Carta de Luis Cobos, presidente de la Sociedad de Artistas AIE, incluida en la Memoria AIE 2017.","og_url":"https:\/\/www.aie.es\/en\/carta-del-presidente-aie\/","og_site_name":"AIE Sociedad de Artistas Int\u00e9rpretes o Ejecutantes de Espa\u00f1a","article_published_time":"2018-09-06T17:24:03+00:00","article_modified_time":"2023-11-28T09:55:16+00:00","og_image":[{"width":1765,"height":1950,"url":"https:\/\/www.aie.es\/wp-content\/uploads\/LC-Memoria-AIE-2017.jpg","type":"image\/jpeg"}],"author":"GGCOM","twitter_card":"summary_large_image","twitter_misc":{"Written by":"GGCOM","Est. reading time":"15 minutes"},"schema":{"@context":"https:\/\/schema.org","@graph":[{"@type":"WebPage","@id":"https:\/\/www.aie.es\/en\/carta-del-presidente-aie\/","url":"https:\/\/www.aie.es\/en\/carta-del-presidente-aie\/","name":"Carta del presidente - AIE Sociedad de Artistas Int\u00e9rpretes o Ejecutantes de Espa\u00f1a","isPartOf":{"@id":"https:\/\/www.aie.es\/#website"},"datePublished":"2018-09-06T17:24:03+00:00","dateModified":"2023-11-28T09:55:16+00:00","author":{"@id":"https:\/\/www.aie.es\/#\/schema\/person\/9008ac87bc3b5836f79e2a677dace4d5"},"breadcrumb":{"@id":"https:\/\/www.aie.es\/en\/carta-del-presidente-aie\/#breadcrumb"},"inLanguage":"en-US","potentialAction":[{"@type":"ReadAction","target":["https:\/\/www.aie.es\/en\/carta-del-presidente-aie\/"]}]},{"@type":"BreadcrumbList","@id":"https:\/\/www.aie.es\/en\/carta-del-presidente-aie\/#breadcrumb","itemListElement":[{"@type":"ListItem","position":1,"name":"Portada","item":"https:\/\/www.aie.es\/en\/"},{"@type":"ListItem","position":2,"name":"Carta del presidente"}]},{"@type":"WebSite","@id":"https:\/\/www.aie.es\/#website","url":"https:\/\/www.aie.es\/","name":"AIE Sociedad de Artistas Int\u00e9rpretes o Ejecutantes de Espa\u00f1a","description":"Entidad de gesti\u00f3n de derechos de propiedad intelectual","potentialAction":[{"@type":"SearchAction","target":{"@type":"EntryPoint","urlTemplate":"https:\/\/www.aie.es\/?s={search_term_string}"},"query-input":"required name=search_term_string"}],"inLanguage":"en-US"},{"@type":"Person","@id":"https:\/\/www.aie.es\/#\/schema\/person\/9008ac87bc3b5836f79e2a677dace4d5","name":"GGCOM","image":{"@type":"ImageObject","inLanguage":"en-US","@id":"https:\/\/www.aie.es\/#\/schema\/person\/image\/","url":"https:\/\/secure.gravatar.com\/avatar\/b4ed17baa0f661a7cbe0494fbec9b888?s=96&d=mm&r=g","contentUrl":"https:\/\/secure.gravatar.com\/avatar\/b4ed17baa0f661a7cbe0494fbec9b888?s=96&d=mm&r=g","caption":"GGCOM"},"url":"https:\/\/www.aie.es\/en\/author\/cgarriga\/"}]}},"_links":{"self":[{"href":"https:\/\/www.aie.es\/en\/wp-json\/wp\/v2\/posts\/26432"}],"collection":[{"href":"https:\/\/www.aie.es\/en\/wp-json\/wp\/v2\/posts"}],"about":[{"href":"https:\/\/www.aie.es\/en\/wp-json\/wp\/v2\/types\/post"}],"author":[{"embeddable":true,"href":"https:\/\/www.aie.es\/en\/wp-json\/wp\/v2\/users\/3"}],"replies":[{"embeddable":true,"href":"https:\/\/www.aie.es\/en\/wp-json\/wp\/v2\/comments?post=26432"}],"version-history":[{"count":2,"href":"https:\/\/www.aie.es\/en\/wp-json\/wp\/v2\/posts\/26432\/revisions"}],"predecessor-version":[{"id":45776,"href":"https:\/\/www.aie.es\/en\/wp-json\/wp\/v2\/posts\/26432\/revisions\/45776"}],"wp:featuredmedia":[{"embeddable":true,"href":"https:\/\/www.aie.es\/en\/wp-json\/wp\/v2\/media\/25244"}],"wp:attachment":[{"href":"https:\/\/www.aie.es\/en\/wp-json\/wp\/v2\/media?parent=26432"}],"wp:term":[{"taxonomy":"category","embeddable":true,"href":"https:\/\/www.aie.es\/en\/wp-json\/wp\/v2\/categories?post=26432"},{"taxonomy":"post_tag","embeddable":true,"href":"https:\/\/www.aie.es\/en\/wp-json\/wp\/v2\/tags?post=26432"}],"curies":[{"name":"wp","href":"https:\/\/api.w.org\/{rel}","templated":true}]}}