{"id":26455,"date":"2018-01-24T15:30:22","date_gmt":"2018-01-24T14:30:22","guid":{"rendered":"https:\/\/www.aie.es\/adios-a-jesus-gluck\/"},"modified":"2018-01-24T15:30:22","modified_gmt":"2018-01-24T14:30:22","slug":"adios-a-jesus-gluck","status":"publish","type":"post","link":"https:\/\/www.aie.es\/en\/adios-a-jesus-gluck\/","title":{"rendered":"Adi\u00f3s a Jes\u00fas Gl\u00fcck"},"content":{"rendered":"<p><img decoding=\"async\" class=\"aligncenter size-full wp-image-23434\" src=\"https:\/\/www.aie.es\/wp-content\/uploads\/jgluck.jpg\" alt=\"\" width=\"940\" height=\"873\" srcset=\"https:\/\/www.aie.es\/wp-content\/uploads\/jgluck.jpg 940w, https:\/\/www.aie.es\/wp-content\/uploads\/jgluck-300x279.jpg 300w, https:\/\/www.aie.es\/wp-content\/uploads\/jgluck-768x713.jpg 768w, https:\/\/www.aie.es\/wp-content\/uploads\/jgluck-700x650.jpg 700w\" sizes=\"(max-width: 940px) 100vw, 940px\" \/><\/p>\n<p><strong>Jes\u00fas Gl\u00fcck<\/strong> contaba con una s\u00f3lida y completa formaci\u00f3n musical. A los 15 a\u00f1os concluy\u00f3 su carrera en el Conservatorio de M\u00fasica de Valencia, donde realiz\u00f3 estudios de solfeo, piano, composici\u00f3n, orquestaci\u00f3n, armon\u00eda, contrapunto, est\u00e9tica e historia de la m\u00fasica, m\u00fasica de c\u00e1mara y direcci\u00f3n de orquesta, obteniendo la m\u00e1xima calificaci\u00f3n en todos los cursos. A los 17 a\u00f1os se doctor\u00f3 en virtuosismo de piano en el Real Conservatorio de M\u00fasica de Madrid y, poco despu\u00e9s, ampli\u00f3 sus estudios en Alemania.<\/p>\n<p>La trayectoria profesional del m\u00fasico valenciano comenz\u00f3 como pianista, con una ampl\u00edsima participaci\u00f3n en programas de televisi\u00f3n, festivales nacionales e internacionales, bandas sonoras, etc\u2026 donde intervino junto a creadores como Henry Mancini o Paul Mouriart. El \u00e9xito lo obtuvo como compositor de cine y sus bandas sonoras de pel\u00edculas como T\u00e1nger (2004), Sangre y arena (1989), Asignatura aprobada (1987), Redondela (1986), Sesi\u00f3n continua (1984), El crack 2 (1983), Volver a empezar (1981), El crack (1981), Solos en la madrugada (1978) o La querida (1975).<\/p>\n<p>Como director musical, compositor o arreglista, particip\u00f3 en programas como Gente joven, Historias del otro lado, Telecup\u00f3n, Trato hecho, Super Nanny, Furor, Tio Willy o Popstars. Adem\u00e1s, ejerci\u00f3 como director de orquesta para televisi\u00f3n y realiz\u00f3 grabaciones discogr\u00e1ficas para la Royal Philarmonic Orchestra, la Orquesta Filarm\u00f3nica de Praga, la Orquesta Filarm\u00f3nica de Los \u00c1ngeles, los Coros del Ej\u00e9rcito Ruso, el Festival Vi\u00f1a del Mar, el Festival de la OTI o el Festival de Benidorm.<\/p>\n<p>Como creador, arreglista o productor de canciones, colabor\u00f3 en los \u00e9xitos de Raphael, Isabel Pantoja, Emilio Arag\u00f3n, Alfredo Kraus, Roc\u00edo Jurado, Lola Flores, Manolo Escobar, Cantores de H\u00edspalis, Luis Miguel, Marisol, Concha Velasco, Paloma San Basilio o Rosa Le\u00f3n, entre muchos otros.<\/p>\n<p>Entre los numerosos galardones que recibi\u00f3 Jes\u00fas Gl\u00fcck destacan \u2018Mejor nuevo m\u00fasico del cine espa\u00f1ol\u2019; el primer premio de \u2018Composici\u00f3n del Festival de Benidorm\u2019; los dos primeros premios del Festival de la OTI; el ACE de Nueva York como mejor arreglista; el \u2018Premio de la Cr\u00edtica del Festival de cine de Valladolid; y el Premio Talento de la Academia de la Televisi\u00f3n, entre otros.<\/p>\n","protected":false},"excerpt":{"rendered":"<p>El socio de AIE Jes\u00fas Gl\u00fcck, compositor y m\u00fasico nacido en Valencia en el a\u00f1o 1941, ha fallecido en Madrid a los 76 a\u00f1os de edad. La Sociedad de Artistas AIE desea expresar sus m\u00e1s sentidas condolencias a familiares y allegados e informar de que la capilla ardiente est\u00e1 instalada desde las 13 horas del d\u00eda de hoy en el Tanatorio de San Isidro en Madrid.<\/p>\n","protected":false},"author":3,"featured_media":24724,"comment_status":"open","ping_status":"open","sticky":false,"template":"","format":"standard","meta":{"_acf_changed":false,"_relevanssi_hide_post":"","_relevanssi_hide_content":"","_relevanssi_pin_for_all":"","_relevanssi_pin_keywords":"","_relevanssi_unpin_keywords":"","_relevanssi_related_keywords":"","_relevanssi_related_include_ids":"","_relevanssi_related_exclude_ids":"","_relevanssi_related_no_append":"","_relevanssi_related_not_related":"","_relevanssi_related_posts":"","_relevanssi_noindex_reason":"","footnotes":""},"categories":[318],"tags":[],"acf":[],"yoast_head":"<!-- This site is optimized with the Yoast SEO Premium plugin v21.5 (Yoast SEO v21.9.1) - https:\/\/yoast.com\/wordpress\/plugins\/seo\/ -->\n<title>Adi\u00f3s a Jes\u00fas Gl\u00fcck - AIE Sociedad de Artistas Int\u00e9rpretes o Ejecutantes de Espa\u00f1a<\/title>\n<meta name=\"robots\" content=\"index, follow, max-snippet:-1, max-image-preview:large, max-video-preview:-1\" \/>\n<link rel=\"canonical\" href=\"https:\/\/www.aie.es\/en\/adios-a-jesus-gluck\/\" \/>\n<meta property=\"og:locale\" content=\"en_US\" \/>\n<meta property=\"og:type\" content=\"article\" \/>\n<meta property=\"og:title\" content=\"Adi\u00f3s a Jes\u00fas Gl\u00fcck\" \/>\n<meta property=\"og:description\" content=\"El socio de AIE Jes\u00fas Gl\u00fcck, compositor y m\u00fasico nacido en Valencia en el a\u00f1o 1941, ha fallecido en Madrid a los 76 a\u00f1os de edad. La Sociedad de Artistas AIE desea expresar sus m\u00e1s sentidas condolencias a familiares y allegados e informar de que la capilla ardiente est\u00e1 instalada desde las 13 horas del d\u00eda de hoy en el Tanatorio de San Isidro en Madrid.\" \/>\n<meta property=\"og:url\" content=\"https:\/\/www.aie.es\/en\/adios-a-jesus-gluck\/\" \/>\n<meta property=\"og:site_name\" content=\"AIE Sociedad de Artistas Int\u00e9rpretes o Ejecutantes de Espa\u00f1a\" \/>\n<meta property=\"article:published_time\" content=\"2018-01-24T14:30:22+00:00\" \/>\n<meta property=\"og:image\" content=\"https:\/\/www.aie.es\/wp-content\/uploads\/jgluckcarr.jpg\" \/>\n\t<meta property=\"og:image:width\" content=\"350\" \/>\n\t<meta property=\"og:image:height\" content=\"200\" \/>\n\t<meta property=\"og:image:type\" content=\"image\/jpeg\" \/>\n<meta name=\"author\" content=\"GGCOM\" \/>\n<meta name=\"twitter:card\" content=\"summary_large_image\" \/>\n<meta name=\"twitter:label1\" content=\"Written by\" \/>\n\t<meta name=\"twitter:data1\" content=\"GGCOM\" \/>\n\t<meta name=\"twitter:label2\" content=\"Est. reading time\" \/>\n\t<meta name=\"twitter:data2\" content=\"2 minutes\" \/>\n<script type=\"application\/ld+json\" class=\"yoast-schema-graph\">{\"@context\":\"https:\/\/schema.org\",\"@graph\":[{\"@type\":\"WebPage\",\"@id\":\"https:\/\/www.aie.es\/en\/adios-a-jesus-gluck\/\",\"url\":\"https:\/\/www.aie.es\/en\/adios-a-jesus-gluck\/\",\"name\":\"Adi\u00f3s a Jes\u00fas Gl\u00fcck - AIE Sociedad de Artistas Int\u00e9rpretes o Ejecutantes de Espa\u00f1a\",\"isPartOf\":{\"@id\":\"https:\/\/www.aie.es\/#website\"},\"datePublished\":\"2018-01-24T14:30:22+00:00\",\"dateModified\":\"2018-01-24T14:30:22+00:00\",\"author\":{\"@id\":\"https:\/\/www.aie.es\/#\/schema\/person\/9008ac87bc3b5836f79e2a677dace4d5\"},\"breadcrumb\":{\"@id\":\"https:\/\/www.aie.es\/en\/adios-a-jesus-gluck\/#breadcrumb\"},\"inLanguage\":\"en-US\",\"potentialAction\":[{\"@type\":\"ReadAction\",\"target\":[\"https:\/\/www.aie.es\/en\/adios-a-jesus-gluck\/\"]}]},{\"@type\":\"BreadcrumbList\",\"@id\":\"https:\/\/www.aie.es\/en\/adios-a-jesus-gluck\/#breadcrumb\",\"itemListElement\":[{\"@type\":\"ListItem\",\"position\":1,\"name\":\"Portada\",\"item\":\"https:\/\/www.aie.es\/en\/\"},{\"@type\":\"ListItem\",\"position\":2,\"name\":\"Adi\u00f3s a Jes\u00fas Gl\u00fcck\"}]},{\"@type\":\"WebSite\",\"@id\":\"https:\/\/www.aie.es\/#website\",\"url\":\"https:\/\/www.aie.es\/\",\"name\":\"AIE Sociedad de Artistas Int\u00e9rpretes o Ejecutantes de Espa\u00f1a\",\"description\":\"Entidad de gesti\u00f3n de derechos de propiedad intelectual\",\"potentialAction\":[{\"@type\":\"SearchAction\",\"target\":{\"@type\":\"EntryPoint\",\"urlTemplate\":\"https:\/\/www.aie.es\/?s={search_term_string}\"},\"query-input\":\"required name=search_term_string\"}],\"inLanguage\":\"en-US\"},{\"@type\":\"Person\",\"@id\":\"https:\/\/www.aie.es\/#\/schema\/person\/9008ac87bc3b5836f79e2a677dace4d5\",\"name\":\"GGCOM\",\"image\":{\"@type\":\"ImageObject\",\"inLanguage\":\"en-US\",\"@id\":\"https:\/\/www.aie.es\/#\/schema\/person\/image\/\",\"url\":\"https:\/\/secure.gravatar.com\/avatar\/b4ed17baa0f661a7cbe0494fbec9b888?s=96&d=mm&r=g\",\"contentUrl\":\"https:\/\/secure.gravatar.com\/avatar\/b4ed17baa0f661a7cbe0494fbec9b888?s=96&d=mm&r=g\",\"caption\":\"GGCOM\"},\"url\":\"https:\/\/www.aie.es\/en\/author\/cgarriga\/\"}]}<\/script>\n<!-- \/ Yoast SEO Premium plugin. -->","yoast_head_json":{"title":"Adi\u00f3s a Jes\u00fas Gl\u00fcck - AIE Sociedad de Artistas Int\u00e9rpretes o Ejecutantes de Espa\u00f1a","robots":{"index":"index","follow":"follow","max-snippet":"max-snippet:-1","max-image-preview":"max-image-preview:large","max-video-preview":"max-video-preview:-1"},"canonical":"https:\/\/www.aie.es\/en\/adios-a-jesus-gluck\/","og_locale":"en_US","og_type":"article","og_title":"Adi\u00f3s a Jes\u00fas Gl\u00fcck","og_description":"El socio de AIE Jes\u00fas Gl\u00fcck, compositor y m\u00fasico nacido en Valencia en el a\u00f1o 1941, ha fallecido en Madrid a los 76 a\u00f1os de edad. La Sociedad de Artistas AIE desea expresar sus m\u00e1s sentidas condolencias a familiares y allegados e informar de que la capilla ardiente est\u00e1 instalada desde las 13 horas del d\u00eda de hoy en el Tanatorio de San Isidro en Madrid.","og_url":"https:\/\/www.aie.es\/en\/adios-a-jesus-gluck\/","og_site_name":"AIE Sociedad de Artistas Int\u00e9rpretes o Ejecutantes de Espa\u00f1a","article_published_time":"2018-01-24T14:30:22+00:00","og_image":[{"width":350,"height":200,"url":"https:\/\/www.aie.es\/wp-content\/uploads\/jgluckcarr.jpg","type":"image\/jpeg"}],"author":"GGCOM","twitter_card":"summary_large_image","twitter_misc":{"Written by":"GGCOM","Est. reading time":"2 minutes"},"schema":{"@context":"https:\/\/schema.org","@graph":[{"@type":"WebPage","@id":"https:\/\/www.aie.es\/en\/adios-a-jesus-gluck\/","url":"https:\/\/www.aie.es\/en\/adios-a-jesus-gluck\/","name":"Adi\u00f3s a Jes\u00fas Gl\u00fcck - AIE Sociedad de Artistas Int\u00e9rpretes o Ejecutantes de Espa\u00f1a","isPartOf":{"@id":"https:\/\/www.aie.es\/#website"},"datePublished":"2018-01-24T14:30:22+00:00","dateModified":"2018-01-24T14:30:22+00:00","author":{"@id":"https:\/\/www.aie.es\/#\/schema\/person\/9008ac87bc3b5836f79e2a677dace4d5"},"breadcrumb":{"@id":"https:\/\/www.aie.es\/en\/adios-a-jesus-gluck\/#breadcrumb"},"inLanguage":"en-US","potentialAction":[{"@type":"ReadAction","target":["https:\/\/www.aie.es\/en\/adios-a-jesus-gluck\/"]}]},{"@type":"BreadcrumbList","@id":"https:\/\/www.aie.es\/en\/adios-a-jesus-gluck\/#breadcrumb","itemListElement":[{"@type":"ListItem","position":1,"name":"Portada","item":"https:\/\/www.aie.es\/en\/"},{"@type":"ListItem","position":2,"name":"Adi\u00f3s a Jes\u00fas Gl\u00fcck"}]},{"@type":"WebSite","@id":"https:\/\/www.aie.es\/#website","url":"https:\/\/www.aie.es\/","name":"AIE Sociedad de Artistas Int\u00e9rpretes o Ejecutantes de Espa\u00f1a","description":"Entidad de gesti\u00f3n de derechos de propiedad intelectual","potentialAction":[{"@type":"SearchAction","target":{"@type":"EntryPoint","urlTemplate":"https:\/\/www.aie.es\/?s={search_term_string}"},"query-input":"required name=search_term_string"}],"inLanguage":"en-US"},{"@type":"Person","@id":"https:\/\/www.aie.es\/#\/schema\/person\/9008ac87bc3b5836f79e2a677dace4d5","name":"GGCOM","image":{"@type":"ImageObject","inLanguage":"en-US","@id":"https:\/\/www.aie.es\/#\/schema\/person\/image\/","url":"https:\/\/secure.gravatar.com\/avatar\/b4ed17baa0f661a7cbe0494fbec9b888?s=96&d=mm&r=g","contentUrl":"https:\/\/secure.gravatar.com\/avatar\/b4ed17baa0f661a7cbe0494fbec9b888?s=96&d=mm&r=g","caption":"GGCOM"},"url":"https:\/\/www.aie.es\/en\/author\/cgarriga\/"}]}},"_links":{"self":[{"href":"https:\/\/www.aie.es\/en\/wp-json\/wp\/v2\/posts\/26455"}],"collection":[{"href":"https:\/\/www.aie.es\/en\/wp-json\/wp\/v2\/posts"}],"about":[{"href":"https:\/\/www.aie.es\/en\/wp-json\/wp\/v2\/types\/post"}],"author":[{"embeddable":true,"href":"https:\/\/www.aie.es\/en\/wp-json\/wp\/v2\/users\/3"}],"replies":[{"embeddable":true,"href":"https:\/\/www.aie.es\/en\/wp-json\/wp\/v2\/comments?post=26455"}],"version-history":[{"count":0,"href":"https:\/\/www.aie.es\/en\/wp-json\/wp\/v2\/posts\/26455\/revisions"}],"wp:featuredmedia":[{"embeddable":true,"href":"https:\/\/www.aie.es\/en\/wp-json\/wp\/v2\/media\/24724"}],"wp:attachment":[{"href":"https:\/\/www.aie.es\/en\/wp-json\/wp\/v2\/media?parent=26455"}],"wp:term":[{"taxonomy":"category","embeddable":true,"href":"https:\/\/www.aie.es\/en\/wp-json\/wp\/v2\/categories?post=26455"},{"taxonomy":"post_tag","embeddable":true,"href":"https:\/\/www.aie.es\/en\/wp-json\/wp\/v2\/tags?post=26455"}],"curies":[{"name":"wp","href":"https:\/\/api.w.org\/{rel}","templated":true}]}}