{"id":26471,"date":"2017-10-24T10:14:01","date_gmt":"2017-10-24T08:14:01","guid":{"rendered":"https:\/\/www.aie.es\/destacada-presencia-de-aie-en-bime-2017\/"},"modified":"2017-10-24T10:14:01","modified_gmt":"2017-10-24T08:14:01","slug":"destacada-presencia-de-aie-en-bime-2017","status":"publish","type":"post","link":"https:\/\/www.aie.es\/en\/destacada-presencia-de-aie-en-bime-2017\/","title":{"rendered":"Destacada presencia de AIE en el BIME 2017"},"content":{"rendered":"<p>En primer lugar, en el marco del\u00a0<a href=\"http:\/\/bime.net\/bime_pro\/es-es\/inicio\" target=\"_blank\" rel=\"noopener\">BIME Pro<\/a>\u00a0y como parte del Programa de Apoyo a los Creadores de la Industria Musical, el vicepresidente de AIE y responsable del Fondo Asistencial y Cultural, Luis Mendo, y el director del \u00e1rea de Operaciones, Carlos Pastor, impartir\u00e1n en la sala polivalente del <a href=\"http:\/\/www.bilbao.eus\/cs\/Satellite?c=Page&amp;cid=3000077765&amp;language=es&amp;pageid=3000077765&amp;pagename=Bilbaonet%2FPage%2FBIO_contenidoFinal\" target=\"_blank\" rel=\"noopener\">Bilborock<\/a>, la conferencia &#8220;Sociedad de Artistas AIE: Gesti\u00f3n de derechos y servicios para m\u00fasicos&#8221;.<a href=\"http:\/\/bime.net\/bime_pro\/es-es\/programa\/actividades-especiales\/programa-para-musicos\" target=\"_blank\" rel=\"noopener\"><img decoding=\"async\" class=\"aligncenter size-full wp-image-22818\" src=\"https:\/\/www.aie.es\/wp-content\/uploads\/conferencialmcp.jpg\" alt=\"\" width=\"940\" height=\"464\" srcset=\"https:\/\/www.aie.es\/wp-content\/uploads\/conferencialmcp.jpg 940w, https:\/\/www.aie.es\/wp-content\/uploads\/conferencialmcp-300x148.jpg 300w, https:\/\/www.aie.es\/wp-content\/uploads\/conferencialmcp-768x379.jpg 768w, https:\/\/www.aie.es\/wp-content\/uploads\/conferencialmcp-700x346.jpg 700w\" sizes=\"(max-width: 940px) 100vw, 940px\" \/><\/a><\/p>\n<p>El mismo viernes 27, ya en las instalaciones del <a href=\"http:\/\/bime.net\/bime_pro\/es-es\/encuentro-juridico\" target=\"_blank\" rel=\"noopener\">BEC<\/a>, \u00c1lvaro Hern\u00e1ndez-Pinz\u00f3n, director de la Asesor\u00eda Jur\u00eddica de AIE, participar\u00e1 en un encuentro jur\u00eddico que analizar\u00e1 pr\u00e1cticas y procedimientos de propiedad intelectual en el sector de la m\u00fasica:<a href=\"http:\/\/bime.net\/bime_pro\/es-es\/encuentro-juridico\" target=\"_blank\" rel=\"noopener\"><img decoding=\"async\" class=\"aligncenter size-full wp-image-22815\" src=\"https:\/\/www.aie.es\/wp-content\/uploads\/encuentrojuridico.jpg\" alt=\"\" width=\"940\" height=\"603\" srcset=\"https:\/\/www.aie.es\/wp-content\/uploads\/encuentrojuridico.jpg 940w, https:\/\/www.aie.es\/wp-content\/uploads\/encuentrojuridico-300x192.jpg 300w, https:\/\/www.aie.es\/wp-content\/uploads\/encuentrojuridico-768x493.jpg 768w, https:\/\/www.aie.es\/wp-content\/uploads\/encuentrojuridico-700x449.jpg 700w\" sizes=\"(max-width: 940px) 100vw, 940px\" \/><\/a>Adem\u00e1s, el mi\u00e9rcoles 25 la feria acoge la gala de entrega de los <a href=\"http:\/\/premiosfest.com\/finalistas-premios-fest-2017\/\" target=\"_blank\" rel=\"noopener\">Premios Fest<\/a>, en la que el consejero de AIE Fernando Sancho hace entrega del Premio al Mejor Directo Nacional.<\/p>\n","protected":false},"excerpt":{"rendered":"<p>La participaci\u00f3n de la Sociedad de Artistas AIE en el Bizkaia International Music Experience 2017 se concreta en dos de los eventos m\u00e1s destacados del viernes 27 de octubre.<\/p>\n","protected":false},"author":3,"featured_media":24644,"comment_status":"open","ping_status":"open","sticky":false,"template":"","format":"standard","meta":{"_acf_changed":false,"_relevanssi_hide_post":"","_relevanssi_hide_content":"","_relevanssi_pin_for_all":"","_relevanssi_pin_keywords":"","_relevanssi_unpin_keywords":"","_relevanssi_related_keywords":"","_relevanssi_related_include_ids":"","_relevanssi_related_exclude_ids":"","_relevanssi_related_no_append":"","_relevanssi_related_not_related":"","_relevanssi_related_posts":"","_relevanssi_noindex_reason":"","footnotes":""},"categories":[318],"tags":[],"acf":[],"yoast_head":"<!-- This site is optimized with the Yoast SEO Premium plugin v21.5 (Yoast SEO v21.9.1) - https:\/\/yoast.com\/wordpress\/plugins\/seo\/ -->\n<title>Destacada presencia de AIE en el BIME 2017 - AIE Sociedad de Artistas Int\u00e9rpretes o Ejecutantes de Espa\u00f1a<\/title>\n<meta name=\"robots\" content=\"index, follow, max-snippet:-1, max-image-preview:large, max-video-preview:-1\" \/>\n<link rel=\"canonical\" href=\"https:\/\/www.aie.es\/en\/destacada-presencia-de-aie-en-bime-2017\/\" \/>\n<meta property=\"og:locale\" content=\"en_US\" \/>\n<meta property=\"og:type\" content=\"article\" \/>\n<meta property=\"og:title\" content=\"Destacada presencia de AIE en el BIME 2017\" \/>\n<meta property=\"og:description\" content=\"La participaci\u00f3n de la Sociedad de Artistas AIE en el Bizkaia International Music Experience 2017 se concreta en dos de los eventos m\u00e1s destacados del viernes 27 de octubre.\" \/>\n<meta property=\"og:url\" content=\"https:\/\/www.aie.es\/en\/destacada-presencia-de-aie-en-bime-2017\/\" \/>\n<meta property=\"og:site_name\" content=\"AIE Sociedad de Artistas Int\u00e9rpretes o Ejecutantes de Espa\u00f1a\" \/>\n<meta property=\"article:published_time\" content=\"2017-10-24T08:14:01+00:00\" \/>\n<meta property=\"og:image\" content=\"https:\/\/www.aie.es\/wp-content\/uploads\/BIME.jpg\" \/>\n\t<meta property=\"og:image:width\" content=\"350\" \/>\n\t<meta property=\"og:image:height\" content=\"200\" \/>\n\t<meta property=\"og:image:type\" content=\"image\/jpeg\" \/>\n<meta name=\"author\" content=\"GGCOM\" \/>\n<meta name=\"twitter:card\" content=\"summary_large_image\" \/>\n<meta name=\"twitter:label1\" content=\"Written by\" \/>\n\t<meta name=\"twitter:data1\" content=\"GGCOM\" \/>\n\t<meta name=\"twitter:label2\" content=\"Est. reading time\" \/>\n\t<meta name=\"twitter:data2\" content=\"1 minute\" \/>\n<script type=\"application\/ld+json\" class=\"yoast-schema-graph\">{\"@context\":\"https:\/\/schema.org\",\"@graph\":[{\"@type\":\"WebPage\",\"@id\":\"https:\/\/www.aie.es\/en\/destacada-presencia-de-aie-en-bime-2017\/\",\"url\":\"https:\/\/www.aie.es\/en\/destacada-presencia-de-aie-en-bime-2017\/\",\"name\":\"Destacada presencia de AIE en el BIME 2017 - AIE Sociedad de Artistas Int\u00e9rpretes o Ejecutantes de Espa\u00f1a\",\"isPartOf\":{\"@id\":\"https:\/\/www.aie.es\/#website\"},\"datePublished\":\"2017-10-24T08:14:01+00:00\",\"dateModified\":\"2017-10-24T08:14:01+00:00\",\"author\":{\"@id\":\"https:\/\/www.aie.es\/#\/schema\/person\/9008ac87bc3b5836f79e2a677dace4d5\"},\"breadcrumb\":{\"@id\":\"https:\/\/www.aie.es\/en\/destacada-presencia-de-aie-en-bime-2017\/#breadcrumb\"},\"inLanguage\":\"en-US\",\"potentialAction\":[{\"@type\":\"ReadAction\",\"target\":[\"https:\/\/www.aie.es\/en\/destacada-presencia-de-aie-en-bime-2017\/\"]}]},{\"@type\":\"BreadcrumbList\",\"@id\":\"https:\/\/www.aie.es\/en\/destacada-presencia-de-aie-en-bime-2017\/#breadcrumb\",\"itemListElement\":[{\"@type\":\"ListItem\",\"position\":1,\"name\":\"Portada\",\"item\":\"https:\/\/www.aie.es\/en\/\"},{\"@type\":\"ListItem\",\"position\":2,\"name\":\"Destacada presencia de AIE en el BIME 2017\"}]},{\"@type\":\"WebSite\",\"@id\":\"https:\/\/www.aie.es\/#website\",\"url\":\"https:\/\/www.aie.es\/\",\"name\":\"AIE Sociedad de Artistas Int\u00e9rpretes o Ejecutantes de Espa\u00f1a\",\"description\":\"Entidad de gesti\u00f3n de derechos de propiedad intelectual\",\"potentialAction\":[{\"@type\":\"SearchAction\",\"target\":{\"@type\":\"EntryPoint\",\"urlTemplate\":\"https:\/\/www.aie.es\/?s={search_term_string}\"},\"query-input\":\"required name=search_term_string\"}],\"inLanguage\":\"en-US\"},{\"@type\":\"Person\",\"@id\":\"https:\/\/www.aie.es\/#\/schema\/person\/9008ac87bc3b5836f79e2a677dace4d5\",\"name\":\"GGCOM\",\"image\":{\"@type\":\"ImageObject\",\"inLanguage\":\"en-US\",\"@id\":\"https:\/\/www.aie.es\/#\/schema\/person\/image\/\",\"url\":\"https:\/\/secure.gravatar.com\/avatar\/b4ed17baa0f661a7cbe0494fbec9b888?s=96&d=mm&r=g\",\"contentUrl\":\"https:\/\/secure.gravatar.com\/avatar\/b4ed17baa0f661a7cbe0494fbec9b888?s=96&d=mm&r=g\",\"caption\":\"GGCOM\"},\"url\":\"https:\/\/www.aie.es\/en\/author\/cgarriga\/\"}]}<\/script>\n<!-- \/ Yoast SEO Premium plugin. -->","yoast_head_json":{"title":"Destacada presencia de AIE en el BIME 2017 - AIE Sociedad de Artistas Int\u00e9rpretes o Ejecutantes de Espa\u00f1a","robots":{"index":"index","follow":"follow","max-snippet":"max-snippet:-1","max-image-preview":"max-image-preview:large","max-video-preview":"max-video-preview:-1"},"canonical":"https:\/\/www.aie.es\/en\/destacada-presencia-de-aie-en-bime-2017\/","og_locale":"en_US","og_type":"article","og_title":"Destacada presencia de AIE en el BIME 2017","og_description":"La participaci\u00f3n de la Sociedad de Artistas AIE en el Bizkaia International Music Experience 2017 se concreta en dos de los eventos m\u00e1s destacados del viernes 27 de octubre.","og_url":"https:\/\/www.aie.es\/en\/destacada-presencia-de-aie-en-bime-2017\/","og_site_name":"AIE Sociedad de Artistas Int\u00e9rpretes o Ejecutantes de Espa\u00f1a","article_published_time":"2017-10-24T08:14:01+00:00","og_image":[{"width":350,"height":200,"url":"https:\/\/www.aie.es\/wp-content\/uploads\/BIME.jpg","type":"image\/jpeg"}],"author":"GGCOM","twitter_card":"summary_large_image","twitter_misc":{"Written by":"GGCOM","Est. reading time":"1 minute"},"schema":{"@context":"https:\/\/schema.org","@graph":[{"@type":"WebPage","@id":"https:\/\/www.aie.es\/en\/destacada-presencia-de-aie-en-bime-2017\/","url":"https:\/\/www.aie.es\/en\/destacada-presencia-de-aie-en-bime-2017\/","name":"Destacada presencia de AIE en el BIME 2017 - AIE Sociedad de Artistas Int\u00e9rpretes o Ejecutantes de Espa\u00f1a","isPartOf":{"@id":"https:\/\/www.aie.es\/#website"},"datePublished":"2017-10-24T08:14:01+00:00","dateModified":"2017-10-24T08:14:01+00:00","author":{"@id":"https:\/\/www.aie.es\/#\/schema\/person\/9008ac87bc3b5836f79e2a677dace4d5"},"breadcrumb":{"@id":"https:\/\/www.aie.es\/en\/destacada-presencia-de-aie-en-bime-2017\/#breadcrumb"},"inLanguage":"en-US","potentialAction":[{"@type":"ReadAction","target":["https:\/\/www.aie.es\/en\/destacada-presencia-de-aie-en-bime-2017\/"]}]},{"@type":"BreadcrumbList","@id":"https:\/\/www.aie.es\/en\/destacada-presencia-de-aie-en-bime-2017\/#breadcrumb","itemListElement":[{"@type":"ListItem","position":1,"name":"Portada","item":"https:\/\/www.aie.es\/en\/"},{"@type":"ListItem","position":2,"name":"Destacada presencia de AIE en el BIME 2017"}]},{"@type":"WebSite","@id":"https:\/\/www.aie.es\/#website","url":"https:\/\/www.aie.es\/","name":"AIE Sociedad de Artistas Int\u00e9rpretes o Ejecutantes de Espa\u00f1a","description":"Entidad de gesti\u00f3n de derechos de propiedad intelectual","potentialAction":[{"@type":"SearchAction","target":{"@type":"EntryPoint","urlTemplate":"https:\/\/www.aie.es\/?s={search_term_string}"},"query-input":"required name=search_term_string"}],"inLanguage":"en-US"},{"@type":"Person","@id":"https:\/\/www.aie.es\/#\/schema\/person\/9008ac87bc3b5836f79e2a677dace4d5","name":"GGCOM","image":{"@type":"ImageObject","inLanguage":"en-US","@id":"https:\/\/www.aie.es\/#\/schema\/person\/image\/","url":"https:\/\/secure.gravatar.com\/avatar\/b4ed17baa0f661a7cbe0494fbec9b888?s=96&d=mm&r=g","contentUrl":"https:\/\/secure.gravatar.com\/avatar\/b4ed17baa0f661a7cbe0494fbec9b888?s=96&d=mm&r=g","caption":"GGCOM"},"url":"https:\/\/www.aie.es\/en\/author\/cgarriga\/"}]}},"_links":{"self":[{"href":"https:\/\/www.aie.es\/en\/wp-json\/wp\/v2\/posts\/26471"}],"collection":[{"href":"https:\/\/www.aie.es\/en\/wp-json\/wp\/v2\/posts"}],"about":[{"href":"https:\/\/www.aie.es\/en\/wp-json\/wp\/v2\/types\/post"}],"author":[{"embeddable":true,"href":"https:\/\/www.aie.es\/en\/wp-json\/wp\/v2\/users\/3"}],"replies":[{"embeddable":true,"href":"https:\/\/www.aie.es\/en\/wp-json\/wp\/v2\/comments?post=26471"}],"version-history":[{"count":0,"href":"https:\/\/www.aie.es\/en\/wp-json\/wp\/v2\/posts\/26471\/revisions"}],"wp:featuredmedia":[{"embeddable":true,"href":"https:\/\/www.aie.es\/en\/wp-json\/wp\/v2\/media\/24644"}],"wp:attachment":[{"href":"https:\/\/www.aie.es\/en\/wp-json\/wp\/v2\/media?parent=26471"}],"wp:term":[{"taxonomy":"category","embeddable":true,"href":"https:\/\/www.aie.es\/en\/wp-json\/wp\/v2\/categories?post=26471"},{"taxonomy":"post_tag","embeddable":true,"href":"https:\/\/www.aie.es\/en\/wp-json\/wp\/v2\/tags?post=26471"}],"curies":[{"name":"wp","href":"https:\/\/api.w.org\/{rel}","templated":true}]}}