{"id":26521,"date":"2016-09-19T13:44:30","date_gmt":"2016-09-19T11:44:30","guid":{"rendered":"https:\/\/www.aie.es\/seminario-aie-en-el-mercat-de-musica-viva-de-vic\/"},"modified":"2016-09-19T13:44:30","modified_gmt":"2016-09-19T11:44:30","slug":"seminario-aie-en-el-mercat-de-musica-viva-de-vic","status":"publish","type":"post","link":"https:\/\/www.aie.es\/en\/seminario-aie-en-el-mercat-de-musica-viva-de-vic\/","title":{"rendered":"Seminario AIE en el Mercat de M\u00fasica Viva de Vic"},"content":{"rendered":"\n\t\t<style type=\"text\/css\">\n\t\t\t#gallery-1 {\n\t\t\t\tmargin: auto;\n\t\t\t}\n\t\t\t#gallery-1 .gallery-item {\n\t\t\t\tfloat: left;\n\t\t\t\tmargin-top: 10px;\n\t\t\t\ttext-align: center;\n\t\t\t\twidth: 33%;\n\t\t\t}\n\t\t\t#gallery-1 img {\n\t\t\t\tborder: 2px solid #cfcfcf;\n\t\t\t}\n\t\t\t#gallery-1 .gallery-caption {\n\t\t\t\tmargin-left: 0;\n\t\t\t}\n\t\t\t\/* see gallery_shortcode() in wp-includes\/media.php *\/\n\t\t<\/style>\n\t\t<div id='gallery-1' class='gallery galleryid-26521 gallery-columns-3 gallery-size-thumbnail'><dl class='gallery-item'>\n\t\t\t<dt class='gallery-icon landscape'>\n\t\t\t\t<a title=\"seminariovic3\"  href='https:\/\/www.aie.es\/en\/seminario-aie-en-el-mercat-de-musica-viva-de-vic\/seminariovic3-2\/'><img decoding=\"async\" width=\"150\" height=\"150\" src=\"https:\/\/www.aie.es\/wp-content\/uploads\/seminariovic3-150x150.jpg\" class=\"attachment-thumbnail size-thumbnail\" alt=\"\" \/><\/a>\n\t\t\t<\/dt><\/dl><dl class='gallery-item'>\n\t\t\t<dt class='gallery-icon landscape'>\n\t\t\t\t<a title=\"seminariovic2\"  href='https:\/\/www.aie.es\/en\/seminario-aie-en-el-mercat-de-musica-viva-de-vic\/seminariovic2-2\/'><img decoding=\"async\" width=\"150\" height=\"150\" src=\"https:\/\/www.aie.es\/wp-content\/uploads\/seminariovic2-150x150.jpg\" class=\"attachment-thumbnail size-thumbnail\" alt=\"\" \/><\/a>\n\t\t\t<\/dt><\/dl><dl class='gallery-item'>\n\t\t\t<dt class='gallery-icon landscape'>\n\t\t\t\t<a title=\"seminariovic5\"  href='https:\/\/www.aie.es\/en\/seminario-aie-en-el-mercat-de-musica-viva-de-vic\/seminariovic5-2\/'><img decoding=\"async\" width=\"150\" height=\"150\" src=\"https:\/\/www.aie.es\/wp-content\/uploads\/seminariovic5-150x150.jpg\" class=\"attachment-thumbnail size-thumbnail\" alt=\"\" \/><\/a>\n\t\t\t<\/dt><\/dl><br style=\"clear: both\" \/>\n\t\t<\/div>\n\n<p>Las nuevas tecnolog\u00edas han causado un profundo cambio en la industria musical, los h\u00e1bitos de consumo son muy diferentes a las formas tradicionales y los modelos de negocio est\u00e1n evolucionando r\u00e1pidamente. En este escenario, parad\u00f3jicamente, los artistas a la vez que asumen m\u00e1s protagonismo en la producci\u00f3n y promoci\u00f3n de sus actuaciones est\u00e1n viendo como la contraprestaci\u00f3n que reciben es cada vez menor, quedando fuera de los repartos que los intermediarios acuerdan. Una legislaci\u00f3n s\u00f3lida es un punto de partida fundamental para mantener el equilibrio en la cadena de valor creativa, pero es imprescindible un mecanismo de gesti\u00f3n eficaz que asegure la protecci\u00f3n y la retribuci\u00f3n de los artistas.<\/p>\n<p>El <a href=\"http:\/\/www.mmvv.cat\/es\/\" target=\"_blank\">Mercat de M\u00fasica Viva de Vic<\/a>\u00a0organiz\u00f3 el seminario &#8220;La gesti\u00f3n de derechos de los m\u00fasicos&#8221;, que fue impartido en esta edici\u00f3n por Luis Mendo, vicepresidente y titular de la Comisi\u00f3n de Fondo Asistencial y Cultural de AIE; Nacho Garc\u00eda Vega, miembro del Consejo de Administraci\u00f3n y de la Comisi\u00f3n de Fondo Asistencial y Cultural de AIE; y Pedro Rivas, miembro de la Asesor\u00eda Jur\u00eddica de AIE. El seminario detall\u00f3 los derechos y las medidas de protecci\u00f3n de los que son titulares los artistas y la gesti\u00f3n que lleva a cabo su entidad de gesti\u00f3n de derechos AIE, los procedimientos con los que cuenta esta sociedad para asegurar la percepci\u00f3n de derechos a sus leg\u00edtimos titulares en todo el mundo, y las iniciativas y programas para la promoci\u00f3n, formaci\u00f3n y ayuda a los socios que promueve AIE.<\/p>\n<p><img decoding=\"async\" class=\"aligncenter size-full wp-image-18279\" src=\"https:\/\/www.aie.es\/wp-content\/uploads\/seminariovic4.jpg\" alt=\"seminariovic4\" width=\"940\" height=\"634\" srcset=\"https:\/\/www.aie.es\/wp-content\/uploads\/seminariovic4.jpg 940w, https:\/\/www.aie.es\/wp-content\/uploads\/seminariovic4-300x202.jpg 300w, https:\/\/www.aie.es\/wp-content\/uploads\/seminariovic4-768x518.jpg 768w, https:\/\/www.aie.es\/wp-content\/uploads\/seminariovic4-700x472.jpg 700w\" sizes=\"(max-width: 940px) 100vw, 940px\" \/><\/p>\n<p>Luis Mendo comenz\u00f3 ofreciendo una detallada explicaci\u00f3n del funcionamiento de la Sociedad de Artistas desde sus inicios. El vicepresidente de AIE detall\u00f3 en qu\u00e9 consiste el Fondo Asistencial y Cultural de AIE, y record\u00f3 que este fondo se nutr\u00eda en gran medida de la recaudaci\u00f3n correspondiente a la copia privada, por lo que cuenta con menos recursos. A\u00fan as\u00ed, destac\u00f3 Mendo, las actividades asistenciales y las ayudas directas a socios en situaci\u00f3n de dificultad se han mantenido pese a la crisis. AIE ha destinado m\u00e1s de dos millones de euros a sus socios en ayudas asistenciales y ha otorgado m\u00e1s de tres mil quinientas becas a estudiantes y profesionales.<\/p>\n<p>Pedro Rivas,\u00a0miembro de la Asesor\u00eda Jur\u00eddica de AIE, explic\u00f3 los diferentes tipos de derechos que reconocen a los artistas int\u00e9rpretes o ejecutantes las legislaciones nacional y comunitaria, al tiempo que coment\u00f3 algunos aspectos de importantes sentencias recientes como la dictada por el Tribunal de Luxemburgo <a href=\"https:\/\/www.aie.es\/los-artistas-europeos-demandan-un-trato-justo-en-internet-copy\/\" target=\"_blank\">el pasado mes de junio<\/a>\u00a0en relaci\u00f3n a la copia privada.<\/p>\n<p>Nacho Garc\u00eda Vega, por \u00faltimo,\u00a0incidi\u00f3 en la necesidad\u00a0de garantizar que los artistas reciban una parte equitativa de los ingresos generados por la explotaci\u00f3n online de sus obras mediante un derecho de remuneraci\u00f3n<strong>,<\/strong>\u00a0irrenunciable y de gesti\u00f3n colectiva obligatoria, y en la importancia de que los artistas de toda Europa impulsen unidos el desarrollo de un derecho que por ahora no entra\u00a0<a href=\"https:\/\/www.aie.es\/en\/la-comision-europea-presenta-el-borrador-de-la-futura-directiva-de-derechos-de-propiedad-intelectual\/\" target=\"_blank\">en los planes legislativos comunitarios<\/a>.<\/p>\n<p><img decoding=\"async\" class=\"aligncenter size-full wp-image-18276\" src=\"https:\/\/www.aie.es\/wp-content\/uploads\/seminariovic1.jpg\" alt=\"seminariovic1\" width=\"940\" height=\"634\" srcset=\"https:\/\/www.aie.es\/wp-content\/uploads\/seminariovic1.jpg 940w, https:\/\/www.aie.es\/wp-content\/uploads\/seminariovic1-300x202.jpg 300w, https:\/\/www.aie.es\/wp-content\/uploads\/seminariovic1-768x518.jpg 768w, https:\/\/www.aie.es\/wp-content\/uploads\/seminariovic1-700x472.jpg 700w\" sizes=\"(max-width: 940px) 100vw, 940px\" \/><\/p>\n","protected":false},"excerpt":{"rendered":"<p>AIE particip\u00f3 en el 28\u00ba Mercat de M\u00fasica Viva de Vic impartiendo un seminario sobre la gesti\u00f3n de los derechos de los artistas int\u00e9rpretes o ejecutantes. <\/p>\n","protected":false},"author":3,"featured_media":24309,"comment_status":"open","ping_status":"open","sticky":false,"template":"","format":"gallery","meta":{"_acf_changed":false,"_relevanssi_hide_post":"","_relevanssi_hide_content":"","_relevanssi_pin_for_all":"","_relevanssi_pin_keywords":"","_relevanssi_unpin_keywords":"","_relevanssi_related_keywords":"","_relevanssi_related_include_ids":"","_relevanssi_related_exclude_ids":"","_relevanssi_related_no_append":"","_relevanssi_related_not_related":"","_relevanssi_related_posts":"","_relevanssi_noindex_reason":"","footnotes":""},"categories":[319],"tags":[],"acf":[],"yoast_head":"<!-- This site is optimized with the Yoast SEO Premium plugin v21.5 (Yoast SEO v21.9.1) - https:\/\/yoast.com\/wordpress\/plugins\/seo\/ -->\n<title>Seminario AIE en el Mercat de M\u00fasica Viva de Vic - AIE Sociedad de Artistas Int\u00e9rpretes o Ejecutantes de Espa\u00f1a<\/title>\n<meta name=\"robots\" content=\"index, follow, max-snippet:-1, max-image-preview:large, max-video-preview:-1\" \/>\n<link rel=\"canonical\" href=\"https:\/\/www.aie.es\/en\/seminario-aie-en-el-mercat-de-musica-viva-de-vic\/\" \/>\n<meta property=\"og:locale\" content=\"en_US\" \/>\n<meta property=\"og:type\" content=\"article\" \/>\n<meta property=\"og:title\" content=\"Seminario AIE en el Mercat de M\u00fasica Viva de Vic\" \/>\n<meta property=\"og:description\" content=\"AIE particip\u00f3 en el 28\u00ba Mercat de M\u00fasica Viva de Vic impartiendo un seminario sobre la gesti\u00f3n de los derechos de los artistas int\u00e9rpretes o ejecutantes.\" \/>\n<meta property=\"og:url\" content=\"https:\/\/www.aie.es\/en\/seminario-aie-en-el-mercat-de-musica-viva-de-vic\/\" \/>\n<meta property=\"og:site_name\" content=\"AIE Sociedad de Artistas Int\u00e9rpretes o Ejecutantes de Espa\u00f1a\" \/>\n<meta property=\"article:published_time\" content=\"2016-09-19T11:44:30+00:00\" \/>\n<meta property=\"og:image\" content=\"https:\/\/www.aie.es\/wp-content\/uploads\/mmvvcarrusel.jpg\" \/>\n\t<meta property=\"og:image:width\" content=\"940\" \/>\n\t<meta property=\"og:image:height\" content=\"634\" \/>\n\t<meta property=\"og:image:type\" content=\"image\/jpeg\" \/>\n<meta name=\"author\" content=\"GGCOM\" \/>\n<meta name=\"twitter:card\" content=\"summary_large_image\" \/>\n<meta name=\"twitter:label1\" content=\"Written by\" \/>\n\t<meta name=\"twitter:data1\" content=\"GGCOM\" \/>\n\t<meta name=\"twitter:label2\" content=\"Est. reading time\" \/>\n\t<meta name=\"twitter:data2\" content=\"3 minutes\" \/>\n<script type=\"application\/ld+json\" class=\"yoast-schema-graph\">{\"@context\":\"https:\/\/schema.org\",\"@graph\":[{\"@type\":\"WebPage\",\"@id\":\"https:\/\/www.aie.es\/en\/seminario-aie-en-el-mercat-de-musica-viva-de-vic\/\",\"url\":\"https:\/\/www.aie.es\/en\/seminario-aie-en-el-mercat-de-musica-viva-de-vic\/\",\"name\":\"Seminario AIE en el Mercat de M\u00fasica Viva de Vic - AIE Sociedad de Artistas Int\u00e9rpretes o Ejecutantes de Espa\u00f1a\",\"isPartOf\":{\"@id\":\"https:\/\/www.aie.es\/#website\"},\"datePublished\":\"2016-09-19T11:44:30+00:00\",\"dateModified\":\"2016-09-19T11:44:30+00:00\",\"author\":{\"@id\":\"https:\/\/www.aie.es\/#\/schema\/person\/9008ac87bc3b5836f79e2a677dace4d5\"},\"breadcrumb\":{\"@id\":\"https:\/\/www.aie.es\/en\/seminario-aie-en-el-mercat-de-musica-viva-de-vic\/#breadcrumb\"},\"inLanguage\":\"en-US\",\"potentialAction\":[{\"@type\":\"ReadAction\",\"target\":[\"https:\/\/www.aie.es\/en\/seminario-aie-en-el-mercat-de-musica-viva-de-vic\/\"]}]},{\"@type\":\"BreadcrumbList\",\"@id\":\"https:\/\/www.aie.es\/en\/seminario-aie-en-el-mercat-de-musica-viva-de-vic\/#breadcrumb\",\"itemListElement\":[{\"@type\":\"ListItem\",\"position\":1,\"name\":\"Portada\",\"item\":\"https:\/\/www.aie.es\/en\/\"},{\"@type\":\"ListItem\",\"position\":2,\"name\":\"Seminario AIE en el Mercat de M\u00fasica Viva de Vic\"}]},{\"@type\":\"WebSite\",\"@id\":\"https:\/\/www.aie.es\/#website\",\"url\":\"https:\/\/www.aie.es\/\",\"name\":\"AIE Sociedad de Artistas Int\u00e9rpretes o Ejecutantes de Espa\u00f1a\",\"description\":\"Entidad de gesti\u00f3n de derechos de propiedad intelectual\",\"potentialAction\":[{\"@type\":\"SearchAction\",\"target\":{\"@type\":\"EntryPoint\",\"urlTemplate\":\"https:\/\/www.aie.es\/?s={search_term_string}\"},\"query-input\":\"required name=search_term_string\"}],\"inLanguage\":\"en-US\"},{\"@type\":\"Person\",\"@id\":\"https:\/\/www.aie.es\/#\/schema\/person\/9008ac87bc3b5836f79e2a677dace4d5\",\"name\":\"GGCOM\",\"image\":{\"@type\":\"ImageObject\",\"inLanguage\":\"en-US\",\"@id\":\"https:\/\/www.aie.es\/#\/schema\/person\/image\/\",\"url\":\"https:\/\/secure.gravatar.com\/avatar\/b4ed17baa0f661a7cbe0494fbec9b888?s=96&d=mm&r=g\",\"contentUrl\":\"https:\/\/secure.gravatar.com\/avatar\/b4ed17baa0f661a7cbe0494fbec9b888?s=96&d=mm&r=g\",\"caption\":\"GGCOM\"},\"url\":\"https:\/\/www.aie.es\/en\/author\/cgarriga\/\"}]}<\/script>\n<!-- \/ Yoast SEO Premium plugin. -->","yoast_head_json":{"title":"Seminario AIE en el Mercat de M\u00fasica Viva de Vic - AIE Sociedad de Artistas Int\u00e9rpretes o Ejecutantes de Espa\u00f1a","robots":{"index":"index","follow":"follow","max-snippet":"max-snippet:-1","max-image-preview":"max-image-preview:large","max-video-preview":"max-video-preview:-1"},"canonical":"https:\/\/www.aie.es\/en\/seminario-aie-en-el-mercat-de-musica-viva-de-vic\/","og_locale":"en_US","og_type":"article","og_title":"Seminario AIE en el Mercat de M\u00fasica Viva de Vic","og_description":"AIE particip\u00f3 en el 28\u00ba Mercat de M\u00fasica Viva de Vic impartiendo un seminario sobre la gesti\u00f3n de los derechos de los artistas int\u00e9rpretes o ejecutantes.","og_url":"https:\/\/www.aie.es\/en\/seminario-aie-en-el-mercat-de-musica-viva-de-vic\/","og_site_name":"AIE Sociedad de Artistas Int\u00e9rpretes o Ejecutantes de Espa\u00f1a","article_published_time":"2016-09-19T11:44:30+00:00","og_image":[{"width":940,"height":634,"url":"https:\/\/www.aie.es\/wp-content\/uploads\/mmvvcarrusel.jpg","type":"image\/jpeg"}],"author":"GGCOM","twitter_card":"summary_large_image","twitter_misc":{"Written by":"GGCOM","Est. reading time":"3 minutes"},"schema":{"@context":"https:\/\/schema.org","@graph":[{"@type":"WebPage","@id":"https:\/\/www.aie.es\/en\/seminario-aie-en-el-mercat-de-musica-viva-de-vic\/","url":"https:\/\/www.aie.es\/en\/seminario-aie-en-el-mercat-de-musica-viva-de-vic\/","name":"Seminario AIE en el Mercat de M\u00fasica Viva de Vic - AIE Sociedad de Artistas Int\u00e9rpretes o Ejecutantes de Espa\u00f1a","isPartOf":{"@id":"https:\/\/www.aie.es\/#website"},"datePublished":"2016-09-19T11:44:30+00:00","dateModified":"2016-09-19T11:44:30+00:00","author":{"@id":"https:\/\/www.aie.es\/#\/schema\/person\/9008ac87bc3b5836f79e2a677dace4d5"},"breadcrumb":{"@id":"https:\/\/www.aie.es\/en\/seminario-aie-en-el-mercat-de-musica-viva-de-vic\/#breadcrumb"},"inLanguage":"en-US","potentialAction":[{"@type":"ReadAction","target":["https:\/\/www.aie.es\/en\/seminario-aie-en-el-mercat-de-musica-viva-de-vic\/"]}]},{"@type":"BreadcrumbList","@id":"https:\/\/www.aie.es\/en\/seminario-aie-en-el-mercat-de-musica-viva-de-vic\/#breadcrumb","itemListElement":[{"@type":"ListItem","position":1,"name":"Portada","item":"https:\/\/www.aie.es\/en\/"},{"@type":"ListItem","position":2,"name":"Seminario AIE en el Mercat de M\u00fasica Viva de Vic"}]},{"@type":"WebSite","@id":"https:\/\/www.aie.es\/#website","url":"https:\/\/www.aie.es\/","name":"AIE Sociedad de Artistas Int\u00e9rpretes o Ejecutantes de Espa\u00f1a","description":"Entidad de gesti\u00f3n de derechos de propiedad intelectual","potentialAction":[{"@type":"SearchAction","target":{"@type":"EntryPoint","urlTemplate":"https:\/\/www.aie.es\/?s={search_term_string}"},"query-input":"required name=search_term_string"}],"inLanguage":"en-US"},{"@type":"Person","@id":"https:\/\/www.aie.es\/#\/schema\/person\/9008ac87bc3b5836f79e2a677dace4d5","name":"GGCOM","image":{"@type":"ImageObject","inLanguage":"en-US","@id":"https:\/\/www.aie.es\/#\/schema\/person\/image\/","url":"https:\/\/secure.gravatar.com\/avatar\/b4ed17baa0f661a7cbe0494fbec9b888?s=96&d=mm&r=g","contentUrl":"https:\/\/secure.gravatar.com\/avatar\/b4ed17baa0f661a7cbe0494fbec9b888?s=96&d=mm&r=g","caption":"GGCOM"},"url":"https:\/\/www.aie.es\/en\/author\/cgarriga\/"}]}},"_links":{"self":[{"href":"https:\/\/www.aie.es\/en\/wp-json\/wp\/v2\/posts\/26521"}],"collection":[{"href":"https:\/\/www.aie.es\/en\/wp-json\/wp\/v2\/posts"}],"about":[{"href":"https:\/\/www.aie.es\/en\/wp-json\/wp\/v2\/types\/post"}],"author":[{"embeddable":true,"href":"https:\/\/www.aie.es\/en\/wp-json\/wp\/v2\/users\/3"}],"replies":[{"embeddable":true,"href":"https:\/\/www.aie.es\/en\/wp-json\/wp\/v2\/comments?post=26521"}],"version-history":[{"count":0,"href":"https:\/\/www.aie.es\/en\/wp-json\/wp\/v2\/posts\/26521\/revisions"}],"wp:featuredmedia":[{"embeddable":true,"href":"https:\/\/www.aie.es\/en\/wp-json\/wp\/v2\/media\/24309"}],"wp:attachment":[{"href":"https:\/\/www.aie.es\/en\/wp-json\/wp\/v2\/media?parent=26521"}],"wp:term":[{"taxonomy":"category","embeddable":true,"href":"https:\/\/www.aie.es\/en\/wp-json\/wp\/v2\/categories?post=26521"},{"taxonomy":"post_tag","embeddable":true,"href":"https:\/\/www.aie.es\/en\/wp-json\/wp\/v2\/tags?post=26521"}],"curies":[{"name":"wp","href":"https:\/\/api.w.org\/{rel}","templated":true}]}}