{"id":26530,"date":"2016-06-13T16:51:11","date_gmt":"2016-06-13T14:51:11","guid":{"rendered":"https:\/\/www.aie.es\/supremo-suecia-iphone-canon-digital-copia-privada\/"},"modified":"2019-07-30T10:58:50","modified_gmt":"2019-07-30T09:58:50","slug":"supremo-suecia-iphone-canon-digital-copia-privada","status":"publish","type":"post","link":"https:\/\/www.aie.es\/en\/supremo-suecia-iphone-canon-digital-copia-privada\/","title":{"rendered":"El Supremo de Suecia falla que hay que gravar los iPhone con canon digital"},"content":{"rendered":"<p><img decoding=\"async\" class=\"aligncenter size-full wp-image-16707\" src=\"https:\/\/www.aie.es\/wp-content\/uploads\/iphones.jpg\" alt=\"iphones\" width=\"1200\" height=\"694\" srcset=\"https:\/\/www.aie.es\/wp-content\/uploads\/iphones.jpg 1200w, https:\/\/www.aie.es\/wp-content\/uploads\/iphones-300x174.jpg 300w, https:\/\/www.aie.es\/wp-content\/uploads\/iphones-768x444.jpg 768w, https:\/\/www.aie.es\/wp-content\/uploads\/iphones-1024x592.jpg 1024w, https:\/\/www.aie.es\/wp-content\/uploads\/iphones-700x405.jpg 700w\" sizes=\"(max-width: 1200px) 100vw, 1200px\" \/><\/p>\n<p>\u201cEl veredicto se esperaba pero igualmente es bienvenido. Muchos creadores culturales est\u00e1n felices hoy, despu\u00e9s de llevar a\u00f1os esperando a ser compensados por Apple, que se neg\u00f3 a pagar y debi\u00f3 ser demandada\u201d, <a href=\"http:\/\/www.mynewsdesk.com\/se\/copyswede\/pressreleases\/viktig-vinst-i-hd-ger-kulturskapare-betalt-1436147?utm_campaign=send_list&amp;utm_medium=email&amp;utm_source=sendgrid\" target=\"_blank\" rel=\"noopener noreferrer\">explica Mattias \u00c5kerlind<\/a>, CEO de Copyswede.<\/p>\n<div class=\"post-18480 post type-post status-publish format-standard hentry category-noticias unboxed\">\n<div class=\"content\">\n<p><a href=\"http:\/\/www.copyswede.se\/\" target=\"_blank\" rel=\"noopener noreferrer\">Copyswede<\/a>, la organizaci\u00f3n que gestiona la copia privada para la comunidad creativa sueca, ha anunciado que \u201cest\u00e1 preparada para seguir adelante y negociar con la industria de la electr\u00f3nica para acordar una compensaci\u00f3n razonable\u201d.<\/p>\n<p>\u201cHa sido un proceso largo con varias decisiones judiciales. Esta sentencia da por fin un mensaje claro de que la legislaci\u00f3n incluye a los dispositivos funcionales entre los sujetos a compensar por la copia privada. El veredicto demuestra que la ley es moderna y clara, que da a los creadores el derecho a una indemnizaci\u00f3n aun cuando la tecnolog\u00eda cambia. Porque eso es exactamente lo que quer\u00edan los legisladores\u201d, contin\u00faa Mattias \u00c5kerlind.<\/p>\n<p>Esta noticia se suma a la reciente <a href=\"https:\/\/www.aie.es\/los-artistas-europeos-demandan-un-trato-justo-en-internet-copy\/\" target=\"_blank\" rel=\"noopener noreferrer\">sentencia<\/a> del Tribunal de Justicia de la Uni\u00f3n Europea que aclara que no se puede financiar el canon por copia privada con cargo a los presupuestos generales del Estado por ser incompatible con la legislaci\u00f3n comunitaria.<\/p>\n<p>Copyswede tiene la esperanza de que la decisi\u00f3n va a establecer un nuevo comienzo en las relaciones con las industrias TIC respecto al sistema de la copia privada: \u201cEsperamos que los esfuerzos conjuntos para desarrollar la cooperaci\u00f3n puedan comenzar durante este a\u00f1o 2016, y por lo tanto invitamos a estas empresas y sus organizaciones al di\u00e1logo y las negociaciones a fin de consensuar lo antes posible un sistema de copia privada equilibrado y justo para los ciudadanos, las empresas y los titulares de derechos de propiedad intelectual\u201d, concluye\u00a0Mattias \u00c5kerlind.<\/p>\n<\/div>\n<\/div>\n<div id=\"comments\"><\/div>\n","protected":false},"excerpt":{"rendered":"<p>El Tribunal Supremo de Suecia ordena que a los iPhone se les aplique plenamente la legislaci\u00f3n sobre copia privada. El fallo es un avance muy importante para autores, artistas, editores y productores suecos, que a partir de ahora recibir\u00e1n la compensaci\u00f3n equitativa.<\/p>\n","protected":false},"author":3,"featured_media":24080,"comment_status":"open","ping_status":"open","sticky":false,"template":"","format":"standard","meta":{"_acf_changed":false,"_relevanssi_hide_post":"","_relevanssi_hide_content":"","_relevanssi_pin_for_all":"","_relevanssi_pin_keywords":"","_relevanssi_unpin_keywords":"","_relevanssi_related_keywords":"","_relevanssi_related_include_ids":"","_relevanssi_related_exclude_ids":"","_relevanssi_related_no_append":"","_relevanssi_related_not_related":"","_relevanssi_related_posts":"","_relevanssi_noindex_reason":"","footnotes":""},"categories":[327],"tags":[],"acf":[],"yoast_head":"<!-- This site is optimized with the Yoast SEO Premium plugin v21.5 (Yoast SEO v21.9.1) - https:\/\/yoast.com\/wordpress\/plugins\/seo\/ -->\n<title>El Supremo de Suecia falla que hay que gravar los iPhone con canon digital - AIE Sociedad de Artistas Int\u00e9rpretes o Ejecutantes de Espa\u00f1a<\/title>\n<meta name=\"robots\" content=\"index, follow, max-snippet:-1, max-image-preview:large, max-video-preview:-1\" \/>\n<link rel=\"canonical\" href=\"https:\/\/www.aie.es\/en\/supremo-suecia-iphone-canon-digital-copia-privada\/\" \/>\n<meta property=\"og:locale\" content=\"en_US\" \/>\n<meta property=\"og:type\" content=\"article\" \/>\n<meta property=\"og:title\" content=\"El Supremo de Suecia falla que hay que gravar los iPhone con canon digital\" \/>\n<meta property=\"og:description\" content=\"El Tribunal Supremo de Suecia ordena que a los iPhone se les aplique plenamente la legislaci\u00f3n sobre copia privada. El fallo es un avance muy importante para autores, artistas, editores y productores suecos, que a partir de ahora recibir\u00e1n la compensaci\u00f3n equitativa.\" \/>\n<meta property=\"og:url\" content=\"https:\/\/www.aie.es\/en\/supremo-suecia-iphone-canon-digital-copia-privada\/\" \/>\n<meta property=\"og:site_name\" content=\"AIE Sociedad de Artistas Int\u00e9rpretes o Ejecutantes de Espa\u00f1a\" \/>\n<meta property=\"article:published_time\" content=\"2016-06-13T14:51:11+00:00\" \/>\n<meta property=\"article:modified_time\" content=\"2019-07-30T09:58:50+00:00\" \/>\n<meta property=\"og:image\" content=\"https:\/\/www.aie.es\/wp-content\/uploads\/iphones.jpg\" \/>\n\t<meta property=\"og:image:width\" content=\"1200\" \/>\n\t<meta property=\"og:image:height\" content=\"694\" \/>\n\t<meta property=\"og:image:type\" content=\"image\/jpeg\" \/>\n<meta name=\"author\" content=\"GGCOM\" \/>\n<meta name=\"twitter:card\" content=\"summary_large_image\" \/>\n<meta name=\"twitter:label1\" content=\"Written by\" \/>\n\t<meta name=\"twitter:data1\" content=\"GGCOM\" \/>\n\t<meta name=\"twitter:label2\" content=\"Est. reading time\" \/>\n\t<meta name=\"twitter:data2\" content=\"1 minute\" \/>\n<script type=\"application\/ld+json\" class=\"yoast-schema-graph\">{\"@context\":\"https:\/\/schema.org\",\"@graph\":[{\"@type\":\"WebPage\",\"@id\":\"https:\/\/www.aie.es\/en\/supremo-suecia-iphone-canon-digital-copia-privada\/\",\"url\":\"https:\/\/www.aie.es\/en\/supremo-suecia-iphone-canon-digital-copia-privada\/\",\"name\":\"El Supremo de Suecia falla que hay que gravar los iPhone con canon digital - AIE Sociedad de Artistas Int\u00e9rpretes o Ejecutantes de Espa\u00f1a\",\"isPartOf\":{\"@id\":\"https:\/\/www.aie.es\/#website\"},\"datePublished\":\"2016-06-13T14:51:11+00:00\",\"dateModified\":\"2019-07-30T09:58:50+00:00\",\"author\":{\"@id\":\"https:\/\/www.aie.es\/#\/schema\/person\/9008ac87bc3b5836f79e2a677dace4d5\"},\"breadcrumb\":{\"@id\":\"https:\/\/www.aie.es\/en\/supremo-suecia-iphone-canon-digital-copia-privada\/#breadcrumb\"},\"inLanguage\":\"en-US\",\"potentialAction\":[{\"@type\":\"ReadAction\",\"target\":[\"https:\/\/www.aie.es\/en\/supremo-suecia-iphone-canon-digital-copia-privada\/\"]}]},{\"@type\":\"BreadcrumbList\",\"@id\":\"https:\/\/www.aie.es\/en\/supremo-suecia-iphone-canon-digital-copia-privada\/#breadcrumb\",\"itemListElement\":[{\"@type\":\"ListItem\",\"position\":1,\"name\":\"Portada\",\"item\":\"https:\/\/www.aie.es\/en\/\"},{\"@type\":\"ListItem\",\"position\":2,\"name\":\"El Supremo de Suecia falla que hay que gravar los iPhone con canon digital\"}]},{\"@type\":\"WebSite\",\"@id\":\"https:\/\/www.aie.es\/#website\",\"url\":\"https:\/\/www.aie.es\/\",\"name\":\"AIE Sociedad de Artistas Int\u00e9rpretes o Ejecutantes de Espa\u00f1a\",\"description\":\"Entidad de gesti\u00f3n de derechos de propiedad intelectual\",\"potentialAction\":[{\"@type\":\"SearchAction\",\"target\":{\"@type\":\"EntryPoint\",\"urlTemplate\":\"https:\/\/www.aie.es\/?s={search_term_string}\"},\"query-input\":\"required name=search_term_string\"}],\"inLanguage\":\"en-US\"},{\"@type\":\"Person\",\"@id\":\"https:\/\/www.aie.es\/#\/schema\/person\/9008ac87bc3b5836f79e2a677dace4d5\",\"name\":\"GGCOM\",\"image\":{\"@type\":\"ImageObject\",\"inLanguage\":\"en-US\",\"@id\":\"https:\/\/www.aie.es\/#\/schema\/person\/image\/\",\"url\":\"https:\/\/secure.gravatar.com\/avatar\/b4ed17baa0f661a7cbe0494fbec9b888?s=96&d=mm&r=g\",\"contentUrl\":\"https:\/\/secure.gravatar.com\/avatar\/b4ed17baa0f661a7cbe0494fbec9b888?s=96&d=mm&r=g\",\"caption\":\"GGCOM\"},\"url\":\"https:\/\/www.aie.es\/en\/author\/cgarriga\/\"}]}<\/script>\n<!-- \/ Yoast SEO Premium plugin. -->","yoast_head_json":{"title":"El Supremo de Suecia falla que hay que gravar los iPhone con canon digital - AIE Sociedad de Artistas Int\u00e9rpretes o Ejecutantes de Espa\u00f1a","robots":{"index":"index","follow":"follow","max-snippet":"max-snippet:-1","max-image-preview":"max-image-preview:large","max-video-preview":"max-video-preview:-1"},"canonical":"https:\/\/www.aie.es\/en\/supremo-suecia-iphone-canon-digital-copia-privada\/","og_locale":"en_US","og_type":"article","og_title":"El Supremo de Suecia falla que hay que gravar los iPhone con canon digital","og_description":"El Tribunal Supremo de Suecia ordena que a los iPhone se les aplique plenamente la legislaci\u00f3n sobre copia privada. El fallo es un avance muy importante para autores, artistas, editores y productores suecos, que a partir de ahora recibir\u00e1n la compensaci\u00f3n equitativa.","og_url":"https:\/\/www.aie.es\/en\/supremo-suecia-iphone-canon-digital-copia-privada\/","og_site_name":"AIE Sociedad de Artistas Int\u00e9rpretes o Ejecutantes de Espa\u00f1a","article_published_time":"2016-06-13T14:51:11+00:00","article_modified_time":"2019-07-30T09:58:50+00:00","og_image":[{"width":1200,"height":694,"url":"https:\/\/www.aie.es\/wp-content\/uploads\/iphones.jpg","type":"image\/jpeg"}],"author":"GGCOM","twitter_card":"summary_large_image","twitter_misc":{"Written by":"GGCOM","Est. reading time":"1 minute"},"schema":{"@context":"https:\/\/schema.org","@graph":[{"@type":"WebPage","@id":"https:\/\/www.aie.es\/en\/supremo-suecia-iphone-canon-digital-copia-privada\/","url":"https:\/\/www.aie.es\/en\/supremo-suecia-iphone-canon-digital-copia-privada\/","name":"El Supremo de Suecia falla que hay que gravar los iPhone con canon digital - AIE Sociedad de Artistas Int\u00e9rpretes o Ejecutantes de Espa\u00f1a","isPartOf":{"@id":"https:\/\/www.aie.es\/#website"},"datePublished":"2016-06-13T14:51:11+00:00","dateModified":"2019-07-30T09:58:50+00:00","author":{"@id":"https:\/\/www.aie.es\/#\/schema\/person\/9008ac87bc3b5836f79e2a677dace4d5"},"breadcrumb":{"@id":"https:\/\/www.aie.es\/en\/supremo-suecia-iphone-canon-digital-copia-privada\/#breadcrumb"},"inLanguage":"en-US","potentialAction":[{"@type":"ReadAction","target":["https:\/\/www.aie.es\/en\/supremo-suecia-iphone-canon-digital-copia-privada\/"]}]},{"@type":"BreadcrumbList","@id":"https:\/\/www.aie.es\/en\/supremo-suecia-iphone-canon-digital-copia-privada\/#breadcrumb","itemListElement":[{"@type":"ListItem","position":1,"name":"Portada","item":"https:\/\/www.aie.es\/en\/"},{"@type":"ListItem","position":2,"name":"El Supremo de Suecia falla que hay que gravar los iPhone con canon digital"}]},{"@type":"WebSite","@id":"https:\/\/www.aie.es\/#website","url":"https:\/\/www.aie.es\/","name":"AIE Sociedad de Artistas Int\u00e9rpretes o Ejecutantes de Espa\u00f1a","description":"Entidad de gesti\u00f3n de derechos de propiedad intelectual","potentialAction":[{"@type":"SearchAction","target":{"@type":"EntryPoint","urlTemplate":"https:\/\/www.aie.es\/?s={search_term_string}"},"query-input":"required name=search_term_string"}],"inLanguage":"en-US"},{"@type":"Person","@id":"https:\/\/www.aie.es\/#\/schema\/person\/9008ac87bc3b5836f79e2a677dace4d5","name":"GGCOM","image":{"@type":"ImageObject","inLanguage":"en-US","@id":"https:\/\/www.aie.es\/#\/schema\/person\/image\/","url":"https:\/\/secure.gravatar.com\/avatar\/b4ed17baa0f661a7cbe0494fbec9b888?s=96&d=mm&r=g","contentUrl":"https:\/\/secure.gravatar.com\/avatar\/b4ed17baa0f661a7cbe0494fbec9b888?s=96&d=mm&r=g","caption":"GGCOM"},"url":"https:\/\/www.aie.es\/en\/author\/cgarriga\/"}]}},"_links":{"self":[{"href":"https:\/\/www.aie.es\/en\/wp-json\/wp\/v2\/posts\/26530"}],"collection":[{"href":"https:\/\/www.aie.es\/en\/wp-json\/wp\/v2\/posts"}],"about":[{"href":"https:\/\/www.aie.es\/en\/wp-json\/wp\/v2\/types\/post"}],"author":[{"embeddable":true,"href":"https:\/\/www.aie.es\/en\/wp-json\/wp\/v2\/users\/3"}],"replies":[{"embeddable":true,"href":"https:\/\/www.aie.es\/en\/wp-json\/wp\/v2\/comments?post=26530"}],"version-history":[{"count":2,"href":"https:\/\/www.aie.es\/en\/wp-json\/wp\/v2\/posts\/26530\/revisions"}],"predecessor-version":[{"id":29987,"href":"https:\/\/www.aie.es\/en\/wp-json\/wp\/v2\/posts\/26530\/revisions\/29987"}],"wp:featuredmedia":[{"embeddable":true,"href":"https:\/\/www.aie.es\/en\/wp-json\/wp\/v2\/media\/24080"}],"wp:attachment":[{"href":"https:\/\/www.aie.es\/en\/wp-json\/wp\/v2\/media?parent=26530"}],"wp:term":[{"taxonomy":"category","embeddable":true,"href":"https:\/\/www.aie.es\/en\/wp-json\/wp\/v2\/categories?post=26530"},{"taxonomy":"post_tag","embeddable":true,"href":"https:\/\/www.aie.es\/en\/wp-json\/wp\/v2\/tags?post=26530"}],"curies":[{"name":"wp","href":"https:\/\/api.w.org\/{rel}","templated":true}]}}