{"id":26540,"date":"2015-11-28T12:53:42","date_gmt":"2015-11-28T12:53:42","guid":{"rendered":"https:\/\/www.aie.es\/aie-ponle-freno-2015\/"},"modified":"2015-11-28T12:53:42","modified_gmt":"2015-11-28T12:53:42","slug":"aie-ponle-freno-2015","status":"publish","type":"post","link":"https:\/\/www.aie.es\/en\/aie-ponle-freno-2015\/","title":{"rendered":"AIE colabora con la campa\u00f1a &#8216;Ponle freno&#8217;"},"content":{"rendered":"\n\t\t<style type=\"text\/css\">\n\t\t\t#gallery-1 {\n\t\t\t\tmargin: auto;\n\t\t\t}\n\t\t\t#gallery-1 .gallery-item {\n\t\t\t\tfloat: left;\n\t\t\t\tmargin-top: 10px;\n\t\t\t\ttext-align: center;\n\t\t\t\twidth: 33%;\n\t\t\t}\n\t\t\t#gallery-1 img {\n\t\t\t\tborder: 2px solid #cfcfcf;\n\t\t\t}\n\t\t\t#gallery-1 .gallery-caption {\n\t\t\t\tmargin-left: 0;\n\t\t\t}\n\t\t\t\/* see gallery_shortcode() in wp-includes\/media.php *\/\n\t\t<\/style>\n\t\t<div id='gallery-1' class='gallery galleryid-26540 gallery-columns-3 gallery-size-thumbnail'><dl class='gallery-item'>\n\t\t\t<dt class='gallery-icon landscape'>\n\t\t\t\t<a title=\"ponlefreno5\"  href='https:\/\/www.aie.es\/en\/aie-ponle-freno-2015\/ponlefreno5-2\/'><img decoding=\"async\" width=\"150\" height=\"150\" src=\"https:\/\/www.aie.es\/wp-content\/uploads\/ponlefreno5-150x150.jpg\" class=\"attachment-thumbnail size-thumbnail\" alt=\"\" srcset=\"https:\/\/www.aie.es\/wp-content\/uploads\/ponlefreno5-150x150.jpg 150w, https:\/\/www.aie.es\/wp-content\/uploads\/ponlefreno5-570x570.jpg 570w, https:\/\/www.aie.es\/wp-content\/uploads\/ponlefreno5-500x500.jpg 500w\" sizes=\"(max-width: 150px) 100vw, 150px\" \/><\/a>\n\t\t\t<\/dt><\/dl><dl class='gallery-item'>\n\t\t\t<dt class='gallery-icon landscape'>\n\t\t\t\t<a title=\"ponlefreno4\"  href='https:\/\/www.aie.es\/en\/aie-ponle-freno-2015\/ponlefreno4-2\/'><img decoding=\"async\" width=\"150\" height=\"150\" src=\"https:\/\/www.aie.es\/wp-content\/uploads\/ponlefreno4-150x150.jpg\" class=\"attachment-thumbnail size-thumbnail\" alt=\"\" srcset=\"https:\/\/www.aie.es\/wp-content\/uploads\/ponlefreno4-150x150.jpg 150w, https:\/\/www.aie.es\/wp-content\/uploads\/ponlefreno4-570x570.jpg 570w, https:\/\/www.aie.es\/wp-content\/uploads\/ponlefreno4-500x500.jpg 500w\" sizes=\"(max-width: 150px) 100vw, 150px\" \/><\/a>\n\t\t\t<\/dt><\/dl><dl class='gallery-item'>\n\t\t\t<dt class='gallery-icon landscape'>\n\t\t\t\t<a title=\"ponlefreno3\"  href='https:\/\/www.aie.es\/en\/aie-ponle-freno-2015\/ponlefreno3-2\/'><img decoding=\"async\" width=\"150\" height=\"150\" src=\"https:\/\/www.aie.es\/wp-content\/uploads\/ponlefreno3-150x150.jpg\" class=\"attachment-thumbnail size-thumbnail\" alt=\"\" srcset=\"https:\/\/www.aie.es\/wp-content\/uploads\/ponlefreno3-150x150.jpg 150w, https:\/\/www.aie.es\/wp-content\/uploads\/ponlefreno3-570x570.jpg 570w, https:\/\/www.aie.es\/wp-content\/uploads\/ponlefreno3-500x500.jpg 500w\" sizes=\"(max-width: 150px) 100vw, 150px\" \/><\/a>\n\t\t\t<\/dt><\/dl><br style=\"clear: both\" \/><dl class='gallery-item'>\n\t\t\t<dt class='gallery-icon landscape'>\n\t\t\t\t<a title=\"ponlefreno2\"  href='https:\/\/www.aie.es\/en\/aie-ponle-freno-2015\/ponlefreno2-2\/'><img decoding=\"async\" width=\"150\" height=\"150\" src=\"https:\/\/www.aie.es\/wp-content\/uploads\/ponlefreno2-150x150.jpg\" class=\"attachment-thumbnail size-thumbnail\" alt=\"\" srcset=\"https:\/\/www.aie.es\/wp-content\/uploads\/ponlefreno2-150x150.jpg 150w, https:\/\/www.aie.es\/wp-content\/uploads\/ponlefreno2-570x570.jpg 570w, https:\/\/www.aie.es\/wp-content\/uploads\/ponlefreno2-500x500.jpg 500w\" sizes=\"(max-width: 150px) 100vw, 150px\" \/><\/a>\n\t\t\t<\/dt><\/dl><dl class='gallery-item'>\n\t\t\t<dt class='gallery-icon landscape'>\n\t\t\t\t<a title=\"ponlefreno1\"  href='https:\/\/www.aie.es\/en\/aie-ponle-freno-2015\/ponlefreno1-2\/'><img decoding=\"async\" width=\"150\" height=\"150\" src=\"https:\/\/www.aie.es\/wp-content\/uploads\/ponlefreno1-150x150.jpg\" class=\"attachment-thumbnail size-thumbnail\" alt=\"\" srcset=\"https:\/\/www.aie.es\/wp-content\/uploads\/ponlefreno1-150x150.jpg 150w, https:\/\/www.aie.es\/wp-content\/uploads\/ponlefreno1-570x570.jpg 570w, https:\/\/www.aie.es\/wp-content\/uploads\/ponlefreno1-500x500.jpg 500w\" sizes=\"(max-width: 150px) 100vw, 150px\" \/><\/a>\n\t\t\t<\/dt><\/dl>\n\t\t\t<br style='clear: both' \/>\n\t\t<\/div>\n\n","protected":false},"excerpt":{"rendered":"<p>El pasado 28 de noviembre se celebr\u00f3 en Madrid la s\u00e9ptima edici\u00f3n de la carrera solidaria PONLE FRENO, con la colaboraci\u00f3n de AIE un a\u00f1o m\u00e1s. En el escenario de la Plaza de Col\u00f3n actuaron para deleite de centenares de asistentes TRajano! y Zahara, mientras que quienes eligieron el escenario de la Plaza de Emilio Castelar pudieron disfrutar de las actuaciones de Nasty y Sonograma.<\/p>\n","protected":false},"author":3,"featured_media":24255,"comment_status":"open","ping_status":"open","sticky":false,"template":"","format":"gallery","meta":{"_acf_changed":false,"_relevanssi_hide_post":"","_relevanssi_hide_content":"","_relevanssi_pin_for_all":"","_relevanssi_pin_keywords":"","_relevanssi_unpin_keywords":"","_relevanssi_related_keywords":"","_relevanssi_related_include_ids":"","_relevanssi_related_exclude_ids":"","_relevanssi_related_no_append":"","_relevanssi_related_not_related":"","_relevanssi_related_posts":"","_relevanssi_noindex_reason":"","footnotes":""},"categories":[319],"tags":[],"acf":[],"yoast_head":"<!-- This site is optimized with the Yoast SEO Premium plugin v21.5 (Yoast SEO v21.9.1) - https:\/\/yoast.com\/wordpress\/plugins\/seo\/ -->\n<title>AIE colabora con la campa\u00f1a &#039;Ponle freno&#039; - AIE Sociedad de Artistas Int\u00e9rpretes o Ejecutantes de Espa\u00f1a<\/title>\n<meta name=\"robots\" content=\"index, follow, max-snippet:-1, max-image-preview:large, max-video-preview:-1\" \/>\n<link rel=\"canonical\" href=\"https:\/\/www.aie.es\/en\/aie-ponle-freno-2015\/\" \/>\n<meta property=\"og:locale\" content=\"en_US\" \/>\n<meta property=\"og:type\" content=\"article\" \/>\n<meta property=\"og:title\" content=\"AIE colabora con la campa\u00f1a &#039;Ponle freno&#039;\" \/>\n<meta property=\"og:description\" content=\"El pasado 28 de noviembre se celebr\u00f3 en Madrid la s\u00e9ptima edici\u00f3n de la carrera solidaria PONLE FRENO, con la colaboraci\u00f3n de AIE un a\u00f1o m\u00e1s. En el escenario de la Plaza de Col\u00f3n actuaron para deleite de centenares de asistentes TRajano! y Zahara, mientras que quienes eligieron el escenario de la Plaza de Emilio Castelar pudieron disfrutar de las actuaciones de Nasty y Sonograma.\" \/>\n<meta property=\"og:url\" content=\"https:\/\/www.aie.es\/en\/aie-ponle-freno-2015\/\" \/>\n<meta property=\"og:site_name\" content=\"AIE Sociedad de Artistas Int\u00e9rpretes o Ejecutantes de Espa\u00f1a\" \/>\n<meta property=\"article:published_time\" content=\"2015-11-28T12:53:42+00:00\" \/>\n<meta property=\"og:image\" content=\"https:\/\/www.aie.es\/wp-content\/uploads\/ponlefrenocarrusel.jpg\" \/>\n\t<meta property=\"og:image:width\" content=\"940\" \/>\n\t<meta property=\"og:image:height\" content=\"593\" \/>\n\t<meta property=\"og:image:type\" content=\"image\/jpeg\" \/>\n<meta name=\"author\" content=\"GGCOM\" \/>\n<meta name=\"twitter:card\" content=\"summary_large_image\" \/>\n<meta name=\"twitter:label1\" content=\"Written by\" \/>\n\t<meta name=\"twitter:data1\" content=\"GGCOM\" \/>\n<script type=\"application\/ld+json\" class=\"yoast-schema-graph\">{\"@context\":\"https:\/\/schema.org\",\"@graph\":[{\"@type\":\"WebPage\",\"@id\":\"https:\/\/www.aie.es\/en\/aie-ponle-freno-2015\/\",\"url\":\"https:\/\/www.aie.es\/en\/aie-ponle-freno-2015\/\",\"name\":\"AIE colabora con la campa\u00f1a 'Ponle freno' - AIE Sociedad de Artistas Int\u00e9rpretes o Ejecutantes de Espa\u00f1a\",\"isPartOf\":{\"@id\":\"https:\/\/www.aie.es\/#website\"},\"datePublished\":\"2015-11-28T12:53:42+00:00\",\"dateModified\":\"2015-11-28T12:53:42+00:00\",\"author\":{\"@id\":\"https:\/\/www.aie.es\/#\/schema\/person\/9008ac87bc3b5836f79e2a677dace4d5\"},\"breadcrumb\":{\"@id\":\"https:\/\/www.aie.es\/en\/aie-ponle-freno-2015\/#breadcrumb\"},\"inLanguage\":\"en-US\",\"potentialAction\":[{\"@type\":\"ReadAction\",\"target\":[\"https:\/\/www.aie.es\/en\/aie-ponle-freno-2015\/\"]}]},{\"@type\":\"BreadcrumbList\",\"@id\":\"https:\/\/www.aie.es\/en\/aie-ponle-freno-2015\/#breadcrumb\",\"itemListElement\":[{\"@type\":\"ListItem\",\"position\":1,\"name\":\"Portada\",\"item\":\"https:\/\/www.aie.es\/en\/\"},{\"@type\":\"ListItem\",\"position\":2,\"name\":\"AIE colabora con la campa\u00f1a &#8216;Ponle freno&#8217;\"}]},{\"@type\":\"WebSite\",\"@id\":\"https:\/\/www.aie.es\/#website\",\"url\":\"https:\/\/www.aie.es\/\",\"name\":\"AIE Sociedad de Artistas Int\u00e9rpretes o Ejecutantes de Espa\u00f1a\",\"description\":\"Entidad de gesti\u00f3n de derechos de propiedad intelectual\",\"potentialAction\":[{\"@type\":\"SearchAction\",\"target\":{\"@type\":\"EntryPoint\",\"urlTemplate\":\"https:\/\/www.aie.es\/?s={search_term_string}\"},\"query-input\":\"required name=search_term_string\"}],\"inLanguage\":\"en-US\"},{\"@type\":\"Person\",\"@id\":\"https:\/\/www.aie.es\/#\/schema\/person\/9008ac87bc3b5836f79e2a677dace4d5\",\"name\":\"GGCOM\",\"image\":{\"@type\":\"ImageObject\",\"inLanguage\":\"en-US\",\"@id\":\"https:\/\/www.aie.es\/#\/schema\/person\/image\/\",\"url\":\"https:\/\/secure.gravatar.com\/avatar\/b4ed17baa0f661a7cbe0494fbec9b888?s=96&d=mm&r=g\",\"contentUrl\":\"https:\/\/secure.gravatar.com\/avatar\/b4ed17baa0f661a7cbe0494fbec9b888?s=96&d=mm&r=g\",\"caption\":\"GGCOM\"},\"url\":\"https:\/\/www.aie.es\/en\/author\/cgarriga\/\"}]}<\/script>\n<!-- \/ Yoast SEO Premium plugin. -->","yoast_head_json":{"title":"AIE colabora con la campa\u00f1a 'Ponle freno' - AIE Sociedad de Artistas Int\u00e9rpretes o Ejecutantes de Espa\u00f1a","robots":{"index":"index","follow":"follow","max-snippet":"max-snippet:-1","max-image-preview":"max-image-preview:large","max-video-preview":"max-video-preview:-1"},"canonical":"https:\/\/www.aie.es\/en\/aie-ponle-freno-2015\/","og_locale":"en_US","og_type":"article","og_title":"AIE colabora con la campa\u00f1a 'Ponle freno'","og_description":"El pasado 28 de noviembre se celebr\u00f3 en Madrid la s\u00e9ptima edici\u00f3n de la carrera solidaria PONLE FRENO, con la colaboraci\u00f3n de AIE un a\u00f1o m\u00e1s. En el escenario de la Plaza de Col\u00f3n actuaron para deleite de centenares de asistentes TRajano! y Zahara, mientras que quienes eligieron el escenario de la Plaza de Emilio Castelar pudieron disfrutar de las actuaciones de Nasty y Sonograma.","og_url":"https:\/\/www.aie.es\/en\/aie-ponle-freno-2015\/","og_site_name":"AIE Sociedad de Artistas Int\u00e9rpretes o Ejecutantes de Espa\u00f1a","article_published_time":"2015-11-28T12:53:42+00:00","og_image":[{"width":940,"height":593,"url":"https:\/\/www.aie.es\/wp-content\/uploads\/ponlefrenocarrusel.jpg","type":"image\/jpeg"}],"author":"GGCOM","twitter_card":"summary_large_image","twitter_misc":{"Written by":"GGCOM"},"schema":{"@context":"https:\/\/schema.org","@graph":[{"@type":"WebPage","@id":"https:\/\/www.aie.es\/en\/aie-ponle-freno-2015\/","url":"https:\/\/www.aie.es\/en\/aie-ponle-freno-2015\/","name":"AIE colabora con la campa\u00f1a 'Ponle freno' - AIE Sociedad de Artistas Int\u00e9rpretes o Ejecutantes de Espa\u00f1a","isPartOf":{"@id":"https:\/\/www.aie.es\/#website"},"datePublished":"2015-11-28T12:53:42+00:00","dateModified":"2015-11-28T12:53:42+00:00","author":{"@id":"https:\/\/www.aie.es\/#\/schema\/person\/9008ac87bc3b5836f79e2a677dace4d5"},"breadcrumb":{"@id":"https:\/\/www.aie.es\/en\/aie-ponle-freno-2015\/#breadcrumb"},"inLanguage":"en-US","potentialAction":[{"@type":"ReadAction","target":["https:\/\/www.aie.es\/en\/aie-ponle-freno-2015\/"]}]},{"@type":"BreadcrumbList","@id":"https:\/\/www.aie.es\/en\/aie-ponle-freno-2015\/#breadcrumb","itemListElement":[{"@type":"ListItem","position":1,"name":"Portada","item":"https:\/\/www.aie.es\/en\/"},{"@type":"ListItem","position":2,"name":"AIE colabora con la campa\u00f1a &#8216;Ponle freno&#8217;"}]},{"@type":"WebSite","@id":"https:\/\/www.aie.es\/#website","url":"https:\/\/www.aie.es\/","name":"AIE Sociedad de Artistas Int\u00e9rpretes o Ejecutantes de Espa\u00f1a","description":"Entidad de gesti\u00f3n de derechos de propiedad intelectual","potentialAction":[{"@type":"SearchAction","target":{"@type":"EntryPoint","urlTemplate":"https:\/\/www.aie.es\/?s={search_term_string}"},"query-input":"required name=search_term_string"}],"inLanguage":"en-US"},{"@type":"Person","@id":"https:\/\/www.aie.es\/#\/schema\/person\/9008ac87bc3b5836f79e2a677dace4d5","name":"GGCOM","image":{"@type":"ImageObject","inLanguage":"en-US","@id":"https:\/\/www.aie.es\/#\/schema\/person\/image\/","url":"https:\/\/secure.gravatar.com\/avatar\/b4ed17baa0f661a7cbe0494fbec9b888?s=96&d=mm&r=g","contentUrl":"https:\/\/secure.gravatar.com\/avatar\/b4ed17baa0f661a7cbe0494fbec9b888?s=96&d=mm&r=g","caption":"GGCOM"},"url":"https:\/\/www.aie.es\/en\/author\/cgarriga\/"}]}},"_links":{"self":[{"href":"https:\/\/www.aie.es\/en\/wp-json\/wp\/v2\/posts\/26540"}],"collection":[{"href":"https:\/\/www.aie.es\/en\/wp-json\/wp\/v2\/posts"}],"about":[{"href":"https:\/\/www.aie.es\/en\/wp-json\/wp\/v2\/types\/post"}],"author":[{"embeddable":true,"href":"https:\/\/www.aie.es\/en\/wp-json\/wp\/v2\/users\/3"}],"replies":[{"embeddable":true,"href":"https:\/\/www.aie.es\/en\/wp-json\/wp\/v2\/comments?post=26540"}],"version-history":[{"count":0,"href":"https:\/\/www.aie.es\/en\/wp-json\/wp\/v2\/posts\/26540\/revisions"}],"wp:featuredmedia":[{"embeddable":true,"href":"https:\/\/www.aie.es\/en\/wp-json\/wp\/v2\/media\/24255"}],"wp:attachment":[{"href":"https:\/\/www.aie.es\/en\/wp-json\/wp\/v2\/media?parent=26540"}],"wp:term":[{"taxonomy":"category","embeddable":true,"href":"https:\/\/www.aie.es\/en\/wp-json\/wp\/v2\/categories?post=26540"},{"taxonomy":"post_tag","embeddable":true,"href":"https:\/\/www.aie.es\/en\/wp-json\/wp\/v2\/tags?post=26540"}],"curies":[{"name":"wp","href":"https:\/\/api.w.org\/{rel}","templated":true}]}}