{"id":29706,"date":"2019-06-07T18:13:35","date_gmt":"2019-06-07T17:13:35","guid":{"rendered":"https:\/\/www.aie.es\/lecciones-magistrales-paquito-drivera-aie\/"},"modified":"2020-01-09T14:38:37","modified_gmt":"2020-01-09T13:38:37","slug":"lecciones-magistrales-paquito-drivera-aie","status":"publish","type":"post","link":"https:\/\/www.aie.es\/en\/lecciones-magistrales-paquito-drivera-aie\/","title":{"rendered":"Paquito D\u2019Rivera imparte Lecciones magistrales AIE"},"content":{"rendered":"<p>Para asistir en Madrid las Lecciones magistrales AIE de Paquito D&#8217;Rivera, <a href=\"https:\/\/www.aie.es\/aie-nombra-a-paquito-drivera-artista-del-universo\/\" target=\"_blank\" rel=\"noopener noreferrer\" data-mce-href=\"https:\/\/www.aie.es\/aie-nombra-a-paquito-drivera-artista-del-universo\/\">nombrado &#8220;Artista del Universo&#8221;<\/a>&nbsp;por AIE en 2014, puedes escribir a <a href=\"mailto:comunicacionaie@aie.es\" target=\"_blank\" rel=\"noopener noreferrer\" data-mce-href=\"mailto:comunicacionaie@aie.es\">comunicacionaie@aie.es<\/a> o llamar al 91 781 98 53 \/54.<\/p>\n<p>Para asistir en A Coru\u00f1a puedes escribir a <a href=\"mailto:comunicacionaie@aie.es\" target=\"_blank\" rel=\"noopener noreferrer\" data-mce-href=\"mailto:comunicacionaie@aie.es\">comunicacionaie@aie.es<\/a> o llamar al 91 781 98 53.<\/p>\n<p>Para asistir en Sevilla puedes escribir a <a href=\"mailto:sociossevilla@aie.es\" target=\"_blank\" rel=\"noopener noreferrer\" data-mce-href=\"mailto:sociossevilla@aie.es\">sociossevilla@aie.es<\/a> o llamar al 954 33 91 84.<\/p>\n<p>Para asistir en Barcelona puedes escribir a <a href=\"mailto:sociosbarcelona@aie.es\" target=\"_blank\" rel=\"noopener noreferrer\" data-mce-href=\"mailto:sociosbarcelona@aie.es\">sociosbarcelona@aie.es<\/a> o llamar al 93 292 05 55.<\/p>\n<p><img decoding=\"async\" class=\"aligncenter size-full wp-image-29799\" src=\"https:\/\/www.aie.es\/wp-content\/uploads\/pdrint2.jpg\" alt=\"\" width=\"940\" height=\"635\" data-mce-src=\"https:\/\/www.aie.es\/wp-content\/uploads\/pdrint2.jpg\" srcset=\"https:\/\/www.aie.es\/wp-content\/uploads\/pdrint2.jpg 940w, https:\/\/www.aie.es\/wp-content\/uploads\/pdrint2-300x203.jpg 300w, https:\/\/www.aie.es\/wp-content\/uploads\/pdrint2-768x519.jpg 768w, https:\/\/www.aie.es\/wp-content\/uploads\/pdrint2-700x473.jpg 700w\" sizes=\"(max-width: 940px) 100vw, 940px\" \/><\/p>\n","protected":false},"excerpt":{"rendered":"<p>Paquito D&#8217;Rivera impartir\u00e1 cuatro Lecciones magistrales AIE: el d\u00eda 18 de junio en Sevilla; el d\u00eda 20 de junio en Barcelona; el d\u00eda 24 de junio en Madrid; y el d\u00eda 26 de junio en A Coru\u00f1a.<\/p>\n","protected":false},"author":3,"featured_media":29631,"comment_status":"open","ping_status":"open","sticky":false,"template":"","format":"standard","meta":{"_acf_changed":false,"_relevanssi_hide_post":"","_relevanssi_hide_content":"","_relevanssi_pin_for_all":"","_relevanssi_pin_keywords":"","_relevanssi_unpin_keywords":"","_relevanssi_related_keywords":"","_relevanssi_related_include_ids":"","_relevanssi_related_exclude_ids":"","_relevanssi_related_no_append":"","_relevanssi_related_not_related":"","_relevanssi_related_posts":"","_relevanssi_noindex_reason":"","footnotes":""},"categories":[318],"tags":[],"acf":[],"yoast_head":"<!-- This site is optimized with the Yoast SEO Premium plugin v21.5 (Yoast SEO v21.9.1) - https:\/\/yoast.com\/wordpress\/plugins\/seo\/ -->\n<title>Paquito D\u2019Rivera imparte Lecciones magistrales AIE - AIE Sociedad de Artistas Int\u00e9rpretes o Ejecutantes de Espa\u00f1a<\/title>\n<meta name=\"robots\" content=\"index, follow, max-snippet:-1, max-image-preview:large, max-video-preview:-1\" \/>\n<link rel=\"canonical\" href=\"https:\/\/www.aie.es\/en\/lecciones-magistrales-paquito-drivera-aie\/\" \/>\n<meta property=\"og:locale\" content=\"en_US\" \/>\n<meta property=\"og:type\" content=\"article\" \/>\n<meta property=\"og:title\" content=\"Paquito D\u2019Rivera imparte Lecciones magistrales AIE\" \/>\n<meta property=\"og:description\" content=\"Paquito D&#039;Rivera impartir\u00e1 cuatro Lecciones magistrales AIE: el d\u00eda 18 de junio en Sevilla; el d\u00eda 20 de junio en Barcelona; el d\u00eda 24 de junio en Madrid; y el d\u00eda 26 de junio en A Coru\u00f1a.\" \/>\n<meta property=\"og:url\" content=\"https:\/\/www.aie.es\/en\/lecciones-magistrales-paquito-drivera-aie\/\" \/>\n<meta property=\"og:site_name\" content=\"AIE Sociedad de Artistas Int\u00e9rpretes o Ejecutantes de Espa\u00f1a\" \/>\n<meta property=\"article:published_time\" content=\"2019-06-07T17:13:35+00:00\" \/>\n<meta property=\"article:modified_time\" content=\"2020-01-09T13:38:37+00:00\" \/>\n<meta property=\"og:image\" content=\"https:\/\/www.aie.es\/wp-content\/uploads\/paquitocarr.jpg\" \/>\n\t<meta property=\"og:image:width\" content=\"350\" \/>\n\t<meta property=\"og:image:height\" content=\"213\" \/>\n\t<meta property=\"og:image:type\" content=\"image\/jpeg\" \/>\n<meta name=\"author\" content=\"GGCOM\" \/>\n<meta name=\"twitter:card\" content=\"summary_large_image\" \/>\n<meta name=\"twitter:label1\" content=\"Written by\" \/>\n\t<meta name=\"twitter:data1\" content=\"GGCOM\" \/>\n<script type=\"application\/ld+json\" class=\"yoast-schema-graph\">{\"@context\":\"https:\/\/schema.org\",\"@graph\":[{\"@type\":\"WebPage\",\"@id\":\"https:\/\/www.aie.es\/en\/lecciones-magistrales-paquito-drivera-aie\/\",\"url\":\"https:\/\/www.aie.es\/en\/lecciones-magistrales-paquito-drivera-aie\/\",\"name\":\"Paquito D\u2019Rivera imparte Lecciones magistrales AIE - AIE Sociedad de Artistas Int\u00e9rpretes o Ejecutantes de Espa\u00f1a\",\"isPartOf\":{\"@id\":\"https:\/\/www.aie.es\/#website\"},\"datePublished\":\"2019-06-07T17:13:35+00:00\",\"dateModified\":\"2020-01-09T13:38:37+00:00\",\"author\":{\"@id\":\"https:\/\/www.aie.es\/#\/schema\/person\/9008ac87bc3b5836f79e2a677dace4d5\"},\"breadcrumb\":{\"@id\":\"https:\/\/www.aie.es\/en\/lecciones-magistrales-paquito-drivera-aie\/#breadcrumb\"},\"inLanguage\":\"en-US\",\"potentialAction\":[{\"@type\":\"ReadAction\",\"target\":[\"https:\/\/www.aie.es\/en\/lecciones-magistrales-paquito-drivera-aie\/\"]}]},{\"@type\":\"BreadcrumbList\",\"@id\":\"https:\/\/www.aie.es\/en\/lecciones-magistrales-paquito-drivera-aie\/#breadcrumb\",\"itemListElement\":[{\"@type\":\"ListItem\",\"position\":1,\"name\":\"Portada\",\"item\":\"https:\/\/www.aie.es\/en\/\"},{\"@type\":\"ListItem\",\"position\":2,\"name\":\"Paquito D\u2019Rivera imparte Lecciones magistrales AIE\"}]},{\"@type\":\"WebSite\",\"@id\":\"https:\/\/www.aie.es\/#website\",\"url\":\"https:\/\/www.aie.es\/\",\"name\":\"AIE Sociedad de Artistas Int\u00e9rpretes o Ejecutantes de Espa\u00f1a\",\"description\":\"Entidad de gesti\u00f3n de derechos de propiedad intelectual\",\"potentialAction\":[{\"@type\":\"SearchAction\",\"target\":{\"@type\":\"EntryPoint\",\"urlTemplate\":\"https:\/\/www.aie.es\/?s={search_term_string}\"},\"query-input\":\"required name=search_term_string\"}],\"inLanguage\":\"en-US\"},{\"@type\":\"Person\",\"@id\":\"https:\/\/www.aie.es\/#\/schema\/person\/9008ac87bc3b5836f79e2a677dace4d5\",\"name\":\"GGCOM\",\"image\":{\"@type\":\"ImageObject\",\"inLanguage\":\"en-US\",\"@id\":\"https:\/\/www.aie.es\/#\/schema\/person\/image\/\",\"url\":\"https:\/\/secure.gravatar.com\/avatar\/b4ed17baa0f661a7cbe0494fbec9b888?s=96&d=mm&r=g\",\"contentUrl\":\"https:\/\/secure.gravatar.com\/avatar\/b4ed17baa0f661a7cbe0494fbec9b888?s=96&d=mm&r=g\",\"caption\":\"GGCOM\"},\"url\":\"https:\/\/www.aie.es\/en\/author\/cgarriga\/\"}]}<\/script>\n<!-- \/ Yoast SEO Premium plugin. -->","yoast_head_json":{"title":"Paquito D\u2019Rivera imparte Lecciones magistrales AIE - AIE Sociedad de Artistas Int\u00e9rpretes o Ejecutantes de Espa\u00f1a","robots":{"index":"index","follow":"follow","max-snippet":"max-snippet:-1","max-image-preview":"max-image-preview:large","max-video-preview":"max-video-preview:-1"},"canonical":"https:\/\/www.aie.es\/en\/lecciones-magistrales-paquito-drivera-aie\/","og_locale":"en_US","og_type":"article","og_title":"Paquito D\u2019Rivera imparte Lecciones magistrales AIE","og_description":"Paquito D'Rivera impartir\u00e1 cuatro Lecciones magistrales AIE: el d\u00eda 18 de junio en Sevilla; el d\u00eda 20 de junio en Barcelona; el d\u00eda 24 de junio en Madrid; y el d\u00eda 26 de junio en A Coru\u00f1a.","og_url":"https:\/\/www.aie.es\/en\/lecciones-magistrales-paquito-drivera-aie\/","og_site_name":"AIE Sociedad de Artistas Int\u00e9rpretes o Ejecutantes de Espa\u00f1a","article_published_time":"2019-06-07T17:13:35+00:00","article_modified_time":"2020-01-09T13:38:37+00:00","og_image":[{"width":350,"height":213,"url":"https:\/\/www.aie.es\/wp-content\/uploads\/paquitocarr.jpg","type":"image\/jpeg"}],"author":"GGCOM","twitter_card":"summary_large_image","twitter_misc":{"Written by":"GGCOM"},"schema":{"@context":"https:\/\/schema.org","@graph":[{"@type":"WebPage","@id":"https:\/\/www.aie.es\/en\/lecciones-magistrales-paquito-drivera-aie\/","url":"https:\/\/www.aie.es\/en\/lecciones-magistrales-paquito-drivera-aie\/","name":"Paquito D\u2019Rivera imparte Lecciones magistrales AIE - AIE Sociedad de Artistas Int\u00e9rpretes o Ejecutantes de Espa\u00f1a","isPartOf":{"@id":"https:\/\/www.aie.es\/#website"},"datePublished":"2019-06-07T17:13:35+00:00","dateModified":"2020-01-09T13:38:37+00:00","author":{"@id":"https:\/\/www.aie.es\/#\/schema\/person\/9008ac87bc3b5836f79e2a677dace4d5"},"breadcrumb":{"@id":"https:\/\/www.aie.es\/en\/lecciones-magistrales-paquito-drivera-aie\/#breadcrumb"},"inLanguage":"en-US","potentialAction":[{"@type":"ReadAction","target":["https:\/\/www.aie.es\/en\/lecciones-magistrales-paquito-drivera-aie\/"]}]},{"@type":"BreadcrumbList","@id":"https:\/\/www.aie.es\/en\/lecciones-magistrales-paquito-drivera-aie\/#breadcrumb","itemListElement":[{"@type":"ListItem","position":1,"name":"Portada","item":"https:\/\/www.aie.es\/en\/"},{"@type":"ListItem","position":2,"name":"Paquito D\u2019Rivera imparte Lecciones magistrales AIE"}]},{"@type":"WebSite","@id":"https:\/\/www.aie.es\/#website","url":"https:\/\/www.aie.es\/","name":"AIE Sociedad de Artistas Int\u00e9rpretes o Ejecutantes de Espa\u00f1a","description":"Entidad de gesti\u00f3n de derechos de propiedad intelectual","potentialAction":[{"@type":"SearchAction","target":{"@type":"EntryPoint","urlTemplate":"https:\/\/www.aie.es\/?s={search_term_string}"},"query-input":"required name=search_term_string"}],"inLanguage":"en-US"},{"@type":"Person","@id":"https:\/\/www.aie.es\/#\/schema\/person\/9008ac87bc3b5836f79e2a677dace4d5","name":"GGCOM","image":{"@type":"ImageObject","inLanguage":"en-US","@id":"https:\/\/www.aie.es\/#\/schema\/person\/image\/","url":"https:\/\/secure.gravatar.com\/avatar\/b4ed17baa0f661a7cbe0494fbec9b888?s=96&d=mm&r=g","contentUrl":"https:\/\/secure.gravatar.com\/avatar\/b4ed17baa0f661a7cbe0494fbec9b888?s=96&d=mm&r=g","caption":"GGCOM"},"url":"https:\/\/www.aie.es\/en\/author\/cgarriga\/"}]}},"_links":{"self":[{"href":"https:\/\/www.aie.es\/en\/wp-json\/wp\/v2\/posts\/29706"}],"collection":[{"href":"https:\/\/www.aie.es\/en\/wp-json\/wp\/v2\/posts"}],"about":[{"href":"https:\/\/www.aie.es\/en\/wp-json\/wp\/v2\/types\/post"}],"author":[{"embeddable":true,"href":"https:\/\/www.aie.es\/en\/wp-json\/wp\/v2\/users\/3"}],"replies":[{"embeddable":true,"href":"https:\/\/www.aie.es\/en\/wp-json\/wp\/v2\/comments?post=29706"}],"version-history":[{"count":3,"href":"https:\/\/www.aie.es\/en\/wp-json\/wp\/v2\/posts\/29706\/revisions"}],"predecessor-version":[{"id":31576,"href":"https:\/\/www.aie.es\/en\/wp-json\/wp\/v2\/posts\/29706\/revisions\/31576"}],"wp:featuredmedia":[{"embeddable":true,"href":"https:\/\/www.aie.es\/en\/wp-json\/wp\/v2\/media\/29631"}],"wp:attachment":[{"href":"https:\/\/www.aie.es\/en\/wp-json\/wp\/v2\/media?parent=29706"}],"wp:term":[{"taxonomy":"category","embeddable":true,"href":"https:\/\/www.aie.es\/en\/wp-json\/wp\/v2\/categories?post=29706"},{"taxonomy":"post_tag","embeddable":true,"href":"https:\/\/www.aie.es\/en\/wp-json\/wp\/v2\/tags?post=29706"}],"curies":[{"name":"wp","href":"https:\/\/api.w.org\/{rel}","templated":true}]}}