{"id":29720,"date":"2019-04-15T21:53:15","date_gmt":"2019-04-15T20:53:15","guid":{"rendered":"https:\/\/www.aie.es\/el-banco-de-alimentos-de-madrid-ofrece-un-concierto-benefico-en-el-auditorio-nacional\/"},"modified":"2019-04-15T21:53:15","modified_gmt":"2019-04-15T20:53:15","slug":"el-banco-de-alimentos-de-madrid-ofrece-un-concierto-benefico-en-el-auditorio-nacional","status":"publish","type":"post","link":"https:\/\/www.aie.es\/en\/el-banco-de-alimentos-de-madrid-ofrece-un-concierto-benefico-en-el-auditorio-nacional\/","title":{"rendered":"El Banco de Alimentos de Madrid ofrece un concierto ben\u00e9fico en el Auditorio Nacional"},"content":{"rendered":"<p><img decoding=\"async\" class=\"aligncenter size-full wp-image-28234\" src=\"https:\/\/www.aie.es\/wp-content\/uploads\/intbancoal2.jpg\" alt=\"\" width=\"940\" height=\"348\" srcset=\"https:\/\/www.aie.es\/wp-content\/uploads\/intbancoal2.jpg 940w, https:\/\/www.aie.es\/wp-content\/uploads\/intbancoal2-300x111.jpg 300w, https:\/\/www.aie.es\/wp-content\/uploads\/intbancoal2-768x284.jpg 768w, https:\/\/www.aie.es\/wp-content\/uploads\/intbancoal2-700x259.jpg 700w\" sizes=\"(max-width: 940px) 100vw, 940px\" \/><\/p>\n<p>El concierto, a cargo de la orquesta de c\u00e1mara <a href=\"http:\/\/ensemblearsmundi.com\/\" target=\"_blank\" rel=\"noopener noreferrer\">Ensemble Ars Mundi<\/a> acompa\u00f1ada de la violinista Valeria Z\u00f3rina y el pianista Antonio Sim\u00f3n, todos ellos bajo la direcci\u00f3n de Borja Quintas, busca formar a los ciudadanos en los valores de convivencia, seg\u00fan destaca la fundaci\u00f3n en un comunicado.<\/p>\n<p><a href=\"https:\/\/www.entradasinaem.es\/ListaEventos.aspx?id=6&amp;idEspectaculo=908&amp;idEvento=29924\" target=\"_blank\" rel=\"noopener noreferrer\">Las entradas<\/a> tienen un precio de 20 euros, que se donar\u00e1n a la fundaci\u00f3n del Banco de Alimentos, para que esa entidad solidaria mantenga sus actividades de ayuda social a las personas m\u00e1s desfavorecidas. Tambi\u00e9n se ha abierto una fila cero para quienes quieran hacer donativos adicionales (IBAN ES05 0182 0911 3500 1150 5722).<\/p>\n<p><strong>Una orquesta de primera l\u00ednea, patrimonio cultural de Asturias<\/strong><\/p>\n<p>La orquesta de c\u00e1mara Ensemble Ars Mundi se estren\u00f3 en sociedad en el a\u00f1o 2009 en el Auditorio Pr\u00edncipe Felipe de Oviedo.<\/p>\n<p>Durante estos a\u00f1os, cultivando el g\u00e9nero de la M\u00fasica de C\u00e1mara en todos sus proyecciones, este conjunto ha encontrado su propio camino, gracias a un repertorio diferente, un gran abanico de colaboraciones entre los profesionales, licenciados y postgraduados de los conservatorios, y una relaci\u00f3n fluida entre generaciones, lo que destaca la labor art\u00edstica y tambi\u00e9n pedag\u00f3gica.<\/p>\n","protected":false},"excerpt":{"rendered":"<p>La Fundaci\u00f3n Banco de Alimentos de Madrid ha organizado un concierto ben\u00e9fico que tendr\u00e1 lugar el pr\u00f3ximo 27 de abril en el Auditorio Nacional de M\u00fasica. <\/p>\n","protected":false},"author":3,"featured_media":28231,"comment_status":"open","ping_status":"open","sticky":false,"template":"","format":"standard","meta":{"_acf_changed":false,"_relevanssi_hide_post":"","_relevanssi_hide_content":"","_relevanssi_pin_for_all":"","_relevanssi_pin_keywords":"","_relevanssi_unpin_keywords":"","_relevanssi_related_keywords":"","_relevanssi_related_include_ids":"","_relevanssi_related_exclude_ids":"","_relevanssi_related_no_append":"","_relevanssi_related_not_related":"","_relevanssi_related_posts":"","_relevanssi_noindex_reason":"","footnotes":""},"categories":[318],"tags":[],"acf":[],"yoast_head":"<!-- This site is optimized with the Yoast SEO Premium plugin v21.5 (Yoast SEO v21.9.1) - https:\/\/yoast.com\/wordpress\/plugins\/seo\/ -->\n<title>El Banco de Alimentos de Madrid ofrece un concierto ben\u00e9fico en el Auditorio Nacional - AIE Sociedad de Artistas Int\u00e9rpretes o Ejecutantes de Espa\u00f1a<\/title>\n<meta name=\"robots\" content=\"index, follow, max-snippet:-1, max-image-preview:large, max-video-preview:-1\" \/>\n<link rel=\"canonical\" href=\"https:\/\/www.aie.es\/en\/el-banco-de-alimentos-de-madrid-ofrece-un-concierto-benefico-en-el-auditorio-nacional\/\" \/>\n<meta property=\"og:locale\" content=\"en_US\" \/>\n<meta property=\"og:type\" content=\"article\" \/>\n<meta property=\"og:title\" content=\"El Banco de Alimentos de Madrid ofrece un concierto ben\u00e9fico en el Auditorio Nacional\" \/>\n<meta property=\"og:description\" content=\"La Fundaci\u00f3n Banco de Alimentos de Madrid ha organizado un concierto ben\u00e9fico que tendr\u00e1 lugar el pr\u00f3ximo 27 de abril en el Auditorio Nacional de M\u00fasica.\" \/>\n<meta property=\"og:url\" content=\"https:\/\/www.aie.es\/en\/el-banco-de-alimentos-de-madrid-ofrece-un-concierto-benefico-en-el-auditorio-nacional\/\" \/>\n<meta property=\"og:site_name\" content=\"AIE Sociedad de Artistas Int\u00e9rpretes o Ejecutantes de Espa\u00f1a\" \/>\n<meta property=\"article:published_time\" content=\"2019-04-15T20:53:15+00:00\" \/>\n<meta property=\"og:image\" content=\"https:\/\/www.aie.es\/wp-content\/uploads\/carrbancoal.jpg\" \/>\n\t<meta property=\"og:image:width\" content=\"350\" \/>\n\t<meta property=\"og:image:height\" content=\"223\" \/>\n\t<meta property=\"og:image:type\" content=\"image\/jpeg\" \/>\n<meta name=\"author\" content=\"GGCOM\" \/>\n<meta name=\"twitter:card\" content=\"summary_large_image\" \/>\n<meta name=\"twitter:label1\" content=\"Written by\" \/>\n\t<meta name=\"twitter:data1\" content=\"GGCOM\" \/>\n\t<meta name=\"twitter:label2\" content=\"Est. reading time\" \/>\n\t<meta name=\"twitter:data2\" content=\"1 minute\" \/>\n<script type=\"application\/ld+json\" class=\"yoast-schema-graph\">{\"@context\":\"https:\/\/schema.org\",\"@graph\":[{\"@type\":\"WebPage\",\"@id\":\"https:\/\/www.aie.es\/en\/el-banco-de-alimentos-de-madrid-ofrece-un-concierto-benefico-en-el-auditorio-nacional\/\",\"url\":\"https:\/\/www.aie.es\/en\/el-banco-de-alimentos-de-madrid-ofrece-un-concierto-benefico-en-el-auditorio-nacional\/\",\"name\":\"El Banco de Alimentos de Madrid ofrece un concierto ben\u00e9fico en el Auditorio Nacional - AIE Sociedad de Artistas Int\u00e9rpretes o Ejecutantes de Espa\u00f1a\",\"isPartOf\":{\"@id\":\"https:\/\/www.aie.es\/#website\"},\"datePublished\":\"2019-04-15T20:53:15+00:00\",\"dateModified\":\"2019-04-15T20:53:15+00:00\",\"author\":{\"@id\":\"https:\/\/www.aie.es\/#\/schema\/person\/9008ac87bc3b5836f79e2a677dace4d5\"},\"breadcrumb\":{\"@id\":\"https:\/\/www.aie.es\/en\/el-banco-de-alimentos-de-madrid-ofrece-un-concierto-benefico-en-el-auditorio-nacional\/#breadcrumb\"},\"inLanguage\":\"en-US\",\"potentialAction\":[{\"@type\":\"ReadAction\",\"target\":[\"https:\/\/www.aie.es\/en\/el-banco-de-alimentos-de-madrid-ofrece-un-concierto-benefico-en-el-auditorio-nacional\/\"]}]},{\"@type\":\"BreadcrumbList\",\"@id\":\"https:\/\/www.aie.es\/en\/el-banco-de-alimentos-de-madrid-ofrece-un-concierto-benefico-en-el-auditorio-nacional\/#breadcrumb\",\"itemListElement\":[{\"@type\":\"ListItem\",\"position\":1,\"name\":\"Portada\",\"item\":\"https:\/\/www.aie.es\/en\/\"},{\"@type\":\"ListItem\",\"position\":2,\"name\":\"El Banco de Alimentos de Madrid ofrece un concierto ben\u00e9fico en el Auditorio Nacional\"}]},{\"@type\":\"WebSite\",\"@id\":\"https:\/\/www.aie.es\/#website\",\"url\":\"https:\/\/www.aie.es\/\",\"name\":\"AIE Sociedad de Artistas Int\u00e9rpretes o Ejecutantes de Espa\u00f1a\",\"description\":\"Entidad de gesti\u00f3n de derechos de propiedad intelectual\",\"potentialAction\":[{\"@type\":\"SearchAction\",\"target\":{\"@type\":\"EntryPoint\",\"urlTemplate\":\"https:\/\/www.aie.es\/?s={search_term_string}\"},\"query-input\":\"required name=search_term_string\"}],\"inLanguage\":\"en-US\"},{\"@type\":\"Person\",\"@id\":\"https:\/\/www.aie.es\/#\/schema\/person\/9008ac87bc3b5836f79e2a677dace4d5\",\"name\":\"GGCOM\",\"image\":{\"@type\":\"ImageObject\",\"inLanguage\":\"en-US\",\"@id\":\"https:\/\/www.aie.es\/#\/schema\/person\/image\/\",\"url\":\"https:\/\/secure.gravatar.com\/avatar\/b4ed17baa0f661a7cbe0494fbec9b888?s=96&d=mm&r=g\",\"contentUrl\":\"https:\/\/secure.gravatar.com\/avatar\/b4ed17baa0f661a7cbe0494fbec9b888?s=96&d=mm&r=g\",\"caption\":\"GGCOM\"},\"url\":\"https:\/\/www.aie.es\/en\/author\/cgarriga\/\"}]}<\/script>\n<!-- \/ Yoast SEO Premium plugin. -->","yoast_head_json":{"title":"El Banco de Alimentos de Madrid ofrece un concierto ben\u00e9fico en el Auditorio Nacional - AIE Sociedad de Artistas Int\u00e9rpretes o Ejecutantes de Espa\u00f1a","robots":{"index":"index","follow":"follow","max-snippet":"max-snippet:-1","max-image-preview":"max-image-preview:large","max-video-preview":"max-video-preview:-1"},"canonical":"https:\/\/www.aie.es\/en\/el-banco-de-alimentos-de-madrid-ofrece-un-concierto-benefico-en-el-auditorio-nacional\/","og_locale":"en_US","og_type":"article","og_title":"El Banco de Alimentos de Madrid ofrece un concierto ben\u00e9fico en el Auditorio Nacional","og_description":"La Fundaci\u00f3n Banco de Alimentos de Madrid ha organizado un concierto ben\u00e9fico que tendr\u00e1 lugar el pr\u00f3ximo 27 de abril en el Auditorio Nacional de M\u00fasica.","og_url":"https:\/\/www.aie.es\/en\/el-banco-de-alimentos-de-madrid-ofrece-un-concierto-benefico-en-el-auditorio-nacional\/","og_site_name":"AIE Sociedad de Artistas Int\u00e9rpretes o Ejecutantes de Espa\u00f1a","article_published_time":"2019-04-15T20:53:15+00:00","og_image":[{"width":350,"height":223,"url":"https:\/\/www.aie.es\/wp-content\/uploads\/carrbancoal.jpg","type":"image\/jpeg"}],"author":"GGCOM","twitter_card":"summary_large_image","twitter_misc":{"Written by":"GGCOM","Est. reading time":"1 minute"},"schema":{"@context":"https:\/\/schema.org","@graph":[{"@type":"WebPage","@id":"https:\/\/www.aie.es\/en\/el-banco-de-alimentos-de-madrid-ofrece-un-concierto-benefico-en-el-auditorio-nacional\/","url":"https:\/\/www.aie.es\/en\/el-banco-de-alimentos-de-madrid-ofrece-un-concierto-benefico-en-el-auditorio-nacional\/","name":"El Banco de Alimentos de Madrid ofrece un concierto ben\u00e9fico en el Auditorio Nacional - AIE Sociedad de Artistas Int\u00e9rpretes o Ejecutantes de Espa\u00f1a","isPartOf":{"@id":"https:\/\/www.aie.es\/#website"},"datePublished":"2019-04-15T20:53:15+00:00","dateModified":"2019-04-15T20:53:15+00:00","author":{"@id":"https:\/\/www.aie.es\/#\/schema\/person\/9008ac87bc3b5836f79e2a677dace4d5"},"breadcrumb":{"@id":"https:\/\/www.aie.es\/en\/el-banco-de-alimentos-de-madrid-ofrece-un-concierto-benefico-en-el-auditorio-nacional\/#breadcrumb"},"inLanguage":"en-US","potentialAction":[{"@type":"ReadAction","target":["https:\/\/www.aie.es\/en\/el-banco-de-alimentos-de-madrid-ofrece-un-concierto-benefico-en-el-auditorio-nacional\/"]}]},{"@type":"BreadcrumbList","@id":"https:\/\/www.aie.es\/en\/el-banco-de-alimentos-de-madrid-ofrece-un-concierto-benefico-en-el-auditorio-nacional\/#breadcrumb","itemListElement":[{"@type":"ListItem","position":1,"name":"Portada","item":"https:\/\/www.aie.es\/en\/"},{"@type":"ListItem","position":2,"name":"El Banco de Alimentos de Madrid ofrece un concierto ben\u00e9fico en el Auditorio Nacional"}]},{"@type":"WebSite","@id":"https:\/\/www.aie.es\/#website","url":"https:\/\/www.aie.es\/","name":"AIE Sociedad de Artistas Int\u00e9rpretes o Ejecutantes de Espa\u00f1a","description":"Entidad de gesti\u00f3n de derechos de propiedad intelectual","potentialAction":[{"@type":"SearchAction","target":{"@type":"EntryPoint","urlTemplate":"https:\/\/www.aie.es\/?s={search_term_string}"},"query-input":"required name=search_term_string"}],"inLanguage":"en-US"},{"@type":"Person","@id":"https:\/\/www.aie.es\/#\/schema\/person\/9008ac87bc3b5836f79e2a677dace4d5","name":"GGCOM","image":{"@type":"ImageObject","inLanguage":"en-US","@id":"https:\/\/www.aie.es\/#\/schema\/person\/image\/","url":"https:\/\/secure.gravatar.com\/avatar\/b4ed17baa0f661a7cbe0494fbec9b888?s=96&d=mm&r=g","contentUrl":"https:\/\/secure.gravatar.com\/avatar\/b4ed17baa0f661a7cbe0494fbec9b888?s=96&d=mm&r=g","caption":"GGCOM"},"url":"https:\/\/www.aie.es\/en\/author\/cgarriga\/"}]}},"_links":{"self":[{"href":"https:\/\/www.aie.es\/en\/wp-json\/wp\/v2\/posts\/29720"}],"collection":[{"href":"https:\/\/www.aie.es\/en\/wp-json\/wp\/v2\/posts"}],"about":[{"href":"https:\/\/www.aie.es\/en\/wp-json\/wp\/v2\/types\/post"}],"author":[{"embeddable":true,"href":"https:\/\/www.aie.es\/en\/wp-json\/wp\/v2\/users\/3"}],"replies":[{"embeddable":true,"href":"https:\/\/www.aie.es\/en\/wp-json\/wp\/v2\/comments?post=29720"}],"version-history":[{"count":0,"href":"https:\/\/www.aie.es\/en\/wp-json\/wp\/v2\/posts\/29720\/revisions"}],"wp:featuredmedia":[{"embeddable":true,"href":"https:\/\/www.aie.es\/en\/wp-json\/wp\/v2\/media\/28231"}],"wp:attachment":[{"href":"https:\/\/www.aie.es\/en\/wp-json\/wp\/v2\/media?parent=29720"}],"wp:term":[{"taxonomy":"category","embeddable":true,"href":"https:\/\/www.aie.es\/en\/wp-json\/wp\/v2\/categories?post=29720"},{"taxonomy":"post_tag","embeddable":true,"href":"https:\/\/www.aie.es\/en\/wp-json\/wp\/v2\/tags?post=29720"}],"curies":[{"name":"wp","href":"https:\/\/api.w.org\/{rel}","templated":true}]}}