{"id":29750,"date":"2018-11-20T15:25:40","date_gmt":"2018-11-20T14:25:40","guid":{"rendered":"https:\/\/www.aie.es\/aie-ponle-freno-2018\/"},"modified":"2019-08-07T10:06:15","modified_gmt":"2019-08-07T09:06:15","slug":"aie-ponle-freno-2018","status":"publish","type":"post","link":"https:\/\/www.aie.es\/en\/aie-ponle-freno-2018\/","title":{"rendered":"AIE colaborar\u00e1 un a\u00f1o m\u00e1s con la campa\u00f1a Ponle freno"},"content":{"rendered":"<p><img decoding=\"async\" class=\"aligncenter size-full wp-image-26906\" src=\"https:\/\/www.aie.es\/wp-content\/uploads\/AIE-ponle-freno-Nov2018-int.jpg\" alt=\"\" width=\"940\" height=\"563\" srcset=\"https:\/\/www.aie.es\/wp-content\/uploads\/AIE-ponle-freno-Nov2018-int.jpg 940w, https:\/\/www.aie.es\/wp-content\/uploads\/AIE-ponle-freno-Nov2018-int-300x180.jpg 300w, https:\/\/www.aie.es\/wp-content\/uploads\/AIE-ponle-freno-Nov2018-int-768x460.jpg 768w, https:\/\/www.aie.es\/wp-content\/uploads\/AIE-ponle-freno-Nov2018-int-700x419.jpg 700w\" sizes=\"(max-width: 940px) 100vw, 940px\" \/><\/p>\n<p><a href=\"https:\/\/compromiso.atresmedia.com\/ponlefreno\/carreras-ponle-freno\/2018\/\" target=\"_blank\" rel=\"noopener noreferrer\">La Carrera Ponle Freno<\/a> se ha afianzado en la sociedad y se ha convertido ya en un evento ineludible para corredores amateur y fundamentalmente para ciudadanos an\u00f3nimos y familias que corren en homenaje a las\u00a0<b>v\u00edctimas de accidentes de tr\u00e1fico<\/b>.<\/p>\n<p>Un a\u00f1o m\u00e1s, el evento<b>\u00a0contar\u00e1 con la colaboraci\u00f3n de los artistas y de AIE: <\/b>corredores, familiares y simpatizantes podr\u00e1n disfrutar con la actuaci\u00f3n de <strong>Marilia<\/strong> en el escenario instalado en la <strong>Plaza de Col\u00f3n<\/strong>, mientras que <strong>Marian Valderrama<\/strong> y <strong>Guillermo Rayo<\/strong> amenizar\u00e1n el recorrido desde el escenario de la <strong>Plaza Emilio Castelar<\/strong>.<\/p>\n","protected":false},"excerpt":{"rendered":"<p>El pr\u00f3ximo domingo se celebrar\u00e1 en Madrid la d\u00e9cima edici\u00f3n de la carrera solidaria Ponle freno, organizada por Atresmedia, contando nuevamente con el apoyo y la colaboraci\u00f3n de los artistas y de AIE. Este a\u00f1o actuar\u00e1 Marilia en el escenario instalado en la Plaza de Col\u00f3n, mientras que Marian Valderrama y Guillermo Rayo amenizar\u00e1n el recorrido desde el escenario de la Plaza Emilio Castelar.<\/p>\n","protected":false},"author":3,"featured_media":26909,"comment_status":"open","ping_status":"open","sticky":false,"template":"","format":"standard","meta":{"_acf_changed":false,"_relevanssi_hide_post":"","_relevanssi_hide_content":"","_relevanssi_pin_for_all":"","_relevanssi_pin_keywords":"","_relevanssi_unpin_keywords":"","_relevanssi_related_keywords":"","_relevanssi_related_include_ids":"","_relevanssi_related_exclude_ids":"","_relevanssi_related_no_append":"","_relevanssi_related_not_related":"","_relevanssi_related_posts":"","_relevanssi_noindex_reason":"","footnotes":""},"categories":[323],"tags":[],"acf":[],"yoast_head":"<!-- This site is optimized with the Yoast SEO Premium plugin v21.5 (Yoast SEO v21.9.1) - https:\/\/yoast.com\/wordpress\/plugins\/seo\/ -->\n<title>AIE colaborar\u00e1 un a\u00f1o m\u00e1s con la campa\u00f1a Ponle freno - AIE Sociedad de Artistas Int\u00e9rpretes o Ejecutantes de Espa\u00f1a<\/title>\n<meta name=\"robots\" content=\"index, follow, max-snippet:-1, max-image-preview:large, max-video-preview:-1\" \/>\n<link rel=\"canonical\" href=\"https:\/\/www.aie.es\/en\/aie-ponle-freno-2018\/\" \/>\n<meta property=\"og:locale\" content=\"en_US\" \/>\n<meta property=\"og:type\" content=\"article\" \/>\n<meta property=\"og:title\" content=\"AIE colaborar\u00e1 un a\u00f1o m\u00e1s con la campa\u00f1a Ponle freno\" \/>\n<meta property=\"og:description\" content=\"El pr\u00f3ximo domingo se celebrar\u00e1 en Madrid la d\u00e9cima edici\u00f3n de la carrera solidaria Ponle freno, organizada por Atresmedia, contando nuevamente con el apoyo y la colaboraci\u00f3n de los artistas y de AIE. Este a\u00f1o actuar\u00e1 Marilia en el escenario instalado en la Plaza de Col\u00f3n, mientras que Marian Valderrama y Guillermo Rayo amenizar\u00e1n el recorrido desde el escenario de la Plaza Emilio Castelar.\" \/>\n<meta property=\"og:url\" content=\"https:\/\/www.aie.es\/en\/aie-ponle-freno-2018\/\" \/>\n<meta property=\"og:site_name\" content=\"AIE Sociedad de Artistas Int\u00e9rpretes o Ejecutantes de Espa\u00f1a\" \/>\n<meta property=\"article:published_time\" content=\"2018-11-20T14:25:40+00:00\" \/>\n<meta property=\"article:modified_time\" content=\"2019-08-07T09:06:15+00:00\" \/>\n<meta property=\"og:image\" content=\"https:\/\/www.aie.es\/wp-content\/uploads\/AIE-ponle-freno-Nov2018-carr.jpg\" \/>\n\t<meta property=\"og:image:width\" content=\"350\" \/>\n\t<meta property=\"og:image:height\" content=\"210\" \/>\n\t<meta property=\"og:image:type\" content=\"image\/jpeg\" \/>\n<meta name=\"author\" content=\"GGCOM\" \/>\n<meta name=\"twitter:card\" content=\"summary_large_image\" \/>\n<meta name=\"twitter:label1\" content=\"Written by\" \/>\n\t<meta name=\"twitter:data1\" content=\"GGCOM\" \/>\n\t<meta name=\"twitter:label2\" content=\"Est. reading time\" \/>\n\t<meta name=\"twitter:data2\" content=\"1 minute\" \/>\n<script type=\"application\/ld+json\" class=\"yoast-schema-graph\">{\"@context\":\"https:\/\/schema.org\",\"@graph\":[{\"@type\":\"WebPage\",\"@id\":\"https:\/\/www.aie.es\/en\/aie-ponle-freno-2018\/\",\"url\":\"https:\/\/www.aie.es\/en\/aie-ponle-freno-2018\/\",\"name\":\"AIE colaborar\u00e1 un a\u00f1o m\u00e1s con la campa\u00f1a Ponle freno - AIE Sociedad de Artistas Int\u00e9rpretes o Ejecutantes de Espa\u00f1a\",\"isPartOf\":{\"@id\":\"https:\/\/www.aie.es\/#website\"},\"datePublished\":\"2018-11-20T14:25:40+00:00\",\"dateModified\":\"2019-08-07T09:06:15+00:00\",\"author\":{\"@id\":\"https:\/\/www.aie.es\/#\/schema\/person\/9008ac87bc3b5836f79e2a677dace4d5\"},\"breadcrumb\":{\"@id\":\"https:\/\/www.aie.es\/en\/aie-ponle-freno-2018\/#breadcrumb\"},\"inLanguage\":\"en-US\",\"potentialAction\":[{\"@type\":\"ReadAction\",\"target\":[\"https:\/\/www.aie.es\/en\/aie-ponle-freno-2018\/\"]}]},{\"@type\":\"BreadcrumbList\",\"@id\":\"https:\/\/www.aie.es\/en\/aie-ponle-freno-2018\/#breadcrumb\",\"itemListElement\":[{\"@type\":\"ListItem\",\"position\":1,\"name\":\"Portada\",\"item\":\"https:\/\/www.aie.es\/en\/\"},{\"@type\":\"ListItem\",\"position\":2,\"name\":\"AIE colaborar\u00e1 un a\u00f1o m\u00e1s con la campa\u00f1a Ponle freno\"}]},{\"@type\":\"WebSite\",\"@id\":\"https:\/\/www.aie.es\/#website\",\"url\":\"https:\/\/www.aie.es\/\",\"name\":\"AIE Sociedad de Artistas Int\u00e9rpretes o Ejecutantes de Espa\u00f1a\",\"description\":\"Entidad de gesti\u00f3n de derechos de propiedad intelectual\",\"potentialAction\":[{\"@type\":\"SearchAction\",\"target\":{\"@type\":\"EntryPoint\",\"urlTemplate\":\"https:\/\/www.aie.es\/?s={search_term_string}\"},\"query-input\":\"required name=search_term_string\"}],\"inLanguage\":\"en-US\"},{\"@type\":\"Person\",\"@id\":\"https:\/\/www.aie.es\/#\/schema\/person\/9008ac87bc3b5836f79e2a677dace4d5\",\"name\":\"GGCOM\",\"image\":{\"@type\":\"ImageObject\",\"inLanguage\":\"en-US\",\"@id\":\"https:\/\/www.aie.es\/#\/schema\/person\/image\/\",\"url\":\"https:\/\/secure.gravatar.com\/avatar\/b4ed17baa0f661a7cbe0494fbec9b888?s=96&d=mm&r=g\",\"contentUrl\":\"https:\/\/secure.gravatar.com\/avatar\/b4ed17baa0f661a7cbe0494fbec9b888?s=96&d=mm&r=g\",\"caption\":\"GGCOM\"},\"url\":\"https:\/\/www.aie.es\/en\/author\/cgarriga\/\"}]}<\/script>\n<!-- \/ Yoast SEO Premium plugin. -->","yoast_head_json":{"title":"AIE colaborar\u00e1 un a\u00f1o m\u00e1s con la campa\u00f1a Ponle freno - AIE Sociedad de Artistas Int\u00e9rpretes o Ejecutantes de Espa\u00f1a","robots":{"index":"index","follow":"follow","max-snippet":"max-snippet:-1","max-image-preview":"max-image-preview:large","max-video-preview":"max-video-preview:-1"},"canonical":"https:\/\/www.aie.es\/en\/aie-ponle-freno-2018\/","og_locale":"en_US","og_type":"article","og_title":"AIE colaborar\u00e1 un a\u00f1o m\u00e1s con la campa\u00f1a Ponle freno","og_description":"El pr\u00f3ximo domingo se celebrar\u00e1 en Madrid la d\u00e9cima edici\u00f3n de la carrera solidaria Ponle freno, organizada por Atresmedia, contando nuevamente con el apoyo y la colaboraci\u00f3n de los artistas y de AIE. Este a\u00f1o actuar\u00e1 Marilia en el escenario instalado en la Plaza de Col\u00f3n, mientras que Marian Valderrama y Guillermo Rayo amenizar\u00e1n el recorrido desde el escenario de la Plaza Emilio Castelar.","og_url":"https:\/\/www.aie.es\/en\/aie-ponle-freno-2018\/","og_site_name":"AIE Sociedad de Artistas Int\u00e9rpretes o Ejecutantes de Espa\u00f1a","article_published_time":"2018-11-20T14:25:40+00:00","article_modified_time":"2019-08-07T09:06:15+00:00","og_image":[{"width":350,"height":210,"url":"https:\/\/www.aie.es\/wp-content\/uploads\/AIE-ponle-freno-Nov2018-carr.jpg","type":"image\/jpeg"}],"author":"GGCOM","twitter_card":"summary_large_image","twitter_misc":{"Written by":"GGCOM","Est. reading time":"1 minute"},"schema":{"@context":"https:\/\/schema.org","@graph":[{"@type":"WebPage","@id":"https:\/\/www.aie.es\/en\/aie-ponle-freno-2018\/","url":"https:\/\/www.aie.es\/en\/aie-ponle-freno-2018\/","name":"AIE colaborar\u00e1 un a\u00f1o m\u00e1s con la campa\u00f1a Ponle freno - AIE Sociedad de Artistas Int\u00e9rpretes o Ejecutantes de Espa\u00f1a","isPartOf":{"@id":"https:\/\/www.aie.es\/#website"},"datePublished":"2018-11-20T14:25:40+00:00","dateModified":"2019-08-07T09:06:15+00:00","author":{"@id":"https:\/\/www.aie.es\/#\/schema\/person\/9008ac87bc3b5836f79e2a677dace4d5"},"breadcrumb":{"@id":"https:\/\/www.aie.es\/en\/aie-ponle-freno-2018\/#breadcrumb"},"inLanguage":"en-US","potentialAction":[{"@type":"ReadAction","target":["https:\/\/www.aie.es\/en\/aie-ponle-freno-2018\/"]}]},{"@type":"BreadcrumbList","@id":"https:\/\/www.aie.es\/en\/aie-ponle-freno-2018\/#breadcrumb","itemListElement":[{"@type":"ListItem","position":1,"name":"Portada","item":"https:\/\/www.aie.es\/en\/"},{"@type":"ListItem","position":2,"name":"AIE colaborar\u00e1 un a\u00f1o m\u00e1s con la campa\u00f1a Ponle freno"}]},{"@type":"WebSite","@id":"https:\/\/www.aie.es\/#website","url":"https:\/\/www.aie.es\/","name":"AIE Sociedad de Artistas Int\u00e9rpretes o Ejecutantes de Espa\u00f1a","description":"Entidad de gesti\u00f3n de derechos de propiedad intelectual","potentialAction":[{"@type":"SearchAction","target":{"@type":"EntryPoint","urlTemplate":"https:\/\/www.aie.es\/?s={search_term_string}"},"query-input":"required name=search_term_string"}],"inLanguage":"en-US"},{"@type":"Person","@id":"https:\/\/www.aie.es\/#\/schema\/person\/9008ac87bc3b5836f79e2a677dace4d5","name":"GGCOM","image":{"@type":"ImageObject","inLanguage":"en-US","@id":"https:\/\/www.aie.es\/#\/schema\/person\/image\/","url":"https:\/\/secure.gravatar.com\/avatar\/b4ed17baa0f661a7cbe0494fbec9b888?s=96&d=mm&r=g","contentUrl":"https:\/\/secure.gravatar.com\/avatar\/b4ed17baa0f661a7cbe0494fbec9b888?s=96&d=mm&r=g","caption":"GGCOM"},"url":"https:\/\/www.aie.es\/en\/author\/cgarriga\/"}]}},"_links":{"self":[{"href":"https:\/\/www.aie.es\/en\/wp-json\/wp\/v2\/posts\/29750"}],"collection":[{"href":"https:\/\/www.aie.es\/en\/wp-json\/wp\/v2\/posts"}],"about":[{"href":"https:\/\/www.aie.es\/en\/wp-json\/wp\/v2\/types\/post"}],"author":[{"embeddable":true,"href":"https:\/\/www.aie.es\/en\/wp-json\/wp\/v2\/users\/3"}],"replies":[{"embeddable":true,"href":"https:\/\/www.aie.es\/en\/wp-json\/wp\/v2\/comments?post=29750"}],"version-history":[{"count":1,"href":"https:\/\/www.aie.es\/en\/wp-json\/wp\/v2\/posts\/29750\/revisions"}],"predecessor-version":[{"id":30060,"href":"https:\/\/www.aie.es\/en\/wp-json\/wp\/v2\/posts\/29750\/revisions\/30060"}],"wp:featuredmedia":[{"embeddable":true,"href":"https:\/\/www.aie.es\/en\/wp-json\/wp\/v2\/media\/26909"}],"wp:attachment":[{"href":"https:\/\/www.aie.es\/en\/wp-json\/wp\/v2\/media?parent=29750"}],"wp:term":[{"taxonomy":"category","embeddable":true,"href":"https:\/\/www.aie.es\/en\/wp-json\/wp\/v2\/categories?post=29750"},{"taxonomy":"post_tag","embeddable":true,"href":"https:\/\/www.aie.es\/en\/wp-json\/wp\/v2\/tags?post=29750"}],"curies":[{"name":"wp","href":"https:\/\/api.w.org\/{rel}","templated":true}]}}