{"id":29755,"date":"2018-10-25T14:49:48","date_gmt":"2018-10-25T13:49:48","guid":{"rendered":"https:\/\/www.aie.es\/curso-aie-dolencias-musicos\/"},"modified":"2018-10-25T14:49:48","modified_gmt":"2018-10-25T13:49:48","slug":"curso-aie-dolencias-musicos","status":"publish","type":"post","link":"https:\/\/www.aie.es\/en\/curso-aie-dolencias-musicos\/","title":{"rendered":"Ponencia sobre las dolencias y enfermedades de los m\u00fasicos en la sede de AIE en Sevilla"},"content":{"rendered":"<p style=\"text-align: center;\">PUEDES DESCARGAR EL PROGRAMA EN PDF\u00a0<a href=\"https:\/\/www.aie.es\/wp-content\/uploads\/cursodolencias16novsevilla.pdf\" target=\"_blank\" rel=\"noopener noreferrer\">AQU\u00cd<\/a>.<\/p>\n<p><a href=\"mailto:sociossevilla@aie.es\"><img decoding=\"async\" class=\"aligncenter size-full wp-image-26781\" src=\"https:\/\/www.aie.es\/wp-content\/uploads\/cursodolencias16novsevilla.jpg\" alt=\"\" width=\"940\" height=\"1836\" srcset=\"https:\/\/www.aie.es\/wp-content\/uploads\/cursodolencias16novsevilla.jpg 940w, https:\/\/www.aie.es\/wp-content\/uploads\/cursodolencias16novsevilla-154x300.jpg 154w, https:\/\/www.aie.es\/wp-content\/uploads\/cursodolencias16novsevilla-768x1500.jpg 768w, https:\/\/www.aie.es\/wp-content\/uploads\/cursodolencias16novsevilla-524x1024.jpg 524w, https:\/\/www.aie.es\/wp-content\/uploads\/cursodolencias16novsevilla-700x1367.jpg 700w\" sizes=\"(max-width: 940px) 100vw, 940px\" \/><\/a><\/p>\n","protected":false},"excerpt":{"rendered":"<p>Impartida por David Morales y Guillermo Dalia, la Sociedad de Artistas AIE ofrece a sus socios el 16 de noviembre en su sede de Sevilla una ponencia sobre las enfermedades y dolencias m\u00e1s habituales sufridas por los m\u00fasicos profesionales en el ejercicio de su actividad y los protocolos m\u00e1s adecuados para enfrentarlas.<\/p>\n","protected":false},"author":3,"featured_media":26793,"comment_status":"open","ping_status":"open","sticky":false,"template":"","format":"standard","meta":{"_acf_changed":false,"_relevanssi_hide_post":"","_relevanssi_hide_content":"","_relevanssi_pin_for_all":"","_relevanssi_pin_keywords":"","_relevanssi_unpin_keywords":"","_relevanssi_related_keywords":"","_relevanssi_related_include_ids":"","_relevanssi_related_exclude_ids":"","_relevanssi_related_no_append":"","_relevanssi_related_not_related":"","_relevanssi_related_posts":"","_relevanssi_noindex_reason":"","footnotes":""},"categories":[318],"tags":[],"acf":[],"yoast_head":"<!-- This site is optimized with the Yoast SEO Premium plugin v21.5 (Yoast SEO v21.9.1) - https:\/\/yoast.com\/wordpress\/plugins\/seo\/ -->\n<title>Ponencia sobre las dolencias y enfermedades de los m\u00fasicos en la sede de AIE en Sevilla - AIE Sociedad de Artistas Int\u00e9rpretes o Ejecutantes de Espa\u00f1a<\/title>\n<meta name=\"robots\" content=\"index, follow, max-snippet:-1, max-image-preview:large, max-video-preview:-1\" \/>\n<link rel=\"canonical\" href=\"https:\/\/www.aie.es\/en\/curso-aie-dolencias-musicos\/\" \/>\n<meta property=\"og:locale\" content=\"en_US\" \/>\n<meta property=\"og:type\" content=\"article\" \/>\n<meta property=\"og:title\" content=\"Ponencia sobre las dolencias y enfermedades de los m\u00fasicos en la sede de AIE en Sevilla\" \/>\n<meta property=\"og:description\" content=\"Impartida por David Morales y Guillermo Dalia, la Sociedad de Artistas AIE ofrece a sus socios el 16 de noviembre en su sede de Sevilla una ponencia sobre las enfermedades y dolencias m\u00e1s habituales sufridas por los m\u00fasicos profesionales en el ejercicio de su actividad y los protocolos m\u00e1s adecuados para enfrentarlas.\" \/>\n<meta property=\"og:url\" content=\"https:\/\/www.aie.es\/en\/curso-aie-dolencias-musicos\/\" \/>\n<meta property=\"og:site_name\" content=\"AIE Sociedad de Artistas Int\u00e9rpretes o Ejecutantes de Espa\u00f1a\" \/>\n<meta property=\"article:published_time\" content=\"2018-10-25T13:49:48+00:00\" \/>\n<meta property=\"og:image\" content=\"https:\/\/www.aie.es\/wp-content\/uploads\/bannerdolencias.jpg\" \/>\n\t<meta property=\"og:image:width\" content=\"350\" \/>\n\t<meta property=\"og:image:height\" content=\"210\" \/>\n\t<meta property=\"og:image:type\" content=\"image\/jpeg\" \/>\n<meta name=\"author\" content=\"GGCOM\" \/>\n<meta name=\"twitter:card\" content=\"summary_large_image\" \/>\n<meta name=\"twitter:label1\" content=\"Written by\" \/>\n\t<meta name=\"twitter:data1\" content=\"GGCOM\" \/>\n<script type=\"application\/ld+json\" class=\"yoast-schema-graph\">{\"@context\":\"https:\/\/schema.org\",\"@graph\":[{\"@type\":\"WebPage\",\"@id\":\"https:\/\/www.aie.es\/en\/curso-aie-dolencias-musicos\/\",\"url\":\"https:\/\/www.aie.es\/en\/curso-aie-dolencias-musicos\/\",\"name\":\"Ponencia sobre las dolencias y enfermedades de los m\u00fasicos en la sede de AIE en Sevilla - AIE Sociedad de Artistas Int\u00e9rpretes o Ejecutantes de Espa\u00f1a\",\"isPartOf\":{\"@id\":\"https:\/\/www.aie.es\/#website\"},\"datePublished\":\"2018-10-25T13:49:48+00:00\",\"dateModified\":\"2018-10-25T13:49:48+00:00\",\"author\":{\"@id\":\"https:\/\/www.aie.es\/#\/schema\/person\/9008ac87bc3b5836f79e2a677dace4d5\"},\"breadcrumb\":{\"@id\":\"https:\/\/www.aie.es\/en\/curso-aie-dolencias-musicos\/#breadcrumb\"},\"inLanguage\":\"en-US\",\"potentialAction\":[{\"@type\":\"ReadAction\",\"target\":[\"https:\/\/www.aie.es\/en\/curso-aie-dolencias-musicos\/\"]}]},{\"@type\":\"BreadcrumbList\",\"@id\":\"https:\/\/www.aie.es\/en\/curso-aie-dolencias-musicos\/#breadcrumb\",\"itemListElement\":[{\"@type\":\"ListItem\",\"position\":1,\"name\":\"Portada\",\"item\":\"https:\/\/www.aie.es\/en\/\"},{\"@type\":\"ListItem\",\"position\":2,\"name\":\"Ponencia sobre las dolencias y enfermedades de los m\u00fasicos en la sede de AIE en Sevilla\"}]},{\"@type\":\"WebSite\",\"@id\":\"https:\/\/www.aie.es\/#website\",\"url\":\"https:\/\/www.aie.es\/\",\"name\":\"AIE Sociedad de Artistas Int\u00e9rpretes o Ejecutantes de Espa\u00f1a\",\"description\":\"Entidad de gesti\u00f3n de derechos de propiedad intelectual\",\"potentialAction\":[{\"@type\":\"SearchAction\",\"target\":{\"@type\":\"EntryPoint\",\"urlTemplate\":\"https:\/\/www.aie.es\/?s={search_term_string}\"},\"query-input\":\"required name=search_term_string\"}],\"inLanguage\":\"en-US\"},{\"@type\":\"Person\",\"@id\":\"https:\/\/www.aie.es\/#\/schema\/person\/9008ac87bc3b5836f79e2a677dace4d5\",\"name\":\"GGCOM\",\"image\":{\"@type\":\"ImageObject\",\"inLanguage\":\"en-US\",\"@id\":\"https:\/\/www.aie.es\/#\/schema\/person\/image\/\",\"url\":\"https:\/\/secure.gravatar.com\/avatar\/b4ed17baa0f661a7cbe0494fbec9b888?s=96&d=mm&r=g\",\"contentUrl\":\"https:\/\/secure.gravatar.com\/avatar\/b4ed17baa0f661a7cbe0494fbec9b888?s=96&d=mm&r=g\",\"caption\":\"GGCOM\"},\"url\":\"https:\/\/www.aie.es\/en\/author\/cgarriga\/\"}]}<\/script>\n<!-- \/ Yoast SEO Premium plugin. -->","yoast_head_json":{"title":"Ponencia sobre las dolencias y enfermedades de los m\u00fasicos en la sede de AIE en Sevilla - AIE Sociedad de Artistas Int\u00e9rpretes o Ejecutantes de Espa\u00f1a","robots":{"index":"index","follow":"follow","max-snippet":"max-snippet:-1","max-image-preview":"max-image-preview:large","max-video-preview":"max-video-preview:-1"},"canonical":"https:\/\/www.aie.es\/en\/curso-aie-dolencias-musicos\/","og_locale":"en_US","og_type":"article","og_title":"Ponencia sobre las dolencias y enfermedades de los m\u00fasicos en la sede de AIE en Sevilla","og_description":"Impartida por David Morales y Guillermo Dalia, la Sociedad de Artistas AIE ofrece a sus socios el 16 de noviembre en su sede de Sevilla una ponencia sobre las enfermedades y dolencias m\u00e1s habituales sufridas por los m\u00fasicos profesionales en el ejercicio de su actividad y los protocolos m\u00e1s adecuados para enfrentarlas.","og_url":"https:\/\/www.aie.es\/en\/curso-aie-dolencias-musicos\/","og_site_name":"AIE Sociedad de Artistas Int\u00e9rpretes o Ejecutantes de Espa\u00f1a","article_published_time":"2018-10-25T13:49:48+00:00","og_image":[{"width":350,"height":210,"url":"https:\/\/www.aie.es\/wp-content\/uploads\/bannerdolencias.jpg","type":"image\/jpeg"}],"author":"GGCOM","twitter_card":"summary_large_image","twitter_misc":{"Written by":"GGCOM"},"schema":{"@context":"https:\/\/schema.org","@graph":[{"@type":"WebPage","@id":"https:\/\/www.aie.es\/en\/curso-aie-dolencias-musicos\/","url":"https:\/\/www.aie.es\/en\/curso-aie-dolencias-musicos\/","name":"Ponencia sobre las dolencias y enfermedades de los m\u00fasicos en la sede de AIE en Sevilla - AIE Sociedad de Artistas Int\u00e9rpretes o Ejecutantes de Espa\u00f1a","isPartOf":{"@id":"https:\/\/www.aie.es\/#website"},"datePublished":"2018-10-25T13:49:48+00:00","dateModified":"2018-10-25T13:49:48+00:00","author":{"@id":"https:\/\/www.aie.es\/#\/schema\/person\/9008ac87bc3b5836f79e2a677dace4d5"},"breadcrumb":{"@id":"https:\/\/www.aie.es\/en\/curso-aie-dolencias-musicos\/#breadcrumb"},"inLanguage":"en-US","potentialAction":[{"@type":"ReadAction","target":["https:\/\/www.aie.es\/en\/curso-aie-dolencias-musicos\/"]}]},{"@type":"BreadcrumbList","@id":"https:\/\/www.aie.es\/en\/curso-aie-dolencias-musicos\/#breadcrumb","itemListElement":[{"@type":"ListItem","position":1,"name":"Portada","item":"https:\/\/www.aie.es\/en\/"},{"@type":"ListItem","position":2,"name":"Ponencia sobre las dolencias y enfermedades de los m\u00fasicos en la sede de AIE en Sevilla"}]},{"@type":"WebSite","@id":"https:\/\/www.aie.es\/#website","url":"https:\/\/www.aie.es\/","name":"AIE Sociedad de Artistas Int\u00e9rpretes o Ejecutantes de Espa\u00f1a","description":"Entidad de gesti\u00f3n de derechos de propiedad intelectual","potentialAction":[{"@type":"SearchAction","target":{"@type":"EntryPoint","urlTemplate":"https:\/\/www.aie.es\/?s={search_term_string}"},"query-input":"required name=search_term_string"}],"inLanguage":"en-US"},{"@type":"Person","@id":"https:\/\/www.aie.es\/#\/schema\/person\/9008ac87bc3b5836f79e2a677dace4d5","name":"GGCOM","image":{"@type":"ImageObject","inLanguage":"en-US","@id":"https:\/\/www.aie.es\/#\/schema\/person\/image\/","url":"https:\/\/secure.gravatar.com\/avatar\/b4ed17baa0f661a7cbe0494fbec9b888?s=96&d=mm&r=g","contentUrl":"https:\/\/secure.gravatar.com\/avatar\/b4ed17baa0f661a7cbe0494fbec9b888?s=96&d=mm&r=g","caption":"GGCOM"},"url":"https:\/\/www.aie.es\/en\/author\/cgarriga\/"}]}},"_links":{"self":[{"href":"https:\/\/www.aie.es\/en\/wp-json\/wp\/v2\/posts\/29755"}],"collection":[{"href":"https:\/\/www.aie.es\/en\/wp-json\/wp\/v2\/posts"}],"about":[{"href":"https:\/\/www.aie.es\/en\/wp-json\/wp\/v2\/types\/post"}],"author":[{"embeddable":true,"href":"https:\/\/www.aie.es\/en\/wp-json\/wp\/v2\/users\/3"}],"replies":[{"embeddable":true,"href":"https:\/\/www.aie.es\/en\/wp-json\/wp\/v2\/comments?post=29755"}],"version-history":[{"count":0,"href":"https:\/\/www.aie.es\/en\/wp-json\/wp\/v2\/posts\/29755\/revisions"}],"wp:featuredmedia":[{"embeddable":true,"href":"https:\/\/www.aie.es\/en\/wp-json\/wp\/v2\/media\/26793"}],"wp:attachment":[{"href":"https:\/\/www.aie.es\/en\/wp-json\/wp\/v2\/media?parent=29755"}],"wp:term":[{"taxonomy":"category","embeddable":true,"href":"https:\/\/www.aie.es\/en\/wp-json\/wp\/v2\/categories?post=29755"},{"taxonomy":"post_tag","embeddable":true,"href":"https:\/\/www.aie.es\/en\/wp-json\/wp\/v2\/tags?post=29755"}],"curies":[{"name":"wp","href":"https:\/\/api.w.org\/{rel}","templated":true}]}}