{"id":29922,"date":"2019-06-22T11:38:39","date_gmt":"2019-06-22T10:38:39","guid":{"rendered":"https:\/\/www.aie.es\/la-sociedad-de-artistas-aie-celebra-el-dia-de-la-musica\/"},"modified":"2019-07-25T11:05:52","modified_gmt":"2019-07-25T10:05:52","slug":"la-sociedad-de-artistas-aie-celebra-el-dia-de-la-musica","status":"publish","type":"post","link":"https:\/\/www.aie.es\/en\/la-sociedad-de-artistas-aie-celebra-el-dia-de-la-musica\/","title":{"rendered":"La Sociedad de Artistas AIE celebra el D\u00eda de la M\u00fasica"},"content":{"rendered":"<p>La Sociedad de Artistas AIE celebr\u00f3 el D\u00eda de la M\u00fasica con dos actividades especiales, ambas en colaboraci\u00f3n con el Instituto Cervantes.<\/p>\n<p>En primer lugar, el d\u00eda 20 a las 19:30 tuvo lugar, con motivo del d\u00e9cimo aniversario de la colaboraci\u00f3n entre ambas entidades, el coloquio &#8220;<em>M\u00fasicas de ida y vuelta: diez a\u00f1os de colaboraci\u00f3n entre AIE y el Instituto Cervantes<\/em>&#8220;. En el debate, moderado por <strong>Alan Queipo<\/strong> y <strong>Jos\u00e9 Fajardo<\/strong>, intervinieron <strong>Luis Mendo<\/strong>, <strong>Rodrigo Cuevas<\/strong>, <strong>Ni\u00f1o de Elche<\/strong>, <strong>Quint\u00edn Vargas<\/strong> y <strong>Sole<\/strong> &#8211; <strong>Le Parody<\/strong>.<\/p>\n<p><strong>Especial Conciertos de Radio 3<\/strong><\/p>\n<p>Adem\u00e1s, el d\u00eda 21, D\u00eda Internacional de la M\u00fasica se emiti\u00f3 un especial Conciertos de Radio 3 presentado por Virginia D\u00edaz en el que participaron <strong>Sole\u00e1 Morente<\/strong>, <strong>Vega<\/strong>, y los grupos AIEnRUTa <strong>Pauline en la Playa<\/strong> y <strong>Tulsa<\/strong>. Por \u00faltimo, se celebr\u00f3 el concierto del D\u00eda de la M\u00fasica que dirige <strong>Pepe S\u00e1nchez<\/strong>.<\/p>\n<p><img decoding=\"async\" class=\"aligncenter size-full wp-image-29894\" src=\"https:\/\/www.aie.es\/wp-content\/uploads\/DM2.jpg\" alt=\"\" width=\"940\" height=\"680\" srcset=\"https:\/\/www.aie.es\/wp-content\/uploads\/DM2.jpg 940w, https:\/\/www.aie.es\/wp-content\/uploads\/DM2-300x217.jpg 300w, https:\/\/www.aie.es\/wp-content\/uploads\/DM2-768x556.jpg 768w, https:\/\/www.aie.es\/wp-content\/uploads\/DM2-700x506.jpg 700w\" sizes=\"(max-width: 940px) 100vw, 940px\" \/><\/p>\n<p><img decoding=\"async\" class=\"aligncenter size-full wp-image-29892\" src=\"https:\/\/www.aie.es\/wp-content\/uploads\/DM1.jpg\" alt=\"\" width=\"940\" height=\"680\" srcset=\"https:\/\/www.aie.es\/wp-content\/uploads\/DM1.jpg 940w, https:\/\/www.aie.es\/wp-content\/uploads\/DM1-300x217.jpg 300w, https:\/\/www.aie.es\/wp-content\/uploads\/DM1-768x556.jpg 768w, https:\/\/www.aie.es\/wp-content\/uploads\/DM1-700x506.jpg 700w\" sizes=\"(max-width: 940px) 100vw, 940px\" \/><\/p>\n","protected":false},"excerpt":{"rendered":"<p>El D\u00eda Internacional de la M\u00fasica o Fiesta de la M\u00fasica (originalmente F\u00eate de la Musique, en franc\u00e9s) es una celebraci\u00f3n internacional que se realiza el 21 de junio. Su objetivo es promocionar la m\u00fasica de dos maneras: la primera, que los m\u00fasicos aficionados salgan voluntariamente a tocar a la calle y la segunda, la organizaci\u00f3n de conciertos gratuitos en los que el p\u00fablico tenga la oportunidad de presenciar a sus artistas preferidos sin importar el estilo ni origen.<\/p>\n","protected":false},"author":3,"featured_media":29895,"comment_status":"open","ping_status":"open","sticky":false,"template":"","format":"standard","meta":{"_acf_changed":false,"_relevanssi_hide_post":"","_relevanssi_hide_content":"","_relevanssi_pin_for_all":"","_relevanssi_pin_keywords":"","_relevanssi_unpin_keywords":"","_relevanssi_related_keywords":"","_relevanssi_related_include_ids":"","_relevanssi_related_exclude_ids":"","_relevanssi_related_no_append":"","_relevanssi_related_not_related":"","_relevanssi_related_posts":"","_relevanssi_noindex_reason":"","footnotes":""},"categories":[318],"tags":[],"acf":[],"yoast_head":"<!-- This site is optimized with the Yoast SEO Premium plugin v21.5 (Yoast SEO v21.9.1) - https:\/\/yoast.com\/wordpress\/plugins\/seo\/ -->\n<title>La Sociedad de Artistas AIE celebra el D\u00eda de la M\u00fasica - AIE Sociedad de Artistas Int\u00e9rpretes o Ejecutantes de Espa\u00f1a<\/title>\n<meta name=\"robots\" content=\"index, follow, max-snippet:-1, max-image-preview:large, max-video-preview:-1\" \/>\n<link rel=\"canonical\" href=\"https:\/\/www.aie.es\/en\/la-sociedad-de-artistas-aie-celebra-el-dia-de-la-musica\/\" \/>\n<meta property=\"og:locale\" content=\"en_US\" \/>\n<meta property=\"og:type\" content=\"article\" \/>\n<meta property=\"og:title\" content=\"La Sociedad de Artistas AIE celebra el D\u00eda de la M\u00fasica\" \/>\n<meta property=\"og:description\" content=\"El D\u00eda Internacional de la M\u00fasica o Fiesta de la M\u00fasica (originalmente F\u00eate de la Musique, en franc\u00e9s) es una celebraci\u00f3n internacional que se realiza el 21 de junio. Su objetivo es promocionar la m\u00fasica de dos maneras: la primera, que los m\u00fasicos aficionados salgan voluntariamente a tocar a la calle y la segunda, la organizaci\u00f3n de conciertos gratuitos en los que el p\u00fablico tenga la oportunidad de presenciar a sus artistas preferidos sin importar el estilo ni origen.\" \/>\n<meta property=\"og:url\" content=\"https:\/\/www.aie.es\/en\/la-sociedad-de-artistas-aie-celebra-el-dia-de-la-musica\/\" \/>\n<meta property=\"og:site_name\" content=\"AIE Sociedad de Artistas Int\u00e9rpretes o Ejecutantes de Espa\u00f1a\" \/>\n<meta property=\"article:published_time\" content=\"2019-06-22T10:38:39+00:00\" \/>\n<meta property=\"article:modified_time\" content=\"2019-07-25T10:05:52+00:00\" \/>\n<meta property=\"og:image\" content=\"https:\/\/www.aie.es\/wp-content\/uploads\/DM2.jpg\" \/>\n\t<meta property=\"og:image:width\" content=\"940\" \/>\n\t<meta property=\"og:image:height\" content=\"680\" \/>\n\t<meta property=\"og:image:type\" content=\"image\/jpeg\" \/>\n<meta name=\"author\" content=\"GGCOM\" \/>\n<meta name=\"twitter:card\" content=\"summary_large_image\" \/>\n<meta name=\"twitter:label1\" content=\"Written by\" \/>\n\t<meta name=\"twitter:data1\" content=\"GGCOM\" \/>\n\t<meta name=\"twitter:label2\" content=\"Est. reading time\" \/>\n\t<meta name=\"twitter:data2\" content=\"1 minute\" \/>\n<script type=\"application\/ld+json\" class=\"yoast-schema-graph\">{\"@context\":\"https:\/\/schema.org\",\"@graph\":[{\"@type\":\"WebPage\",\"@id\":\"https:\/\/www.aie.es\/en\/la-sociedad-de-artistas-aie-celebra-el-dia-de-la-musica\/\",\"url\":\"https:\/\/www.aie.es\/en\/la-sociedad-de-artistas-aie-celebra-el-dia-de-la-musica\/\",\"name\":\"La Sociedad de Artistas AIE celebra el D\u00eda de la M\u00fasica - AIE Sociedad de Artistas Int\u00e9rpretes o Ejecutantes de Espa\u00f1a\",\"isPartOf\":{\"@id\":\"https:\/\/www.aie.es\/#website\"},\"datePublished\":\"2019-06-22T10:38:39+00:00\",\"dateModified\":\"2019-07-25T10:05:52+00:00\",\"author\":{\"@id\":\"https:\/\/www.aie.es\/#\/schema\/person\/9008ac87bc3b5836f79e2a677dace4d5\"},\"breadcrumb\":{\"@id\":\"https:\/\/www.aie.es\/en\/la-sociedad-de-artistas-aie-celebra-el-dia-de-la-musica\/#breadcrumb\"},\"inLanguage\":\"en-US\",\"potentialAction\":[{\"@type\":\"ReadAction\",\"target\":[\"https:\/\/www.aie.es\/en\/la-sociedad-de-artistas-aie-celebra-el-dia-de-la-musica\/\"]}]},{\"@type\":\"BreadcrumbList\",\"@id\":\"https:\/\/www.aie.es\/en\/la-sociedad-de-artistas-aie-celebra-el-dia-de-la-musica\/#breadcrumb\",\"itemListElement\":[{\"@type\":\"ListItem\",\"position\":1,\"name\":\"Portada\",\"item\":\"https:\/\/www.aie.es\/en\/\"},{\"@type\":\"ListItem\",\"position\":2,\"name\":\"La Sociedad de Artistas AIE celebra el D\u00eda de la M\u00fasica\"}]},{\"@type\":\"WebSite\",\"@id\":\"https:\/\/www.aie.es\/#website\",\"url\":\"https:\/\/www.aie.es\/\",\"name\":\"AIE Sociedad de Artistas Int\u00e9rpretes o Ejecutantes de Espa\u00f1a\",\"description\":\"Entidad de gesti\u00f3n de derechos de propiedad intelectual\",\"potentialAction\":[{\"@type\":\"SearchAction\",\"target\":{\"@type\":\"EntryPoint\",\"urlTemplate\":\"https:\/\/www.aie.es\/?s={search_term_string}\"},\"query-input\":\"required name=search_term_string\"}],\"inLanguage\":\"en-US\"},{\"@type\":\"Person\",\"@id\":\"https:\/\/www.aie.es\/#\/schema\/person\/9008ac87bc3b5836f79e2a677dace4d5\",\"name\":\"GGCOM\",\"image\":{\"@type\":\"ImageObject\",\"inLanguage\":\"en-US\",\"@id\":\"https:\/\/www.aie.es\/#\/schema\/person\/image\/\",\"url\":\"https:\/\/secure.gravatar.com\/avatar\/b4ed17baa0f661a7cbe0494fbec9b888?s=96&d=mm&r=g\",\"contentUrl\":\"https:\/\/secure.gravatar.com\/avatar\/b4ed17baa0f661a7cbe0494fbec9b888?s=96&d=mm&r=g\",\"caption\":\"GGCOM\"},\"url\":\"https:\/\/www.aie.es\/en\/author\/cgarriga\/\"}]}<\/script>\n<!-- \/ Yoast SEO Premium plugin. -->","yoast_head_json":{"title":"La Sociedad de Artistas AIE celebra el D\u00eda de la M\u00fasica - AIE Sociedad de Artistas Int\u00e9rpretes o Ejecutantes de Espa\u00f1a","robots":{"index":"index","follow":"follow","max-snippet":"max-snippet:-1","max-image-preview":"max-image-preview:large","max-video-preview":"max-video-preview:-1"},"canonical":"https:\/\/www.aie.es\/en\/la-sociedad-de-artistas-aie-celebra-el-dia-de-la-musica\/","og_locale":"en_US","og_type":"article","og_title":"La Sociedad de Artistas AIE celebra el D\u00eda de la M\u00fasica","og_description":"El D\u00eda Internacional de la M\u00fasica o Fiesta de la M\u00fasica (originalmente F\u00eate de la Musique, en franc\u00e9s) es una celebraci\u00f3n internacional que se realiza el 21 de junio. Su objetivo es promocionar la m\u00fasica de dos maneras: la primera, que los m\u00fasicos aficionados salgan voluntariamente a tocar a la calle y la segunda, la organizaci\u00f3n de conciertos gratuitos en los que el p\u00fablico tenga la oportunidad de presenciar a sus artistas preferidos sin importar el estilo ni origen.","og_url":"https:\/\/www.aie.es\/en\/la-sociedad-de-artistas-aie-celebra-el-dia-de-la-musica\/","og_site_name":"AIE Sociedad de Artistas Int\u00e9rpretes o Ejecutantes de Espa\u00f1a","article_published_time":"2019-06-22T10:38:39+00:00","article_modified_time":"2019-07-25T10:05:52+00:00","og_image":[{"width":940,"height":680,"url":"https:\/\/www.aie.es\/wp-content\/uploads\/DM2.jpg","type":"image\/jpeg"}],"author":"GGCOM","twitter_card":"summary_large_image","twitter_misc":{"Written by":"GGCOM","Est. reading time":"1 minute"},"schema":{"@context":"https:\/\/schema.org","@graph":[{"@type":"WebPage","@id":"https:\/\/www.aie.es\/en\/la-sociedad-de-artistas-aie-celebra-el-dia-de-la-musica\/","url":"https:\/\/www.aie.es\/en\/la-sociedad-de-artistas-aie-celebra-el-dia-de-la-musica\/","name":"La Sociedad de Artistas AIE celebra el D\u00eda de la M\u00fasica - AIE Sociedad de Artistas Int\u00e9rpretes o Ejecutantes de Espa\u00f1a","isPartOf":{"@id":"https:\/\/www.aie.es\/#website"},"datePublished":"2019-06-22T10:38:39+00:00","dateModified":"2019-07-25T10:05:52+00:00","author":{"@id":"https:\/\/www.aie.es\/#\/schema\/person\/9008ac87bc3b5836f79e2a677dace4d5"},"breadcrumb":{"@id":"https:\/\/www.aie.es\/en\/la-sociedad-de-artistas-aie-celebra-el-dia-de-la-musica\/#breadcrumb"},"inLanguage":"en-US","potentialAction":[{"@type":"ReadAction","target":["https:\/\/www.aie.es\/en\/la-sociedad-de-artistas-aie-celebra-el-dia-de-la-musica\/"]}]},{"@type":"BreadcrumbList","@id":"https:\/\/www.aie.es\/en\/la-sociedad-de-artistas-aie-celebra-el-dia-de-la-musica\/#breadcrumb","itemListElement":[{"@type":"ListItem","position":1,"name":"Portada","item":"https:\/\/www.aie.es\/en\/"},{"@type":"ListItem","position":2,"name":"La Sociedad de Artistas AIE celebra el D\u00eda de la M\u00fasica"}]},{"@type":"WebSite","@id":"https:\/\/www.aie.es\/#website","url":"https:\/\/www.aie.es\/","name":"AIE Sociedad de Artistas Int\u00e9rpretes o Ejecutantes de Espa\u00f1a","description":"Entidad de gesti\u00f3n de derechos de propiedad intelectual","potentialAction":[{"@type":"SearchAction","target":{"@type":"EntryPoint","urlTemplate":"https:\/\/www.aie.es\/?s={search_term_string}"},"query-input":"required name=search_term_string"}],"inLanguage":"en-US"},{"@type":"Person","@id":"https:\/\/www.aie.es\/#\/schema\/person\/9008ac87bc3b5836f79e2a677dace4d5","name":"GGCOM","image":{"@type":"ImageObject","inLanguage":"en-US","@id":"https:\/\/www.aie.es\/#\/schema\/person\/image\/","url":"https:\/\/secure.gravatar.com\/avatar\/b4ed17baa0f661a7cbe0494fbec9b888?s=96&d=mm&r=g","contentUrl":"https:\/\/secure.gravatar.com\/avatar\/b4ed17baa0f661a7cbe0494fbec9b888?s=96&d=mm&r=g","caption":"GGCOM"},"url":"https:\/\/www.aie.es\/en\/author\/cgarriga\/"}]}},"_links":{"self":[{"href":"https:\/\/www.aie.es\/en\/wp-json\/wp\/v2\/posts\/29922"}],"collection":[{"href":"https:\/\/www.aie.es\/en\/wp-json\/wp\/v2\/posts"}],"about":[{"href":"https:\/\/www.aie.es\/en\/wp-json\/wp\/v2\/types\/post"}],"author":[{"embeddable":true,"href":"https:\/\/www.aie.es\/en\/wp-json\/wp\/v2\/users\/3"}],"replies":[{"embeddable":true,"href":"https:\/\/www.aie.es\/en\/wp-json\/wp\/v2\/comments?post=29922"}],"version-history":[{"count":1,"href":"https:\/\/www.aie.es\/en\/wp-json\/wp\/v2\/posts\/29922\/revisions"}],"predecessor-version":[{"id":29963,"href":"https:\/\/www.aie.es\/en\/wp-json\/wp\/v2\/posts\/29922\/revisions\/29963"}],"wp:featuredmedia":[{"embeddable":true,"href":"https:\/\/www.aie.es\/en\/wp-json\/wp\/v2\/media\/29895"}],"wp:attachment":[{"href":"https:\/\/www.aie.es\/en\/wp-json\/wp\/v2\/media?parent=29922"}],"wp:term":[{"taxonomy":"category","embeddable":true,"href":"https:\/\/www.aie.es\/en\/wp-json\/wp\/v2\/categories?post=29922"},{"taxonomy":"post_tag","embeddable":true,"href":"https:\/\/www.aie.es\/en\/wp-json\/wp\/v2\/tags?post=29922"}],"curies":[{"name":"wp","href":"https:\/\/api.w.org\/{rel}","templated":true}]}}