{"id":30734,"date":"2019-10-11T11:35:21","date_gmt":"2019-10-11T10:35:21","guid":{"rendered":"https:\/\/www.aie.es\/aie-felicita-a-su-socia-mala-rodriguez-por-el-premio-nacional-de-las-musicas-actuales-2019\/"},"modified":"2019-10-16T12:10:00","modified_gmt":"2019-10-16T11:10:00","slug":"aie-felicita-a-su-socia-mala-rodriguez-por-el-premio-nacional-de-las-musicas-actuales-2019","status":"publish","type":"post","link":"https:\/\/www.aie.es\/en\/aie-felicita-a-su-socia-mala-rodriguez-por-el-premio-nacional-de-las-musicas-actuales-2019\/","title":{"rendered":"AIE felicita a su socia Mala Rodr\u00edguez por el Premio Nacional de las M\u00fasicas Actuales 2019"},"content":{"rendered":"<p><a href=\"https:\/\/www.lamoncloa.gob.es\/serviciosdeprensa\/notasprensa\/cultura\/Paginas\/2019\/111019-mala.aspx\" target=\"_blank\" rel=\"noopener noreferrer\">Seg\u00fan detalla el Ministerio de Cultura<\/a>, \u200bel jurado ha valorado que <strong>Mala Rodr\u00edguez<\/strong> sea &#8220;pionera de un estilo como son las m\u00fasicas urbanas que, desde su aparici\u00f3n hace dos d\u00e9cadas, se ha convertido en esencial en el terreno de la m\u00fasica popular. Su aparici\u00f3n supuso una ruptura tanto por su m\u00fasica, como por su actitud y letras, en un mundo dominado por los hombres. Es fuente de inspiraci\u00f3n para artistas de sucesivas generaciones y a lo largo de toda su carrera ha llevado el rap y la m\u00fasica urbana de nuestro pa\u00eds por todo el mundo, muy especialmente al continente americano&#8221;. Asimismo, ha subrayado que &#8220;sus canciones tienden puentes entre la m\u00fasica latina y la m\u00fasica popular espa\u00f1ola&#8221;.<\/p>\n<p>Mar\u00eda Rodr\u00edguez Garrido \u00abMala Rodr\u00edguez\u00bb (Jerez de la Frontera, 1979) se inicia en la m\u00fasica durante la adolescencia cuando se traslada a Sevilla, donde comienza a fraguarse su inter\u00e9s por el R&#8217;n&#8217;b, las disciplinas vinculadas al soul, el blues y el hip hop y empieza a tener contacto con varios grupos urbanos. En 1997 graba su primera maqueta con el grupo de rap La Mala y El Cuervo.<\/p>\n<p>Su debut profesional como \u00abLa Mala\u00bb llega en 1999 con &#8220;Toma La Traca&#8221; y &#8220;A Jierro&#8221;. Poco despu\u00e9s, cambia su nombre art\u00edstico y, como Mala Rodr\u00edguez, da a conocer su tema &#8220;Yo Marco El Minuto&#8221;, sus versos empiezan inundan la escena urbana y empiezan a sonar en las calles, liderando la representaci\u00f3n femenina en el rap e irrumpiendo en un mundo de hombres donde hasta entonces no hab\u00eda triunfado ninguna mujer. Con su hip hop aflamencado de voz rota, edita en el a\u00f1o 2000 su primer \u00e1lbum Lujo Ib\u00e9rico, con el que lleg\u00f3 a ser disco de oro. Tres a\u00f1os despu\u00e9s crea uno de sus maxi singles m\u00e1s relevantes &#8220;La Ni\u00f1a&#8221; y ese mismo a\u00f1o edita su segundo trabajo discogr\u00e1fico, Alevos\u00eda, que tambi\u00e9n obtuvo un disco de oro.<\/p>\n<p>En 2006 edita &#8220;Por La Noche&#8221;, un nuevo hit que traspasa fronteras y con el que alcanza gran popularidad. Un a\u00f1o m\u00e1s tarde sale a la venta su tercer \u00e1lbum Malamarismo, el trabajo m\u00e1s completo de la artista hasta entonces y con el que recibe los mayores reconocimientos nacionales e internacionales. Con este trabajo Mala Rodr\u00edguez gana el premio MTV Latinoam\u00e9rica a la mejor artista Promesa del a\u00f1o. Fue nominada tambi\u00e9n a los Grammy Latinos como Mejor \u00e1lbum de m\u00fasica urbana y a los MTV Europe Music Awards como Mejor artista espa\u00f1ol. Y, en 2008, gana el Premio de la m\u00fasica en la categor\u00eda de \u00c1lbum de Hip Hop.<\/p>\n<p>En mayo del 2010 edita Dirty Bailarina, un \u00e1lbum con doce temas que cuenta con la producci\u00f3n del americano Foccus y Dj Griffi y con el que obtiene el Premio Grammy Latino a Mejor Canci\u00f3n Urbana por &#8220;No pidas perd\u00f3n&#8221;. Su quinto disco, Bruja, data de 2013 y en \u00e9l han colaborado artistas y productores de gran influencia en la escena del hip hop. Con este trabajo obtuvo el premio Grammy Latino al Mejor \u00c1lbum Urbano. Asimismo, Mala Rodr\u00edguez ha colaborado con artistas de la talla de Alejandro Sanz, Nelly Furtado, El Guincho y Juan Mag\u00e1n.<\/p>\n<p><strong>Un jurado plural<\/strong><br \/>\nEste premio, que concede anualmente el Ministerio de Cultura y Deporte, est\u00e1 dotado con 30.000 euros. En esta edici\u00f3n de 2019 el jurado, presidido por la directora general del Instituto Nacional de las Artes Esc\u00e9nicas y de la M\u00fasica (INAEM), <strong>Amaya de Miguel<\/strong>, y actuando como vicepresidente el subdirector general de M\u00fasica y Danza, <strong>Antonio Garde<\/strong>, ha estado compuesto por los siguientes vocales: <strong>Tom\u00e1s Fernando Flores Corchero<\/strong>, cr\u00edtico musical y director de Radio 3; <strong>Miguel Mart\u00edn Maiz<\/strong>, director del Festival de Jazz de San Sebasti\u00e1n; <strong>Herminia Mart\u00ednez Garc\u00eda<\/strong>, gestora cultural; <strong>Luis Javier Men\u00e9ndez Alonso<\/strong>, jefe de la redacci\u00f3n de Madrid de Mondo Sonoro, <strong>Antonio Zoido Naranjo<\/strong>, director de la Bienal de Flamenco de Sevilla, <strong>Carmen Zapata Corbal\u00e1n<\/strong>, presidenta de la Asociaci\u00f3n de Mujeres de la Industria de la M\u00fasica; y <strong>Christina Rosenvinge<\/strong>, galardonada en 2018 con el Premio Nacional de las M\u00fasicas Actuales.<\/p>\n<p>Entre los premiados en convocatorias anteriores se encuentran: Christina Rosenvinge (2018), Javier Ruibal (2017), Martirio (2016), Jorge Pardo (2015), Carmen Par\u00eds (2014), Luz Casal (2013), Kiko Veneno (2012), Santiago Auser\u00f3n (2011), el D\u00fao Amaral (2010) y Joan Manuel Serrat (2009).<\/p>\n","protected":false},"excerpt":{"rendered":"<p>Mar\u00eda Rodr\u00edguez Garrido, \u00abMala Rodr\u00edguez\u00bb, ha sido galardonada con el Premio Nacional de M\u00fasicas Actuales 2019. La Sociedad de Artistas AIE felicita a su socia y le desea muchos m\u00e1s \u00e9xitos en su carrera.<\/p>\n","protected":false},"author":3,"featured_media":30733,"comment_status":"open","ping_status":"open","sticky":false,"template":"","format":"standard","meta":{"_acf_changed":false,"_relevanssi_hide_post":"","_relevanssi_hide_content":"","_relevanssi_pin_for_all":"","_relevanssi_pin_keywords":"","_relevanssi_unpin_keywords":"","_relevanssi_related_keywords":"","_relevanssi_related_include_ids":"","_relevanssi_related_exclude_ids":"","_relevanssi_related_no_append":"","_relevanssi_related_not_related":"","_relevanssi_related_posts":"","_relevanssi_noindex_reason":"","footnotes":""},"categories":[318],"tags":[],"acf":[],"yoast_head":"<!-- This site is optimized with the Yoast SEO Premium plugin v21.5 (Yoast SEO v21.9.1) - https:\/\/yoast.com\/wordpress\/plugins\/seo\/ -->\n<title>AIE felicita a su socia Mala Rodr\u00edguez por el Premio Nacional de las M\u00fasicas Actuales 2019 - AIE Sociedad de Artistas Int\u00e9rpretes o Ejecutantes de Espa\u00f1a<\/title>\n<meta name=\"robots\" content=\"index, follow, max-snippet:-1, max-image-preview:large, max-video-preview:-1\" \/>\n<link rel=\"canonical\" href=\"https:\/\/www.aie.es\/en\/aie-felicita-a-su-socia-mala-rodriguez-por-el-premio-nacional-de-las-musicas-actuales-2019\/\" \/>\n<meta property=\"og:locale\" content=\"en_US\" \/>\n<meta property=\"og:type\" content=\"article\" \/>\n<meta property=\"og:title\" content=\"AIE felicita a su socia Mala Rodr\u00edguez por el Premio Nacional de las M\u00fasicas Actuales 2019\" \/>\n<meta property=\"og:description\" content=\"Mar\u00eda Rodr\u00edguez Garrido, \u00abMala Rodr\u00edguez\u00bb, ha sido galardonada con el Premio Nacional de M\u00fasicas Actuales 2019. La Sociedad de Artistas AIE felicita a su socia y le desea muchos m\u00e1s \u00e9xitos en su carrera.\" \/>\n<meta property=\"og:url\" content=\"https:\/\/www.aie.es\/en\/aie-felicita-a-su-socia-mala-rodriguez-por-el-premio-nacional-de-las-musicas-actuales-2019\/\" \/>\n<meta property=\"og:site_name\" content=\"AIE Sociedad de Artistas Int\u00e9rpretes o Ejecutantes de Espa\u00f1a\" \/>\n<meta property=\"article:published_time\" content=\"2019-10-11T10:35:21+00:00\" \/>\n<meta property=\"article:modified_time\" content=\"2019-10-16T11:10:00+00:00\" \/>\n<meta property=\"og:image\" content=\"https:\/\/www.aie.es\/wp-content\/uploads\/maladisco.jpg\" \/>\n\t<meta property=\"og:image:width\" content=\"350\" \/>\n\t<meta property=\"og:image:height\" content=\"236\" \/>\n\t<meta property=\"og:image:type\" content=\"image\/jpeg\" \/>\n<meta name=\"author\" content=\"GGCOM\" \/>\n<meta name=\"twitter:card\" content=\"summary_large_image\" \/>\n<meta name=\"twitter:label1\" content=\"Written by\" \/>\n\t<meta name=\"twitter:data1\" content=\"GGCOM\" \/>\n\t<meta name=\"twitter:label2\" content=\"Est. reading time\" \/>\n\t<meta name=\"twitter:data2\" content=\"4 minutes\" \/>\n<script type=\"application\/ld+json\" class=\"yoast-schema-graph\">{\"@context\":\"https:\/\/schema.org\",\"@graph\":[{\"@type\":\"WebPage\",\"@id\":\"https:\/\/www.aie.es\/en\/aie-felicita-a-su-socia-mala-rodriguez-por-el-premio-nacional-de-las-musicas-actuales-2019\/\",\"url\":\"https:\/\/www.aie.es\/en\/aie-felicita-a-su-socia-mala-rodriguez-por-el-premio-nacional-de-las-musicas-actuales-2019\/\",\"name\":\"AIE felicita a su socia Mala Rodr\u00edguez por el Premio Nacional de las M\u00fasicas Actuales 2019 - AIE Sociedad de Artistas Int\u00e9rpretes o Ejecutantes de Espa\u00f1a\",\"isPartOf\":{\"@id\":\"https:\/\/www.aie.es\/#website\"},\"datePublished\":\"2019-10-11T10:35:21+00:00\",\"dateModified\":\"2019-10-16T11:10:00+00:00\",\"author\":{\"@id\":\"https:\/\/www.aie.es\/#\/schema\/person\/9008ac87bc3b5836f79e2a677dace4d5\"},\"breadcrumb\":{\"@id\":\"https:\/\/www.aie.es\/en\/aie-felicita-a-su-socia-mala-rodriguez-por-el-premio-nacional-de-las-musicas-actuales-2019\/#breadcrumb\"},\"inLanguage\":\"en-US\",\"potentialAction\":[{\"@type\":\"ReadAction\",\"target\":[\"https:\/\/www.aie.es\/en\/aie-felicita-a-su-socia-mala-rodriguez-por-el-premio-nacional-de-las-musicas-actuales-2019\/\"]}]},{\"@type\":\"BreadcrumbList\",\"@id\":\"https:\/\/www.aie.es\/en\/aie-felicita-a-su-socia-mala-rodriguez-por-el-premio-nacional-de-las-musicas-actuales-2019\/#breadcrumb\",\"itemListElement\":[{\"@type\":\"ListItem\",\"position\":1,\"name\":\"Portada\",\"item\":\"https:\/\/www.aie.es\/en\/\"},{\"@type\":\"ListItem\",\"position\":2,\"name\":\"AIE felicita a su socia Mala Rodr\u00edguez por el Premio Nacional de las M\u00fasicas Actuales 2019\"}]},{\"@type\":\"WebSite\",\"@id\":\"https:\/\/www.aie.es\/#website\",\"url\":\"https:\/\/www.aie.es\/\",\"name\":\"AIE Sociedad de Artistas Int\u00e9rpretes o Ejecutantes de Espa\u00f1a\",\"description\":\"Entidad de gesti\u00f3n de derechos de propiedad intelectual\",\"potentialAction\":[{\"@type\":\"SearchAction\",\"target\":{\"@type\":\"EntryPoint\",\"urlTemplate\":\"https:\/\/www.aie.es\/?s={search_term_string}\"},\"query-input\":\"required name=search_term_string\"}],\"inLanguage\":\"en-US\"},{\"@type\":\"Person\",\"@id\":\"https:\/\/www.aie.es\/#\/schema\/person\/9008ac87bc3b5836f79e2a677dace4d5\",\"name\":\"GGCOM\",\"image\":{\"@type\":\"ImageObject\",\"inLanguage\":\"en-US\",\"@id\":\"https:\/\/www.aie.es\/#\/schema\/person\/image\/\",\"url\":\"https:\/\/secure.gravatar.com\/avatar\/b4ed17baa0f661a7cbe0494fbec9b888?s=96&d=mm&r=g\",\"contentUrl\":\"https:\/\/secure.gravatar.com\/avatar\/b4ed17baa0f661a7cbe0494fbec9b888?s=96&d=mm&r=g\",\"caption\":\"GGCOM\"},\"url\":\"https:\/\/www.aie.es\/en\/author\/cgarriga\/\"}]}<\/script>\n<!-- \/ Yoast SEO Premium plugin. -->","yoast_head_json":{"title":"AIE felicita a su socia Mala Rodr\u00edguez por el Premio Nacional de las M\u00fasicas Actuales 2019 - AIE Sociedad de Artistas Int\u00e9rpretes o Ejecutantes de Espa\u00f1a","robots":{"index":"index","follow":"follow","max-snippet":"max-snippet:-1","max-image-preview":"max-image-preview:large","max-video-preview":"max-video-preview:-1"},"canonical":"https:\/\/www.aie.es\/en\/aie-felicita-a-su-socia-mala-rodriguez-por-el-premio-nacional-de-las-musicas-actuales-2019\/","og_locale":"en_US","og_type":"article","og_title":"AIE felicita a su socia Mala Rodr\u00edguez por el Premio Nacional de las M\u00fasicas Actuales 2019","og_description":"Mar\u00eda Rodr\u00edguez Garrido, \u00abMala Rodr\u00edguez\u00bb, ha sido galardonada con el Premio Nacional de M\u00fasicas Actuales 2019. La Sociedad de Artistas AIE felicita a su socia y le desea muchos m\u00e1s \u00e9xitos en su carrera.","og_url":"https:\/\/www.aie.es\/en\/aie-felicita-a-su-socia-mala-rodriguez-por-el-premio-nacional-de-las-musicas-actuales-2019\/","og_site_name":"AIE Sociedad de Artistas Int\u00e9rpretes o Ejecutantes de Espa\u00f1a","article_published_time":"2019-10-11T10:35:21+00:00","article_modified_time":"2019-10-16T11:10:00+00:00","og_image":[{"width":350,"height":236,"url":"https:\/\/www.aie.es\/wp-content\/uploads\/maladisco.jpg","type":"image\/jpeg"}],"author":"GGCOM","twitter_card":"summary_large_image","twitter_misc":{"Written by":"GGCOM","Est. reading time":"4 minutes"},"schema":{"@context":"https:\/\/schema.org","@graph":[{"@type":"WebPage","@id":"https:\/\/www.aie.es\/en\/aie-felicita-a-su-socia-mala-rodriguez-por-el-premio-nacional-de-las-musicas-actuales-2019\/","url":"https:\/\/www.aie.es\/en\/aie-felicita-a-su-socia-mala-rodriguez-por-el-premio-nacional-de-las-musicas-actuales-2019\/","name":"AIE felicita a su socia Mala Rodr\u00edguez por el Premio Nacional de las M\u00fasicas Actuales 2019 - AIE Sociedad de Artistas Int\u00e9rpretes o Ejecutantes de Espa\u00f1a","isPartOf":{"@id":"https:\/\/www.aie.es\/#website"},"datePublished":"2019-10-11T10:35:21+00:00","dateModified":"2019-10-16T11:10:00+00:00","author":{"@id":"https:\/\/www.aie.es\/#\/schema\/person\/9008ac87bc3b5836f79e2a677dace4d5"},"breadcrumb":{"@id":"https:\/\/www.aie.es\/en\/aie-felicita-a-su-socia-mala-rodriguez-por-el-premio-nacional-de-las-musicas-actuales-2019\/#breadcrumb"},"inLanguage":"en-US","potentialAction":[{"@type":"ReadAction","target":["https:\/\/www.aie.es\/en\/aie-felicita-a-su-socia-mala-rodriguez-por-el-premio-nacional-de-las-musicas-actuales-2019\/"]}]},{"@type":"BreadcrumbList","@id":"https:\/\/www.aie.es\/en\/aie-felicita-a-su-socia-mala-rodriguez-por-el-premio-nacional-de-las-musicas-actuales-2019\/#breadcrumb","itemListElement":[{"@type":"ListItem","position":1,"name":"Portada","item":"https:\/\/www.aie.es\/en\/"},{"@type":"ListItem","position":2,"name":"AIE felicita a su socia Mala Rodr\u00edguez por el Premio Nacional de las M\u00fasicas Actuales 2019"}]},{"@type":"WebSite","@id":"https:\/\/www.aie.es\/#website","url":"https:\/\/www.aie.es\/","name":"AIE Sociedad de Artistas Int\u00e9rpretes o Ejecutantes de Espa\u00f1a","description":"Entidad de gesti\u00f3n de derechos de propiedad intelectual","potentialAction":[{"@type":"SearchAction","target":{"@type":"EntryPoint","urlTemplate":"https:\/\/www.aie.es\/?s={search_term_string}"},"query-input":"required name=search_term_string"}],"inLanguage":"en-US"},{"@type":"Person","@id":"https:\/\/www.aie.es\/#\/schema\/person\/9008ac87bc3b5836f79e2a677dace4d5","name":"GGCOM","image":{"@type":"ImageObject","inLanguage":"en-US","@id":"https:\/\/www.aie.es\/#\/schema\/person\/image\/","url":"https:\/\/secure.gravatar.com\/avatar\/b4ed17baa0f661a7cbe0494fbec9b888?s=96&d=mm&r=g","contentUrl":"https:\/\/secure.gravatar.com\/avatar\/b4ed17baa0f661a7cbe0494fbec9b888?s=96&d=mm&r=g","caption":"GGCOM"},"url":"https:\/\/www.aie.es\/en\/author\/cgarriga\/"}]}},"_links":{"self":[{"href":"https:\/\/www.aie.es\/en\/wp-json\/wp\/v2\/posts\/30734"}],"collection":[{"href":"https:\/\/www.aie.es\/en\/wp-json\/wp\/v2\/posts"}],"about":[{"href":"https:\/\/www.aie.es\/en\/wp-json\/wp\/v2\/types\/post"}],"author":[{"embeddable":true,"href":"https:\/\/www.aie.es\/en\/wp-json\/wp\/v2\/users\/3"}],"replies":[{"embeddable":true,"href":"https:\/\/www.aie.es\/en\/wp-json\/wp\/v2\/comments?post=30734"}],"version-history":[{"count":2,"href":"https:\/\/www.aie.es\/en\/wp-json\/wp\/v2\/posts\/30734\/revisions"}],"predecessor-version":[{"id":30739,"href":"https:\/\/www.aie.es\/en\/wp-json\/wp\/v2\/posts\/30734\/revisions\/30739"}],"wp:featuredmedia":[{"embeddable":true,"href":"https:\/\/www.aie.es\/en\/wp-json\/wp\/v2\/media\/30733"}],"wp:attachment":[{"href":"https:\/\/www.aie.es\/en\/wp-json\/wp\/v2\/media?parent=30734"}],"wp:term":[{"taxonomy":"category","embeddable":true,"href":"https:\/\/www.aie.es\/en\/wp-json\/wp\/v2\/categories?post=30734"},{"taxonomy":"post_tag","embeddable":true,"href":"https:\/\/www.aie.es\/en\/wp-json\/wp\/v2\/tags?post=30734"}],"curies":[{"name":"wp","href":"https:\/\/api.w.org\/{rel}","templated":true}]}}