{"id":30938,"date":"2019-11-13T16:51:31","date_gmt":"2019-11-13T15:51:31","guid":{"rendered":"https:\/\/www.aie.es\/juanes-persona-del-ano-2019-de-la-academia-latina-de-la-grabacion\/"},"modified":"2023-10-25T14:44:12","modified_gmt":"2023-10-25T13:44:12","slug":"juanes-persona-del-ano-2019-de-la-academia-latina-de-la-grabacion","status":"publish","type":"post","link":"https:\/\/www.aie.es\/en\/juanes-persona-del-ano-2019-de-la-academia-latina-de-la-grabacion\/","title":{"rendered":"Juanes, Persona del A\u00f1o 2019 de la Academia Latina de la Grabaci\u00f3n"},"content":{"rendered":"<p>La Academia Latina de la Grabaci\u00f3n anunci\u00f3 hoy que el cantante, compositor, m\u00fasico y fil\u00e1ntropo socio de AIE ganador de 23 Latin Grammy y dos Grammy, <b>Juanes<\/b>, ser\u00e1 la Persona del A\u00f1o 2019 de La Academia Latina de la Grabaci\u00f3n\u00ae como parte de su 20\u00ba aniversario. Unos d\u00edas despu\u00e9s, el 22 de noviembre, Juanes lanzar\u00e1 su octavo \u00e1lbum de estudio, M\u00e1s futuro que pasado, que incluir\u00e1 los exitosos sencillos Bonita con Yatra, Querer mejor con Cara y La plata con Lalo Ebratt, adem\u00e1s de Aurora con Crudo, lanzado el pasado viernes, y Tequila con Christian Nodal.<\/p>\n<p><strong>Juanes ser\u00e1 reconocido por su arte creativo, sus esfuerzos humanitarios sin precedentes, el apoyo a artistas emergentes y sus contribuciones filantr\u00f3picas al mundo<\/strong>. A trav\u00e9s de sus canciones, actuaciones internacionales, su trabajo con su fundaci\u00f3n Mi Sangre (My Blood Foundation) y como cofundador de Paz Sin Fronteras (Peace Without Borders), Juanes contin\u00faa creando conciencia sobre el poder y la importancia de construir la paz con una extraordinaria credibilidad y consistencia.<\/p>\n<p>El reconocimiento Persona del A\u00f1o de La Academia Latina de la Grabaci\u00f3n se otorga a m\u00fasicos de herencia Iberoamericana en apreciaci\u00f3n no s\u00f3lo a sus logros art\u00edsticos en la industria de la m\u00fasica latina, sino tambi\u00e9n por sus profundos esfuerzos humanitarios. Entre los artistas que han recibido el reconocimiento se encuentran\u00a0<b>Marc Anthony<\/b>,<b>\u00a0Miguel Bos\u00e9<\/b>,<b>\u00a0Roberto Carlos<\/b>,<b>\u00a0Pl\u00e1cido Domingo<\/b>,<b>\u00a0Emilio Estefan<\/b>,<b>\u00a0Gloria Estefan<\/b>,\u00a0<b>Vicente Fern\u00e1ndez<\/b>,\u00a0<b>Juan Gabriel<\/b>,<b>\u00a0Gilberto Gil<\/b>,<b>\u00a0Juan Luis Guerra<\/b>,<b>\u00a0Julio Iglesias<\/b>,<b>\u00a0Jos\u00e9 Jos\u00e9<\/b>,<b>\u00a0<\/b><b>Man\u00e1<\/b>,<b>\u00a0Ricky Martin<\/b>,<b>\u00a0Carlos Santana<\/b>,\u00a0<b>Alejandro Sanz<\/b>,<b>\u00a0Joan Manuel Serrat<\/b>,<b>\u00a0Shakira\u00a0<\/b>y\u00a0<b>Caetano Veloso<\/b>.<\/p>\n<p><b>Gabriel Abaroa Jr.<\/b>, presidente de La Academia Latina de la Grabaci\u00f3n, destaca: &#8220;Juanes es joven, y a la vez legendario. Un artista que nos ha inspirado a trav\u00e9s de su incre\u00edble m\u00fasica durante muchos a\u00f1os trabajando a la vez para lograr un cambio pol\u00edtico, social y positivo en el mundo. Su liderazgo, trabajo filantr\u00f3pico, adem\u00e1s de sus mensajes positivos que van m\u00e1s all\u00e1 de la m\u00fasica, reflejan sus inmensas contribuciones a la comunidad, y por esto estamos verdaderamente honrados de reconocerlo como la Persona del A\u00f1o de La Academia Latina de la Grabaci\u00f3n de este a\u00f1o&#8221;.<\/p>\n<p>&#8220;<strong>Recuerdo haber asistido al anuncio de las nominaciones al Latin GRAMMY luego de lanzar mi primer \u00e1lbum como solista -comparte Juanes-<\/strong>, me sent\u00ed tan agobiado por la emoci\u00f3n de escuchar mi nombre siete veces, que tuve que salir un momento para procesar c\u00f3mo acababa de cambiar mi vida para siempre. Tuve la bendici\u00f3n de ganar tres estatuillas ese a\u00f1o, y La Academia Latina de la Grabaci\u00f3n ha sido una parte fundamental para llevar mi m\u00fasica a una audiencia global desde entonces. Ahora, estoy muy agradecido y profundamente honrado de unirme a ilustres artistas como Juan Luis Guerra, Carlos Santana, Caetano Veloso y otros m\u00e1s, quienes tambi\u00e9n han recibido el reconocimiento Persona del A\u00f1o, continuando con mi colaboraci\u00f3n con La Academia Latina en sus esfuerzos para apoyar a las futuras generaciones de nuevos artistas de habla hispana&#8221;.<\/p>\n<p><strong>Un colombiano universal<\/strong><\/p>\n<p>Originario de Medell\u00edn, Juan Esteban Aristiz\u00e1bal aprendi\u00f3 a tocar guitarra de sus familiares y a los 17 a\u00f1os de edad fue uno de los fundadores del grupo de\u00a0<i>metal<\/i>\u00a0Ekhymosis.\u00a0Tras su gran \u00e9xito en Colombia, Juanes inici\u00f3 su carrera como solista en el a\u00f1o 2000 con el \u00e1lbum\u00a0<i>F\u00edjate Bien,\u00a0<\/i>que recibi\u00f3 muy buenas cr\u00edticas y dio a conocer el sonido que lo distingue: una combinaci\u00f3n de su pasi\u00f3n por la m\u00fasica\u00a0<i>rock<\/i>\u00a0y\u00a0<i>pop<\/i>, sus excelentes dotes de guitarrista aunado una letra profundamente introspectiva y una orgullosa reverencia por los ritmos folcl\u00f3ricos tradicionales e ind\u00edgenas de Colombia y Latinoam\u00e9rica.<\/p>\n<p>Desde su debut hasta <i>Mis Planes Son Amarte<\/i>, su m\u00e1s reciente e innovador \u00e1lbum visual, <strong>Juanes ha perfeccionado continuamente su habilidad art\u00edstica y ha logrado ocho \u00e1lbumes multiplatino con 20 millones de copias vendidas<\/strong>, 12 sencillos que han alcanzado el primer lugar y m\u00faltiples grabaciones en las listas de \u00e9xitos. A lo largo del camino, Juanes ha sido un destacado pionero de la popularidad creciente de la m\u00fasica contempor\u00e1nea en espa\u00f1ol, con sus actuaciones de vanguardia en muchos de los escenarios m\u00e1s prestigiosos del mundo y trasmisiones de televisi\u00f3n. Estas notables presentaciones incluyen los Latin GRAMMYs, los GRAMMY Awards, la Copa Mundial, el concierto del Premio Nobel de la Paz, The Kennedy Center Honors, &#8220;Sesame Street&#8221;, m\u00faltiples actuaciones en el &#8220;Tonight Show&#8221;, homenajes a la carrera de Frank Sinatra, John Lennon, Bruce Springsteen, The Eagles, Fleetwood Mac y otros, y una trasmisi\u00f3n internacional para las familias solicitada personalmente por el Papa Francisco.<\/p>\n<p>El compromiso de Juanes con el activismo global se extiende mucho m\u00e1s all\u00e1 del llamado al cambio social en sus apasionadas letras, <strong>el artista dedica gran tiempo y energ\u00eda al trabajo filantr\u00f3pico de su fundaci\u00f3n Mi Sangre y la serie de conciertos Paz sin Fronteras<\/strong>. Ha participado en innumerables iniciativas, entre ellas presentarse ante el Parlamento Europeo como parte de una campa\u00f1a para aumentar la conciencia sobre los peligros de las minas terrestres en el mundo, y encabez\u00f3 el segundo concierto de Paz sin Fronteras para 1.2 millones de personas en La Habana. Durante los \u00faltimos 13 a\u00f1os, a trav\u00e9s del trabajo de su fundaci\u00f3n, Juanes ha contribuido al empoderamiento de ni\u00f1os y j\u00f3venes que corren riesgo en Colombia para que se conviertan en agentes de cambio en sus comunidades y lideren la construcci\u00f3n de una cultura de paz en el pa\u00eds. A trav\u00e9s de los a\u00f1os, la fundaci\u00f3n Mi Sangre ha impactado positivamente directa e indirectamente a casi 1.5 millones de personas en 123 municipios de Colombia.<\/p>\n<p><strong>Las ganancias netas, producto de la venta de las entradas a la gala de la Persona del A\u00f1o de La Academia Latina, ser\u00e1n destinadas a la Fundaci\u00f3n Cultural Latin GRAMMY\u00ae<\/strong>, cuya misi\u00f3n es promover una concientizaci\u00f3n y aprecio a nivel internacional de los importantes aportes que hacen la m\u00fasica latina y sus creadores a la cultura mundial, as\u00ed como para proteger su rico legado y herencia musical. El objetivo ben\u00e9fico principal de la Fundaci\u00f3n es ofrecer becas a aquellos estudiantes de m\u00fasica que est\u00e9n interesados en la m\u00fasica latina y que enfrenten dificultades financieras para solventar sus estudios, as\u00ed como subvenciones a acad\u00e9micos y organizaciones del mundo entero para la investigaci\u00f3n y preservaci\u00f3n de los diversos g\u00e9neros musicales latinos.<\/p>\n","protected":false},"excerpt":{"rendered":"<p>El socio de AIE Juanes recibe este mi\u00e9rcoles en Las Vegas el galard\u00f3n como Persona del A\u00f1o 2019 de la Academia Latina de la Grabaci\u00f3n. El MGM Grand Conference Center en Las Vegas acoger\u00e1 un concierto ben\u00e9fico en su honor la v\u00edspera de la 20\u00aa edici\u00f3n del Latin Grammy. La Academia lo reconoce por &#8220;su arte creativo, sus esfuerzos humanitarios, su apoyo a artistas emergentes y sus contribuciones filantr\u00f3picas a trav\u00e9s de la Fundaci\u00f3n Mi Sangre y como cofundador de Paz Sin Fronteras&#8221;. Entre los artistas que subir\u00e1n al escenario se encuentran Alessia Cara, Juan Luis Guerra, Mon Laferte, Ozuna, Rosal\u00eda, Alejandro Sanz y Sebasti\u00e1n Yatra.<\/p>\n","protected":false},"author":3,"featured_media":30936,"comment_status":"open","ping_status":"open","sticky":false,"template":"","format":"standard","meta":{"_acf_changed":false,"_relevanssi_hide_post":"","_relevanssi_hide_content":"","_relevanssi_pin_for_all":"","_relevanssi_pin_keywords":"","_relevanssi_unpin_keywords":"","_relevanssi_related_keywords":"","_relevanssi_related_include_ids":"","_relevanssi_related_exclude_ids":"","_relevanssi_related_no_append":"","_relevanssi_related_not_related":"","_relevanssi_related_posts":"","_relevanssi_noindex_reason":"","footnotes":""},"categories":[318],"tags":[],"acf":[],"yoast_head":"<!-- This site is optimized with the Yoast SEO Premium plugin v21.5 (Yoast SEO v21.9.1) - https:\/\/yoast.com\/wordpress\/plugins\/seo\/ -->\n<title>Juanes, Persona del A\u00f1o 2019 de la Academia Latina de la Grabaci\u00f3n - AIE Sociedad de Artistas Int\u00e9rpretes o Ejecutantes de Espa\u00f1a<\/title>\n<meta name=\"robots\" content=\"index, follow, max-snippet:-1, max-image-preview:large, max-video-preview:-1\" \/>\n<link rel=\"canonical\" href=\"https:\/\/www.aie.es\/en\/juanes-persona-del-ano-2019-de-la-academia-latina-de-la-grabacion\/\" \/>\n<meta property=\"og:locale\" content=\"en_US\" \/>\n<meta property=\"og:type\" content=\"article\" \/>\n<meta property=\"og:title\" content=\"Juanes, Persona del A\u00f1o 2019 de la Academia Latina de la Grabaci\u00f3n\" \/>\n<meta property=\"og:description\" content=\"El socio de AIE Juanes recibe este mi\u00e9rcoles en Las Vegas el galard\u00f3n como Persona del A\u00f1o 2019 de la Academia Latina de la Grabaci\u00f3n. El MGM Grand Conference Center en Las Vegas acoger\u00e1 un concierto ben\u00e9fico en su honor la v\u00edspera de la 20\u00aa edici\u00f3n del Latin Grammy. La Academia lo reconoce por &quot;su arte creativo, sus esfuerzos humanitarios, su apoyo a artistas emergentes y sus contribuciones filantr\u00f3picas a trav\u00e9s de la Fundaci\u00f3n Mi Sangre y como cofundador de Paz Sin Fronteras&quot;. Entre los artistas que subir\u00e1n al escenario se encuentran Alessia Cara, Juan Luis Guerra, Mon Laferte, Ozuna, Rosal\u00eda, Alejandro Sanz y Sebasti\u00e1n Yatra.\" \/>\n<meta property=\"og:url\" content=\"https:\/\/www.aie.es\/en\/juanes-persona-del-ano-2019-de-la-academia-latina-de-la-grabacion\/\" \/>\n<meta property=\"og:site_name\" content=\"AIE Sociedad de Artistas Int\u00e9rpretes o Ejecutantes de Espa\u00f1a\" \/>\n<meta property=\"article:published_time\" content=\"2019-11-13T15:51:31+00:00\" \/>\n<meta property=\"article:modified_time\" content=\"2023-10-25T13:44:12+00:00\" \/>\n<meta property=\"og:image\" content=\"https:\/\/www.aie.es\/wp-content\/uploads\/Juanes.jpg\" \/>\n\t<meta property=\"og:image:width\" content=\"940\" \/>\n\t<meta property=\"og:image:height\" content=\"582\" \/>\n\t<meta property=\"og:image:type\" content=\"image\/jpeg\" \/>\n<meta name=\"author\" content=\"GGCOM\" \/>\n<meta name=\"twitter:card\" content=\"summary_large_image\" \/>\n<meta name=\"twitter:label1\" content=\"Written by\" \/>\n\t<meta name=\"twitter:data1\" content=\"GGCOM\" \/>\n\t<meta name=\"twitter:label2\" content=\"Est. reading time\" \/>\n\t<meta name=\"twitter:data2\" content=\"6 minutes\" \/>\n<script type=\"application\/ld+json\" class=\"yoast-schema-graph\">{\"@context\":\"https:\/\/schema.org\",\"@graph\":[{\"@type\":\"WebPage\",\"@id\":\"https:\/\/www.aie.es\/en\/juanes-persona-del-ano-2019-de-la-academia-latina-de-la-grabacion\/\",\"url\":\"https:\/\/www.aie.es\/en\/juanes-persona-del-ano-2019-de-la-academia-latina-de-la-grabacion\/\",\"name\":\"Juanes, Persona del A\u00f1o 2019 de la Academia Latina de la Grabaci\u00f3n - AIE Sociedad de Artistas Int\u00e9rpretes o Ejecutantes de Espa\u00f1a\",\"isPartOf\":{\"@id\":\"https:\/\/www.aie.es\/#website\"},\"datePublished\":\"2019-11-13T15:51:31+00:00\",\"dateModified\":\"2023-10-25T13:44:12+00:00\",\"author\":{\"@id\":\"https:\/\/www.aie.es\/#\/schema\/person\/9008ac87bc3b5836f79e2a677dace4d5\"},\"breadcrumb\":{\"@id\":\"https:\/\/www.aie.es\/en\/juanes-persona-del-ano-2019-de-la-academia-latina-de-la-grabacion\/#breadcrumb\"},\"inLanguage\":\"en-US\",\"potentialAction\":[{\"@type\":\"ReadAction\",\"target\":[\"https:\/\/www.aie.es\/en\/juanes-persona-del-ano-2019-de-la-academia-latina-de-la-grabacion\/\"]}]},{\"@type\":\"BreadcrumbList\",\"@id\":\"https:\/\/www.aie.es\/en\/juanes-persona-del-ano-2019-de-la-academia-latina-de-la-grabacion\/#breadcrumb\",\"itemListElement\":[{\"@type\":\"ListItem\",\"position\":1,\"name\":\"Portada\",\"item\":\"https:\/\/www.aie.es\/en\/\"},{\"@type\":\"ListItem\",\"position\":2,\"name\":\"Juanes, Persona del A\u00f1o 2019 de la Academia Latina de la Grabaci\u00f3n\"}]},{\"@type\":\"WebSite\",\"@id\":\"https:\/\/www.aie.es\/#website\",\"url\":\"https:\/\/www.aie.es\/\",\"name\":\"AIE Sociedad de Artistas Int\u00e9rpretes o Ejecutantes de Espa\u00f1a\",\"description\":\"Entidad de gesti\u00f3n de derechos de propiedad intelectual\",\"potentialAction\":[{\"@type\":\"SearchAction\",\"target\":{\"@type\":\"EntryPoint\",\"urlTemplate\":\"https:\/\/www.aie.es\/?s={search_term_string}\"},\"query-input\":\"required name=search_term_string\"}],\"inLanguage\":\"en-US\"},{\"@type\":\"Person\",\"@id\":\"https:\/\/www.aie.es\/#\/schema\/person\/9008ac87bc3b5836f79e2a677dace4d5\",\"name\":\"GGCOM\",\"image\":{\"@type\":\"ImageObject\",\"inLanguage\":\"en-US\",\"@id\":\"https:\/\/www.aie.es\/#\/schema\/person\/image\/\",\"url\":\"https:\/\/secure.gravatar.com\/avatar\/b4ed17baa0f661a7cbe0494fbec9b888?s=96&d=mm&r=g\",\"contentUrl\":\"https:\/\/secure.gravatar.com\/avatar\/b4ed17baa0f661a7cbe0494fbec9b888?s=96&d=mm&r=g\",\"caption\":\"GGCOM\"},\"url\":\"https:\/\/www.aie.es\/en\/author\/cgarriga\/\"}]}<\/script>\n<!-- \/ Yoast SEO Premium plugin. -->","yoast_head_json":{"title":"Juanes, Persona del A\u00f1o 2019 de la Academia Latina de la Grabaci\u00f3n - AIE Sociedad de Artistas Int\u00e9rpretes o Ejecutantes de Espa\u00f1a","robots":{"index":"index","follow":"follow","max-snippet":"max-snippet:-1","max-image-preview":"max-image-preview:large","max-video-preview":"max-video-preview:-1"},"canonical":"https:\/\/www.aie.es\/en\/juanes-persona-del-ano-2019-de-la-academia-latina-de-la-grabacion\/","og_locale":"en_US","og_type":"article","og_title":"Juanes, Persona del A\u00f1o 2019 de la Academia Latina de la Grabaci\u00f3n","og_description":"El socio de AIE Juanes recibe este mi\u00e9rcoles en Las Vegas el galard\u00f3n como Persona del A\u00f1o 2019 de la Academia Latina de la Grabaci\u00f3n. El MGM Grand Conference Center en Las Vegas acoger\u00e1 un concierto ben\u00e9fico en su honor la v\u00edspera de la 20\u00aa edici\u00f3n del Latin Grammy. La Academia lo reconoce por \"su arte creativo, sus esfuerzos humanitarios, su apoyo a artistas emergentes y sus contribuciones filantr\u00f3picas a trav\u00e9s de la Fundaci\u00f3n Mi Sangre y como cofundador de Paz Sin Fronteras\". Entre los artistas que subir\u00e1n al escenario se encuentran Alessia Cara, Juan Luis Guerra, Mon Laferte, Ozuna, Rosal\u00eda, Alejandro Sanz y Sebasti\u00e1n Yatra.","og_url":"https:\/\/www.aie.es\/en\/juanes-persona-del-ano-2019-de-la-academia-latina-de-la-grabacion\/","og_site_name":"AIE Sociedad de Artistas Int\u00e9rpretes o Ejecutantes de Espa\u00f1a","article_published_time":"2019-11-13T15:51:31+00:00","article_modified_time":"2023-10-25T13:44:12+00:00","og_image":[{"width":940,"height":582,"url":"https:\/\/www.aie.es\/wp-content\/uploads\/Juanes.jpg","type":"image\/jpeg"}],"author":"GGCOM","twitter_card":"summary_large_image","twitter_misc":{"Written by":"GGCOM","Est. reading time":"6 minutes"},"schema":{"@context":"https:\/\/schema.org","@graph":[{"@type":"WebPage","@id":"https:\/\/www.aie.es\/en\/juanes-persona-del-ano-2019-de-la-academia-latina-de-la-grabacion\/","url":"https:\/\/www.aie.es\/en\/juanes-persona-del-ano-2019-de-la-academia-latina-de-la-grabacion\/","name":"Juanes, Persona del A\u00f1o 2019 de la Academia Latina de la Grabaci\u00f3n - AIE Sociedad de Artistas Int\u00e9rpretes o Ejecutantes de Espa\u00f1a","isPartOf":{"@id":"https:\/\/www.aie.es\/#website"},"datePublished":"2019-11-13T15:51:31+00:00","dateModified":"2023-10-25T13:44:12+00:00","author":{"@id":"https:\/\/www.aie.es\/#\/schema\/person\/9008ac87bc3b5836f79e2a677dace4d5"},"breadcrumb":{"@id":"https:\/\/www.aie.es\/en\/juanes-persona-del-ano-2019-de-la-academia-latina-de-la-grabacion\/#breadcrumb"},"inLanguage":"en-US","potentialAction":[{"@type":"ReadAction","target":["https:\/\/www.aie.es\/en\/juanes-persona-del-ano-2019-de-la-academia-latina-de-la-grabacion\/"]}]},{"@type":"BreadcrumbList","@id":"https:\/\/www.aie.es\/en\/juanes-persona-del-ano-2019-de-la-academia-latina-de-la-grabacion\/#breadcrumb","itemListElement":[{"@type":"ListItem","position":1,"name":"Portada","item":"https:\/\/www.aie.es\/en\/"},{"@type":"ListItem","position":2,"name":"Juanes, Persona del A\u00f1o 2019 de la Academia Latina de la Grabaci\u00f3n"}]},{"@type":"WebSite","@id":"https:\/\/www.aie.es\/#website","url":"https:\/\/www.aie.es\/","name":"AIE Sociedad de Artistas Int\u00e9rpretes o Ejecutantes de Espa\u00f1a","description":"Entidad de gesti\u00f3n de derechos de propiedad intelectual","potentialAction":[{"@type":"SearchAction","target":{"@type":"EntryPoint","urlTemplate":"https:\/\/www.aie.es\/?s={search_term_string}"},"query-input":"required name=search_term_string"}],"inLanguage":"en-US"},{"@type":"Person","@id":"https:\/\/www.aie.es\/#\/schema\/person\/9008ac87bc3b5836f79e2a677dace4d5","name":"GGCOM","image":{"@type":"ImageObject","inLanguage":"en-US","@id":"https:\/\/www.aie.es\/#\/schema\/person\/image\/","url":"https:\/\/secure.gravatar.com\/avatar\/b4ed17baa0f661a7cbe0494fbec9b888?s=96&d=mm&r=g","contentUrl":"https:\/\/secure.gravatar.com\/avatar\/b4ed17baa0f661a7cbe0494fbec9b888?s=96&d=mm&r=g","caption":"GGCOM"},"url":"https:\/\/www.aie.es\/en\/author\/cgarriga\/"}]}},"_links":{"self":[{"href":"https:\/\/www.aie.es\/en\/wp-json\/wp\/v2\/posts\/30938"}],"collection":[{"href":"https:\/\/www.aie.es\/en\/wp-json\/wp\/v2\/posts"}],"about":[{"href":"https:\/\/www.aie.es\/en\/wp-json\/wp\/v2\/types\/post"}],"author":[{"embeddable":true,"href":"https:\/\/www.aie.es\/en\/wp-json\/wp\/v2\/users\/3"}],"replies":[{"embeddable":true,"href":"https:\/\/www.aie.es\/en\/wp-json\/wp\/v2\/comments?post=30938"}],"version-history":[{"count":3,"href":"https:\/\/www.aie.es\/en\/wp-json\/wp\/v2\/posts\/30938\/revisions"}],"predecessor-version":[{"id":45474,"href":"https:\/\/www.aie.es\/en\/wp-json\/wp\/v2\/posts\/30938\/revisions\/45474"}],"wp:featuredmedia":[{"embeddable":true,"href":"https:\/\/www.aie.es\/en\/wp-json\/wp\/v2\/media\/30936"}],"wp:attachment":[{"href":"https:\/\/www.aie.es\/en\/wp-json\/wp\/v2\/media?parent=30938"}],"wp:term":[{"taxonomy":"category","embeddable":true,"href":"https:\/\/www.aie.es\/en\/wp-json\/wp\/v2\/categories?post=30938"},{"taxonomy":"post_tag","embeddable":true,"href":"https:\/\/www.aie.es\/en\/wp-json\/wp\/v2\/tags?post=30938"}],"curies":[{"name":"wp","href":"https:\/\/api.w.org\/{rel}","templated":true}]}}