{"id":31109,"date":"2019-11-25T12:54:02","date_gmt":"2019-11-25T11:54:02","guid":{"rendered":"https:\/\/www.aie.es\/aie-acoge-congreso-ampe\/"},"modified":"2019-11-25T12:54:02","modified_gmt":"2019-11-25T11:54:02","slug":"aie-acoge-congreso-ampe","status":"publish","type":"post","link":"https:\/\/www.aie.es\/en\/aie-acoge-congreso-ampe\/","title":{"rendered":"AIE recibe el Premio de la M\u00fasica Alfonso X de 2019"},"content":{"rendered":"<p><img decoding=\"async\" class=\"aligncenter size-full wp-image-31092\" src=\"https:\/\/www.aie.es\/wp-content\/uploads\/PremioAMPE3.jpg\" alt=\"\" width=\"940\" height=\"529\" srcset=\"https:\/\/www.aie.es\/wp-content\/uploads\/PremioAMPE3.jpg 940w, https:\/\/www.aie.es\/wp-content\/uploads\/PremioAMPE3-300x169.jpg 300w, https:\/\/www.aie.es\/wp-content\/uploads\/PremioAMPE3-768x432.jpg 768w, https:\/\/www.aie.es\/wp-content\/uploads\/PremioAMPE3-700x394.jpg 700w, https:\/\/www.aie.es\/wp-content\/uploads\/PremioAMPE3-539x303.jpg 539w\" sizes=\"(max-width: 940px) 100vw, 940px\" \/><\/p>\n<p>El congreso de <a href=\"https:\/\/ampemusicos.com\/\" target=\"_blank\" rel=\"noopener noreferrer\">AMPE<\/a>, que congreg\u00f3 a decenas de profesionales en la sede madrile\u00f1a de AIE, permiti\u00f3 reflexionar sobre la situaci\u00f3n actual de la m\u00fasica y como otras profesiones y especialidades transversales afectan a las artes esc\u00e9nicas en general, y muy especialmente a la m\u00fasica, desde el punto de vista profesional, social, cultural, formativo, laboral, normativo, jur\u00eddico, tecnol\u00f3gico y, en general, en relaci\u00f3n a la creaci\u00f3n, investigaci\u00f3n e innovaci\u00f3n y la gesti\u00f3n de los derechos de los artistas.<\/p>\n<p><img decoding=\"async\" class=\"aligncenter size-full wp-image-31090\" src=\"https:\/\/www.aie.es\/wp-content\/uploads\/PremioAMPE2.jpg\" alt=\"\" width=\"940\" height=\"529\" srcset=\"https:\/\/www.aie.es\/wp-content\/uploads\/PremioAMPE2.jpg 940w, https:\/\/www.aie.es\/wp-content\/uploads\/PremioAMPE2-300x169.jpg 300w, https:\/\/www.aie.es\/wp-content\/uploads\/PremioAMPE2-768x432.jpg 768w, https:\/\/www.aie.es\/wp-content\/uploads\/PremioAMPE2-700x394.jpg 700w, https:\/\/www.aie.es\/wp-content\/uploads\/PremioAMPE2-539x303.jpg 539w\" sizes=\"(max-width: 940px) 100vw, 940px\" \/><\/p>\n<p>En el congreso, que se desarroll\u00f3 a partir de <a href=\"https:\/\/www.aie.es\/wp-content\/uploads\/Programa_III_Congreso_AMPE.pdf\" target=\"_blank\" rel=\"noopener noreferrer\">un completo programa<\/a>, intervinieron personalidades y t\u00e9cnicos profesionales de excelencia, sociedades de gesti\u00f3n, asociaciones nacionales, tanto a nivel auton\u00f3mico como internacional y profesionales del derecho, &#8220;con el objetivo com\u00fan de -seg\u00fan detallan los organizadores- encontrar y proponer v\u00edas de soluci\u00f3n a los problemas que vivimos los m\u00fasicos en la actividad diaria&#8221;.<\/p>\n<p><img decoding=\"async\" class=\"aligncenter size-full wp-image-31094\" src=\"https:\/\/www.aie.es\/wp-content\/uploads\/PremioAMPE4.jpg\" alt=\"\" width=\"940\" height=\"529\" srcset=\"https:\/\/www.aie.es\/wp-content\/uploads\/PremioAMPE4.jpg 940w, https:\/\/www.aie.es\/wp-content\/uploads\/PremioAMPE4-300x169.jpg 300w, https:\/\/www.aie.es\/wp-content\/uploads\/PremioAMPE4-768x432.jpg 768w, https:\/\/www.aie.es\/wp-content\/uploads\/PremioAMPE4-700x394.jpg 700w, https:\/\/www.aie.es\/wp-content\/uploads\/PremioAMPE4-539x303.jpg 539w\" sizes=\"(max-width: 940px) 100vw, 940px\" \/><\/p>\n<p><iframe src=\"https:\/\/www.youtube.com\/embed\/lEWk8342Gfo?controls=0\" width=\"940\" height=\"560\" frameborder=\"0\" allowfullscreen=\"allowfullscreen\"><span data-mce-type=\"bookmark\" style=\"display: inline-block; width: 0px; overflow: hidden; line-height: 0;\" class=\"mce_SELRES_start\">\ufeff<\/span><\/iframe><\/p>\n","protected":false},"excerpt":{"rendered":"<p>La sede de AIE acogi\u00f3 el III Congreso de la Asociaci\u00f3n de m\u00fasicos profesionales de Espa\u00f1a (AMPE), celebrado con motivo del XX Aniversario de la asociaci\u00f3n los pasados 22 y 23 de noviembre. La Sociedad de Artistas AIE recibi\u00f3, &#8220;por su compromiso y excelencia en la protecci\u00f3n de los derechos de artistas, int\u00e9rpretes y ejecutantes&#8221;, el Premio de la M\u00fasica Alfonso X Entidad de Gesti\u00f3n 2019, que recogi\u00f3 su presidente, Luis Cobos. <\/p>\n","protected":false},"author":3,"featured_media":31097,"comment_status":"open","ping_status":"open","sticky":false,"template":"","format":"standard","meta":{"_acf_changed":false,"_relevanssi_hide_post":"","_relevanssi_hide_content":"","_relevanssi_pin_for_all":"","_relevanssi_pin_keywords":"","_relevanssi_unpin_keywords":"","_relevanssi_related_keywords":"","_relevanssi_related_include_ids":"","_relevanssi_related_exclude_ids":"","_relevanssi_related_no_append":"","_relevanssi_related_not_related":"","_relevanssi_related_posts":"","_relevanssi_noindex_reason":"","footnotes":""},"categories":[325],"tags":[],"acf":[],"yoast_head":"<!-- This site is optimized with the Yoast SEO Premium plugin v21.5 (Yoast SEO v21.9.1) - https:\/\/yoast.com\/wordpress\/plugins\/seo\/ -->\n<title>AIE recibe el Premio de la M\u00fasica Alfonso X de 2019 - AIE Sociedad de Artistas Int\u00e9rpretes o Ejecutantes de Espa\u00f1a<\/title>\n<meta name=\"robots\" content=\"index, follow, max-snippet:-1, max-image-preview:large, max-video-preview:-1\" \/>\n<link rel=\"canonical\" href=\"https:\/\/www.aie.es\/en\/aie-acoge-congreso-ampe\/\" \/>\n<meta property=\"og:locale\" content=\"en_US\" \/>\n<meta property=\"og:type\" content=\"article\" \/>\n<meta property=\"og:title\" content=\"AIE recibe el Premio de la M\u00fasica Alfonso X de 2019\" \/>\n<meta property=\"og:description\" content=\"La sede de AIE acogi\u00f3 el III Congreso de la Asociaci\u00f3n de m\u00fasicos profesionales de Espa\u00f1a (AMPE), celebrado con motivo del XX Aniversario de la asociaci\u00f3n los pasados 22 y 23 de noviembre. La Sociedad de Artistas AIE recibi\u00f3, &quot;por su compromiso y excelencia en la protecci\u00f3n de los derechos de artistas, int\u00e9rpretes y ejecutantes&quot;, el Premio de la M\u00fasica Alfonso X Entidad de Gesti\u00f3n 2019, que recogi\u00f3 su presidente, Luis Cobos.\" \/>\n<meta property=\"og:url\" content=\"https:\/\/www.aie.es\/en\/aie-acoge-congreso-ampe\/\" \/>\n<meta property=\"og:site_name\" content=\"AIE Sociedad de Artistas Int\u00e9rpretes o Ejecutantes de Espa\u00f1a\" \/>\n<meta property=\"article:published_time\" content=\"2019-11-25T11:54:02+00:00\" \/>\n<meta property=\"og:image\" content=\"https:\/\/www.aie.es\/wp-content\/uploads\/PremioAMPEport.jpg\" \/>\n\t<meta property=\"og:image:width\" content=\"661\" \/>\n\t<meta property=\"og:image:height\" content=\"529\" \/>\n\t<meta property=\"og:image:type\" content=\"image\/jpeg\" \/>\n<meta name=\"author\" content=\"GGCOM\" \/>\n<meta name=\"twitter:card\" content=\"summary_large_image\" \/>\n<meta name=\"twitter:label1\" content=\"Written by\" \/>\n\t<meta name=\"twitter:data1\" content=\"GGCOM\" \/>\n\t<meta name=\"twitter:label2\" content=\"Est. reading time\" \/>\n\t<meta name=\"twitter:data2\" content=\"1 minute\" \/>\n<script type=\"application\/ld+json\" class=\"yoast-schema-graph\">{\"@context\":\"https:\/\/schema.org\",\"@graph\":[{\"@type\":\"WebPage\",\"@id\":\"https:\/\/www.aie.es\/en\/aie-acoge-congreso-ampe\/\",\"url\":\"https:\/\/www.aie.es\/en\/aie-acoge-congreso-ampe\/\",\"name\":\"AIE recibe el Premio de la M\u00fasica Alfonso X de 2019 - AIE Sociedad de Artistas Int\u00e9rpretes o Ejecutantes de Espa\u00f1a\",\"isPartOf\":{\"@id\":\"https:\/\/www.aie.es\/#website\"},\"datePublished\":\"2019-11-25T11:54:02+00:00\",\"dateModified\":\"2019-11-25T11:54:02+00:00\",\"author\":{\"@id\":\"https:\/\/www.aie.es\/#\/schema\/person\/9008ac87bc3b5836f79e2a677dace4d5\"},\"breadcrumb\":{\"@id\":\"https:\/\/www.aie.es\/en\/aie-acoge-congreso-ampe\/#breadcrumb\"},\"inLanguage\":\"en-US\",\"potentialAction\":[{\"@type\":\"ReadAction\",\"target\":[\"https:\/\/www.aie.es\/en\/aie-acoge-congreso-ampe\/\"]}]},{\"@type\":\"BreadcrumbList\",\"@id\":\"https:\/\/www.aie.es\/en\/aie-acoge-congreso-ampe\/#breadcrumb\",\"itemListElement\":[{\"@type\":\"ListItem\",\"position\":1,\"name\":\"Portada\",\"item\":\"https:\/\/www.aie.es\/en\/\"},{\"@type\":\"ListItem\",\"position\":2,\"name\":\"AIE recibe el Premio de la M\u00fasica Alfonso X de 2019\"}]},{\"@type\":\"WebSite\",\"@id\":\"https:\/\/www.aie.es\/#website\",\"url\":\"https:\/\/www.aie.es\/\",\"name\":\"AIE Sociedad de Artistas Int\u00e9rpretes o Ejecutantes de Espa\u00f1a\",\"description\":\"Entidad de gesti\u00f3n de derechos de propiedad intelectual\",\"potentialAction\":[{\"@type\":\"SearchAction\",\"target\":{\"@type\":\"EntryPoint\",\"urlTemplate\":\"https:\/\/www.aie.es\/?s={search_term_string}\"},\"query-input\":\"required name=search_term_string\"}],\"inLanguage\":\"en-US\"},{\"@type\":\"Person\",\"@id\":\"https:\/\/www.aie.es\/#\/schema\/person\/9008ac87bc3b5836f79e2a677dace4d5\",\"name\":\"GGCOM\",\"image\":{\"@type\":\"ImageObject\",\"inLanguage\":\"en-US\",\"@id\":\"https:\/\/www.aie.es\/#\/schema\/person\/image\/\",\"url\":\"https:\/\/secure.gravatar.com\/avatar\/b4ed17baa0f661a7cbe0494fbec9b888?s=96&d=mm&r=g\",\"contentUrl\":\"https:\/\/secure.gravatar.com\/avatar\/b4ed17baa0f661a7cbe0494fbec9b888?s=96&d=mm&r=g\",\"caption\":\"GGCOM\"},\"url\":\"https:\/\/www.aie.es\/en\/author\/cgarriga\/\"}]}<\/script>\n<!-- \/ Yoast SEO Premium plugin. -->","yoast_head_json":{"title":"AIE recibe el Premio de la M\u00fasica Alfonso X de 2019 - AIE Sociedad de Artistas Int\u00e9rpretes o Ejecutantes de Espa\u00f1a","robots":{"index":"index","follow":"follow","max-snippet":"max-snippet:-1","max-image-preview":"max-image-preview:large","max-video-preview":"max-video-preview:-1"},"canonical":"https:\/\/www.aie.es\/en\/aie-acoge-congreso-ampe\/","og_locale":"en_US","og_type":"article","og_title":"AIE recibe el Premio de la M\u00fasica Alfonso X de 2019","og_description":"La sede de AIE acogi\u00f3 el III Congreso de la Asociaci\u00f3n de m\u00fasicos profesionales de Espa\u00f1a (AMPE), celebrado con motivo del XX Aniversario de la asociaci\u00f3n los pasados 22 y 23 de noviembre. La Sociedad de Artistas AIE recibi\u00f3, \"por su compromiso y excelencia en la protecci\u00f3n de los derechos de artistas, int\u00e9rpretes y ejecutantes\", el Premio de la M\u00fasica Alfonso X Entidad de Gesti\u00f3n 2019, que recogi\u00f3 su presidente, Luis Cobos.","og_url":"https:\/\/www.aie.es\/en\/aie-acoge-congreso-ampe\/","og_site_name":"AIE Sociedad de Artistas Int\u00e9rpretes o Ejecutantes de Espa\u00f1a","article_published_time":"2019-11-25T11:54:02+00:00","og_image":[{"width":661,"height":529,"url":"https:\/\/www.aie.es\/wp-content\/uploads\/PremioAMPEport.jpg","type":"image\/jpeg"}],"author":"GGCOM","twitter_card":"summary_large_image","twitter_misc":{"Written by":"GGCOM","Est. reading time":"1 minute"},"schema":{"@context":"https:\/\/schema.org","@graph":[{"@type":"WebPage","@id":"https:\/\/www.aie.es\/en\/aie-acoge-congreso-ampe\/","url":"https:\/\/www.aie.es\/en\/aie-acoge-congreso-ampe\/","name":"AIE recibe el Premio de la M\u00fasica Alfonso X de 2019 - AIE Sociedad de Artistas Int\u00e9rpretes o Ejecutantes de Espa\u00f1a","isPartOf":{"@id":"https:\/\/www.aie.es\/#website"},"datePublished":"2019-11-25T11:54:02+00:00","dateModified":"2019-11-25T11:54:02+00:00","author":{"@id":"https:\/\/www.aie.es\/#\/schema\/person\/9008ac87bc3b5836f79e2a677dace4d5"},"breadcrumb":{"@id":"https:\/\/www.aie.es\/en\/aie-acoge-congreso-ampe\/#breadcrumb"},"inLanguage":"en-US","potentialAction":[{"@type":"ReadAction","target":["https:\/\/www.aie.es\/en\/aie-acoge-congreso-ampe\/"]}]},{"@type":"BreadcrumbList","@id":"https:\/\/www.aie.es\/en\/aie-acoge-congreso-ampe\/#breadcrumb","itemListElement":[{"@type":"ListItem","position":1,"name":"Portada","item":"https:\/\/www.aie.es\/en\/"},{"@type":"ListItem","position":2,"name":"AIE recibe el Premio de la M\u00fasica Alfonso X de 2019"}]},{"@type":"WebSite","@id":"https:\/\/www.aie.es\/#website","url":"https:\/\/www.aie.es\/","name":"AIE Sociedad de Artistas Int\u00e9rpretes o Ejecutantes de Espa\u00f1a","description":"Entidad de gesti\u00f3n de derechos de propiedad intelectual","potentialAction":[{"@type":"SearchAction","target":{"@type":"EntryPoint","urlTemplate":"https:\/\/www.aie.es\/?s={search_term_string}"},"query-input":"required name=search_term_string"}],"inLanguage":"en-US"},{"@type":"Person","@id":"https:\/\/www.aie.es\/#\/schema\/person\/9008ac87bc3b5836f79e2a677dace4d5","name":"GGCOM","image":{"@type":"ImageObject","inLanguage":"en-US","@id":"https:\/\/www.aie.es\/#\/schema\/person\/image\/","url":"https:\/\/secure.gravatar.com\/avatar\/b4ed17baa0f661a7cbe0494fbec9b888?s=96&d=mm&r=g","contentUrl":"https:\/\/secure.gravatar.com\/avatar\/b4ed17baa0f661a7cbe0494fbec9b888?s=96&d=mm&r=g","caption":"GGCOM"},"url":"https:\/\/www.aie.es\/en\/author\/cgarriga\/"}]}},"_links":{"self":[{"href":"https:\/\/www.aie.es\/en\/wp-json\/wp\/v2\/posts\/31109"}],"collection":[{"href":"https:\/\/www.aie.es\/en\/wp-json\/wp\/v2\/posts"}],"about":[{"href":"https:\/\/www.aie.es\/en\/wp-json\/wp\/v2\/types\/post"}],"author":[{"embeddable":true,"href":"https:\/\/www.aie.es\/en\/wp-json\/wp\/v2\/users\/3"}],"replies":[{"embeddable":true,"href":"https:\/\/www.aie.es\/en\/wp-json\/wp\/v2\/comments?post=31109"}],"version-history":[{"count":0,"href":"https:\/\/www.aie.es\/en\/wp-json\/wp\/v2\/posts\/31109\/revisions"}],"wp:featuredmedia":[{"embeddable":true,"href":"https:\/\/www.aie.es\/en\/wp-json\/wp\/v2\/media\/31097"}],"wp:attachment":[{"href":"https:\/\/www.aie.es\/en\/wp-json\/wp\/v2\/media?parent=31109"}],"wp:term":[{"taxonomy":"category","embeddable":true,"href":"https:\/\/www.aie.es\/en\/wp-json\/wp\/v2\/categories?post=31109"},{"taxonomy":"post_tag","embeddable":true,"href":"https:\/\/www.aie.es\/en\/wp-json\/wp\/v2\/tags?post=31109"}],"curies":[{"name":"wp","href":"https:\/\/api.w.org\/{rel}","templated":true}]}}