{"id":31711,"date":"2020-01-28T05:10:04","date_gmt":"2020-01-28T04:10:04","guid":{"rendered":"https:\/\/www.aie.es\/alberto-iglesias-y-javier-ruibal-goya-a-la-mejor-musica-original-y-a-la-mejor-cancion\/"},"modified":"2020-01-29T01:53:00","modified_gmt":"2020-01-29T00:53:00","slug":"alberto-iglesias-y-javier-ruibal-goya-a-la-mejor-musica-original-y-a-la-mejor-cancion","status":"publish","type":"post","link":"https:\/\/www.aie.es\/en\/alberto-iglesias-y-javier-ruibal-goya-a-la-mejor-musica-original-y-a-la-mejor-cancion\/","title":{"rendered":"Alberto Iglesias y Javier Ruibal, Goya a la Mejor m\u00fasica original y a la Mejor canci\u00f3n"},"content":{"rendered":"<p><img decoding=\"async\" class=\"aligncenter size-full wp-image-31757\" src=\"https:\/\/www.aie.es\/wp-content\/uploads\/fotos-goya-2.jpg\" alt=\"\" width=\"940\" height=\"625\" srcset=\"https:\/\/www.aie.es\/wp-content\/uploads\/fotos-goya-2.jpg 940w, https:\/\/www.aie.es\/wp-content\/uploads\/fotos-goya-2-300x199.jpg 300w, https:\/\/www.aie.es\/wp-content\/uploads\/fotos-goya-2-768x511.jpg 768w, https:\/\/www.aie.es\/wp-content\/uploads\/fotos-goya-2-700x465.jpg 700w\" sizes=\"(max-width: 940px) 100vw, 940px\" \/><\/p>\n","protected":false},"excerpt":{"rendered":"<p>El compositor Alberto Iglesias se ha vuelto a alzar como ganador del Goya a Mejor m\u00fasica original en la 34\u00aa Edici\u00f3n de los Premios Goya. Por otro lado, el cantautor y compositor Javier Ruibal se ha alzado con el Goya a Mejor canci\u00f3n original por Intemperie, en la pel\u00edcula hom\u00f3nima de Benito Zambrano, y Ara Malikian, una vida entre las cuerdas, dirigida por Nata Moreno, ha sido premiada con el Goya a la Mejor pel\u00edcula documental. Por \u00faltimo, Pepa Flores &#8216;Marisol&#8217; fue galardonada con el Goya de Honor, que recogieron en su nombre sus hijas Mar\u00eda, Tamara y Celia.<\/p>\n","protected":false},"author":3,"featured_media":0,"comment_status":"open","ping_status":"open","sticky":false,"template":"","format":"standard","meta":{"_acf_changed":false,"_relevanssi_hide_post":"","_relevanssi_hide_content":"","_relevanssi_pin_for_all":"","_relevanssi_pin_keywords":"","_relevanssi_unpin_keywords":"","_relevanssi_related_keywords":"","_relevanssi_related_include_ids":"","_relevanssi_related_exclude_ids":"","_relevanssi_related_no_append":"","_relevanssi_related_not_related":"","_relevanssi_related_posts":"","_relevanssi_noindex_reason":"","footnotes":""},"categories":[326],"tags":[],"acf":[],"yoast_head":"<!-- This site is optimized with the Yoast SEO Premium plugin v21.5 (Yoast SEO v21.9.1) - https:\/\/yoast.com\/wordpress\/plugins\/seo\/ -->\n<title>Alberto Iglesias y Javier Ruibal, Goya a la Mejor m\u00fasica original y a la Mejor canci\u00f3n - AIE Sociedad de Artistas Int\u00e9rpretes o Ejecutantes de Espa\u00f1a<\/title>\n<meta name=\"robots\" content=\"index, follow, max-snippet:-1, max-image-preview:large, max-video-preview:-1\" \/>\n<link rel=\"canonical\" href=\"https:\/\/www.aie.es\/en\/alberto-iglesias-y-javier-ruibal-goya-a-la-mejor-musica-original-y-a-la-mejor-cancion\/\" \/>\n<meta property=\"og:locale\" content=\"en_US\" \/>\n<meta property=\"og:type\" content=\"article\" \/>\n<meta property=\"og:title\" content=\"Alberto Iglesias y Javier Ruibal, Goya a la Mejor m\u00fasica original y a la Mejor canci\u00f3n\" \/>\n<meta property=\"og:description\" content=\"El compositor Alberto Iglesias se ha vuelto a alzar como ganador del Goya a Mejor m\u00fasica original en la 34\u00aa Edici\u00f3n de los Premios Goya. Por otro lado, el cantautor y compositor Javier Ruibal se ha alzado con el Goya a Mejor canci\u00f3n original por Intemperie, en la pel\u00edcula hom\u00f3nima de Benito Zambrano, y Ara Malikian, una vida entre las cuerdas, dirigida por Nata Moreno, ha sido premiada con el Goya a la Mejor pel\u00edcula documental. Por \u00faltimo, Pepa Flores &#039;Marisol&#039; fue galardonada con el Goya de Honor, que recogieron en su nombre sus hijas Mar\u00eda, Tamara y Celia.\" \/>\n<meta property=\"og:url\" content=\"https:\/\/www.aie.es\/en\/alberto-iglesias-y-javier-ruibal-goya-a-la-mejor-musica-original-y-a-la-mejor-cancion\/\" \/>\n<meta property=\"og:site_name\" content=\"AIE Sociedad de Artistas Int\u00e9rpretes o Ejecutantes de Espa\u00f1a\" \/>\n<meta property=\"article:published_time\" content=\"2020-01-28T04:10:04+00:00\" \/>\n<meta property=\"article:modified_time\" content=\"2020-01-29T00:53:00+00:00\" \/>\n<meta property=\"og:image\" content=\"https:\/\/www.aie.es\/wp-content\/uploads\/fotos-goya-2.jpg\" \/>\n<meta name=\"author\" content=\"GGCOM\" \/>\n<meta name=\"twitter:card\" content=\"summary_large_image\" \/>\n<meta name=\"twitter:label1\" content=\"Written by\" \/>\n\t<meta name=\"twitter:data1\" content=\"GGCOM\" \/>\n<script type=\"application\/ld+json\" class=\"yoast-schema-graph\">{\"@context\":\"https:\/\/schema.org\",\"@graph\":[{\"@type\":\"WebPage\",\"@id\":\"https:\/\/www.aie.es\/en\/alberto-iglesias-y-javier-ruibal-goya-a-la-mejor-musica-original-y-a-la-mejor-cancion\/\",\"url\":\"https:\/\/www.aie.es\/en\/alberto-iglesias-y-javier-ruibal-goya-a-la-mejor-musica-original-y-a-la-mejor-cancion\/\",\"name\":\"Alberto Iglesias y Javier Ruibal, Goya a la Mejor m\u00fasica original y a la Mejor canci\u00f3n - AIE Sociedad de Artistas Int\u00e9rpretes o Ejecutantes de Espa\u00f1a\",\"isPartOf\":{\"@id\":\"https:\/\/www.aie.es\/#website\"},\"datePublished\":\"2020-01-28T04:10:04+00:00\",\"dateModified\":\"2020-01-29T00:53:00+00:00\",\"author\":{\"@id\":\"https:\/\/www.aie.es\/#\/schema\/person\/9008ac87bc3b5836f79e2a677dace4d5\"},\"breadcrumb\":{\"@id\":\"https:\/\/www.aie.es\/en\/alberto-iglesias-y-javier-ruibal-goya-a-la-mejor-musica-original-y-a-la-mejor-cancion\/#breadcrumb\"},\"inLanguage\":\"en-US\",\"potentialAction\":[{\"@type\":\"ReadAction\",\"target\":[\"https:\/\/www.aie.es\/en\/alberto-iglesias-y-javier-ruibal-goya-a-la-mejor-musica-original-y-a-la-mejor-cancion\/\"]}]},{\"@type\":\"BreadcrumbList\",\"@id\":\"https:\/\/www.aie.es\/en\/alberto-iglesias-y-javier-ruibal-goya-a-la-mejor-musica-original-y-a-la-mejor-cancion\/#breadcrumb\",\"itemListElement\":[{\"@type\":\"ListItem\",\"position\":1,\"name\":\"Portada\",\"item\":\"https:\/\/www.aie.es\/en\/\"},{\"@type\":\"ListItem\",\"position\":2,\"name\":\"Alberto Iglesias y Javier Ruibal, Goya a la Mejor m\u00fasica original y a la Mejor canci\u00f3n\"}]},{\"@type\":\"WebSite\",\"@id\":\"https:\/\/www.aie.es\/#website\",\"url\":\"https:\/\/www.aie.es\/\",\"name\":\"AIE Sociedad de Artistas Int\u00e9rpretes o Ejecutantes de Espa\u00f1a\",\"description\":\"Entidad de gesti\u00f3n de derechos de propiedad intelectual\",\"potentialAction\":[{\"@type\":\"SearchAction\",\"target\":{\"@type\":\"EntryPoint\",\"urlTemplate\":\"https:\/\/www.aie.es\/?s={search_term_string}\"},\"query-input\":\"required name=search_term_string\"}],\"inLanguage\":\"en-US\"},{\"@type\":\"Person\",\"@id\":\"https:\/\/www.aie.es\/#\/schema\/person\/9008ac87bc3b5836f79e2a677dace4d5\",\"name\":\"GGCOM\",\"image\":{\"@type\":\"ImageObject\",\"inLanguage\":\"en-US\",\"@id\":\"https:\/\/www.aie.es\/#\/schema\/person\/image\/\",\"url\":\"https:\/\/secure.gravatar.com\/avatar\/b4ed17baa0f661a7cbe0494fbec9b888?s=96&d=mm&r=g\",\"contentUrl\":\"https:\/\/secure.gravatar.com\/avatar\/b4ed17baa0f661a7cbe0494fbec9b888?s=96&d=mm&r=g\",\"caption\":\"GGCOM\"},\"url\":\"https:\/\/www.aie.es\/en\/author\/cgarriga\/\"}]}<\/script>\n<!-- \/ Yoast SEO Premium plugin. -->","yoast_head_json":{"title":"Alberto Iglesias y Javier Ruibal, Goya a la Mejor m\u00fasica original y a la Mejor canci\u00f3n - AIE Sociedad de Artistas Int\u00e9rpretes o Ejecutantes de Espa\u00f1a","robots":{"index":"index","follow":"follow","max-snippet":"max-snippet:-1","max-image-preview":"max-image-preview:large","max-video-preview":"max-video-preview:-1"},"canonical":"https:\/\/www.aie.es\/en\/alberto-iglesias-y-javier-ruibal-goya-a-la-mejor-musica-original-y-a-la-mejor-cancion\/","og_locale":"en_US","og_type":"article","og_title":"Alberto Iglesias y Javier Ruibal, Goya a la Mejor m\u00fasica original y a la Mejor canci\u00f3n","og_description":"El compositor Alberto Iglesias se ha vuelto a alzar como ganador del Goya a Mejor m\u00fasica original en la 34\u00aa Edici\u00f3n de los Premios Goya. Por otro lado, el cantautor y compositor Javier Ruibal se ha alzado con el Goya a Mejor canci\u00f3n original por Intemperie, en la pel\u00edcula hom\u00f3nima de Benito Zambrano, y Ara Malikian, una vida entre las cuerdas, dirigida por Nata Moreno, ha sido premiada con el Goya a la Mejor pel\u00edcula documental. Por \u00faltimo, Pepa Flores 'Marisol' fue galardonada con el Goya de Honor, que recogieron en su nombre sus hijas Mar\u00eda, Tamara y Celia.","og_url":"https:\/\/www.aie.es\/en\/alberto-iglesias-y-javier-ruibal-goya-a-la-mejor-musica-original-y-a-la-mejor-cancion\/","og_site_name":"AIE Sociedad de Artistas Int\u00e9rpretes o Ejecutantes de Espa\u00f1a","article_published_time":"2020-01-28T04:10:04+00:00","article_modified_time":"2020-01-29T00:53:00+00:00","og_image":[{"url":"https:\/\/www.aie.es\/wp-content\/uploads\/fotos-goya-2.jpg"}],"author":"GGCOM","twitter_card":"summary_large_image","twitter_misc":{"Written by":"GGCOM"},"schema":{"@context":"https:\/\/schema.org","@graph":[{"@type":"WebPage","@id":"https:\/\/www.aie.es\/en\/alberto-iglesias-y-javier-ruibal-goya-a-la-mejor-musica-original-y-a-la-mejor-cancion\/","url":"https:\/\/www.aie.es\/en\/alberto-iglesias-y-javier-ruibal-goya-a-la-mejor-musica-original-y-a-la-mejor-cancion\/","name":"Alberto Iglesias y Javier Ruibal, Goya a la Mejor m\u00fasica original y a la Mejor canci\u00f3n - AIE Sociedad de Artistas Int\u00e9rpretes o Ejecutantes de Espa\u00f1a","isPartOf":{"@id":"https:\/\/www.aie.es\/#website"},"datePublished":"2020-01-28T04:10:04+00:00","dateModified":"2020-01-29T00:53:00+00:00","author":{"@id":"https:\/\/www.aie.es\/#\/schema\/person\/9008ac87bc3b5836f79e2a677dace4d5"},"breadcrumb":{"@id":"https:\/\/www.aie.es\/en\/alberto-iglesias-y-javier-ruibal-goya-a-la-mejor-musica-original-y-a-la-mejor-cancion\/#breadcrumb"},"inLanguage":"en-US","potentialAction":[{"@type":"ReadAction","target":["https:\/\/www.aie.es\/en\/alberto-iglesias-y-javier-ruibal-goya-a-la-mejor-musica-original-y-a-la-mejor-cancion\/"]}]},{"@type":"BreadcrumbList","@id":"https:\/\/www.aie.es\/en\/alberto-iglesias-y-javier-ruibal-goya-a-la-mejor-musica-original-y-a-la-mejor-cancion\/#breadcrumb","itemListElement":[{"@type":"ListItem","position":1,"name":"Portada","item":"https:\/\/www.aie.es\/en\/"},{"@type":"ListItem","position":2,"name":"Alberto Iglesias y Javier Ruibal, Goya a la Mejor m\u00fasica original y a la Mejor canci\u00f3n"}]},{"@type":"WebSite","@id":"https:\/\/www.aie.es\/#website","url":"https:\/\/www.aie.es\/","name":"AIE Sociedad de Artistas Int\u00e9rpretes o Ejecutantes de Espa\u00f1a","description":"Entidad de gesti\u00f3n de derechos de propiedad intelectual","potentialAction":[{"@type":"SearchAction","target":{"@type":"EntryPoint","urlTemplate":"https:\/\/www.aie.es\/?s={search_term_string}"},"query-input":"required name=search_term_string"}],"inLanguage":"en-US"},{"@type":"Person","@id":"https:\/\/www.aie.es\/#\/schema\/person\/9008ac87bc3b5836f79e2a677dace4d5","name":"GGCOM","image":{"@type":"ImageObject","inLanguage":"en-US","@id":"https:\/\/www.aie.es\/#\/schema\/person\/image\/","url":"https:\/\/secure.gravatar.com\/avatar\/b4ed17baa0f661a7cbe0494fbec9b888?s=96&d=mm&r=g","contentUrl":"https:\/\/secure.gravatar.com\/avatar\/b4ed17baa0f661a7cbe0494fbec9b888?s=96&d=mm&r=g","caption":"GGCOM"},"url":"https:\/\/www.aie.es\/en\/author\/cgarriga\/"}]}},"_links":{"self":[{"href":"https:\/\/www.aie.es\/en\/wp-json\/wp\/v2\/posts\/31711"}],"collection":[{"href":"https:\/\/www.aie.es\/en\/wp-json\/wp\/v2\/posts"}],"about":[{"href":"https:\/\/www.aie.es\/en\/wp-json\/wp\/v2\/types\/post"}],"author":[{"embeddable":true,"href":"https:\/\/www.aie.es\/en\/wp-json\/wp\/v2\/users\/3"}],"replies":[{"embeddable":true,"href":"https:\/\/www.aie.es\/en\/wp-json\/wp\/v2\/comments?post=31711"}],"version-history":[{"count":4,"href":"https:\/\/www.aie.es\/en\/wp-json\/wp\/v2\/posts\/31711\/revisions"}],"predecessor-version":[{"id":31762,"href":"https:\/\/www.aie.es\/en\/wp-json\/wp\/v2\/posts\/31711\/revisions\/31762"}],"wp:attachment":[{"href":"https:\/\/www.aie.es\/en\/wp-json\/wp\/v2\/media?parent=31711"}],"wp:term":[{"taxonomy":"category","embeddable":true,"href":"https:\/\/www.aie.es\/en\/wp-json\/wp\/v2\/categories?post=31711"},{"taxonomy":"post_tag","embeddable":true,"href":"https:\/\/www.aie.es\/en\/wp-json\/wp\/v2\/tags?post=31711"}],"curies":[{"name":"wp","href":"https:\/\/api.w.org\/{rel}","templated":true}]}}