{"id":31943,"date":"2020-02-27T14:48:04","date_gmt":"2020-02-27T13:48:04","guid":{"rendered":"https:\/\/www.aie.es\/adios-a-eduardo-bort\/"},"modified":"2020-02-27T14:48:04","modified_gmt":"2020-02-27T13:48:04","slug":"adios-a-eduardo-bort","status":"publish","type":"post","link":"https:\/\/www.aie.es\/en\/adios-a-eduardo-bort\/","title":{"rendered":"Adi\u00f3s a Eduardo Bort"},"content":{"rendered":"<p><img decoding=\"async\" class=\"aligncenter size-full wp-image-31896\" src=\"https:\/\/www.aie.es\/wp-content\/uploads\/EBORT.jpg\" alt=\"\" width=\"940\" height=\"627\" srcset=\"https:\/\/www.aie.es\/wp-content\/uploads\/EBORT.jpg 940w, https:\/\/www.aie.es\/wp-content\/uploads\/EBORT-300x200.jpg 300w, https:\/\/www.aie.es\/wp-content\/uploads\/EBORT-768x512.jpg 768w, https:\/\/www.aie.es\/wp-content\/uploads\/EBORT-700x467.jpg 700w\" sizes=\"(max-width: 940px) 100vw, 940px\" \/><\/p>\n<p>Cuando en 1975 el compositor y guitarrista Eduardo Bort publicaba su primer larga duraci\u00f3n \u201cEduardo Bort\u201d, considerado la obra cumbre del rock sinf\u00f3nico espa\u00f1ol, se empez\u00f3 a fraguar la leyenda de un m\u00fasico adelantado a su tiempo, y uno de nuestros m\u00e1s indiscutibles talentos. Las referencias lo sit\u00faan entre Pink Floyd y Santana, pero lo cierto es que su m\u00fasica es absolutamente personal y su guitarra cabalga por senderos inexplorados en el rock espa\u00f1ol.<\/p>\n<p>Bort public\u00f3 un segundo disco en 1984 (\u00abSilvia\u00bb, dedicado a su hija) tambi\u00e9n fue productor del disco \u00abTutankhamon\u00bb de Iceberg en 1974 (a\u00f1o en que dio un concierto en un portaviones estadounidense fondeado en Valencia, para 5.000 marines que se dirig\u00edan a Vietnam), y \u00abRamonc\u00edn y WC?\u00bb en 1978, encarg\u00e1ndose del solo de \u00abMarica de terciopelo\u00bb.<\/p>\n<p>Eduardo regres\u00f3 de forma intermitente a los escenarios, con repetidas actuaciones en Sudam\u00e9rica, Europa y una gira por Jap\u00f3n en el a\u00f1o 2000. Su leyenda sigue intacta, su reputaci\u00f3n como m\u00fasico y guitarrista sigue generando aut\u00e9ntico veneraci\u00f3n entre mel\u00f3manos y coleccionistas, como lo demuestra el dato de que, en 2014, su cotizado primer \u00e1lbum alcanz\u00f3 todo un record de ventas en E-Bay, donde un coleccionista lleg\u00f3 a pagar m\u00e1s de 1.700 d\u00f3lares para ganar la puja por un ejemplar de su m\u00edtico primer disco.<\/p>\n<p>En marzo de 2019 el Teatro Principal de Val\u00e8ncia acogi\u00f3 un concierto homenaje en el que Bort estuvo acompa\u00f1ado por Max Sunyer y Miguel Gal\u00e1n (fundador de Medina Azahara); el saxofonista y flauta Jorge Pardo; el cantante valenciano Julio Galcer\u00e0; la soprano Bel\u00e9n Roig; la bailarina Lola Viar; las cantantes Mar\u00eda Iturralde y Nadin Freesoul; adem\u00e1s de uno de sus grupos de los sesenta, Los Bodgies, presentados por Francis Montesinos.<\/p>\n","protected":false},"excerpt":{"rendered":"<p>El compositor y guitarrista Eduardo Bort falleci\u00f3 este mi\u00e9rcoles por la tarde a los 72 a\u00f1os de edad en el Instituto Valenciano de Oncolog\u00eda, donde estaba siendo tratado de un c\u00e1ncer de pulm\u00f3n. Comenz\u00f3 su carrera musical en bandas como Los Exciters, Los Bodgies, La Oveja Negra, Out o Yann, y alcanz\u00f3 reconocimiento internacional en los setenta, especialmente con su primer disco &#8220;Eduardo Bort&#8221;. La Sociedad de Artistas AIE desea expresar sus m\u00e1s sentidas condolencias a familiares, amigos y dem\u00e1s allegados de un socio muy querido. <\/p>\n","protected":false},"author":3,"featured_media":31897,"comment_status":"open","ping_status":"open","sticky":false,"template":"","format":"standard","meta":{"_acf_changed":false,"_relevanssi_hide_post":"","_relevanssi_hide_content":"","_relevanssi_pin_for_all":"","_relevanssi_pin_keywords":"","_relevanssi_unpin_keywords":"","_relevanssi_related_keywords":"","_relevanssi_related_include_ids":"","_relevanssi_related_exclude_ids":"","_relevanssi_related_no_append":"","_relevanssi_related_not_related":"","_relevanssi_related_posts":"","_relevanssi_noindex_reason":"","footnotes":""},"categories":[318],"tags":[],"acf":[],"yoast_head":"<!-- This site is optimized with the Yoast SEO Premium plugin v21.5 (Yoast SEO v21.9.1) - https:\/\/yoast.com\/wordpress\/plugins\/seo\/ -->\n<title>Adi\u00f3s a Eduardo Bort - AIE Sociedad de Artistas Int\u00e9rpretes o Ejecutantes de Espa\u00f1a<\/title>\n<meta name=\"robots\" content=\"index, follow, max-snippet:-1, max-image-preview:large, max-video-preview:-1\" \/>\n<link rel=\"canonical\" href=\"https:\/\/www.aie.es\/en\/adios-a-eduardo-bort\/\" \/>\n<meta property=\"og:locale\" content=\"en_US\" \/>\n<meta property=\"og:type\" content=\"article\" \/>\n<meta property=\"og:title\" content=\"Adi\u00f3s a Eduardo Bort\" \/>\n<meta property=\"og:description\" content=\"El compositor y guitarrista Eduardo Bort falleci\u00f3 este mi\u00e9rcoles por la tarde a los 72 a\u00f1os de edad en el Instituto Valenciano de Oncolog\u00eda, donde estaba siendo tratado de un c\u00e1ncer de pulm\u00f3n. Comenz\u00f3 su carrera musical en bandas como Los Exciters, Los Bodgies, La Oveja Negra, Out o Yann, y alcanz\u00f3 reconocimiento internacional en los setenta, especialmente con su primer disco &quot;Eduardo Bort&quot;. La Sociedad de Artistas AIE desea expresar sus m\u00e1s sentidas condolencias a familiares, amigos y dem\u00e1s allegados de un socio muy querido.\" \/>\n<meta property=\"og:url\" content=\"https:\/\/www.aie.es\/en\/adios-a-eduardo-bort\/\" \/>\n<meta property=\"og:site_name\" content=\"AIE Sociedad de Artistas Int\u00e9rpretes o Ejecutantes de Espa\u00f1a\" \/>\n<meta property=\"article:published_time\" content=\"2020-02-27T13:48:04+00:00\" \/>\n<meta property=\"og:image\" content=\"https:\/\/www.aie.es\/wp-content\/uploads\/EBORT.jpg\" \/>\n\t<meta property=\"og:image:width\" content=\"940\" \/>\n\t<meta property=\"og:image:height\" content=\"627\" \/>\n\t<meta property=\"og:image:type\" content=\"image\/jpeg\" \/>\n<meta name=\"author\" content=\"GGCOM\" \/>\n<meta name=\"twitter:card\" content=\"summary_large_image\" \/>\n<meta name=\"twitter:label1\" content=\"Written by\" \/>\n\t<meta name=\"twitter:data1\" content=\"GGCOM\" \/>\n\t<meta name=\"twitter:label2\" content=\"Est. reading time\" \/>\n\t<meta name=\"twitter:data2\" content=\"2 minutes\" \/>\n<script type=\"application\/ld+json\" class=\"yoast-schema-graph\">{\"@context\":\"https:\/\/schema.org\",\"@graph\":[{\"@type\":\"WebPage\",\"@id\":\"https:\/\/www.aie.es\/en\/adios-a-eduardo-bort\/\",\"url\":\"https:\/\/www.aie.es\/en\/adios-a-eduardo-bort\/\",\"name\":\"Adi\u00f3s a Eduardo Bort - AIE Sociedad de Artistas Int\u00e9rpretes o Ejecutantes de Espa\u00f1a\",\"isPartOf\":{\"@id\":\"https:\/\/www.aie.es\/#website\"},\"datePublished\":\"2020-02-27T13:48:04+00:00\",\"dateModified\":\"2020-02-27T13:48:04+00:00\",\"author\":{\"@id\":\"https:\/\/www.aie.es\/#\/schema\/person\/9008ac87bc3b5836f79e2a677dace4d5\"},\"breadcrumb\":{\"@id\":\"https:\/\/www.aie.es\/en\/adios-a-eduardo-bort\/#breadcrumb\"},\"inLanguage\":\"en-US\",\"potentialAction\":[{\"@type\":\"ReadAction\",\"target\":[\"https:\/\/www.aie.es\/en\/adios-a-eduardo-bort\/\"]}]},{\"@type\":\"BreadcrumbList\",\"@id\":\"https:\/\/www.aie.es\/en\/adios-a-eduardo-bort\/#breadcrumb\",\"itemListElement\":[{\"@type\":\"ListItem\",\"position\":1,\"name\":\"Portada\",\"item\":\"https:\/\/www.aie.es\/en\/\"},{\"@type\":\"ListItem\",\"position\":2,\"name\":\"Adi\u00f3s a Eduardo Bort\"}]},{\"@type\":\"WebSite\",\"@id\":\"https:\/\/www.aie.es\/#website\",\"url\":\"https:\/\/www.aie.es\/\",\"name\":\"AIE Sociedad de Artistas Int\u00e9rpretes o Ejecutantes de Espa\u00f1a\",\"description\":\"Entidad de gesti\u00f3n de derechos de propiedad intelectual\",\"potentialAction\":[{\"@type\":\"SearchAction\",\"target\":{\"@type\":\"EntryPoint\",\"urlTemplate\":\"https:\/\/www.aie.es\/?s={search_term_string}\"},\"query-input\":\"required name=search_term_string\"}],\"inLanguage\":\"en-US\"},{\"@type\":\"Person\",\"@id\":\"https:\/\/www.aie.es\/#\/schema\/person\/9008ac87bc3b5836f79e2a677dace4d5\",\"name\":\"GGCOM\",\"image\":{\"@type\":\"ImageObject\",\"inLanguage\":\"en-US\",\"@id\":\"https:\/\/www.aie.es\/#\/schema\/person\/image\/\",\"url\":\"https:\/\/secure.gravatar.com\/avatar\/b4ed17baa0f661a7cbe0494fbec9b888?s=96&d=mm&r=g\",\"contentUrl\":\"https:\/\/secure.gravatar.com\/avatar\/b4ed17baa0f661a7cbe0494fbec9b888?s=96&d=mm&r=g\",\"caption\":\"GGCOM\"},\"url\":\"https:\/\/www.aie.es\/en\/author\/cgarriga\/\"}]}<\/script>\n<!-- \/ Yoast SEO Premium plugin. -->","yoast_head_json":{"title":"Adi\u00f3s a Eduardo Bort - AIE Sociedad de Artistas Int\u00e9rpretes o Ejecutantes de Espa\u00f1a","robots":{"index":"index","follow":"follow","max-snippet":"max-snippet:-1","max-image-preview":"max-image-preview:large","max-video-preview":"max-video-preview:-1"},"canonical":"https:\/\/www.aie.es\/en\/adios-a-eduardo-bort\/","og_locale":"en_US","og_type":"article","og_title":"Adi\u00f3s a Eduardo Bort","og_description":"El compositor y guitarrista Eduardo Bort falleci\u00f3 este mi\u00e9rcoles por la tarde a los 72 a\u00f1os de edad en el Instituto Valenciano de Oncolog\u00eda, donde estaba siendo tratado de un c\u00e1ncer de pulm\u00f3n. Comenz\u00f3 su carrera musical en bandas como Los Exciters, Los Bodgies, La Oveja Negra, Out o Yann, y alcanz\u00f3 reconocimiento internacional en los setenta, especialmente con su primer disco \"Eduardo Bort\". La Sociedad de Artistas AIE desea expresar sus m\u00e1s sentidas condolencias a familiares, amigos y dem\u00e1s allegados de un socio muy querido.","og_url":"https:\/\/www.aie.es\/en\/adios-a-eduardo-bort\/","og_site_name":"AIE Sociedad de Artistas Int\u00e9rpretes o Ejecutantes de Espa\u00f1a","article_published_time":"2020-02-27T13:48:04+00:00","og_image":[{"width":940,"height":627,"url":"https:\/\/www.aie.es\/wp-content\/uploads\/EBORT.jpg","type":"image\/jpeg"}],"author":"GGCOM","twitter_card":"summary_large_image","twitter_misc":{"Written by":"GGCOM","Est. reading time":"2 minutes"},"schema":{"@context":"https:\/\/schema.org","@graph":[{"@type":"WebPage","@id":"https:\/\/www.aie.es\/en\/adios-a-eduardo-bort\/","url":"https:\/\/www.aie.es\/en\/adios-a-eduardo-bort\/","name":"Adi\u00f3s a Eduardo Bort - AIE Sociedad de Artistas Int\u00e9rpretes o Ejecutantes de Espa\u00f1a","isPartOf":{"@id":"https:\/\/www.aie.es\/#website"},"datePublished":"2020-02-27T13:48:04+00:00","dateModified":"2020-02-27T13:48:04+00:00","author":{"@id":"https:\/\/www.aie.es\/#\/schema\/person\/9008ac87bc3b5836f79e2a677dace4d5"},"breadcrumb":{"@id":"https:\/\/www.aie.es\/en\/adios-a-eduardo-bort\/#breadcrumb"},"inLanguage":"en-US","potentialAction":[{"@type":"ReadAction","target":["https:\/\/www.aie.es\/en\/adios-a-eduardo-bort\/"]}]},{"@type":"BreadcrumbList","@id":"https:\/\/www.aie.es\/en\/adios-a-eduardo-bort\/#breadcrumb","itemListElement":[{"@type":"ListItem","position":1,"name":"Portada","item":"https:\/\/www.aie.es\/en\/"},{"@type":"ListItem","position":2,"name":"Adi\u00f3s a Eduardo Bort"}]},{"@type":"WebSite","@id":"https:\/\/www.aie.es\/#website","url":"https:\/\/www.aie.es\/","name":"AIE Sociedad de Artistas Int\u00e9rpretes o Ejecutantes de Espa\u00f1a","description":"Entidad de gesti\u00f3n de derechos de propiedad intelectual","potentialAction":[{"@type":"SearchAction","target":{"@type":"EntryPoint","urlTemplate":"https:\/\/www.aie.es\/?s={search_term_string}"},"query-input":"required name=search_term_string"}],"inLanguage":"en-US"},{"@type":"Person","@id":"https:\/\/www.aie.es\/#\/schema\/person\/9008ac87bc3b5836f79e2a677dace4d5","name":"GGCOM","image":{"@type":"ImageObject","inLanguage":"en-US","@id":"https:\/\/www.aie.es\/#\/schema\/person\/image\/","url":"https:\/\/secure.gravatar.com\/avatar\/b4ed17baa0f661a7cbe0494fbec9b888?s=96&d=mm&r=g","contentUrl":"https:\/\/secure.gravatar.com\/avatar\/b4ed17baa0f661a7cbe0494fbec9b888?s=96&d=mm&r=g","caption":"GGCOM"},"url":"https:\/\/www.aie.es\/en\/author\/cgarriga\/"}]}},"_links":{"self":[{"href":"https:\/\/www.aie.es\/en\/wp-json\/wp\/v2\/posts\/31943"}],"collection":[{"href":"https:\/\/www.aie.es\/en\/wp-json\/wp\/v2\/posts"}],"about":[{"href":"https:\/\/www.aie.es\/en\/wp-json\/wp\/v2\/types\/post"}],"author":[{"embeddable":true,"href":"https:\/\/www.aie.es\/en\/wp-json\/wp\/v2\/users\/3"}],"replies":[{"embeddable":true,"href":"https:\/\/www.aie.es\/en\/wp-json\/wp\/v2\/comments?post=31943"}],"version-history":[{"count":0,"href":"https:\/\/www.aie.es\/en\/wp-json\/wp\/v2\/posts\/31943\/revisions"}],"wp:featuredmedia":[{"embeddable":true,"href":"https:\/\/www.aie.es\/en\/wp-json\/wp\/v2\/media\/31897"}],"wp:attachment":[{"href":"https:\/\/www.aie.es\/en\/wp-json\/wp\/v2\/media?parent=31943"}],"wp:term":[{"taxonomy":"category","embeddable":true,"href":"https:\/\/www.aie.es\/en\/wp-json\/wp\/v2\/categories?post=31943"},{"taxonomy":"post_tag","embeddable":true,"href":"https:\/\/www.aie.es\/en\/wp-json\/wp\/v2\/tags?post=31943"}],"curies":[{"name":"wp","href":"https:\/\/api.w.org\/{rel}","templated":true}]}}