{"id":32273,"date":"2020-03-11T12:59:21","date_gmt":"2020-03-11T11:59:21","guid":{"rendered":"https:\/\/www.aie.es\/abierta-convocatoria-becasaie-2020\/"},"modified":"2020-03-17T13:05:18","modified_gmt":"2020-03-17T12:05:18","slug":"abierta-convocatoria-becasaie-2020","status":"publish","type":"post","link":"https:\/\/www.aie.es\/en\/abierta-convocatoria-becasaie-2020\/","title":{"rendered":"Abierta la convocatoria de las BECASAIE"},"content":{"rendered":"<p>Para cualquier informaci\u00f3n adicional, los interesados pueden ponerse en contacto con AIE en los tel\u00e9fonos de Informaci\u00f3n de Becas AIE: 91 577 97 09 (Madrid), 93 292 02 50 (Barcelona) o 95 433 91 84 (Sevilla), o escribiendo a <a href=\"mailto:becas@aie.es\" target=\"_blank\" rel=\"noopener noreferrer\">becas@aie.es<\/a><\/p>\n<p><a href=\"https:\/\/www.aie.es\/wp-content\/uploads\/Folleto-BecasAIE20-21-TripA4-despleg-BR.pdf\" target=\"_blank\" rel=\"noopener noreferrer\"><img decoding=\"async\" class=\"aligncenter size-full wp-image-32261\" src=\"https:\/\/www.aie.es\/wp-content\/uploads\/Folleto-BecasAIE20-21-TripA4-despleg-barniz.jpg\" alt=\"\" width=\"842\" height=\"595\" srcset=\"https:\/\/www.aie.es\/wp-content\/uploads\/Folleto-BecasAIE20-21-TripA4-despleg-barniz.jpg 842w, https:\/\/www.aie.es\/wp-content\/uploads\/Folleto-BecasAIE20-21-TripA4-despleg-barniz-300x212.jpg 300w, https:\/\/www.aie.es\/wp-content\/uploads\/Folleto-BecasAIE20-21-TripA4-despleg-barniz-768x543.jpg 768w, https:\/\/www.aie.es\/wp-content\/uploads\/Folleto-BecasAIE20-21-TripA4-despleg-barniz-700x495.jpg 700w\" sizes=\"(max-width: 842px) 100vw, 842px\" \/><\/a><\/p>\n<p>Las BecasAIE van destinadas a alumnos de estudios musicales de Grado Medio o Superior, dependiendo de la beca, o a profesionales de la m\u00fasica en activo, y se aplican al curso acad\u00e9mico 2020\/2021, excepto en el caso de los cursos de verano que corresponden al a\u00f1o 2020.<\/p>\n<p>La Sociedad de Artistas AIE ha abierto\u00a0 la nueva convocatoria de BECASAIE de Estudios Musicales para el curso 2019\/2020, con arreglo a las siguientes modalidades:<\/p>\n<h2 id=\"ui-accordion-2-header-0\" class=\"clearfix title-holder ui-accordion-header ui-helper-reset ui-state-default ui-accordion-header-active ui-state-active ui-corner-top ui-state-hover ui-state-focus\" tabindex=\"0\" role=\"tab\" aria-controls=\"ui-accordion-2-panel-0\" aria-selected=\"true\"><span class=\"tab-title\">105 Becas de Formaci\u00f3n o Ampliaci\u00f3n de Estudios Musicales<\/span><\/h2>\n<div id=\"ui-accordion-2-panel-0\" class=\"accordion_content no_icon ui-accordion-content ui-helper-reset ui-widget-content ui-corner-bottom ui-accordion-content-active\" role=\"tabpanel\" aria-labelledby=\"ui-accordion-2-header-0\" aria-expanded=\"true\" aria-hidden=\"false\">\n<div class=\"accordion_content_inner\">\n<div class=\"wpb_text_column wpb_content_element \">\n<div class=\"wpb_wrapper\">\n<p><strong>Con una dotaci\u00f3n de hasta 850 \u20ac cada una<\/strong><\/p>\n<p>Se trata de becas para cursar estudios o recibir formaci\u00f3n en centros de ense\u00f1anza musical oficiales y no oficiales tanto dentro de Espa\u00f1a como en el extranjero.<\/p>\n<p><strong>\u2013 12 BecasAIE destinadas a las cinco escuelas relacionadas a continuaci\u00f3n, con las que AIE ha establecido un acuerdo de colaboraci\u00f3n:<\/strong><\/p>\n<ul>\n<li><a href=\"http:\/\/www.conservatoriliceu.es\/es\/centro-profesional-grado-medio\/aula-de-musica-moderna-y-jazz\" target=\"_blank\" rel=\"noopener noreferrer\">Aula de M\u00fasica Moderna i Jazz Fundaci\u00f3 Conservatori del Liceo<\/a>\u00a0de Barcelona.\u00a0 4 BecasAIE<\/li>\n<li><a href=\"http:\/\/www.estumusica.es\/\" target=\"_blank\" rel=\"noopener noreferrer\">Escuela de M\u00fasica Joaqu\u00edn Turina<\/a>\u00a0de Sevilla. 2 BecasAIE<\/li>\n<li><a href=\"http:\/\/www.flamencoheeren.com\/\" target=\"_blank\" rel=\"noopener noreferrer\">Escuela Fundaci\u00f3n Cristina Heeren de Arte Flamenco<\/a>\u00a0de Sevilla. 4 BecasAIE<\/li>\n<li><a href=\"http:\/\/www.populardemusica.com\/index.epmd\" target=\"_blank\" rel=\"noopener noreferrer\">Escuela Popular de M\u00fasica y Danza<\/a>, Madrid. 2 BecasAIE<\/li>\n<\/ul>\n<p><strong>\u2013 44 BecasAIE destinadas a las trece escuelas de la REEM relacionadas a continuaci\u00f3n:<\/strong><\/p>\n<ul>\n<li><a href=\"http:\/\/www.progresomusical.com\/\" target=\"_blank\" rel=\"noopener noreferrer\">Escuela Superior de M\u00fasica Progreso Musical de Madrid<\/a>\u00a0\u2013 2 BecasAIE.<\/li>\n<li><a href=\"http:\/\/www.amcontemporanea.es\/\">Academia de M\u00fasica Contempor\u00e1nea<\/a>\u00a0de Madrid -3 BecasAIE.<\/li>\n<li><a href=\"https:\/\/www.mayeusis.com\/\" target=\"_blank\" rel=\"noopener noreferrer\">Conservatorio Mayeusis<\/a>\u00a0de Vigo -3 BecasAIE.<\/li>\n<li><a href=\"http:\/\/piccoloysaxo.com\/\" target=\"_blank\" rel=\"noopener noreferrer\">Escuela de M\u00fasica \u201cPiccolo y Saxo\u201d<\/a>\u00a0de Logro\u00f1o \u2013 3 BecasAIE.<\/li>\n<li><a href=\"http:\/\/www.prestovivace.es\/\" target=\"_blank\" rel=\"noopener noreferrer\">Escuela de M\u00fasica y Baile Presto Vivace<\/a>\u00a0de A Coru\u00f1a \u2013 3 BecasAIE.<\/li>\n<li><a href=\"http:\/\/jamsession.cat\/\" target=\"_blank\" rel=\"noopener noreferrer\">Jam Session \u00a0Escuela de M\u00fasica<\/a>\u00a0de Barcelona \u2013 3 BecasAIE.<\/li>\n<li><a href=\"http:\/\/www.tallerdemusicajove.es\/\" target=\"_blank\" rel=\"noopener noreferrer\">Taller de M\u00fasica Jove<\/a>\u00a0de Valencia \u2013 3 BecasAIE.<\/li>\n<li><a href=\"http:\/\/www.esmuva.com\/\" target=\"_blank\" rel=\"noopener noreferrer\">Escuela de M\u00fasica de Vallecas (ESMUVA)<\/a>\u00a0de Madrid- 4 BecasAIE.<\/li>\n<li><a href=\"http:\/\/www.escueladenuevasmusicas.com\/\" target=\"_blank\" rel=\"noopener noreferrer\">Escuela de Nuevas M\u00fasicas<\/a>\u00a0de Madrid \u2013 4 BecasAIE.<\/li>\n<li><a href=\"http:\/\/www.escola-estudio.com\/\">Estudio Escola de M\u00fasica<\/a>\u00a0de Santiago de Compostela \u2013 4 BecasAIE.<\/li>\n<li><a href=\"https:\/\/tallerdemusicos.com\/\" target=\"_blank\" rel=\"noopener noreferrer\">Taller de M\u00fasicos<\/a>\u00a0de Madrid \u2013 4 BecasAIE.<\/li>\n<li><a href=\"http:\/\/www.musicacreativa.com\/\" target=\"_blank\" rel=\"noopener noreferrer\">Escuela de M\u00fasica Creativa<\/a>\u00a0de Madrid \u2013 4 BecasAIE.<\/li>\n<li><a href=\"http:\/\/www.tallerdemusics.com\/\" target=\"_blank\" rel=\"noopener noreferrer\">Taller de M\u00fasics<\/a>\u00a0de Barcelona \u2013 4 BecasAIE.<\/li>\n<\/ul>\n<p>Gracias estos acuerdos, todas estas escuelas colaboran en la dotaci\u00f3n de estas 56 becas, con una aportaci\u00f3n en torno al 40 % del importe total de cada beca. En el caso de que la dotaci\u00f3n total de la beca no cubra el importe completo de la matricula, el\/la becado\/a deber\u00e1 hacerse cargo de la diferencia.<\/p>\n<p><strong>44 BECASAIE DE FORMACI\u00d3N O AMPLIACI\u00d3N DE ESTUDIOS MUSICALES\u00a0<\/strong>destinadas a centros de ense\u00f1anza no oficiales, tanto en Espa\u00f1a como en el extranjero, de libre elecci\u00f3n.<\/p>\n<p><strong>5 BECASAIE DE FORMACI\u00d3N O AMPLIACI\u00d3N DE ESTUDIOS MUSICALES\u00a0<\/strong>destinadas a socios de AIE mayores de 35 a\u00f1os para estudiar en centros de ense\u00f1anza musical no oficial, tanto en Espa\u00f1a como en el extranjero, de libre elecci\u00f3n.<\/p>\n<p>&nbsp;<\/p>\n<\/div>\n<\/div>\n<\/div>\n<\/div>\n<h2 id=\"ui-accordion-2-header-1\" class=\"clearfix title-holder ui-accordion-header ui-helper-reset ui-state-default ui-accordion-header-active ui-state-active ui-corner-top ui-state-hover ui-state-focus\" tabindex=\"0\" role=\"tab\" aria-controls=\"ui-accordion-2-panel-1\" aria-selected=\"true\"><span class=\"tab-title\">27 BECASAIE de Alta Especializaci\u00f3n<\/span><\/h2>\n<div id=\"ui-accordion-2-panel-1\" class=\"accordion_content no_icon ui-accordion-content ui-helper-reset ui-widget-content ui-corner-bottom ui-accordion-content-active\" role=\"tabpanel\" aria-labelledby=\"ui-accordion-2-header-1\" aria-expanded=\"true\" aria-hidden=\"false\">\n<div class=\"accordion_content_inner\">\n<div class=\"wpb_text_column wpb_content_element \">\n<div class=\"wpb_wrapper\">\n<p><strong>Con una dotaci\u00f3n de hasta 6.000 \u20ac cada una<\/strong><\/p>\n<p>Las BECASAIE de Alta Especializaci\u00f3n son becas para cursar estudios de Grado Superior o para recibir formaci\u00f3n de alto nivel en prestigiosos Centros tanto nacionales como internacionales. La dotaci\u00f3n m\u00e1xima de estas becas es de 6000 \u20ac con la posibilidad en alg\u00fan caso de una aportaci\u00f3n adicional por parte de la escuela de destino.<\/p>\n<p>La distribuci\u00f3n de estas becas es la siguiente:<\/p>\n<ul>\n<li><strong>5 Becas de 6.000 \u20ac para los centros de ense\u00f1anza musical no oficiales\u00a0<\/strong>(tanto en Espa\u00f1a como en el extranjero).<\/li>\n<li><strong>4\u00a0Becas de 6.000 \u20ac para la\u00a0<\/strong><a href=\"http:\/\/www.escuelasuperiordemusicareinasofia.es\/\" target=\"_blank\" rel=\"noopener noreferrer\"><strong>Escuela Superior de M\u00fasica Reina Sof\u00eda<\/strong><\/a><strong>\u00a0<\/strong>de Madrid.<\/li>\n<li><strong>3\u00a0Becas de 6.000 \u20ac para el\u00a0<\/strong><a href=\"http:\/\/www.berklee.edu\/\" target=\"_blank\" rel=\"noopener noreferrer\"><strong>Berklee College of Music<\/strong><\/a><strong>\u00a0<\/strong>de Boston<strong>\u00a0<\/strong>(Estados Unidos). Este centro aporta 6.000 \u20ac m\u00e1s por alumno becado.<\/li>\n<li><strong>1 Beca de 6.000 \u20ac para el\u00a0<\/strong><a href=\"http:\/\/www.conservatori-liceu.es\/\" target=\"_blank\" rel=\"noopener noreferrer\"><strong>Conservatori del Liceu<\/strong><\/a><strong>\u00a0<\/strong>de Barcelona.\u00a0Destinada a Estudios de Grado Superior Reglado.<\/li>\n<li><strong>1 Beca\u00a0de 6.000 \u20ac para el\u00a0<\/strong><a href=\"http:\/\/www.tallerdemusics.com\/\" target=\"_blank\" rel=\"noopener noreferrer\"><strong>Taller de Musics<\/strong><\/a>\u00a0de Barcelona, destinada a Estudios Superiores Reglados.<\/li>\n<li><strong>1 Beca de 6.000 \u20ac para la\u00a0<\/strong><a href=\"http:\/\/www.uax.es\/\" target=\"_blank\" rel=\"noopener noreferrer\"><strong>Universidad Alfonso X el Sabio<\/strong><\/a>\u00a0de Madrid, destinada a Estudios Superiores Musicales<\/li>\n<li><strong>1 BecaAIE de 6.000 \u20ac para la\u00a0<a href=\"http:\/\/www.musicacreativa.com\/\">Centro<\/a><\/strong><a href=\"http:\/\/www.musicacreativa.com\/\" target=\"_blank\" rel=\"noopener noreferrer\"><strong>\u00a0Superior M\u00fasica Creativa<\/strong><\/a>\u00a0de Madrid, destinada a Estudios Superiores de M\u00fasica.<\/li>\n<li><strong>2 Beca de 3.000 \u20ac para la\u00a0<\/strong><a href=\"http:\/\/www.jamsession.cat\/\" target=\"_blank\" rel=\"noopener noreferrer\"><strong>Jam Session Escuela de M\u00fasica<\/strong><\/a>\u00a0de Barcelona destina a Estudios Superiores de M\u00fasica Rock.<\/li>\n<li><strong>3 Becas para el\u00a0<\/strong><a href=\"http:\/\/www.lipa.ac.uk\/\" target=\"_blank\" rel=\"noopener noreferrer\"><strong>Liverpool Institute for Permorfing Arts \u2013 LIPA<\/strong><\/a><strong>\u00a0<\/strong>de Liverpool (Reino Unido), con una dotaci\u00f3n de\u00a0\u00a0<strong>1.000 \u20ac<\/strong>. Estas becas est\u00e1n destinadas a estudiantes de Estudios Superiores que ya hayan superado las pruebas oficiales de ingreso de este centro con arreglo al calendario del mismo. Para m\u00e1s informaci\u00f3n visita el sitio web\u00a0<a href=\"http:\/\/www.lipa.ac.uk\/\" target=\"_blank\" rel=\"noopener noreferrer\">www.lipa.ac.uk<\/a><\/li>\n<li><strong>1 Beca AIE de Jazz Tete Montoliu de 3.000 \u20ac\u00a0<\/strong>para centros de ense\u00f1anza musical no oficial<strong>.<\/strong><\/li>\n<li><strong>2 Becas AIE de 3.000 \u20ac\u00a0<\/strong>cada una para\u00a0<a href=\"http:\/\/musikene.eus\/\" target=\"_blank\" rel=\"noopener noreferrer\"><strong>Musikene\u00a0San Sebasti\u00e1n<\/strong><\/a>\u00a0destinadas a Estudios Superiores de M\u00fasica en las especialidades de Interpretaci\u00f3n Cl\u00e1sico y Jazz.<\/li>\n<li><strong>3 Becas AIE DE 2.000\u20ac cada una para la<\/strong><a href=\"http:\/\/www.esmuc.cat\/\" target=\"_blank\" rel=\"noopener noreferrer\"><strong>\u00a0Escuela Superior de M\u00fasica de Catalunya (ESMUC)<\/strong><\/a>, destinada a estudiantes del M\u00e0ster de Estudios Avanzados de Interpretaci\u00f3n (MEAI) para instrumentos de m\u00fasica cl\u00e1sica y contempor\u00e1nea.<\/li>\n<\/ul>\n<p>Todas estas becas son para centros de ense\u00f1anza musical no oficial tanto en Espa\u00f1a como en el extranjero.<\/p>\n<p>&nbsp;<\/p>\n<\/div>\n<\/div>\n<\/div>\n<\/div>\n<h2 id=\"ui-accordion-2-header-2\" class=\"clearfix title-holder ui-accordion-header ui-helper-reset ui-state-default ui-accordion-header-active ui-state-active ui-corner-top ui-state-hover ui-state-focus\" tabindex=\"0\" role=\"tab\" aria-controls=\"ui-accordion-2-panel-2\" aria-selected=\"true\"><span class=\"tab-title\">6 Becas para los Cursos Manuel de Falla<\/span><\/h2>\n<div id=\"ui-accordion-2-panel-2\" class=\"accordion_content no_icon ui-accordion-content ui-helper-reset ui-widget-content ui-corner-bottom ui-accordion-content-active\" role=\"tabpanel\" aria-labelledby=\"ui-accordion-2-header-2\" aria-expanded=\"true\" aria-hidden=\"false\">\n<div class=\"accordion_content_inner\">\n<div class=\"wpb_text_column wpb_content_element \">\n<div class=\"wpb_wrapper\">\n<p><strong>Con una dotaci\u00f3n de hasta 300 \u20ac cada una<\/strong><\/p>\n<p>Se ofrecen becas para estos prestigiosos cursos internacionales organizados por el Festival Internacional de M\u00fasica y Danza de Granada.<\/p>\n<p>Se ofrecen becas para los siguientes cursos:<\/p>\n<ul>\n<li>Academia Barroxa del Festival de Granada<\/li>\n<li>Curso de magistrales de canto coral<\/li>\n<li>Clases magistrales de m\u00fasica de c\u00e1mara para cuerdas<\/li>\n<li>Clases magistrales de piano<\/li>\n<li>Curso de an\u00e1lisis musical. Beethoven en la m\u00fasica de los siglos XX y XXI<\/li>\n<\/ul>\n<p>Destinadas a alumnos no residentes en Granada, seleccionados por un Tribunal creado expresamente para esta modalidad, y su concesi\u00f3n se comunicar\u00e1 a los solicitantes a partir del<strong>\u00a03 de junio de 2020<\/strong>.\u00a0 AIE tramitar\u00e1 el pago de las mismas directamente con los destinatarios\/as de las Becas.<\/p>\n<p>Los cursos, clases magistrales o talleres podr\u00e1n ser cancelados en caso de que no se alcance un n\u00famero m\u00ednimo de alumnos matriculados, a criterio de la organizaci\u00f3n de los Cursos Manuel de Falla.<\/p>\n<p><strong>M\u00e1s informaci\u00f3n en:<\/strong><\/p>\n<p>Tel\u00e9fono 958 276 321<\/p>\n<p><a href=\"http:\/\/www.granadafestival.org\/\">http:\/\/www.granadafestival.org<\/a><\/p>\n<p><a href=\"mailto:cursos@granadafestival.org\">cursos@granadafestival.org<\/a><\/p>\n<\/div>\n<\/div>\n<\/div>\n<\/div>\n","protected":false},"excerpt":{"rendered":"<p>La Sociedad de Artistas AIE destina un 10 % de su presupuesto a actividades de promoci\u00f3n y ayuda a los m\u00fasicos. En esta actividad, la formaci\u00f3n es un pilar fundamental y la entidad ofrece, un a\u00f1o m\u00e1s, el\u00a0programa de BECASAIE\u00a0para la realizaci\u00f3n de estudios en destacadas escuelas de m\u00fasica o para ampliar la formaci\u00f3n de los m\u00fasicos en Espa\u00f1a o en el extranjero. La convocatoria de BECASAIE 2019\/2020 finaliza el viernes 24 de abril a las seis de la tarde.<\/p>\n","protected":false},"author":3,"featured_media":32262,"comment_status":"open","ping_status":"open","sticky":false,"template":"","format":"standard","meta":{"_acf_changed":false,"_relevanssi_hide_post":"","_relevanssi_hide_content":"","_relevanssi_pin_for_all":"","_relevanssi_pin_keywords":"","_relevanssi_unpin_keywords":"","_relevanssi_related_keywords":"","_relevanssi_related_include_ids":"","_relevanssi_related_exclude_ids":"","_relevanssi_related_no_append":"","_relevanssi_related_not_related":"","_relevanssi_related_posts":"","_relevanssi_noindex_reason":"","footnotes":""},"categories":[325],"tags":[],"acf":[],"yoast_head":"<!-- This site is optimized with the Yoast SEO Premium plugin v21.5 (Yoast SEO v21.9.1) - https:\/\/yoast.com\/wordpress\/plugins\/seo\/ -->\n<title>Abierta la convocatoria de las BECASAIE - AIE Sociedad de Artistas Int\u00e9rpretes o Ejecutantes de Espa\u00f1a<\/title>\n<meta name=\"robots\" content=\"index, follow, max-snippet:-1, max-image-preview:large, max-video-preview:-1\" \/>\n<link rel=\"canonical\" href=\"https:\/\/www.aie.es\/en\/abierta-convocatoria-becasaie-2020\/\" \/>\n<meta property=\"og:locale\" content=\"en_US\" \/>\n<meta property=\"og:type\" content=\"article\" \/>\n<meta property=\"og:title\" content=\"Abierta la convocatoria de las BECASAIE\" \/>\n<meta property=\"og:description\" content=\"La Sociedad de Artistas AIE destina un 10 % de su presupuesto a actividades de promoci\u00f3n y ayuda a los m\u00fasicos. En esta actividad, la formaci\u00f3n es un pilar fundamental y la entidad ofrece, un a\u00f1o m\u00e1s, el\u00a0programa de BECASAIE\u00a0para la realizaci\u00f3n de estudios en destacadas escuelas de m\u00fasica o para ampliar la formaci\u00f3n de los m\u00fasicos en Espa\u00f1a o en el extranjero. La convocatoria de BECASAIE 2019\/2020 finaliza el viernes 24 de abril a las seis de la tarde.\" \/>\n<meta property=\"og:url\" content=\"https:\/\/www.aie.es\/en\/abierta-convocatoria-becasaie-2020\/\" \/>\n<meta property=\"og:site_name\" content=\"AIE Sociedad de Artistas Int\u00e9rpretes o Ejecutantes de Espa\u00f1a\" \/>\n<meta property=\"article:published_time\" content=\"2020-03-11T11:59:21+00:00\" \/>\n<meta property=\"article:modified_time\" content=\"2020-03-17T12:05:18+00:00\" \/>\n<meta property=\"og:image\" content=\"https:\/\/www.aie.es\/wp-content\/uploads\/Folleto-BecasAIE20-21-TripA4-despleg-barniz.jpg\" \/>\n\t<meta property=\"og:image:width\" content=\"842\" \/>\n\t<meta property=\"og:image:height\" content=\"595\" \/>\n\t<meta property=\"og:image:type\" content=\"image\/jpeg\" \/>\n<meta name=\"author\" content=\"GGCOM\" \/>\n<meta name=\"twitter:card\" content=\"summary_large_image\" \/>\n<meta name=\"twitter:label1\" content=\"Written by\" \/>\n\t<meta name=\"twitter:data1\" content=\"GGCOM\" \/>\n\t<meta name=\"twitter:label2\" content=\"Est. reading time\" \/>\n\t<meta name=\"twitter:data2\" content=\"5 minutes\" \/>\n<script type=\"application\/ld+json\" class=\"yoast-schema-graph\">{\"@context\":\"https:\/\/schema.org\",\"@graph\":[{\"@type\":\"WebPage\",\"@id\":\"https:\/\/www.aie.es\/en\/abierta-convocatoria-becasaie-2020\/\",\"url\":\"https:\/\/www.aie.es\/en\/abierta-convocatoria-becasaie-2020\/\",\"name\":\"Abierta la convocatoria de las BECASAIE - AIE Sociedad de Artistas Int\u00e9rpretes o Ejecutantes de Espa\u00f1a\",\"isPartOf\":{\"@id\":\"https:\/\/www.aie.es\/#website\"},\"datePublished\":\"2020-03-11T11:59:21+00:00\",\"dateModified\":\"2020-03-17T12:05:18+00:00\",\"author\":{\"@id\":\"https:\/\/www.aie.es\/#\/schema\/person\/9008ac87bc3b5836f79e2a677dace4d5\"},\"breadcrumb\":{\"@id\":\"https:\/\/www.aie.es\/en\/abierta-convocatoria-becasaie-2020\/#breadcrumb\"},\"inLanguage\":\"en-US\",\"potentialAction\":[{\"@type\":\"ReadAction\",\"target\":[\"https:\/\/www.aie.es\/en\/abierta-convocatoria-becasaie-2020\/\"]}]},{\"@type\":\"BreadcrumbList\",\"@id\":\"https:\/\/www.aie.es\/en\/abierta-convocatoria-becasaie-2020\/#breadcrumb\",\"itemListElement\":[{\"@type\":\"ListItem\",\"position\":1,\"name\":\"Portada\",\"item\":\"https:\/\/www.aie.es\/en\/\"},{\"@type\":\"ListItem\",\"position\":2,\"name\":\"Abierta la convocatoria de las BECASAIE\"}]},{\"@type\":\"WebSite\",\"@id\":\"https:\/\/www.aie.es\/#website\",\"url\":\"https:\/\/www.aie.es\/\",\"name\":\"AIE Sociedad de Artistas Int\u00e9rpretes o Ejecutantes de Espa\u00f1a\",\"description\":\"Entidad de gesti\u00f3n de derechos de propiedad intelectual\",\"potentialAction\":[{\"@type\":\"SearchAction\",\"target\":{\"@type\":\"EntryPoint\",\"urlTemplate\":\"https:\/\/www.aie.es\/?s={search_term_string}\"},\"query-input\":\"required name=search_term_string\"}],\"inLanguage\":\"en-US\"},{\"@type\":\"Person\",\"@id\":\"https:\/\/www.aie.es\/#\/schema\/person\/9008ac87bc3b5836f79e2a677dace4d5\",\"name\":\"GGCOM\",\"image\":{\"@type\":\"ImageObject\",\"inLanguage\":\"en-US\",\"@id\":\"https:\/\/www.aie.es\/#\/schema\/person\/image\/\",\"url\":\"https:\/\/secure.gravatar.com\/avatar\/b4ed17baa0f661a7cbe0494fbec9b888?s=96&d=mm&r=g\",\"contentUrl\":\"https:\/\/secure.gravatar.com\/avatar\/b4ed17baa0f661a7cbe0494fbec9b888?s=96&d=mm&r=g\",\"caption\":\"GGCOM\"},\"url\":\"https:\/\/www.aie.es\/en\/author\/cgarriga\/\"}]}<\/script>\n<!-- \/ Yoast SEO Premium plugin. -->","yoast_head_json":{"title":"Abierta la convocatoria de las BECASAIE - AIE Sociedad de Artistas Int\u00e9rpretes o Ejecutantes de Espa\u00f1a","robots":{"index":"index","follow":"follow","max-snippet":"max-snippet:-1","max-image-preview":"max-image-preview:large","max-video-preview":"max-video-preview:-1"},"canonical":"https:\/\/www.aie.es\/en\/abierta-convocatoria-becasaie-2020\/","og_locale":"en_US","og_type":"article","og_title":"Abierta la convocatoria de las BECASAIE","og_description":"La Sociedad de Artistas AIE destina un 10 % de su presupuesto a actividades de promoci\u00f3n y ayuda a los m\u00fasicos. En esta actividad, la formaci\u00f3n es un pilar fundamental y la entidad ofrece, un a\u00f1o m\u00e1s, el\u00a0programa de BECASAIE\u00a0para la realizaci\u00f3n de estudios en destacadas escuelas de m\u00fasica o para ampliar la formaci\u00f3n de los m\u00fasicos en Espa\u00f1a o en el extranjero. La convocatoria de BECASAIE 2019\/2020 finaliza el viernes 24 de abril a las seis de la tarde.","og_url":"https:\/\/www.aie.es\/en\/abierta-convocatoria-becasaie-2020\/","og_site_name":"AIE Sociedad de Artistas Int\u00e9rpretes o Ejecutantes de Espa\u00f1a","article_published_time":"2020-03-11T11:59:21+00:00","article_modified_time":"2020-03-17T12:05:18+00:00","og_image":[{"width":842,"height":595,"url":"https:\/\/www.aie.es\/wp-content\/uploads\/Folleto-BecasAIE20-21-TripA4-despleg-barniz.jpg","type":"image\/jpeg"}],"author":"GGCOM","twitter_card":"summary_large_image","twitter_misc":{"Written by":"GGCOM","Est. reading time":"5 minutes"},"schema":{"@context":"https:\/\/schema.org","@graph":[{"@type":"WebPage","@id":"https:\/\/www.aie.es\/en\/abierta-convocatoria-becasaie-2020\/","url":"https:\/\/www.aie.es\/en\/abierta-convocatoria-becasaie-2020\/","name":"Abierta la convocatoria de las BECASAIE - AIE Sociedad de Artistas Int\u00e9rpretes o Ejecutantes de Espa\u00f1a","isPartOf":{"@id":"https:\/\/www.aie.es\/#website"},"datePublished":"2020-03-11T11:59:21+00:00","dateModified":"2020-03-17T12:05:18+00:00","author":{"@id":"https:\/\/www.aie.es\/#\/schema\/person\/9008ac87bc3b5836f79e2a677dace4d5"},"breadcrumb":{"@id":"https:\/\/www.aie.es\/en\/abierta-convocatoria-becasaie-2020\/#breadcrumb"},"inLanguage":"en-US","potentialAction":[{"@type":"ReadAction","target":["https:\/\/www.aie.es\/en\/abierta-convocatoria-becasaie-2020\/"]}]},{"@type":"BreadcrumbList","@id":"https:\/\/www.aie.es\/en\/abierta-convocatoria-becasaie-2020\/#breadcrumb","itemListElement":[{"@type":"ListItem","position":1,"name":"Portada","item":"https:\/\/www.aie.es\/en\/"},{"@type":"ListItem","position":2,"name":"Abierta la convocatoria de las BECASAIE"}]},{"@type":"WebSite","@id":"https:\/\/www.aie.es\/#website","url":"https:\/\/www.aie.es\/","name":"AIE Sociedad de Artistas Int\u00e9rpretes o Ejecutantes de Espa\u00f1a","description":"Entidad de gesti\u00f3n de derechos de propiedad intelectual","potentialAction":[{"@type":"SearchAction","target":{"@type":"EntryPoint","urlTemplate":"https:\/\/www.aie.es\/?s={search_term_string}"},"query-input":"required name=search_term_string"}],"inLanguage":"en-US"},{"@type":"Person","@id":"https:\/\/www.aie.es\/#\/schema\/person\/9008ac87bc3b5836f79e2a677dace4d5","name":"GGCOM","image":{"@type":"ImageObject","inLanguage":"en-US","@id":"https:\/\/www.aie.es\/#\/schema\/person\/image\/","url":"https:\/\/secure.gravatar.com\/avatar\/b4ed17baa0f661a7cbe0494fbec9b888?s=96&d=mm&r=g","contentUrl":"https:\/\/secure.gravatar.com\/avatar\/b4ed17baa0f661a7cbe0494fbec9b888?s=96&d=mm&r=g","caption":"GGCOM"},"url":"https:\/\/www.aie.es\/en\/author\/cgarriga\/"}]}},"_links":{"self":[{"href":"https:\/\/www.aie.es\/en\/wp-json\/wp\/v2\/posts\/32273"}],"collection":[{"href":"https:\/\/www.aie.es\/en\/wp-json\/wp\/v2\/posts"}],"about":[{"href":"https:\/\/www.aie.es\/en\/wp-json\/wp\/v2\/types\/post"}],"author":[{"embeddable":true,"href":"https:\/\/www.aie.es\/en\/wp-json\/wp\/v2\/users\/3"}],"replies":[{"embeddable":true,"href":"https:\/\/www.aie.es\/en\/wp-json\/wp\/v2\/comments?post=32273"}],"version-history":[{"count":1,"href":"https:\/\/www.aie.es\/en\/wp-json\/wp\/v2\/posts\/32273\/revisions"}],"predecessor-version":[{"id":32280,"href":"https:\/\/www.aie.es\/en\/wp-json\/wp\/v2\/posts\/32273\/revisions\/32280"}],"wp:featuredmedia":[{"embeddable":true,"href":"https:\/\/www.aie.es\/en\/wp-json\/wp\/v2\/media\/32262"}],"wp:attachment":[{"href":"https:\/\/www.aie.es\/en\/wp-json\/wp\/v2\/media?parent=32273"}],"wp:term":[{"taxonomy":"category","embeddable":true,"href":"https:\/\/www.aie.es\/en\/wp-json\/wp\/v2\/categories?post=32273"},{"taxonomy":"post_tag","embeddable":true,"href":"https:\/\/www.aie.es\/en\/wp-json\/wp\/v2\/tags?post=32273"}],"curies":[{"name":"wp","href":"https:\/\/api.w.org\/{rel}","templated":true}]}}