{"id":32734,"date":"2020-02-26T18:45:27","date_gmt":"2020-02-26T17:45:27","guid":{"rendered":"https:\/\/www.aie.es\/campana-internacional-de-apoyo-a-los-artistas-de-costa-rica-y-sus-derechos-de-propiedad-intelectual\/"},"modified":"2020-05-05T18:48:39","modified_gmt":"2020-05-05T17:48:39","slug":"campana-internacional-de-apoyo-a-los-artistas-de-costa-rica-y-sus-derechos-de-propiedad-intelectual","status":"publish","type":"post","link":"https:\/\/www.aie.es\/en\/campana-internacional-de-apoyo-a-los-artistas-de-costa-rica-y-sus-derechos-de-propiedad-intelectual\/","title":{"rendered":"Campa\u00f1a internacional de apoyo a los artistas de Costa Rica y sus derechos de propiedad intelectual"},"content":{"rendered":"<p><img decoding=\"async\" class=\"aligncenter size-full wp-image-31883\" src=\"https:\/\/www.aie.es\/wp-content\/uploads\/cabecera-noti.jpg\" alt=\"\" width=\"940\" height=\"397\" srcset=\"https:\/\/www.aie.es\/wp-content\/uploads\/cabecera-noti.jpg 940w, https:\/\/www.aie.es\/wp-content\/uploads\/cabecera-noti-300x127.jpg 300w, https:\/\/www.aie.es\/wp-content\/uploads\/cabecera-noti-768x324.jpg 768w, https:\/\/www.aie.es\/wp-content\/uploads\/cabecera-noti-700x296.jpg 700w\" sizes=\"(max-width: 940px) 100vw, 940px\" \/><\/p>\n<p>Excmo. Sr. Presidente de la Rep\u00fablica:<\/p>\n<p>Con respeto y con la firmeza y urgencia que el caso requiere, le env\u00edo esta Declaraci\u00f3n de Apoyo Internacional a los Artistas de Costa Rica y sus derechos, en la seguridad de que V.E. la atender\u00e1. Se trata de los representantes de la cultura de ese gran pa\u00eds que es Costa Rica.<\/p>\n<p>En nombre de la comunidad art\u00edstica internacional, le traslado nuestra honda preocupaci\u00f3n por la situaci\u00f3n, repetida y secular, de los artistas costarricenses y sus derechos.<\/p>\n<p>Le ruego que atienda las justas reivindicaciones de los artistas de su pa\u00eds, apoyados y respaldados por todos nosotros. No condenen a los artistas de Costa Rica a la pobreza. Sus derechos son su salario y el futuro de sus familias. Sin derechos no tendr\u00e1n futuro. Con todo respeto, usted y su gobierno no pueden permitir que esta precaria situaci\u00f3n se prolongue m\u00e1s en el tiempo. En este momento la protecci\u00f3n de los derechos de los artistas es de las m\u00e1s precarias y bajas no solo de la regi\u00f3n sino del mundo.<\/p>\n<p>Es urgente y necesario que sit\u00faen a los artistas de Costa Rica en el nivel medio de los pa\u00edses de su entorno y la protecci\u00f3n de la propiedad intelectual equiparable a la importancia internacional que su magn\u00edfico pa\u00eds ha alcanzado. Ya es hora de acabar con las reservas, trabas, obst\u00e1culos y las negativas condiciones de los derechos de los artistas. Esta situaci\u00f3n no se puede extender m\u00e1s en el tiempo.<\/p>\n<p>Le ruego, se\u00f1or presidente, que proteja y respete a sus artistas. La gran mayor\u00eda no son personajes famosos y ricos. Si acaso, pueden serlo algunos privilegiados.<\/p>\n<p>Los artistas somos trabajadores de la m\u00fasica y como tales tenemos derecho al trabajo y a la remuneraci\u00f3n derivada del trabajo. Esta condici\u00f3n, antes que se\u00f1alarnos como especiales, nos iguala al resto de los trabajadores de Costa Rica y de las regiones del mundo en donde se respeta la propiedad intelectual y los derechos que de ello se derivan.<\/p>\n<p>Todas las personas, empresas y gobiernos de las regiones del mundo, donde se respeta la democracia y el orden, tienen derecho a presentar enmiendas, reservas y poner condiciones a las leyes y normas que nos rigen. Pero, como usted bien sabe, hay algunos derechos primarios, primigenios, fundamentales, consagrados por la tradici\u00f3n, el respeto y el bienestar, que son prioritarios. Por favor, h\u00e1ganlos valer. Ustedes tienen las herramientas legales para hacerlo. Le solicitamos que lo hagan. Protejan a sus artistas como se hace en todo el mundo. No los releguen a ser los \u00faltimos de la fila. No lo merecen, y no es l\u00f3gico ni justo.<\/p>\n<p>Las empresas de radiodifusi\u00f3n, de todo el mundo, remuneran a los propietarios y proveedores de los derechos y bienes que les sirven para hacer negocio. \u00bfPor qu\u00e9 en Costa Rica no? \u00bfQu\u00e9 es lo que los distingue y\/o exime para tratar de soslayar esa obligaci\u00f3n al pago y la necesidad y deber de contribuir a compartir la riqueza y el beneficio con justicia y equidad?<\/p>\n<p>La propiedad intelectual no es un impuesto sino un derecho, inherente al ser humano, como el derecho a la libertad. El derecho a la propiedad intelectual ha sido consagrado, junto a otros derechos, por la Declaraci\u00f3n Universal de los Derechos Humanos, adoptada y vinculada con Costa Rica.<\/p>\n<p>Con la seguridad de que V.E. atender\u00e1 nuestra leal y justa petici\u00f3n, le saludo y le presento mis respetos y los de los artistas, entidades y organizaciones internacionales que apoyan este<br \/>\ncomunicado.<\/p>\n<p>Les estoy enviando, con su permiso, copia de esta carta a algunas autoridades y miembros de su gobierno. Adjunto a esta carta le remito la declaraci\u00f3n detallada.<\/p>\n<p>Afectuosamente<\/p>\n<p><strong>Luis Cobos\u00a0<\/strong><br \/>\nDirector de orquesta y presidente de AIE y FILAIE<\/p>\n<p><a href=\"https:\/\/www.aie.es\/wp-content\/uploads\/CARTA-APOYO-INTERNACIONAL-Artistas-de-Costa-Rica19feb20-DEF-pdf-dragged.pdf\" target=\"_blank\" rel=\"noopener noreferrer\">Carta de Luis Cobos al presidente de Costa Rica<\/a> (PDF).<\/p>\n<p><a href=\"https:\/\/www.aie.es\/wp-content\/uploads\/DECL-APOYO-INTERNACIONAL-Artistas-de-Costa-Rica19feb20-DEF-pdf-1.pdf\" target=\"_blank\" rel=\"noopener noreferrer\">Declaraci\u00f3n de apoyo internacional a los artistas de Costa Rica y sus derechos de propiedad intelectual\u200b<\/a> (PDF).<\/p>\n","protected":false},"excerpt":{"rendered":"<p>&#8220;Esta es una declaraci\u00f3n internacional de apoyo a los artistas de Costa Rica y al valor de su trabajo, de la cultura del pa\u00eds y de la justa remuneraci\u00f3n que se debe a los artistas como trabajadores de la m\u00fasica. Nace de la injusta situaci\u00f3n que padecen los artistas de Costa Rica cuando no pueden ejercer su derecho reconocido por las leyes costarricenses, por la legislaci\u00f3n internacional y los convenios y tratados en vigor, suscritos por Costa Rica con el resto de la comunidad internacional. La ciudadan\u00eda debe saber que desde 1982, a\u00f1o en que se promulg\u00f3 la Ley de Derechos de Autor y Derechos Conexos No. 6683, los artistas de Costa Rica han esperado, a\u00f1o tras a\u00f1o, la ocasi\u00f3n de aplicar esa ley para no ser ciudadanos de segunda o tercera clase&#8221;. <\/p>\n","protected":false},"author":3,"featured_media":31886,"comment_status":"open","ping_status":"open","sticky":false,"template":"","format":"video","meta":{"_acf_changed":false,"_relevanssi_hide_post":"","_relevanssi_hide_content":"","_relevanssi_pin_for_all":"","_relevanssi_pin_keywords":"","_relevanssi_unpin_keywords":"","_relevanssi_related_keywords":"","_relevanssi_related_include_ids":"","_relevanssi_related_exclude_ids":"","_relevanssi_related_no_append":"","_relevanssi_related_not_related":"","_relevanssi_related_posts":"","_relevanssi_noindex_reason":"","footnotes":""},"categories":[322],"tags":[],"acf":[],"yoast_head":"<!-- This site is optimized with the Yoast SEO Premium plugin v21.5 (Yoast SEO v21.9.1) - https:\/\/yoast.com\/wordpress\/plugins\/seo\/ -->\n<title>Campa\u00f1a internacional de apoyo a los artistas de Costa Rica y sus derechos de propiedad intelectual - AIE Sociedad de Artistas Int\u00e9rpretes o Ejecutantes de Espa\u00f1a<\/title>\n<meta name=\"robots\" content=\"index, follow, max-snippet:-1, max-image-preview:large, max-video-preview:-1\" \/>\n<link rel=\"canonical\" href=\"https:\/\/www.aie.es\/en\/campana-internacional-de-apoyo-a-los-artistas-de-costa-rica-y-sus-derechos-de-propiedad-intelectual\/\" \/>\n<meta property=\"og:locale\" content=\"en_US\" \/>\n<meta property=\"og:type\" content=\"article\" \/>\n<meta property=\"og:title\" content=\"Campa\u00f1a internacional de apoyo a los artistas de Costa Rica y sus derechos de propiedad intelectual\" \/>\n<meta property=\"og:description\" content=\"&quot;Esta es una declaraci\u00f3n internacional de apoyo a los artistas de Costa Rica y al valor de su trabajo, de la cultura del pa\u00eds y de la justa remuneraci\u00f3n que se debe a los artistas como trabajadores de la m\u00fasica. Nace de la injusta situaci\u00f3n que padecen los artistas de Costa Rica cuando no pueden ejercer su derecho reconocido por las leyes costarricenses, por la legislaci\u00f3n internacional y los convenios y tratados en vigor, suscritos por Costa Rica con el resto de la comunidad internacional. La ciudadan\u00eda debe saber que desde 1982, a\u00f1o en que se promulg\u00f3 la Ley de Derechos de Autor y Derechos Conexos No. 6683, los artistas de Costa Rica han esperado, a\u00f1o tras a\u00f1o, la ocasi\u00f3n de aplicar esa ley para no ser ciudadanos de segunda o tercera clase&quot;.\" \/>\n<meta property=\"og:url\" content=\"https:\/\/www.aie.es\/en\/campana-internacional-de-apoyo-a-los-artistas-de-costa-rica-y-sus-derechos-de-propiedad-intelectual\/\" \/>\n<meta property=\"og:site_name\" content=\"AIE Sociedad de Artistas Int\u00e9rpretes o Ejecutantes de Espa\u00f1a\" \/>\n<meta property=\"article:published_time\" content=\"2020-02-26T17:45:27+00:00\" \/>\n<meta property=\"article:modified_time\" content=\"2020-05-05T17:48:39+00:00\" \/>\n<meta property=\"og:image\" content=\"https:\/\/www.aie.es\/wp-content\/uploads\/portada.jpg\" \/>\n\t<meta property=\"og:image:width\" content=\"1920\" \/>\n\t<meta property=\"og:image:height\" content=\"1080\" \/>\n\t<meta property=\"og:image:type\" content=\"image\/jpeg\" \/>\n<meta name=\"author\" content=\"GGCOM\" \/>\n<meta name=\"twitter:card\" content=\"summary_large_image\" \/>\n<meta name=\"twitter:label1\" content=\"Written by\" \/>\n\t<meta name=\"twitter:data1\" content=\"GGCOM\" \/>\n\t<meta name=\"twitter:label2\" content=\"Est. reading time\" \/>\n\t<meta name=\"twitter:data2\" content=\"3 minutes\" \/>\n<script type=\"application\/ld+json\" class=\"yoast-schema-graph\">{\"@context\":\"https:\/\/schema.org\",\"@graph\":[{\"@type\":\"WebPage\",\"@id\":\"https:\/\/www.aie.es\/en\/campana-internacional-de-apoyo-a-los-artistas-de-costa-rica-y-sus-derechos-de-propiedad-intelectual\/\",\"url\":\"https:\/\/www.aie.es\/en\/campana-internacional-de-apoyo-a-los-artistas-de-costa-rica-y-sus-derechos-de-propiedad-intelectual\/\",\"name\":\"Campa\u00f1a internacional de apoyo a los artistas de Costa Rica y sus derechos de propiedad intelectual - AIE Sociedad de Artistas Int\u00e9rpretes o Ejecutantes de Espa\u00f1a\",\"isPartOf\":{\"@id\":\"https:\/\/www.aie.es\/#website\"},\"datePublished\":\"2020-02-26T17:45:27+00:00\",\"dateModified\":\"2020-05-05T17:48:39+00:00\",\"author\":{\"@id\":\"https:\/\/www.aie.es\/#\/schema\/person\/9008ac87bc3b5836f79e2a677dace4d5\"},\"breadcrumb\":{\"@id\":\"https:\/\/www.aie.es\/en\/campana-internacional-de-apoyo-a-los-artistas-de-costa-rica-y-sus-derechos-de-propiedad-intelectual\/#breadcrumb\"},\"inLanguage\":\"en-US\",\"potentialAction\":[{\"@type\":\"ReadAction\",\"target\":[\"https:\/\/www.aie.es\/en\/campana-internacional-de-apoyo-a-los-artistas-de-costa-rica-y-sus-derechos-de-propiedad-intelectual\/\"]}]},{\"@type\":\"BreadcrumbList\",\"@id\":\"https:\/\/www.aie.es\/en\/campana-internacional-de-apoyo-a-los-artistas-de-costa-rica-y-sus-derechos-de-propiedad-intelectual\/#breadcrumb\",\"itemListElement\":[{\"@type\":\"ListItem\",\"position\":1,\"name\":\"Portada\",\"item\":\"https:\/\/www.aie.es\/en\/\"},{\"@type\":\"ListItem\",\"position\":2,\"name\":\"Campa\u00f1a internacional de apoyo a los artistas de Costa Rica y sus derechos de propiedad intelectual\"}]},{\"@type\":\"WebSite\",\"@id\":\"https:\/\/www.aie.es\/#website\",\"url\":\"https:\/\/www.aie.es\/\",\"name\":\"AIE Sociedad de Artistas Int\u00e9rpretes o Ejecutantes de Espa\u00f1a\",\"description\":\"Entidad de gesti\u00f3n de derechos de propiedad intelectual\",\"potentialAction\":[{\"@type\":\"SearchAction\",\"target\":{\"@type\":\"EntryPoint\",\"urlTemplate\":\"https:\/\/www.aie.es\/?s={search_term_string}\"},\"query-input\":\"required name=search_term_string\"}],\"inLanguage\":\"en-US\"},{\"@type\":\"Person\",\"@id\":\"https:\/\/www.aie.es\/#\/schema\/person\/9008ac87bc3b5836f79e2a677dace4d5\",\"name\":\"GGCOM\",\"image\":{\"@type\":\"ImageObject\",\"inLanguage\":\"en-US\",\"@id\":\"https:\/\/www.aie.es\/#\/schema\/person\/image\/\",\"url\":\"https:\/\/secure.gravatar.com\/avatar\/b4ed17baa0f661a7cbe0494fbec9b888?s=96&d=mm&r=g\",\"contentUrl\":\"https:\/\/secure.gravatar.com\/avatar\/b4ed17baa0f661a7cbe0494fbec9b888?s=96&d=mm&r=g\",\"caption\":\"GGCOM\"},\"url\":\"https:\/\/www.aie.es\/en\/author\/cgarriga\/\"}]}<\/script>\n<!-- \/ Yoast SEO Premium plugin. -->","yoast_head_json":{"title":"Campa\u00f1a internacional de apoyo a los artistas de Costa Rica y sus derechos de propiedad intelectual - AIE Sociedad de Artistas Int\u00e9rpretes o Ejecutantes de Espa\u00f1a","robots":{"index":"index","follow":"follow","max-snippet":"max-snippet:-1","max-image-preview":"max-image-preview:large","max-video-preview":"max-video-preview:-1"},"canonical":"https:\/\/www.aie.es\/en\/campana-internacional-de-apoyo-a-los-artistas-de-costa-rica-y-sus-derechos-de-propiedad-intelectual\/","og_locale":"en_US","og_type":"article","og_title":"Campa\u00f1a internacional de apoyo a los artistas de Costa Rica y sus derechos de propiedad intelectual","og_description":"\"Esta es una declaraci\u00f3n internacional de apoyo a los artistas de Costa Rica y al valor de su trabajo, de la cultura del pa\u00eds y de la justa remuneraci\u00f3n que se debe a los artistas como trabajadores de la m\u00fasica. Nace de la injusta situaci\u00f3n que padecen los artistas de Costa Rica cuando no pueden ejercer su derecho reconocido por las leyes costarricenses, por la legislaci\u00f3n internacional y los convenios y tratados en vigor, suscritos por Costa Rica con el resto de la comunidad internacional. La ciudadan\u00eda debe saber que desde 1982, a\u00f1o en que se promulg\u00f3 la Ley de Derechos de Autor y Derechos Conexos No. 6683, los artistas de Costa Rica han esperado, a\u00f1o tras a\u00f1o, la ocasi\u00f3n de aplicar esa ley para no ser ciudadanos de segunda o tercera clase\".","og_url":"https:\/\/www.aie.es\/en\/campana-internacional-de-apoyo-a-los-artistas-de-costa-rica-y-sus-derechos-de-propiedad-intelectual\/","og_site_name":"AIE Sociedad de Artistas Int\u00e9rpretes o Ejecutantes de Espa\u00f1a","article_published_time":"2020-02-26T17:45:27+00:00","article_modified_time":"2020-05-05T17:48:39+00:00","og_image":[{"width":1920,"height":1080,"url":"https:\/\/www.aie.es\/wp-content\/uploads\/portada.jpg","type":"image\/jpeg"}],"author":"GGCOM","twitter_card":"summary_large_image","twitter_misc":{"Written by":"GGCOM","Est. reading time":"3 minutes"},"schema":{"@context":"https:\/\/schema.org","@graph":[{"@type":"WebPage","@id":"https:\/\/www.aie.es\/en\/campana-internacional-de-apoyo-a-los-artistas-de-costa-rica-y-sus-derechos-de-propiedad-intelectual\/","url":"https:\/\/www.aie.es\/en\/campana-internacional-de-apoyo-a-los-artistas-de-costa-rica-y-sus-derechos-de-propiedad-intelectual\/","name":"Campa\u00f1a internacional de apoyo a los artistas de Costa Rica y sus derechos de propiedad intelectual - AIE Sociedad de Artistas Int\u00e9rpretes o Ejecutantes de Espa\u00f1a","isPartOf":{"@id":"https:\/\/www.aie.es\/#website"},"datePublished":"2020-02-26T17:45:27+00:00","dateModified":"2020-05-05T17:48:39+00:00","author":{"@id":"https:\/\/www.aie.es\/#\/schema\/person\/9008ac87bc3b5836f79e2a677dace4d5"},"breadcrumb":{"@id":"https:\/\/www.aie.es\/en\/campana-internacional-de-apoyo-a-los-artistas-de-costa-rica-y-sus-derechos-de-propiedad-intelectual\/#breadcrumb"},"inLanguage":"en-US","potentialAction":[{"@type":"ReadAction","target":["https:\/\/www.aie.es\/en\/campana-internacional-de-apoyo-a-los-artistas-de-costa-rica-y-sus-derechos-de-propiedad-intelectual\/"]}]},{"@type":"BreadcrumbList","@id":"https:\/\/www.aie.es\/en\/campana-internacional-de-apoyo-a-los-artistas-de-costa-rica-y-sus-derechos-de-propiedad-intelectual\/#breadcrumb","itemListElement":[{"@type":"ListItem","position":1,"name":"Portada","item":"https:\/\/www.aie.es\/en\/"},{"@type":"ListItem","position":2,"name":"Campa\u00f1a internacional de apoyo a los artistas de Costa Rica y sus derechos de propiedad intelectual"}]},{"@type":"WebSite","@id":"https:\/\/www.aie.es\/#website","url":"https:\/\/www.aie.es\/","name":"AIE Sociedad de Artistas Int\u00e9rpretes o Ejecutantes de Espa\u00f1a","description":"Entidad de gesti\u00f3n de derechos de propiedad intelectual","potentialAction":[{"@type":"SearchAction","target":{"@type":"EntryPoint","urlTemplate":"https:\/\/www.aie.es\/?s={search_term_string}"},"query-input":"required name=search_term_string"}],"inLanguage":"en-US"},{"@type":"Person","@id":"https:\/\/www.aie.es\/#\/schema\/person\/9008ac87bc3b5836f79e2a677dace4d5","name":"GGCOM","image":{"@type":"ImageObject","inLanguage":"en-US","@id":"https:\/\/www.aie.es\/#\/schema\/person\/image\/","url":"https:\/\/secure.gravatar.com\/avatar\/b4ed17baa0f661a7cbe0494fbec9b888?s=96&d=mm&r=g","contentUrl":"https:\/\/secure.gravatar.com\/avatar\/b4ed17baa0f661a7cbe0494fbec9b888?s=96&d=mm&r=g","caption":"GGCOM"},"url":"https:\/\/www.aie.es\/en\/author\/cgarriga\/"}]}},"_links":{"self":[{"href":"https:\/\/www.aie.es\/en\/wp-json\/wp\/v2\/posts\/32734"}],"collection":[{"href":"https:\/\/www.aie.es\/en\/wp-json\/wp\/v2\/posts"}],"about":[{"href":"https:\/\/www.aie.es\/en\/wp-json\/wp\/v2\/types\/post"}],"author":[{"embeddable":true,"href":"https:\/\/www.aie.es\/en\/wp-json\/wp\/v2\/users\/3"}],"replies":[{"embeddable":true,"href":"https:\/\/www.aie.es\/en\/wp-json\/wp\/v2\/comments?post=32734"}],"version-history":[{"count":1,"href":"https:\/\/www.aie.es\/en\/wp-json\/wp\/v2\/posts\/32734\/revisions"}],"predecessor-version":[{"id":32735,"href":"https:\/\/www.aie.es\/en\/wp-json\/wp\/v2\/posts\/32734\/revisions\/32735"}],"wp:featuredmedia":[{"embeddable":true,"href":"https:\/\/www.aie.es\/en\/wp-json\/wp\/v2\/media\/31886"}],"wp:attachment":[{"href":"https:\/\/www.aie.es\/en\/wp-json\/wp\/v2\/media?parent=32734"}],"wp:term":[{"taxonomy":"category","embeddable":true,"href":"https:\/\/www.aie.es\/en\/wp-json\/wp\/v2\/categories?post=32734"},{"taxonomy":"post_tag","embeddable":true,"href":"https:\/\/www.aie.es\/en\/wp-json\/wp\/v2\/tags?post=32734"}],"curies":[{"name":"wp","href":"https:\/\/api.w.org\/{rel}","templated":true}]}}