{"id":33355,"date":"2020-10-28T09:59:28","date_gmt":"2020-10-28T08:59:28","guid":{"rendered":"https:\/\/www.aie.es\/adios-a-parrita\/"},"modified":"2022-01-17T20:36:01","modified_gmt":"2022-01-17T18:36:01","slug":"adios-a-parrita","status":"publish","type":"post","link":"https:\/\/www.aie.es\/en\/adios-a-parrita\/","title":{"rendered":"Adi\u00f3s a Vicente Castro, &#8220;Parrita&#8221;"},"content":{"rendered":"<p><img decoding=\"async\" class=\"aligncenter size-full wp-image-33313\" src=\"https:\/\/www.aie.es\/wp-content\/uploads\/parrita.jpg\" alt=\"\" width=\"940\" height=\"529\" srcset=\"https:\/\/www.aie.es\/wp-content\/uploads\/parrita.jpg 940w, https:\/\/www.aie.es\/wp-content\/uploads\/parrita-300x169.jpg 300w, https:\/\/www.aie.es\/wp-content\/uploads\/parrita-768x432.jpg 768w, https:\/\/www.aie.es\/wp-content\/uploads\/parrita-700x394.jpg 700w, https:\/\/www.aie.es\/wp-content\/uploads\/parrita-539x303.jpg 539w\" sizes=\"(max-width: 940px) 100vw, 940px\" \/><\/p>\n<p>Nacido en el barrio valenciano de Nazaret, Parrita desarroll\u00f3 una exitosa carrera como cantaor y creador de rumbas, baladas gitanas y flamenco desde su adolescencia. Antes de dar sus primeros pasos en el mundo del flamenco, Parrita fue pescador, mientras preparaba su salto a la m\u00fasica siguiendo los pasos de su hermano mayor, El Peti, ganador en el Festival de Cante de las Minas a mediados de los a\u00f1os 70.<\/p>\n<p>Desde los 16 a\u00f1os, su figura era habitual en los tablaos, primero versionando \u00e9xitos de terceros, despu\u00e9s con su propio repertorio y afianzando un estilo en el que se convertir\u00eda en maestro indiscutible, el de la rumba y la balada flamencas. Su primer gran \u00e9xito lleg\u00f3 en 1982 con su versi\u00f3n de &#8216;Dama, dama&#8217;, el tema de Cecilia que Parrita llev\u00f3 a su terreno, como tambi\u00e9n hiciera con otras canciones ic\u00f3nicas del pop espa\u00f1ol en &#8216;Trocitos de nuestra vida&#8217;, uno de sus \u00faltimos \u00e1lbumes de estudio.<\/p>\n<p>Su prol\u00edfica discograf\u00eda incluye colaboraciones con ilustres flamencos como Camar\u00f3n o Paco de Luc\u00eda, al que dedic\u00f3 su \u00faltimo disco, &#8216;Copla flamenca&#8217;. En los \u00faltimos a\u00f1os preparaba un nuevo LP de duetos, &#8216;La ciudad de los abrazos&#8217;, cuya grabaci\u00f3n qued\u00f3 inconclusa por sucesivos problemas de salud. En su momento m\u00e1s \u00e1lgido, Parrita lleg\u00f3 a cantar el Olympia de Par\u00eds, la m\u00edtica sala de conciertos parisina donde se consagraron las leyendas de la chanson francesa y acab\u00f3 abri\u00e9ndose a otros estilos como el flamenco.<\/p>\n<p>Parrita grab\u00f3 una docena de \u00e1lbumes y compuso canciones que han interpretado artistas como el bolerista Moncho (&#8216;No te atormentes, morena&#8217;) o, recientemente, Rosal\u00eda (&#8216;Cositas de ayer&#8217;), y cont\u00f3 en sus grabaciones con colaboraciones como las de Paco de Luc\u00eda (&#8216;Quita el sent\u00edo&#8217;), Tomatito (&#8216;Canastero&#8217;), Carles Benavent y Kitflus (&#8216;Baladas gitanas&#8217;) o Joan Albert Amarg\u00f3s (&#8216;Entre la espada y la pared&#8217;).<\/p>\n","protected":false},"excerpt":{"rendered":"<p>El socio de AIE Vicente Castro &#8216;Parrita&#8217;, cantaor y compositor, ha fallecido este lunes en el Hospital de Terrassa a causa de un derrame cerebral que padeci\u00f3 hace pocos d\u00edas. La Sociedad de Artistas AIE desea expresar sus m\u00e1s sentidas condolencias a sus familiares, amigos y dem\u00e1s allegados.<\/p>\n","protected":false},"author":3,"featured_media":33313,"comment_status":"open","ping_status":"open","sticky":false,"template":"","format":"standard","meta":{"_acf_changed":false,"_relevanssi_hide_post":"","_relevanssi_hide_content":"","_relevanssi_pin_for_all":"","_relevanssi_pin_keywords":"","_relevanssi_unpin_keywords":"","_relevanssi_related_keywords":"","_relevanssi_related_include_ids":"","_relevanssi_related_exclude_ids":"","_relevanssi_related_no_append":"","_relevanssi_related_not_related":"","_relevanssi_related_posts":"","_relevanssi_noindex_reason":"","footnotes":""},"categories":[318],"tags":[],"acf":[],"yoast_head":"<!-- This site is optimized with the Yoast SEO Premium plugin v21.5 (Yoast SEO v21.9.1) - https:\/\/yoast.com\/wordpress\/plugins\/seo\/ -->\n<title>Adi\u00f3s a Vicente Castro, &quot;Parrita&quot; - AIE Sociedad de Artistas Int\u00e9rpretes o Ejecutantes de Espa\u00f1a<\/title>\n<meta name=\"robots\" content=\"index, follow, max-snippet:-1, max-image-preview:large, max-video-preview:-1\" \/>\n<link rel=\"canonical\" href=\"https:\/\/www.aie.es\/en\/adios-a-parrita\/\" \/>\n<meta property=\"og:locale\" content=\"en_US\" \/>\n<meta property=\"og:type\" content=\"article\" \/>\n<meta property=\"og:title\" content=\"Adi\u00f3s a Vicente Castro, &quot;Parrita&quot;\" \/>\n<meta property=\"og:description\" content=\"El socio de AIE Vicente Castro &#039;Parrita&#039;, cantaor y compositor, ha fallecido este lunes en el Hospital de Terrassa a causa de un derrame cerebral que padeci\u00f3 hace pocos d\u00edas. La Sociedad de Artistas AIE desea expresar sus m\u00e1s sentidas condolencias a sus familiares, amigos y dem\u00e1s allegados.\" \/>\n<meta property=\"og:url\" content=\"https:\/\/www.aie.es\/en\/adios-a-parrita\/\" \/>\n<meta property=\"og:site_name\" content=\"AIE Sociedad de Artistas Int\u00e9rpretes o Ejecutantes de Espa\u00f1a\" \/>\n<meta property=\"article:published_time\" content=\"2020-10-28T08:59:28+00:00\" \/>\n<meta property=\"article:modified_time\" content=\"2022-01-17T18:36:01+00:00\" \/>\n<meta property=\"og:image\" content=\"https:\/\/www.aie.es\/wp-content\/uploads\/parrita.jpg\" \/>\n\t<meta property=\"og:image:width\" content=\"940\" \/>\n\t<meta property=\"og:image:height\" content=\"529\" \/>\n\t<meta property=\"og:image:type\" content=\"image\/jpeg\" \/>\n<meta name=\"author\" content=\"GGCOM\" \/>\n<meta name=\"twitter:card\" content=\"summary_large_image\" \/>\n<meta name=\"twitter:label1\" content=\"Written by\" \/>\n\t<meta name=\"twitter:data1\" content=\"GGCOM\" \/>\n\t<meta name=\"twitter:label2\" content=\"Est. reading time\" \/>\n\t<meta name=\"twitter:data2\" content=\"2 minutes\" \/>\n<script type=\"application\/ld+json\" class=\"yoast-schema-graph\">{\"@context\":\"https:\/\/schema.org\",\"@graph\":[{\"@type\":\"WebPage\",\"@id\":\"https:\/\/www.aie.es\/en\/adios-a-parrita\/\",\"url\":\"https:\/\/www.aie.es\/en\/adios-a-parrita\/\",\"name\":\"Adi\u00f3s a Vicente Castro, \\\"Parrita\\\" - AIE Sociedad de Artistas Int\u00e9rpretes o Ejecutantes de Espa\u00f1a\",\"isPartOf\":{\"@id\":\"https:\/\/www.aie.es\/#website\"},\"datePublished\":\"2020-10-28T08:59:28+00:00\",\"dateModified\":\"2022-01-17T18:36:01+00:00\",\"author\":{\"@id\":\"https:\/\/www.aie.es\/#\/schema\/person\/9008ac87bc3b5836f79e2a677dace4d5\"},\"breadcrumb\":{\"@id\":\"https:\/\/www.aie.es\/en\/adios-a-parrita\/#breadcrumb\"},\"inLanguage\":\"en-US\",\"potentialAction\":[{\"@type\":\"ReadAction\",\"target\":[\"https:\/\/www.aie.es\/en\/adios-a-parrita\/\"]}]},{\"@type\":\"BreadcrumbList\",\"@id\":\"https:\/\/www.aie.es\/en\/adios-a-parrita\/#breadcrumb\",\"itemListElement\":[{\"@type\":\"ListItem\",\"position\":1,\"name\":\"Portada\",\"item\":\"https:\/\/www.aie.es\/en\/\"},{\"@type\":\"ListItem\",\"position\":2,\"name\":\"Adi\u00f3s a Vicente Castro, &#8220;Parrita&#8221;\"}]},{\"@type\":\"WebSite\",\"@id\":\"https:\/\/www.aie.es\/#website\",\"url\":\"https:\/\/www.aie.es\/\",\"name\":\"AIE Sociedad de Artistas Int\u00e9rpretes o Ejecutantes de Espa\u00f1a\",\"description\":\"Entidad de gesti\u00f3n de derechos de propiedad intelectual\",\"potentialAction\":[{\"@type\":\"SearchAction\",\"target\":{\"@type\":\"EntryPoint\",\"urlTemplate\":\"https:\/\/www.aie.es\/?s={search_term_string}\"},\"query-input\":\"required name=search_term_string\"}],\"inLanguage\":\"en-US\"},{\"@type\":\"Person\",\"@id\":\"https:\/\/www.aie.es\/#\/schema\/person\/9008ac87bc3b5836f79e2a677dace4d5\",\"name\":\"GGCOM\",\"image\":{\"@type\":\"ImageObject\",\"inLanguage\":\"en-US\",\"@id\":\"https:\/\/www.aie.es\/#\/schema\/person\/image\/\",\"url\":\"https:\/\/secure.gravatar.com\/avatar\/b4ed17baa0f661a7cbe0494fbec9b888?s=96&d=mm&r=g\",\"contentUrl\":\"https:\/\/secure.gravatar.com\/avatar\/b4ed17baa0f661a7cbe0494fbec9b888?s=96&d=mm&r=g\",\"caption\":\"GGCOM\"},\"url\":\"https:\/\/www.aie.es\/en\/author\/cgarriga\/\"}]}<\/script>\n<!-- \/ Yoast SEO Premium plugin. -->","yoast_head_json":{"title":"Adi\u00f3s a Vicente Castro, \"Parrita\" - AIE Sociedad de Artistas Int\u00e9rpretes o Ejecutantes de Espa\u00f1a","robots":{"index":"index","follow":"follow","max-snippet":"max-snippet:-1","max-image-preview":"max-image-preview:large","max-video-preview":"max-video-preview:-1"},"canonical":"https:\/\/www.aie.es\/en\/adios-a-parrita\/","og_locale":"en_US","og_type":"article","og_title":"Adi\u00f3s a Vicente Castro, \"Parrita\"","og_description":"El socio de AIE Vicente Castro 'Parrita', cantaor y compositor, ha fallecido este lunes en el Hospital de Terrassa a causa de un derrame cerebral que padeci\u00f3 hace pocos d\u00edas. La Sociedad de Artistas AIE desea expresar sus m\u00e1s sentidas condolencias a sus familiares, amigos y dem\u00e1s allegados.","og_url":"https:\/\/www.aie.es\/en\/adios-a-parrita\/","og_site_name":"AIE Sociedad de Artistas Int\u00e9rpretes o Ejecutantes de Espa\u00f1a","article_published_time":"2020-10-28T08:59:28+00:00","article_modified_time":"2022-01-17T18:36:01+00:00","og_image":[{"width":940,"height":529,"url":"https:\/\/www.aie.es\/wp-content\/uploads\/parrita.jpg","type":"image\/jpeg"}],"author":"GGCOM","twitter_card":"summary_large_image","twitter_misc":{"Written by":"GGCOM","Est. reading time":"2 minutes"},"schema":{"@context":"https:\/\/schema.org","@graph":[{"@type":"WebPage","@id":"https:\/\/www.aie.es\/en\/adios-a-parrita\/","url":"https:\/\/www.aie.es\/en\/adios-a-parrita\/","name":"Adi\u00f3s a Vicente Castro, \"Parrita\" - AIE Sociedad de Artistas Int\u00e9rpretes o Ejecutantes de Espa\u00f1a","isPartOf":{"@id":"https:\/\/www.aie.es\/#website"},"datePublished":"2020-10-28T08:59:28+00:00","dateModified":"2022-01-17T18:36:01+00:00","author":{"@id":"https:\/\/www.aie.es\/#\/schema\/person\/9008ac87bc3b5836f79e2a677dace4d5"},"breadcrumb":{"@id":"https:\/\/www.aie.es\/en\/adios-a-parrita\/#breadcrumb"},"inLanguage":"en-US","potentialAction":[{"@type":"ReadAction","target":["https:\/\/www.aie.es\/en\/adios-a-parrita\/"]}]},{"@type":"BreadcrumbList","@id":"https:\/\/www.aie.es\/en\/adios-a-parrita\/#breadcrumb","itemListElement":[{"@type":"ListItem","position":1,"name":"Portada","item":"https:\/\/www.aie.es\/en\/"},{"@type":"ListItem","position":2,"name":"Adi\u00f3s a Vicente Castro, &#8220;Parrita&#8221;"}]},{"@type":"WebSite","@id":"https:\/\/www.aie.es\/#website","url":"https:\/\/www.aie.es\/","name":"AIE Sociedad de Artistas Int\u00e9rpretes o Ejecutantes de Espa\u00f1a","description":"Entidad de gesti\u00f3n de derechos de propiedad intelectual","potentialAction":[{"@type":"SearchAction","target":{"@type":"EntryPoint","urlTemplate":"https:\/\/www.aie.es\/?s={search_term_string}"},"query-input":"required name=search_term_string"}],"inLanguage":"en-US"},{"@type":"Person","@id":"https:\/\/www.aie.es\/#\/schema\/person\/9008ac87bc3b5836f79e2a677dace4d5","name":"GGCOM","image":{"@type":"ImageObject","inLanguage":"en-US","@id":"https:\/\/www.aie.es\/#\/schema\/person\/image\/","url":"https:\/\/secure.gravatar.com\/avatar\/b4ed17baa0f661a7cbe0494fbec9b888?s=96&d=mm&r=g","contentUrl":"https:\/\/secure.gravatar.com\/avatar\/b4ed17baa0f661a7cbe0494fbec9b888?s=96&d=mm&r=g","caption":"GGCOM"},"url":"https:\/\/www.aie.es\/en\/author\/cgarriga\/"}]}},"_links":{"self":[{"href":"https:\/\/www.aie.es\/en\/wp-json\/wp\/v2\/posts\/33355"}],"collection":[{"href":"https:\/\/www.aie.es\/en\/wp-json\/wp\/v2\/posts"}],"about":[{"href":"https:\/\/www.aie.es\/en\/wp-json\/wp\/v2\/types\/post"}],"author":[{"embeddable":true,"href":"https:\/\/www.aie.es\/en\/wp-json\/wp\/v2\/users\/3"}],"replies":[{"embeddable":true,"href":"https:\/\/www.aie.es\/en\/wp-json\/wp\/v2\/comments?post=33355"}],"version-history":[{"count":1,"href":"https:\/\/www.aie.es\/en\/wp-json\/wp\/v2\/posts\/33355\/revisions"}],"predecessor-version":[{"id":38483,"href":"https:\/\/www.aie.es\/en\/wp-json\/wp\/v2\/posts\/33355\/revisions\/38483"}],"wp:featuredmedia":[{"embeddable":true,"href":"https:\/\/www.aie.es\/en\/wp-json\/wp\/v2\/media\/33313"}],"wp:attachment":[{"href":"https:\/\/www.aie.es\/en\/wp-json\/wp\/v2\/media?parent=33355"}],"wp:term":[{"taxonomy":"category","embeddable":true,"href":"https:\/\/www.aie.es\/en\/wp-json\/wp\/v2\/categories?post=33355"},{"taxonomy":"post_tag","embeddable":true,"href":"https:\/\/www.aie.es\/en\/wp-json\/wp\/v2\/tags?post=33355"}],"curies":[{"name":"wp","href":"https:\/\/api.w.org\/{rel}","templated":true}]}}