{"id":33356,"date":"2020-10-31T15:00:38","date_gmt":"2020-10-31T14:00:38","guid":{"rendered":"https:\/\/www.aie.es\/adios-a-pedro-iturralde\/"},"modified":"2020-11-20T11:15:45","modified_gmt":"2020-11-20T10:15:45","slug":"adios-a-pedro-iturralde","status":"publish","type":"post","link":"https:\/\/www.aie.es\/en\/adios-a-pedro-iturralde\/","title":{"rendered":"Adi\u00f3s a Pedro Iturralde"},"content":{"rendered":"<p><img decoding=\"async\" class=\"aligncenter size-large wp-image-33329\" src=\"https:\/\/www.aie.es\/wp-content\/uploads\/\/Adi\u00f3s-a-Pedro-Iturralde-1024x897.jpg\" alt=\"\" width=\"1024\" height=\"897\" srcset=\"https:\/\/www.aie.es\/wp-content\/uploads\/Adi\u00f3s-a-Pedro-Iturralde-1024x897.jpg 1024w, https:\/\/www.aie.es\/wp-content\/uploads\/Adi\u00f3s-a-Pedro-Iturralde-300x263.jpg 300w, https:\/\/www.aie.es\/wp-content\/uploads\/Adi\u00f3s-a-Pedro-Iturralde-768x673.jpg 768w, https:\/\/www.aie.es\/wp-content\/uploads\/Adi\u00f3s-a-Pedro-Iturralde-700x613.jpg 700w, https:\/\/www.aie.es\/wp-content\/uploads\/Adi\u00f3s-a-Pedro-Iturralde.jpg 1336w\" sizes=\"(max-width: 1024px) 100vw, 1024px\" \/><strong>Pedro Iturralde y Luis Cobos en el Paraninfo de la Universidad de Alcal\u00e1.<\/strong><br \/>\n<strong>Pedro recibe el t\u00edtulo de Miembro de Honor del Claustro Universitario de las Artes.\u00a0<\/strong><\/p>\n<div class=\"gmail-page\" title=\"Page 1\">\n<div class=\"gmail-layoutArea\">\n<div class=\"gmail-column\"><\/div>\n<\/div>\n<\/div>\n<div class=\"gmail-page\" title=\"Page 2\">\n<div class=\"gmail-layoutArea\">\n<div class=\"gmail-column\">\n<div class=\"gmail-page\" title=\"Page 1\">\n<div class=\"gmail-layoutArea\">\n<div class=\"gmail-column\">\n<p>&nbsp;<\/p>\n<p>Adi\u00f3s, querido Pedro:<\/p>\n<p>Maestro, m\u00fasico incansable, investigador, profesor, cultivador de excelencia, pulcritud y pasi\u00f3n. Trabajador, exigente y elegante, has creado un estilo propio y \u00fanico.<br \/>\nPocas veces tenemos la inoportuna oportunidad, cuando un compa\u00f1ero y amigo se va, de glosar, valorar y estimar la trayectoria de un m\u00fasico tan intenso, brillante y universal como t\u00fa, Pedro Iturralde. Pionero de la fusi\u00f3n del Flamenco y el Jazz, amante de la m\u00fasica popular, del academicismo, de la excelencia musical y del gusto por el p\u00fablico, y de los conciertos en directo, ya fueran diurnos o nocturnos. Devoto del contacto con el p\u00fablico.<\/p>\n<p>Genial m\u00fasico y buen hombre, has pateado los locales y garitos de medio mundo, a la vez que los grandes coliseos, y has asombrado a propios y extra\u00f1os por tu calidad, tu impecable t\u00e9cnica y tu pulcritud instrumental y compositiva, por tu imponente y c\u00e1lido sonido&#8230; sin que ello te haya quitado ni un \u00e1pice de pasi\u00f3n, entrega e infatigable amor por el estudio.<\/p>\n<p>Esa peculiar forma de ser y entender la m\u00fasica te llev\u00f3 a ser catedr\u00e1tico de saxof\u00f3n del Conservatorio de Madrid y solista de la Orquesta Nacional de Espa\u00f1a.<br \/>\nRevolucionaste la ense\u00f1anza y fuiste el profesor perfecto al que, despu\u00e9s de las clases, los alumnos pod\u00edan escuchar al maestro en concierto y comprobar c\u00f3mo poner en pr\u00e1ctica todo lo aprendido. Has dejado una huella imborrable y un nutrido grupo de excelentes saxofonistas que seguir\u00e1n expandiendo tu legado de puro arte por el mundo.<\/p>\n<\/div>\n<\/div>\n<\/div>\n<div class=\"gmail-page\" title=\"Page 2\">\n<div class=\"gmail-layoutArea\">\n<div class=\"gmail-column\">\n<p>Mi querido amigo y maestro, nos dejas pero seguir\u00e1s con nosotros. Eres una de las personas que m\u00e1s ha elevado el valor del Jazz y la apreciaci\u00f3n del instrumento musical como elemento imprescindible para transmitir y sentir la emoci\u00f3n de la m\u00fasica.<\/p>\n<p>Eres un gran compositor pero tu vena de int\u00e9rprete se ha impuesto sobre todo lo dem\u00e1s. Has continuado tocando hasta el \u00faltimo momento. <a href=\"https:\/\/www.aie.es\/pedro-iturralde-concierto-homenaje-90-cumpleanos\/\" target=\"_blank\" rel=\"noopener noreferrer\">El a\u00f1o pasado<\/a> pudimos ver como conservabas la t\u00e9cnica y el sonido vivos y coleando.<br \/>\nTe encantaba el clarinete, el cual has llegado a dominar, y tambi\u00e9n el piano, la guitarra, el viol\u00edn&#8230; Casi todos los instrumentos que has tenido entre tus manos te han dado el s\u00ed, pero tu compa\u00f1ero de fatigas, tu socio, compinche y hermano, como parte ineludible e indivisible de tu cuerpo, ha sido y ser\u00e1 siempre el saxof\u00f3n tenor. Normalmente los m\u00fasicos, y gran parte de la gente, llamamos a los saxofones saxos pero t\u00fa siempre que hablabas del instrumento te refer\u00edas al saxof\u00f3n no restando ni una letra a su aut\u00e9ntico y sonoro nombre.<\/p>\n<p>Tuve el privilegio de asesorar, y coproducir contigo, en mis estudios Escorpio, la grabaci\u00f3n que realizaste de un quinteto de saxos, tocados todos por ti. Yo me resist\u00eda pero t\u00fa quisiste que estuviese en el control y opinase sobre las diferentes tomas y la interpretaci\u00f3n (perfecta) de todos los saxos. Lo hice y me siento muy satisfecho por ello. Tambi\u00e9n he compartido contigo muchas grabaciones de estudio, y escenario en varias ocasiones, dirigi\u00e9ndote en el Liceo de Barcelona y tocando juntos en algunos otros lugares.<\/p>\n<p>No he conocido en toda mi vida a un m\u00fasico m\u00e1s especial, estudioso y dedicado que t\u00fa. Siempre cuidando la expresi\u00f3n, el tempo, las pausas, los picados y ligados&#8230;<br \/>\nEn fin, todas esas cosas precisas, preciosas y peque\u00f1as, que hacen al sonido grande, ampuloso, \u00edntimo y sensual cuando la ocasi\u00f3n lo requiere, trat\u00e1ndose del saxof\u00f3n. Ya fuese soplado, lento, sinuoso o picado y potente, has dominado la t\u00e9cnica como nadie.<\/p>\n<p>Abriste el frasco de las esencias versionando y fusionando el flamenco, la m\u00fasica espa\u00f1ola, de los grandes compositores cl\u00e1sicos espa\u00f1oles como Turina, Falla, Granados&#8230; Pero las grabaciones y temas que m\u00e1s han interesado a los m\u00fasicos del mundo han sido tus propias obras. Tus composiciones y tu forma de tocar han llegado a solistas, peque\u00f1os grupos, bandas, orquestas y formaciones de todo tama\u00f1o y forma, inundando el mundo con tu talento y ese especial estilo que te ha definido, te define y te definir\u00e1.<\/p>\n<p>Mi querido Pedro, nos dejas pero te quedas porque ya eres parte de nosotros. Tu obra, inmortal, nos acompa\u00f1ar\u00e1 siempre.<br \/>\nTe deseamos un buen viaje por el camino que te lleva a la inmortalidad, gracias a tu m\u00fasica que nos ayudar\u00e1 a recordarte como un gran hombre, un gran m\u00fasico y un gran compa\u00f1ero. Nuestro m\u00e1s sentido adi\u00f3s querido Pedro.<\/p>\n<p>Creo que puedo escribir estas notas representando a todos los instrumentistas m\u00fasicos porque t\u00fa has sido y ser\u00e1s un ejemplo y un icono para todos nosotros, como lo fue Paco de Luc\u00eda, al que invitaste a tocar contigo en tu m\u00e1s emblem\u00e1tico disco: Jazz Flamenco.<br \/>\nCon ese disco y con tu peculiar sonido llenaremos de belleza nuestro recuerdo para disfrutar haberte conocido y compartido contigo vida, amistad, m\u00fasica y emoci\u00f3n.<\/p>\n<p>DESCANSA EN PAZ.<\/p>\n<p style=\"text-align: left;\">Luis Cobos<br \/>\nM\u00fasico y amigo de Pedro Iturralde\u00a0 \u00a0 \u00a0 \u00a0 \u00a0 \u00a0 \u00a0 \u00a0 \u00a0 \u00a0 \u00a0 \u00a0 \u00a0 \u00a0 \u00a0 \u00a0 \u00a0 \u00a0 \u00a0 \u00a0 \u00a0 \u00a0 \u00a0 \u00a0 \u00a0 \u00a0 \u00a0 \u00a0 \u00a0 \u00a0 \u00a0 \u00a0 \u00a0 \u00a0 \u00a0 \u00a0 \u00a0 \u00a0 \u00a0 \u00a0 \u00a0 \u00a0 \u00a0 \u00a0 \u00a0 \u00a0 \u00a0 \u00a0 \u00a0 \u00a0 \u00a0 \u00a0 \u00a0 \u00a0 \u00a0 \u00a0 \u00a0 \u00a0 \u00a0 \u00a0 \u00a0 \u00a0 \u00a0 \u00a0 \u00a0 \u00a0 \u00a0 \u00a0 \u00a0 \u00a0 \u00a0 \u00a0 \u00a0 \u00a0 \u00a0 \u00a0 \u00a0 \u00a0 \u00a0 \u00a0 \u00a0 \u00a0 \u00a0 \u00a0 \u00a0 \u00a0 \u00a0 \u00a0 \u00a0 \u00a0 \u00a0 \u00a0 \u00a0 \u00a0 \u00a0 \u00a0 \u00a0 \u00a0 Presidente de AIE y FILAIE<\/p>\n<\/div>\n<\/div>\n<\/div>\n<\/div>\n<\/div>\n<\/div>\n","protected":false},"excerpt":{"rendered":"<p>&#8220;Maestro, m\u00fasico incansable, investigador, profesor, cultivador de excelencia, pulcritud y pasi\u00f3n. Trabajador, exigente y elegante, has creado un estilo propio y \u00fanico. Mi querido Pedro, nos dejas pero te quedas porque ya eres parte de nosotros. Tu obra, inmortal, nos acompa\u00f1ar\u00e1 siempre. Te deseamos un buen viaje por el camino que te lleva a la inmortalidad, gracias a tu m\u00fasica que siempre nos ayudar\u00e1 a recordarte como un gran hombre, un gran m\u00fasico y un gran compa\u00f1ero&#8221; &#8211; Luis Cobos.<\/p>\n","protected":false},"author":3,"featured_media":33329,"comment_status":"open","ping_status":"open","sticky":false,"template":"","format":"standard","meta":{"_acf_changed":false,"_relevanssi_hide_post":"","_relevanssi_hide_content":"","_relevanssi_pin_for_all":"","_relevanssi_pin_keywords":"","_relevanssi_unpin_keywords":"","_relevanssi_related_keywords":"","_relevanssi_related_include_ids":"","_relevanssi_related_exclude_ids":"","_relevanssi_related_no_append":"","_relevanssi_related_not_related":"","_relevanssi_related_posts":"","_relevanssi_noindex_reason":"","footnotes":""},"categories":[325],"tags":[],"acf":[],"yoast_head":"<!-- This site is optimized with the Yoast SEO Premium plugin v21.5 (Yoast SEO v21.9.1) - https:\/\/yoast.com\/wordpress\/plugins\/seo\/ -->\n<title>Adi\u00f3s a Pedro Iturralde - AIE Sociedad de Artistas Int\u00e9rpretes o Ejecutantes de Espa\u00f1a<\/title>\n<meta name=\"robots\" content=\"index, follow, max-snippet:-1, max-image-preview:large, max-video-preview:-1\" \/>\n<link rel=\"canonical\" href=\"https:\/\/www.aie.es\/en\/adios-a-pedro-iturralde\/\" \/>\n<meta property=\"og:locale\" content=\"en_US\" \/>\n<meta property=\"og:type\" content=\"article\" \/>\n<meta property=\"og:title\" content=\"Adi\u00f3s a Pedro Iturralde\" \/>\n<meta property=\"og:description\" content=\"&quot;Maestro, m\u00fasico incansable, investigador, profesor, cultivador de excelencia, pulcritud y pasi\u00f3n. Trabajador, exigente y elegante, has creado un estilo propio y \u00fanico. Mi querido Pedro, nos dejas pero te quedas porque ya eres parte de nosotros. Tu obra, inmortal, nos acompa\u00f1ar\u00e1 siempre. Te deseamos un buen viaje por el camino que te lleva a la inmortalidad, gracias a tu m\u00fasica que siempre nos ayudar\u00e1 a recordarte como un gran hombre, un gran m\u00fasico y un gran compa\u00f1ero&quot; - Luis Cobos.\" \/>\n<meta property=\"og:url\" content=\"https:\/\/www.aie.es\/en\/adios-a-pedro-iturralde\/\" \/>\n<meta property=\"og:site_name\" content=\"AIE Sociedad de Artistas Int\u00e9rpretes o Ejecutantes de Espa\u00f1a\" \/>\n<meta property=\"article:published_time\" content=\"2020-10-31T14:00:38+00:00\" \/>\n<meta property=\"article:modified_time\" content=\"2020-11-20T10:15:45+00:00\" \/>\n<meta property=\"og:image\" content=\"https:\/\/www.aie.es\/wp-content\/uploads\/Adi\u00f3s-a-Pedro-Iturralde.jpg\" \/>\n\t<meta property=\"og:image:width\" content=\"1336\" \/>\n\t<meta property=\"og:image:height\" content=\"1170\" \/>\n\t<meta property=\"og:image:type\" content=\"image\/jpeg\" \/>\n<meta name=\"author\" content=\"GGCOM\" \/>\n<meta name=\"twitter:card\" content=\"summary_large_image\" \/>\n<meta name=\"twitter:label1\" content=\"Written by\" \/>\n\t<meta name=\"twitter:data1\" content=\"GGCOM\" \/>\n\t<meta name=\"twitter:label2\" content=\"Est. reading time\" \/>\n\t<meta name=\"twitter:data2\" content=\"5 minutes\" \/>\n<script type=\"application\/ld+json\" class=\"yoast-schema-graph\">{\"@context\":\"https:\/\/schema.org\",\"@graph\":[{\"@type\":\"WebPage\",\"@id\":\"https:\/\/www.aie.es\/en\/adios-a-pedro-iturralde\/\",\"url\":\"https:\/\/www.aie.es\/en\/adios-a-pedro-iturralde\/\",\"name\":\"Adi\u00f3s a Pedro Iturralde - AIE Sociedad de Artistas Int\u00e9rpretes o Ejecutantes de Espa\u00f1a\",\"isPartOf\":{\"@id\":\"https:\/\/www.aie.es\/#website\"},\"datePublished\":\"2020-10-31T14:00:38+00:00\",\"dateModified\":\"2020-11-20T10:15:45+00:00\",\"author\":{\"@id\":\"https:\/\/www.aie.es\/#\/schema\/person\/9008ac87bc3b5836f79e2a677dace4d5\"},\"breadcrumb\":{\"@id\":\"https:\/\/www.aie.es\/en\/adios-a-pedro-iturralde\/#breadcrumb\"},\"inLanguage\":\"en-US\",\"potentialAction\":[{\"@type\":\"ReadAction\",\"target\":[\"https:\/\/www.aie.es\/en\/adios-a-pedro-iturralde\/\"]}]},{\"@type\":\"BreadcrumbList\",\"@id\":\"https:\/\/www.aie.es\/en\/adios-a-pedro-iturralde\/#breadcrumb\",\"itemListElement\":[{\"@type\":\"ListItem\",\"position\":1,\"name\":\"Portada\",\"item\":\"https:\/\/www.aie.es\/en\/\"},{\"@type\":\"ListItem\",\"position\":2,\"name\":\"Adi\u00f3s a Pedro Iturralde\"}]},{\"@type\":\"WebSite\",\"@id\":\"https:\/\/www.aie.es\/#website\",\"url\":\"https:\/\/www.aie.es\/\",\"name\":\"AIE Sociedad de Artistas Int\u00e9rpretes o Ejecutantes de Espa\u00f1a\",\"description\":\"Entidad de gesti\u00f3n de derechos de propiedad intelectual\",\"potentialAction\":[{\"@type\":\"SearchAction\",\"target\":{\"@type\":\"EntryPoint\",\"urlTemplate\":\"https:\/\/www.aie.es\/?s={search_term_string}\"},\"query-input\":\"required name=search_term_string\"}],\"inLanguage\":\"en-US\"},{\"@type\":\"Person\",\"@id\":\"https:\/\/www.aie.es\/#\/schema\/person\/9008ac87bc3b5836f79e2a677dace4d5\",\"name\":\"GGCOM\",\"image\":{\"@type\":\"ImageObject\",\"inLanguage\":\"en-US\",\"@id\":\"https:\/\/www.aie.es\/#\/schema\/person\/image\/\",\"url\":\"https:\/\/secure.gravatar.com\/avatar\/b4ed17baa0f661a7cbe0494fbec9b888?s=96&d=mm&r=g\",\"contentUrl\":\"https:\/\/secure.gravatar.com\/avatar\/b4ed17baa0f661a7cbe0494fbec9b888?s=96&d=mm&r=g\",\"caption\":\"GGCOM\"},\"url\":\"https:\/\/www.aie.es\/en\/author\/cgarriga\/\"}]}<\/script>\n<!-- \/ Yoast SEO Premium plugin. -->","yoast_head_json":{"title":"Adi\u00f3s a Pedro Iturralde - AIE Sociedad de Artistas Int\u00e9rpretes o Ejecutantes de Espa\u00f1a","robots":{"index":"index","follow":"follow","max-snippet":"max-snippet:-1","max-image-preview":"max-image-preview:large","max-video-preview":"max-video-preview:-1"},"canonical":"https:\/\/www.aie.es\/en\/adios-a-pedro-iturralde\/","og_locale":"en_US","og_type":"article","og_title":"Adi\u00f3s a Pedro Iturralde","og_description":"\"Maestro, m\u00fasico incansable, investigador, profesor, cultivador de excelencia, pulcritud y pasi\u00f3n. Trabajador, exigente y elegante, has creado un estilo propio y \u00fanico. Mi querido Pedro, nos dejas pero te quedas porque ya eres parte de nosotros. Tu obra, inmortal, nos acompa\u00f1ar\u00e1 siempre. Te deseamos un buen viaje por el camino que te lleva a la inmortalidad, gracias a tu m\u00fasica que siempre nos ayudar\u00e1 a recordarte como un gran hombre, un gran m\u00fasico y un gran compa\u00f1ero\" - Luis Cobos.","og_url":"https:\/\/www.aie.es\/en\/adios-a-pedro-iturralde\/","og_site_name":"AIE Sociedad de Artistas Int\u00e9rpretes o Ejecutantes de Espa\u00f1a","article_published_time":"2020-10-31T14:00:38+00:00","article_modified_time":"2020-11-20T10:15:45+00:00","og_image":[{"width":1336,"height":1170,"url":"https:\/\/www.aie.es\/wp-content\/uploads\/Adi\u00f3s-a-Pedro-Iturralde.jpg","type":"image\/jpeg"}],"author":"GGCOM","twitter_card":"summary_large_image","twitter_misc":{"Written by":"GGCOM","Est. reading time":"5 minutes"},"schema":{"@context":"https:\/\/schema.org","@graph":[{"@type":"WebPage","@id":"https:\/\/www.aie.es\/en\/adios-a-pedro-iturralde\/","url":"https:\/\/www.aie.es\/en\/adios-a-pedro-iturralde\/","name":"Adi\u00f3s a Pedro Iturralde - AIE Sociedad de Artistas Int\u00e9rpretes o Ejecutantes de Espa\u00f1a","isPartOf":{"@id":"https:\/\/www.aie.es\/#website"},"datePublished":"2020-10-31T14:00:38+00:00","dateModified":"2020-11-20T10:15:45+00:00","author":{"@id":"https:\/\/www.aie.es\/#\/schema\/person\/9008ac87bc3b5836f79e2a677dace4d5"},"breadcrumb":{"@id":"https:\/\/www.aie.es\/en\/adios-a-pedro-iturralde\/#breadcrumb"},"inLanguage":"en-US","potentialAction":[{"@type":"ReadAction","target":["https:\/\/www.aie.es\/en\/adios-a-pedro-iturralde\/"]}]},{"@type":"BreadcrumbList","@id":"https:\/\/www.aie.es\/en\/adios-a-pedro-iturralde\/#breadcrumb","itemListElement":[{"@type":"ListItem","position":1,"name":"Portada","item":"https:\/\/www.aie.es\/en\/"},{"@type":"ListItem","position":2,"name":"Adi\u00f3s a Pedro Iturralde"}]},{"@type":"WebSite","@id":"https:\/\/www.aie.es\/#website","url":"https:\/\/www.aie.es\/","name":"AIE Sociedad de Artistas Int\u00e9rpretes o Ejecutantes de Espa\u00f1a","description":"Entidad de gesti\u00f3n de derechos de propiedad intelectual","potentialAction":[{"@type":"SearchAction","target":{"@type":"EntryPoint","urlTemplate":"https:\/\/www.aie.es\/?s={search_term_string}"},"query-input":"required name=search_term_string"}],"inLanguage":"en-US"},{"@type":"Person","@id":"https:\/\/www.aie.es\/#\/schema\/person\/9008ac87bc3b5836f79e2a677dace4d5","name":"GGCOM","image":{"@type":"ImageObject","inLanguage":"en-US","@id":"https:\/\/www.aie.es\/#\/schema\/person\/image\/","url":"https:\/\/secure.gravatar.com\/avatar\/b4ed17baa0f661a7cbe0494fbec9b888?s=96&d=mm&r=g","contentUrl":"https:\/\/secure.gravatar.com\/avatar\/b4ed17baa0f661a7cbe0494fbec9b888?s=96&d=mm&r=g","caption":"GGCOM"},"url":"https:\/\/www.aie.es\/en\/author\/cgarriga\/"}]}},"_links":{"self":[{"href":"https:\/\/www.aie.es\/en\/wp-json\/wp\/v2\/posts\/33356"}],"collection":[{"href":"https:\/\/www.aie.es\/en\/wp-json\/wp\/v2\/posts"}],"about":[{"href":"https:\/\/www.aie.es\/en\/wp-json\/wp\/v2\/types\/post"}],"author":[{"embeddable":true,"href":"https:\/\/www.aie.es\/en\/wp-json\/wp\/v2\/users\/3"}],"replies":[{"embeddable":true,"href":"https:\/\/www.aie.es\/en\/wp-json\/wp\/v2\/comments?post=33356"}],"version-history":[{"count":19,"href":"https:\/\/www.aie.es\/en\/wp-json\/wp\/v2\/posts\/33356\/revisions"}],"predecessor-version":[{"id":33398,"href":"https:\/\/www.aie.es\/en\/wp-json\/wp\/v2\/posts\/33356\/revisions\/33398"}],"wp:featuredmedia":[{"embeddable":true,"href":"https:\/\/www.aie.es\/en\/wp-json\/wp\/v2\/media\/33329"}],"wp:attachment":[{"href":"https:\/\/www.aie.es\/en\/wp-json\/wp\/v2\/media?parent=33356"}],"wp:term":[{"taxonomy":"category","embeddable":true,"href":"https:\/\/www.aie.es\/en\/wp-json\/wp\/v2\/categories?post=33356"},{"taxonomy":"post_tag","embeddable":true,"href":"https:\/\/www.aie.es\/en\/wp-json\/wp\/v2\/tags?post=33356"}],"curies":[{"name":"wp","href":"https:\/\/api.w.org\/{rel}","templated":true}]}}