{"id":33964,"date":"2020-12-11T04:25:42","date_gmt":"2020-12-11T03:25:42","guid":{"rendered":"https:\/\/www.aie.es\/xvii-seminario-aie-propiedad-intelectual\/"},"modified":"2020-12-11T04:25:42","modified_gmt":"2020-12-11T03:25:42","slug":"xvii-seminario-aie-propiedad-intelectual","status":"publish","type":"post","link":"https:\/\/www.aie.es\/en\/xvii-seminario-aie-propiedad-intelectual\/","title":{"rendered":"XVII Seminario AIE de propiedad intelectual"},"content":{"rendered":"<p><a href=\"https:\/\/zoom.us\/webinar\/register\/WN_n23nHV1JRnuy8hJdsApBtQ\" target=\"_blank\" rel=\"noopener noreferrer\"><img decoding=\"async\" class=\"aligncenter size-full wp-image-33957\" src=\"https:\/\/www.aie.es\/wp-content\/uploads\/Invitaci\u00f3n-seminario-AIE.jpg\" alt=\"\" width=\"940\" height=\"839\" srcset=\"https:\/\/www.aie.es\/wp-content\/uploads\/Invitaci\u00f3n-seminario-AIE.jpg 940w, https:\/\/www.aie.es\/wp-content\/uploads\/Invitaci\u00f3n-seminario-AIE-300x268.jpg 300w, https:\/\/www.aie.es\/wp-content\/uploads\/Invitaci\u00f3n-seminario-AIE-768x685.jpg 768w, https:\/\/www.aie.es\/wp-content\/uploads\/Invitaci\u00f3n-seminario-AIE-700x625.jpg 700w\" sizes=\"(max-width: 940px) 100vw, 940px\" \/><\/a><\/p>\n<p style=\"text-align: center;\">Puedes consultar o descargar (PDF) el programa completo <a href=\"https:\/\/www.aie.es\/wp-content\/uploads\/Programa20Seminario20Jurc3addico20AIE20Bcn_2020.pdf\" target=\"_blank\" rel=\"noopener noreferrer\">AQU\u00cd<\/a>.<\/p>\n","protected":false},"excerpt":{"rendered":"<p>El XVII Seminario AIE de propiedad intelectual tendr\u00e1 lugar el pr\u00f3ximo jueves 17 de diciembre. Este a\u00f1o, a fin de garantizar la seguridad de asistentes e intervinientes, la Sociedad de Artistas ha organizado el seminario en formato virtual, en lugar del tradicional encuentro en la sede de la entidad en Barcelona.<\/p>\n","protected":false},"author":3,"featured_media":33954,"comment_status":"open","ping_status":"open","sticky":false,"template":"","format":"standard","meta":{"_acf_changed":false,"_relevanssi_hide_post":"","_relevanssi_hide_content":"","_relevanssi_pin_for_all":"","_relevanssi_pin_keywords":"","_relevanssi_unpin_keywords":"","_relevanssi_related_keywords":"","_relevanssi_related_include_ids":"","_relevanssi_related_exclude_ids":"","_relevanssi_related_no_append":"","_relevanssi_related_not_related":"","_relevanssi_related_posts":"","_relevanssi_noindex_reason":"","footnotes":""},"categories":[318],"tags":[],"acf":[],"yoast_head":"<!-- This site is optimized with the Yoast SEO Premium plugin v21.5 (Yoast SEO v21.9.1) - https:\/\/yoast.com\/wordpress\/plugins\/seo\/ -->\n<title>XVII Seminario AIE de propiedad intelectual - AIE Sociedad de Artistas Int\u00e9rpretes o Ejecutantes de Espa\u00f1a<\/title>\n<meta name=\"robots\" content=\"index, follow, max-snippet:-1, max-image-preview:large, max-video-preview:-1\" \/>\n<link rel=\"canonical\" href=\"https:\/\/www.aie.es\/en\/xvii-seminario-aie-propiedad-intelectual\/\" \/>\n<meta property=\"og:locale\" content=\"en_US\" \/>\n<meta property=\"og:type\" content=\"article\" \/>\n<meta property=\"og:title\" content=\"XVII Seminario AIE de propiedad intelectual\" \/>\n<meta property=\"og:description\" content=\"El XVII Seminario AIE de propiedad intelectual tendr\u00e1 lugar el pr\u00f3ximo jueves 17 de diciembre. Este a\u00f1o, a fin de garantizar la seguridad de asistentes e intervinientes, la Sociedad de Artistas ha organizado el seminario en formato virtual, en lugar del tradicional encuentro en la sede de la entidad en Barcelona.\" \/>\n<meta property=\"og:url\" content=\"https:\/\/www.aie.es\/en\/xvii-seminario-aie-propiedad-intelectual\/\" \/>\n<meta property=\"og:site_name\" content=\"AIE Sociedad de Artistas Int\u00e9rpretes o Ejecutantes de Espa\u00f1a\" \/>\n<meta property=\"article:published_time\" content=\"2020-12-11T03:25:42+00:00\" \/>\n<meta property=\"og:image\" content=\"https:\/\/www.aie.es\/wp-content\/uploads\/seminario-carr.jpg\" \/>\n\t<meta property=\"og:image:width\" content=\"350\" \/>\n\t<meta property=\"og:image:height\" content=\"200\" \/>\n\t<meta property=\"og:image:type\" content=\"image\/jpeg\" \/>\n<meta name=\"author\" content=\"GGCOM\" \/>\n<meta name=\"twitter:card\" content=\"summary_large_image\" \/>\n<meta name=\"twitter:label1\" content=\"Written by\" \/>\n\t<meta name=\"twitter:data1\" content=\"GGCOM\" \/>\n<script type=\"application\/ld+json\" class=\"yoast-schema-graph\">{\"@context\":\"https:\/\/schema.org\",\"@graph\":[{\"@type\":\"WebPage\",\"@id\":\"https:\/\/www.aie.es\/en\/xvii-seminario-aie-propiedad-intelectual\/\",\"url\":\"https:\/\/www.aie.es\/en\/xvii-seminario-aie-propiedad-intelectual\/\",\"name\":\"XVII Seminario AIE de propiedad intelectual - AIE Sociedad de Artistas Int\u00e9rpretes o Ejecutantes de Espa\u00f1a\",\"isPartOf\":{\"@id\":\"https:\/\/www.aie.es\/#website\"},\"datePublished\":\"2020-12-11T03:25:42+00:00\",\"dateModified\":\"2020-12-11T03:25:42+00:00\",\"author\":{\"@id\":\"https:\/\/www.aie.es\/#\/schema\/person\/9008ac87bc3b5836f79e2a677dace4d5\"},\"breadcrumb\":{\"@id\":\"https:\/\/www.aie.es\/en\/xvii-seminario-aie-propiedad-intelectual\/#breadcrumb\"},\"inLanguage\":\"en-US\",\"potentialAction\":[{\"@type\":\"ReadAction\",\"target\":[\"https:\/\/www.aie.es\/en\/xvii-seminario-aie-propiedad-intelectual\/\"]}]},{\"@type\":\"BreadcrumbList\",\"@id\":\"https:\/\/www.aie.es\/en\/xvii-seminario-aie-propiedad-intelectual\/#breadcrumb\",\"itemListElement\":[{\"@type\":\"ListItem\",\"position\":1,\"name\":\"Portada\",\"item\":\"https:\/\/www.aie.es\/en\/\"},{\"@type\":\"ListItem\",\"position\":2,\"name\":\"XVII Seminario AIE de propiedad intelectual\"}]},{\"@type\":\"WebSite\",\"@id\":\"https:\/\/www.aie.es\/#website\",\"url\":\"https:\/\/www.aie.es\/\",\"name\":\"AIE Sociedad de Artistas Int\u00e9rpretes o Ejecutantes de Espa\u00f1a\",\"description\":\"Entidad de gesti\u00f3n de derechos de propiedad intelectual\",\"potentialAction\":[{\"@type\":\"SearchAction\",\"target\":{\"@type\":\"EntryPoint\",\"urlTemplate\":\"https:\/\/www.aie.es\/?s={search_term_string}\"},\"query-input\":\"required name=search_term_string\"}],\"inLanguage\":\"en-US\"},{\"@type\":\"Person\",\"@id\":\"https:\/\/www.aie.es\/#\/schema\/person\/9008ac87bc3b5836f79e2a677dace4d5\",\"name\":\"GGCOM\",\"image\":{\"@type\":\"ImageObject\",\"inLanguage\":\"en-US\",\"@id\":\"https:\/\/www.aie.es\/#\/schema\/person\/image\/\",\"url\":\"https:\/\/secure.gravatar.com\/avatar\/b4ed17baa0f661a7cbe0494fbec9b888?s=96&d=mm&r=g\",\"contentUrl\":\"https:\/\/secure.gravatar.com\/avatar\/b4ed17baa0f661a7cbe0494fbec9b888?s=96&d=mm&r=g\",\"caption\":\"GGCOM\"},\"url\":\"https:\/\/www.aie.es\/en\/author\/cgarriga\/\"}]}<\/script>\n<!-- \/ Yoast SEO Premium plugin. -->","yoast_head_json":{"title":"XVII Seminario AIE de propiedad intelectual - AIE Sociedad de Artistas Int\u00e9rpretes o Ejecutantes de Espa\u00f1a","robots":{"index":"index","follow":"follow","max-snippet":"max-snippet:-1","max-image-preview":"max-image-preview:large","max-video-preview":"max-video-preview:-1"},"canonical":"https:\/\/www.aie.es\/en\/xvii-seminario-aie-propiedad-intelectual\/","og_locale":"en_US","og_type":"article","og_title":"XVII Seminario AIE de propiedad intelectual","og_description":"El XVII Seminario AIE de propiedad intelectual tendr\u00e1 lugar el pr\u00f3ximo jueves 17 de diciembre. Este a\u00f1o, a fin de garantizar la seguridad de asistentes e intervinientes, la Sociedad de Artistas ha organizado el seminario en formato virtual, en lugar del tradicional encuentro en la sede de la entidad en Barcelona.","og_url":"https:\/\/www.aie.es\/en\/xvii-seminario-aie-propiedad-intelectual\/","og_site_name":"AIE Sociedad de Artistas Int\u00e9rpretes o Ejecutantes de Espa\u00f1a","article_published_time":"2020-12-11T03:25:42+00:00","og_image":[{"width":350,"height":200,"url":"https:\/\/www.aie.es\/wp-content\/uploads\/seminario-carr.jpg","type":"image\/jpeg"}],"author":"GGCOM","twitter_card":"summary_large_image","twitter_misc":{"Written by":"GGCOM"},"schema":{"@context":"https:\/\/schema.org","@graph":[{"@type":"WebPage","@id":"https:\/\/www.aie.es\/en\/xvii-seminario-aie-propiedad-intelectual\/","url":"https:\/\/www.aie.es\/en\/xvii-seminario-aie-propiedad-intelectual\/","name":"XVII Seminario AIE de propiedad intelectual - AIE Sociedad de Artistas Int\u00e9rpretes o Ejecutantes de Espa\u00f1a","isPartOf":{"@id":"https:\/\/www.aie.es\/#website"},"datePublished":"2020-12-11T03:25:42+00:00","dateModified":"2020-12-11T03:25:42+00:00","author":{"@id":"https:\/\/www.aie.es\/#\/schema\/person\/9008ac87bc3b5836f79e2a677dace4d5"},"breadcrumb":{"@id":"https:\/\/www.aie.es\/en\/xvii-seminario-aie-propiedad-intelectual\/#breadcrumb"},"inLanguage":"en-US","potentialAction":[{"@type":"ReadAction","target":["https:\/\/www.aie.es\/en\/xvii-seminario-aie-propiedad-intelectual\/"]}]},{"@type":"BreadcrumbList","@id":"https:\/\/www.aie.es\/en\/xvii-seminario-aie-propiedad-intelectual\/#breadcrumb","itemListElement":[{"@type":"ListItem","position":1,"name":"Portada","item":"https:\/\/www.aie.es\/en\/"},{"@type":"ListItem","position":2,"name":"XVII Seminario AIE de propiedad intelectual"}]},{"@type":"WebSite","@id":"https:\/\/www.aie.es\/#website","url":"https:\/\/www.aie.es\/","name":"AIE Sociedad de Artistas Int\u00e9rpretes o Ejecutantes de Espa\u00f1a","description":"Entidad de gesti\u00f3n de derechos de propiedad intelectual","potentialAction":[{"@type":"SearchAction","target":{"@type":"EntryPoint","urlTemplate":"https:\/\/www.aie.es\/?s={search_term_string}"},"query-input":"required name=search_term_string"}],"inLanguage":"en-US"},{"@type":"Person","@id":"https:\/\/www.aie.es\/#\/schema\/person\/9008ac87bc3b5836f79e2a677dace4d5","name":"GGCOM","image":{"@type":"ImageObject","inLanguage":"en-US","@id":"https:\/\/www.aie.es\/#\/schema\/person\/image\/","url":"https:\/\/secure.gravatar.com\/avatar\/b4ed17baa0f661a7cbe0494fbec9b888?s=96&d=mm&r=g","contentUrl":"https:\/\/secure.gravatar.com\/avatar\/b4ed17baa0f661a7cbe0494fbec9b888?s=96&d=mm&r=g","caption":"GGCOM"},"url":"https:\/\/www.aie.es\/en\/author\/cgarriga\/"}]}},"_links":{"self":[{"href":"https:\/\/www.aie.es\/en\/wp-json\/wp\/v2\/posts\/33964"}],"collection":[{"href":"https:\/\/www.aie.es\/en\/wp-json\/wp\/v2\/posts"}],"about":[{"href":"https:\/\/www.aie.es\/en\/wp-json\/wp\/v2\/types\/post"}],"author":[{"embeddable":true,"href":"https:\/\/www.aie.es\/en\/wp-json\/wp\/v2\/users\/3"}],"replies":[{"embeddable":true,"href":"https:\/\/www.aie.es\/en\/wp-json\/wp\/v2\/comments?post=33964"}],"version-history":[{"count":0,"href":"https:\/\/www.aie.es\/en\/wp-json\/wp\/v2\/posts\/33964\/revisions"}],"wp:featuredmedia":[{"embeddable":true,"href":"https:\/\/www.aie.es\/en\/wp-json\/wp\/v2\/media\/33954"}],"wp:attachment":[{"href":"https:\/\/www.aie.es\/en\/wp-json\/wp\/v2\/media?parent=33964"}],"wp:term":[{"taxonomy":"category","embeddable":true,"href":"https:\/\/www.aie.es\/en\/wp-json\/wp\/v2\/categories?post=33964"},{"taxonomy":"post_tag","embeddable":true,"href":"https:\/\/www.aie.es\/en\/wp-json\/wp\/v2\/tags?post=33964"}],"curies":[{"name":"wp","href":"https:\/\/api.w.org\/{rel}","templated":true}]}}