{"id":34178,"date":"2021-01-13T12:32:42","date_gmt":"2021-01-13T11:32:42","guid":{"rendered":"https:\/\/www.aie.es\/musicos-por-la-salud-ofrece-formacion-teorica-y-practica-a-mujeres-entorno-rural\/"},"modified":"2021-02-24T12:36:54","modified_gmt":"2021-02-24T11:36:54","slug":"musicos-por-la-salud-ofrece-formacion-teorica-y-practica-a-mujeres-entorno-rural","status":"publish","type":"post","link":"https:\/\/www.aie.es\/en\/musicos-por-la-salud-ofrece-formacion-teorica-y-practica-a-mujeres-entorno-rural\/","title":{"rendered":"M\u00fasicos por la salud ofrece formaci\u00f3n para realizar conciertos en hospitales"},"content":{"rendered":"<p><a href=\"https:\/\/www.musicosporlasalud.org\/lp_musicasporlasalud\/\" target=\"_blank\" rel=\"noopener noreferrer\"><img decoding=\"async\" class=\"aligncenter size-full wp-image-34171\" src=\"https:\/\/www.aie.es\/wp-content\/uploads\/musicos-por-la-salud-int.jpg\" alt=\"\" width=\"940\" height=\"498\" srcset=\"https:\/\/www.aie.es\/wp-content\/uploads\/musicos-por-la-salud-int.jpg 940w, https:\/\/www.aie.es\/wp-content\/uploads\/musicos-por-la-salud-int-300x159.jpg 300w, https:\/\/www.aie.es\/wp-content\/uploads\/musicos-por-la-salud-int-768x407.jpg 768w, https:\/\/www.aie.es\/wp-content\/uploads\/musicos-por-la-salud-int-700x371.jpg 700w\" sizes=\"(max-width: 940px) 100vw, 940px\" \/><\/a><\/p>\n<p>La fundaci\u00f3n <a href=\"https:\/\/www.musicosporlasalud.org\/\" target=\"_blank\" rel=\"noopener noreferrer\">M\u00fasicos por la salud<\/a> funciona desde 2015, ayudando a personas en 116 centros sociosanitarios\u00a0y 43 hospitales mediante la m\u00fasica: &#8220;Sabemos que <strong>la m\u00fasica es la mejor medicina para el alma<\/strong> y realizamos microconciertos participativos, emocionalmente significativos en los que los beneficiarios escogen sus canciones favoritas. Durante la pandemia de COVID-19, por petici\u00f3n expresa de centros sociosanitarios y hospitales que no quer\u00edan ver interrumpidos nuestros microconciertos, hemos adaptado nuestra actividad para realizarla de manera no presencial&#8221;, destacan.<\/p>\n<p>Una de las \u00e1reas de trabajo de la fundaci\u00f3n es la formaci\u00f3n, orientada a que los m\u00fasicos puedan enfrentarse de la forma m\u00e1s profesional a conciertos en hospitales: &#8220;El programa M\u00fasicos por la salud est\u00e1 dirigido a int\u00e9rpretes musicales con formaci\u00f3n reglada, no reglada y autodidactas, en suma <strong>a todos aquellos que quieran obtener una nueva opci\u00f3n laboral que les permita convertir su pasi\u00f3n en profesi\u00f3n<\/strong> y ayudar con su m\u00fasica a las personas que m\u00e1s lo necesitan&#8221;.<\/p>\n<p><a href=\"https:\/\/www.aie.es\/wp-content\/uploads\/programa-musicos-por-la-salud.pdf\" target=\"_blank\" rel=\"noopener noreferrer\">El programa formativo de M\u00fasicos por la salud<\/a> facilita a los alumnos:<br \/>\n\u2022 Adquirir las competencias que permiten realizar microconciertos en hospitales y centros sociosanitarios.<br \/>\n\u2022 Mejorar habilidades interpretativas.<br \/>\n\u2022 Potenciar la marca personal.<br \/>\n\u2022 Optar a una nueva modalidad de empleo y autoempleo que favorece la conciliaci\u00f3n personal y familiar.<\/p>\n<p>Se incluyen dos actividades de pr\u00e1cticas realizadas en un hospital o centro sociosanitario. De manera complementaria, los m\u00fasicos participantes pueden aumentar su experiencia realizando pr\u00e1cticas voluntarias.<\/p>\n<p>El curso, <strong>de formaci\u00f3n 100 % online y una duraci\u00f3n de 30 horas m\u00e1s pr\u00e1cticas presenciales u online<\/strong> en hospitales y centros sociosanitarios, tiene un coste de 590 euros.<\/p>\n<p>Para esta nueva edici\u00f3n, que comienza el pr\u00f3ximo 20 de enero, <strong>existen 100 plazas subvencionadas<\/strong> por el Ministerio de Sanidad, Consumo y Bienestar Social que se ofrecen a <strong>mujeres que cumplan con alguno de los siguientes requisitos<\/strong>:<br \/>\n\u2022 J\u00f3venes menores de 30 a\u00f1os<br \/>\n\u2022 Mayores de 45 a\u00f1os<br \/>\n\u2022 Desempleadas<br \/>\n\u2022 Personas con discapacidad<br \/>\n\u2022 Familias numerosas<br \/>\n\u2022 Otras situaciones de especial vulnerabilidad<br \/>\n\u2022 \u00c1mbito rural: poblaciones &lt;10.000 habitantes o &lt;20.000 con decrecimiento neto en \u00faltimos 3 a\u00f1os.<\/p>\n<p>Completar el programa permite adem\u00e1s <strong>participar en los procesos de selecci\u00f3n<\/strong> de la fundaci\u00f3n M\u00fasicos por la Salud abiertos de manera permanente en todas las comunidades aut\u00f3nomas, as\u00ed como participar en los procesos de selecci\u00f3n de otras entidades, hospitales y centros sociosanitarios.<\/p>\n<p>Las personas interesadas pueden <a href=\"https:\/\/www.musicosporlasalud.org\/lp_musicasporlasalud\/\" target=\"_blank\" rel=\"noopener noreferrer\">preinscribirse aqu\u00ed<\/a>.<\/p>\n","protected":false},"excerpt":{"rendered":"<p>La fundaci\u00f3n M\u00fasicos por la Salud desarrolla un programa formativo dirigido a m\u00fasicos para que puedan ofrecer microconciertos en hospitales y centros sociosanitarios. La entidad, con la que colabora la Sociedad de Artistas AIE, tiene abierta en este momento una nueva convocatoria del programa, que en esta edici\u00f3n cuenta con 100 plazas subvencionadas para mujeres.<\/p>\n","protected":false},"author":3,"featured_media":34169,"comment_status":"open","ping_status":"open","sticky":false,"template":"","format":"standard","meta":{"_acf_changed":false,"_relevanssi_hide_post":"","_relevanssi_hide_content":"","_relevanssi_pin_for_all":"","_relevanssi_pin_keywords":"","_relevanssi_unpin_keywords":"","_relevanssi_related_keywords":"","_relevanssi_related_include_ids":"","_relevanssi_related_exclude_ids":"","_relevanssi_related_no_append":"","_relevanssi_related_not_related":"","_relevanssi_related_posts":"","_relevanssi_noindex_reason":"","footnotes":""},"categories":[318],"tags":[],"acf":[],"yoast_head":"<!-- This site is optimized with the Yoast SEO Premium plugin v21.5 (Yoast SEO v21.9.1) - https:\/\/yoast.com\/wordpress\/plugins\/seo\/ -->\n<title>M\u00fasicos por la salud ofrece formaci\u00f3n para realizar conciertos en hospitales - AIE Sociedad de Artistas Int\u00e9rpretes o Ejecutantes de Espa\u00f1a<\/title>\n<meta name=\"robots\" content=\"index, follow, max-snippet:-1, max-image-preview:large, max-video-preview:-1\" \/>\n<link rel=\"canonical\" href=\"https:\/\/www.aie.es\/en\/musicos-por-la-salud-ofrece-formacion-teorica-y-practica-a-mujeres-entorno-rural\/\" \/>\n<meta property=\"og:locale\" content=\"en_US\" \/>\n<meta property=\"og:type\" content=\"article\" \/>\n<meta property=\"og:title\" content=\"M\u00fasicos por la salud ofrece formaci\u00f3n para realizar conciertos en hospitales\" \/>\n<meta property=\"og:description\" content=\"La fundaci\u00f3n M\u00fasicos por la Salud desarrolla un programa formativo dirigido a m\u00fasicos para que puedan ofrecer microconciertos en hospitales y centros sociosanitarios. La entidad, con la que colabora la Sociedad de Artistas AIE, tiene abierta en este momento una nueva convocatoria del programa, que en esta edici\u00f3n cuenta con 100 plazas subvencionadas para mujeres.\" \/>\n<meta property=\"og:url\" content=\"https:\/\/www.aie.es\/en\/musicos-por-la-salud-ofrece-formacion-teorica-y-practica-a-mujeres-entorno-rural\/\" \/>\n<meta property=\"og:site_name\" content=\"AIE Sociedad de Artistas Int\u00e9rpretes o Ejecutantes de Espa\u00f1a\" \/>\n<meta property=\"article:published_time\" content=\"2021-01-13T11:32:42+00:00\" \/>\n<meta property=\"article:modified_time\" content=\"2021-02-24T11:36:54+00:00\" \/>\n<meta property=\"og:image\" content=\"https:\/\/www.aie.es\/wp-content\/uploads\/banner-musicos-por-la-salud.jpg\" \/>\n\t<meta property=\"og:image:width\" content=\"350\" \/>\n\t<meta property=\"og:image:height\" content=\"210\" \/>\n\t<meta property=\"og:image:type\" content=\"image\/jpeg\" \/>\n<meta name=\"author\" content=\"GGCOM\" \/>\n<meta name=\"twitter:card\" content=\"summary_large_image\" \/>\n<meta name=\"twitter:label1\" content=\"Written by\" \/>\n\t<meta name=\"twitter:data1\" content=\"GGCOM\" \/>\n\t<meta name=\"twitter:label2\" content=\"Est. reading time\" \/>\n\t<meta name=\"twitter:data2\" content=\"2 minutes\" \/>\n<script type=\"application\/ld+json\" class=\"yoast-schema-graph\">{\"@context\":\"https:\/\/schema.org\",\"@graph\":[{\"@type\":\"WebPage\",\"@id\":\"https:\/\/www.aie.es\/en\/musicos-por-la-salud-ofrece-formacion-teorica-y-practica-a-mujeres-entorno-rural\/\",\"url\":\"https:\/\/www.aie.es\/en\/musicos-por-la-salud-ofrece-formacion-teorica-y-practica-a-mujeres-entorno-rural\/\",\"name\":\"M\u00fasicos por la salud ofrece formaci\u00f3n para realizar conciertos en hospitales - AIE Sociedad de Artistas Int\u00e9rpretes o Ejecutantes de Espa\u00f1a\",\"isPartOf\":{\"@id\":\"https:\/\/www.aie.es\/#website\"},\"datePublished\":\"2021-01-13T11:32:42+00:00\",\"dateModified\":\"2021-02-24T11:36:54+00:00\",\"author\":{\"@id\":\"https:\/\/www.aie.es\/#\/schema\/person\/9008ac87bc3b5836f79e2a677dace4d5\"},\"breadcrumb\":{\"@id\":\"https:\/\/www.aie.es\/en\/musicos-por-la-salud-ofrece-formacion-teorica-y-practica-a-mujeres-entorno-rural\/#breadcrumb\"},\"inLanguage\":\"en-US\",\"potentialAction\":[{\"@type\":\"ReadAction\",\"target\":[\"https:\/\/www.aie.es\/en\/musicos-por-la-salud-ofrece-formacion-teorica-y-practica-a-mujeres-entorno-rural\/\"]}]},{\"@type\":\"BreadcrumbList\",\"@id\":\"https:\/\/www.aie.es\/en\/musicos-por-la-salud-ofrece-formacion-teorica-y-practica-a-mujeres-entorno-rural\/#breadcrumb\",\"itemListElement\":[{\"@type\":\"ListItem\",\"position\":1,\"name\":\"Portada\",\"item\":\"https:\/\/www.aie.es\/en\/\"},{\"@type\":\"ListItem\",\"position\":2,\"name\":\"M\u00fasicos por la salud ofrece formaci\u00f3n para realizar conciertos en hospitales\"}]},{\"@type\":\"WebSite\",\"@id\":\"https:\/\/www.aie.es\/#website\",\"url\":\"https:\/\/www.aie.es\/\",\"name\":\"AIE Sociedad de Artistas Int\u00e9rpretes o Ejecutantes de Espa\u00f1a\",\"description\":\"Entidad de gesti\u00f3n de derechos de propiedad intelectual\",\"potentialAction\":[{\"@type\":\"SearchAction\",\"target\":{\"@type\":\"EntryPoint\",\"urlTemplate\":\"https:\/\/www.aie.es\/?s={search_term_string}\"},\"query-input\":\"required name=search_term_string\"}],\"inLanguage\":\"en-US\"},{\"@type\":\"Person\",\"@id\":\"https:\/\/www.aie.es\/#\/schema\/person\/9008ac87bc3b5836f79e2a677dace4d5\",\"name\":\"GGCOM\",\"image\":{\"@type\":\"ImageObject\",\"inLanguage\":\"en-US\",\"@id\":\"https:\/\/www.aie.es\/#\/schema\/person\/image\/\",\"url\":\"https:\/\/secure.gravatar.com\/avatar\/b4ed17baa0f661a7cbe0494fbec9b888?s=96&d=mm&r=g\",\"contentUrl\":\"https:\/\/secure.gravatar.com\/avatar\/b4ed17baa0f661a7cbe0494fbec9b888?s=96&d=mm&r=g\",\"caption\":\"GGCOM\"},\"url\":\"https:\/\/www.aie.es\/en\/author\/cgarriga\/\"}]}<\/script>\n<!-- \/ Yoast SEO Premium plugin. -->","yoast_head_json":{"title":"M\u00fasicos por la salud ofrece formaci\u00f3n para realizar conciertos en hospitales - AIE Sociedad de Artistas Int\u00e9rpretes o Ejecutantes de Espa\u00f1a","robots":{"index":"index","follow":"follow","max-snippet":"max-snippet:-1","max-image-preview":"max-image-preview:large","max-video-preview":"max-video-preview:-1"},"canonical":"https:\/\/www.aie.es\/en\/musicos-por-la-salud-ofrece-formacion-teorica-y-practica-a-mujeres-entorno-rural\/","og_locale":"en_US","og_type":"article","og_title":"M\u00fasicos por la salud ofrece formaci\u00f3n para realizar conciertos en hospitales","og_description":"La fundaci\u00f3n M\u00fasicos por la Salud desarrolla un programa formativo dirigido a m\u00fasicos para que puedan ofrecer microconciertos en hospitales y centros sociosanitarios. La entidad, con la que colabora la Sociedad de Artistas AIE, tiene abierta en este momento una nueva convocatoria del programa, que en esta edici\u00f3n cuenta con 100 plazas subvencionadas para mujeres.","og_url":"https:\/\/www.aie.es\/en\/musicos-por-la-salud-ofrece-formacion-teorica-y-practica-a-mujeres-entorno-rural\/","og_site_name":"AIE Sociedad de Artistas Int\u00e9rpretes o Ejecutantes de Espa\u00f1a","article_published_time":"2021-01-13T11:32:42+00:00","article_modified_time":"2021-02-24T11:36:54+00:00","og_image":[{"width":350,"height":210,"url":"https:\/\/www.aie.es\/wp-content\/uploads\/banner-musicos-por-la-salud.jpg","type":"image\/jpeg"}],"author":"GGCOM","twitter_card":"summary_large_image","twitter_misc":{"Written by":"GGCOM","Est. reading time":"2 minutes"},"schema":{"@context":"https:\/\/schema.org","@graph":[{"@type":"WebPage","@id":"https:\/\/www.aie.es\/en\/musicos-por-la-salud-ofrece-formacion-teorica-y-practica-a-mujeres-entorno-rural\/","url":"https:\/\/www.aie.es\/en\/musicos-por-la-salud-ofrece-formacion-teorica-y-practica-a-mujeres-entorno-rural\/","name":"M\u00fasicos por la salud ofrece formaci\u00f3n para realizar conciertos en hospitales - AIE Sociedad de Artistas Int\u00e9rpretes o Ejecutantes de Espa\u00f1a","isPartOf":{"@id":"https:\/\/www.aie.es\/#website"},"datePublished":"2021-01-13T11:32:42+00:00","dateModified":"2021-02-24T11:36:54+00:00","author":{"@id":"https:\/\/www.aie.es\/#\/schema\/person\/9008ac87bc3b5836f79e2a677dace4d5"},"breadcrumb":{"@id":"https:\/\/www.aie.es\/en\/musicos-por-la-salud-ofrece-formacion-teorica-y-practica-a-mujeres-entorno-rural\/#breadcrumb"},"inLanguage":"en-US","potentialAction":[{"@type":"ReadAction","target":["https:\/\/www.aie.es\/en\/musicos-por-la-salud-ofrece-formacion-teorica-y-practica-a-mujeres-entorno-rural\/"]}]},{"@type":"BreadcrumbList","@id":"https:\/\/www.aie.es\/en\/musicos-por-la-salud-ofrece-formacion-teorica-y-practica-a-mujeres-entorno-rural\/#breadcrumb","itemListElement":[{"@type":"ListItem","position":1,"name":"Portada","item":"https:\/\/www.aie.es\/en\/"},{"@type":"ListItem","position":2,"name":"M\u00fasicos por la salud ofrece formaci\u00f3n para realizar conciertos en hospitales"}]},{"@type":"WebSite","@id":"https:\/\/www.aie.es\/#website","url":"https:\/\/www.aie.es\/","name":"AIE Sociedad de Artistas Int\u00e9rpretes o Ejecutantes de Espa\u00f1a","description":"Entidad de gesti\u00f3n de derechos de propiedad intelectual","potentialAction":[{"@type":"SearchAction","target":{"@type":"EntryPoint","urlTemplate":"https:\/\/www.aie.es\/?s={search_term_string}"},"query-input":"required name=search_term_string"}],"inLanguage":"en-US"},{"@type":"Person","@id":"https:\/\/www.aie.es\/#\/schema\/person\/9008ac87bc3b5836f79e2a677dace4d5","name":"GGCOM","image":{"@type":"ImageObject","inLanguage":"en-US","@id":"https:\/\/www.aie.es\/#\/schema\/person\/image\/","url":"https:\/\/secure.gravatar.com\/avatar\/b4ed17baa0f661a7cbe0494fbec9b888?s=96&d=mm&r=g","contentUrl":"https:\/\/secure.gravatar.com\/avatar\/b4ed17baa0f661a7cbe0494fbec9b888?s=96&d=mm&r=g","caption":"GGCOM"},"url":"https:\/\/www.aie.es\/en\/author\/cgarriga\/"}]}},"_links":{"self":[{"href":"https:\/\/www.aie.es\/en\/wp-json\/wp\/v2\/posts\/34178"}],"collection":[{"href":"https:\/\/www.aie.es\/en\/wp-json\/wp\/v2\/posts"}],"about":[{"href":"https:\/\/www.aie.es\/en\/wp-json\/wp\/v2\/types\/post"}],"author":[{"embeddable":true,"href":"https:\/\/www.aie.es\/en\/wp-json\/wp\/v2\/users\/3"}],"replies":[{"embeddable":true,"href":"https:\/\/www.aie.es\/en\/wp-json\/wp\/v2\/comments?post=34178"}],"version-history":[{"count":12,"href":"https:\/\/www.aie.es\/en\/wp-json\/wp\/v2\/posts\/34178\/revisions"}],"predecessor-version":[{"id":34471,"href":"https:\/\/www.aie.es\/en\/wp-json\/wp\/v2\/posts\/34178\/revisions\/34471"}],"wp:featuredmedia":[{"embeddable":true,"href":"https:\/\/www.aie.es\/en\/wp-json\/wp\/v2\/media\/34169"}],"wp:attachment":[{"href":"https:\/\/www.aie.es\/en\/wp-json\/wp\/v2\/media?parent=34178"}],"wp:term":[{"taxonomy":"category","embeddable":true,"href":"https:\/\/www.aie.es\/en\/wp-json\/wp\/v2\/categories?post=34178"},{"taxonomy":"post_tag","embeddable":true,"href":"https:\/\/www.aie.es\/en\/wp-json\/wp\/v2\/tags?post=34178"}],"curies":[{"name":"wp","href":"https:\/\/api.w.org\/{rel}","templated":true}]}}