{"id":35289,"date":"2021-03-29T17:56:50","date_gmt":"2021-03-29T16:56:50","guid":{"rendered":"https:\/\/www.aie.es\/aie-participa-primera-edicion-feria-hispano-lusa-industria-musical\/"},"modified":"2021-04-20T10:03:27","modified_gmt":"2021-04-20T09:03:27","slug":"aie-participa-primera-edicion-feria-hispano-lusa-industria-musical","status":"publish","type":"post","link":"https:\/\/www.aie.es\/en\/aie-participa-primera-edicion-feria-hispano-lusa-industria-musical\/","title":{"rendered":"AIE participa en la Feria Hispano Lusa de la Industria Musical"},"content":{"rendered":"<p>&nbsp;<\/p>\n<p>El recinto ferial IFEZA de Zamora congreg\u00f3 este fin de semana <strong>m\u00e1s de 150 stands de expositores con los mejores profesionales espa\u00f1oles y portugueses<\/strong> del sonido y la iluminaci\u00f3n, sellos discogr\u00e1ficos, empresas de merchandising, luthiers, festivales nacionales e internacionales, managers, empresas de transporte, orquestas y, sobre todo, m\u00fasicos de rock, pop, metal, indie, folk o m\u00fasica tradicional, entre muchos otros estilos.<\/p>\n<p>La <a href=\"https:\/\/www.fhlim.com\/\" target=\"_blank\" rel=\"noopener noreferrer\">Feria Hispano<\/a><a href=\"https:\/\/www.fhlim.com\/\" target=\"_blank\" rel=\"noopener noreferrer\"> Lus<\/a><a href=\"https:\/\/www.fhlim.com\/\" target=\"_blank\" rel=\"noopener noreferrer\">a<\/a><a href=\"https:\/\/www.fhlim.com\/\" target=\"_blank\" rel=\"noopener noreferrer\"> de la Industria Musical<\/a> nace con la intenci\u00f3n de convertirse en el mayor encuentro de empresas relacionadas con la m\u00fasica del noroeste de la pen\u00ednsula. El evento incluy\u00f3 actuaciones en directo, showcases y clinics, firma de discos, meet &amp; greets, conferencias, reuniones y presentaciones exclusivas, entre otras actividades.<\/p>\n<p><strong>AIE reivindica sus circuitos de conciertos<\/strong><\/p>\n<p>El s\u00e1bado 27 de marzo, en una sala de conferencias pr\u00e1cticamente llena, AIE particip\u00f3 junto a otros representantes del sector en la primera charla del d\u00eda, <strong>\u201cCircuitos de bandas emergentes. Situaci\u00f3n actual y retos futuros\u201d<\/strong>. Luis Mendo, vicepresidente de AIE, detall\u00f3 la historia, caracter\u00edsticas y funcionamiento del circuito de conciertos <a href=\"https:\/\/www.aie.es\/promocion\/conciertos\/\" target=\"_blank\" rel=\"noopener noreferrer\">AIEnRuta<\/a> que desarrolla AIE, destacando que sus diferentes programas (Artistas, Cl\u00e1sicos, Jazz, Flamencos, Latinos, DeNuevo e Internacional)<strong> dinamizan la m\u00fasica en directo en salas de peque\u00f1o y mediano aforo.<\/strong><\/p>\n<p>El vicepresidente de AIE record\u00f3 que, pese al a\u00f1o y medio de par\u00f3n forzoso causado por la crisis sanitaria, AIEnRuta Artistas ha celebrado ya casi <strong>4.800 conciertos desde 1996<\/strong>, a cargo de casi <strong>1.000 artistas seleccionados<\/strong>. Y aprovech\u00f3 para informar de que <a href=\"https:\/\/www.aie.es\/promocion\/aienruta-artistas\/\" target=\"_blank\" rel=\"noopener noreferrer\">la edici\u00f3n de este a\u00f1o<\/a> ya cuenta con nuevos grupos confirmados y de que, en funci\u00f3n de la evoluci\u00f3n de la pandemia, AIR promover\u00e1 la programaci\u00f3n del ciclo de septiembre a diciembre.<\/p>\n<p><strong>Las salas de conciertos piden que se las considere espacios culturales<\/strong><\/p>\n<p>Adem\u00e1s de la importancia que tienen estos circuitos para <strong>descubrir nuevos talentos y alimentar el tejido cultural de todos los territorios<\/strong>, se abord\u00f3 en el debate <strong>el papel fundamental de las salas de conciertos<\/strong>, que insisten en reivindicar su funci\u00f3n como <strong>gestores culturales privados<\/strong>, con el reto de conseguir que este mismo a\u00f1o se les considere espacios culturales.<\/p>\n<p>Argumentos de peso respaldan esta pretensi\u00f3n: por una parte, existen cerca de 300 salas de conciertos repartidas por toda Espa\u00f1a y <strong>sufren, m\u00e1s que otros negocios del sector de la cultura, las consecuencias de las restricciones<\/strong> por la pandemia, ya que mientras cines, teatros y auditorios pueden trabajar, respetando las medidas de seguridad requeridas, a la mayor\u00eda de las salas de conciertos no se les permite; por otra, desde el punto de vista normativo <strong>no existe una licencia de actividad de salas de conciertos<\/strong> en el \u00e1mbito de la cultura, ya que se consideran bares de copas y el ocio nocturno a d\u00eda de hoy est\u00e1 cerrado.<\/p>\n<p>Todos los intervinientes coincidieron en la importancia de seguir recordando a las administraciones p\u00fablicas y a los medios de comunicaci\u00f3n que <strong>la m\u00fasica en directo es cultura segura<\/strong>, as\u00ed como los beneficios de sus asociaciones, que deben ser <strong>escuchadas, reconocidas y apoyadas, como agentes culturales<\/strong>.<\/p>\n<h5><img decoding=\"async\" class=\"alignnone wp-image-35258 size-full\" src=\"https:\/\/www.aie.es\/wp-content\/uploads\/feria-hispano-lusa-1.jpg\" alt=\"\" width=\"940\" height=\"471\" srcset=\"https:\/\/www.aie.es\/wp-content\/uploads\/feria-hispano-lusa-1.jpg 940w, https:\/\/www.aie.es\/wp-content\/uploads\/feria-hispano-lusa-1-300x150.jpg 300w, https:\/\/www.aie.es\/wp-content\/uploads\/feria-hispano-lusa-1-768x385.jpg 768w, https:\/\/www.aie.es\/wp-content\/uploads\/feria-hispano-lusa-1-700x351.jpg 700w\" sizes=\"(max-width: 940px) 100vw, 940px\" \/>De izquierda a derecha: Alberto Grand\u00edo, presidente de Clubtura y ACCES; Tom\u00e1s del Pozo (moderador), responsable de la Sala Secretos de Mayorga y vicepresidente de Castilla y Le\u00f3n en Vivo; Luis Mendo, vicepresidente de AIE; y Juanma Cantos, gerente del circuito GPS.<\/h5>\n<p>&nbsp;<\/p>\n","protected":false},"excerpt":{"rendered":"<p>La ciudad de Zamora acogi\u00f3, del 26 al 28 de marzo, la primera edici\u00f3n de la Feria Hispano Lusa de la Industria Musical, un evento que nace como punto de encuentro anual para profesionales, artistas y p\u00fablico de toda la escena musical de Espa\u00f1a y Portugal. La Sociedad de Artistas AIE particip\u00f3 en la mesa de debate \u201cCircuitos de bandas emergentes. Situaci\u00f3n actual y retos futuros\u201d.<\/p>\n","protected":false},"author":3,"featured_media":35254,"comment_status":"open","ping_status":"open","sticky":false,"template":"","format":"video","meta":{"_acf_changed":false,"_relevanssi_hide_post":"","_relevanssi_hide_content":"","_relevanssi_pin_for_all":"","_relevanssi_pin_keywords":"","_relevanssi_unpin_keywords":"","_relevanssi_related_keywords":"","_relevanssi_related_include_ids":"","_relevanssi_related_exclude_ids":"","_relevanssi_related_no_append":"","_relevanssi_related_not_related":"","_relevanssi_related_posts":"","_relevanssi_noindex_reason":"","footnotes":""},"categories":[320],"tags":[],"acf":[],"yoast_head":"<!-- This site is optimized with the Yoast SEO Premium plugin v21.5 (Yoast SEO v21.9.1) - https:\/\/yoast.com\/wordpress\/plugins\/seo\/ -->\n<title>AIE participa en la Feria Hispano Lusa de la Industria Musical - AIE Sociedad de Artistas Int\u00e9rpretes o Ejecutantes de Espa\u00f1a<\/title>\n<meta name=\"robots\" content=\"index, follow, max-snippet:-1, max-image-preview:large, max-video-preview:-1\" \/>\n<link rel=\"canonical\" href=\"https:\/\/www.aie.es\/en\/aie-participa-primera-edicion-feria-hispano-lusa-industria-musical\/\" \/>\n<meta property=\"og:locale\" content=\"en_US\" \/>\n<meta property=\"og:type\" content=\"article\" \/>\n<meta property=\"og:title\" content=\"AIE participa en la Feria Hispano Lusa de la Industria Musical\" \/>\n<meta property=\"og:description\" content=\"La ciudad de Zamora acogi\u00f3, del 26 al 28 de marzo, la primera edici\u00f3n de la Feria Hispano Lusa de la Industria Musical, un evento que nace como punto de encuentro anual para profesionales, artistas y p\u00fablico de toda la escena musical de Espa\u00f1a y Portugal. La Sociedad de Artistas AIE particip\u00f3 en la mesa de debate \u201cCircuitos de bandas emergentes. Situaci\u00f3n actual y retos futuros\u201d.\" \/>\n<meta property=\"og:url\" content=\"https:\/\/www.aie.es\/en\/aie-participa-primera-edicion-feria-hispano-lusa-industria-musical\/\" \/>\n<meta property=\"og:site_name\" content=\"AIE Sociedad de Artistas Int\u00e9rpretes o Ejecutantes de Espa\u00f1a\" \/>\n<meta property=\"article:published_time\" content=\"2021-03-29T16:56:50+00:00\" \/>\n<meta property=\"article:modified_time\" content=\"2021-04-20T09:03:27+00:00\" \/>\n<meta property=\"og:image\" content=\"https:\/\/www.aie.es\/wp-content\/uploads\/feria-hispano-lusa-carr.jpg\" \/>\n\t<meta property=\"og:image:width\" content=\"350\" \/>\n\t<meta property=\"og:image:height\" content=\"210\" \/>\n\t<meta property=\"og:image:type\" content=\"image\/jpeg\" \/>\n<meta name=\"author\" content=\"GGCOM\" \/>\n<meta name=\"twitter:card\" content=\"summary_large_image\" \/>\n<meta name=\"twitter:label1\" content=\"Written by\" \/>\n\t<meta name=\"twitter:data1\" content=\"GGCOM\" \/>\n\t<meta name=\"twitter:label2\" content=\"Est. reading time\" \/>\n\t<meta name=\"twitter:data2\" content=\"3 minutes\" \/>\n<script type=\"application\/ld+json\" class=\"yoast-schema-graph\">{\"@context\":\"https:\/\/schema.org\",\"@graph\":[{\"@type\":\"WebPage\",\"@id\":\"https:\/\/www.aie.es\/en\/aie-participa-primera-edicion-feria-hispano-lusa-industria-musical\/\",\"url\":\"https:\/\/www.aie.es\/en\/aie-participa-primera-edicion-feria-hispano-lusa-industria-musical\/\",\"name\":\"AIE participa en la Feria Hispano Lusa de la Industria Musical - AIE Sociedad de Artistas Int\u00e9rpretes o Ejecutantes de Espa\u00f1a\",\"isPartOf\":{\"@id\":\"https:\/\/www.aie.es\/#website\"},\"datePublished\":\"2021-03-29T16:56:50+00:00\",\"dateModified\":\"2021-04-20T09:03:27+00:00\",\"author\":{\"@id\":\"https:\/\/www.aie.es\/#\/schema\/person\/9008ac87bc3b5836f79e2a677dace4d5\"},\"breadcrumb\":{\"@id\":\"https:\/\/www.aie.es\/en\/aie-participa-primera-edicion-feria-hispano-lusa-industria-musical\/#breadcrumb\"},\"inLanguage\":\"en-US\",\"potentialAction\":[{\"@type\":\"ReadAction\",\"target\":[\"https:\/\/www.aie.es\/en\/aie-participa-primera-edicion-feria-hispano-lusa-industria-musical\/\"]}]},{\"@type\":\"BreadcrumbList\",\"@id\":\"https:\/\/www.aie.es\/en\/aie-participa-primera-edicion-feria-hispano-lusa-industria-musical\/#breadcrumb\",\"itemListElement\":[{\"@type\":\"ListItem\",\"position\":1,\"name\":\"Portada\",\"item\":\"https:\/\/www.aie.es\/en\/\"},{\"@type\":\"ListItem\",\"position\":2,\"name\":\"AIE participa en la Feria Hispano Lusa de la Industria Musical\"}]},{\"@type\":\"WebSite\",\"@id\":\"https:\/\/www.aie.es\/#website\",\"url\":\"https:\/\/www.aie.es\/\",\"name\":\"AIE Sociedad de Artistas Int\u00e9rpretes o Ejecutantes de Espa\u00f1a\",\"description\":\"Entidad de gesti\u00f3n de derechos de propiedad intelectual\",\"potentialAction\":[{\"@type\":\"SearchAction\",\"target\":{\"@type\":\"EntryPoint\",\"urlTemplate\":\"https:\/\/www.aie.es\/?s={search_term_string}\"},\"query-input\":\"required name=search_term_string\"}],\"inLanguage\":\"en-US\"},{\"@type\":\"Person\",\"@id\":\"https:\/\/www.aie.es\/#\/schema\/person\/9008ac87bc3b5836f79e2a677dace4d5\",\"name\":\"GGCOM\",\"image\":{\"@type\":\"ImageObject\",\"inLanguage\":\"en-US\",\"@id\":\"https:\/\/www.aie.es\/#\/schema\/person\/image\/\",\"url\":\"https:\/\/secure.gravatar.com\/avatar\/b4ed17baa0f661a7cbe0494fbec9b888?s=96&d=mm&r=g\",\"contentUrl\":\"https:\/\/secure.gravatar.com\/avatar\/b4ed17baa0f661a7cbe0494fbec9b888?s=96&d=mm&r=g\",\"caption\":\"GGCOM\"},\"url\":\"https:\/\/www.aie.es\/en\/author\/cgarriga\/\"}]}<\/script>\n<!-- \/ Yoast SEO Premium plugin. -->","yoast_head_json":{"title":"AIE participa en la Feria Hispano Lusa de la Industria Musical - AIE Sociedad de Artistas Int\u00e9rpretes o Ejecutantes de Espa\u00f1a","robots":{"index":"index","follow":"follow","max-snippet":"max-snippet:-1","max-image-preview":"max-image-preview:large","max-video-preview":"max-video-preview:-1"},"canonical":"https:\/\/www.aie.es\/en\/aie-participa-primera-edicion-feria-hispano-lusa-industria-musical\/","og_locale":"en_US","og_type":"article","og_title":"AIE participa en la Feria Hispano Lusa de la Industria Musical","og_description":"La ciudad de Zamora acogi\u00f3, del 26 al 28 de marzo, la primera edici\u00f3n de la Feria Hispano Lusa de la Industria Musical, un evento que nace como punto de encuentro anual para profesionales, artistas y p\u00fablico de toda la escena musical de Espa\u00f1a y Portugal. La Sociedad de Artistas AIE particip\u00f3 en la mesa de debate \u201cCircuitos de bandas emergentes. Situaci\u00f3n actual y retos futuros\u201d.","og_url":"https:\/\/www.aie.es\/en\/aie-participa-primera-edicion-feria-hispano-lusa-industria-musical\/","og_site_name":"AIE Sociedad de Artistas Int\u00e9rpretes o Ejecutantes de Espa\u00f1a","article_published_time":"2021-03-29T16:56:50+00:00","article_modified_time":"2021-04-20T09:03:27+00:00","og_image":[{"width":350,"height":210,"url":"https:\/\/www.aie.es\/wp-content\/uploads\/feria-hispano-lusa-carr.jpg","type":"image\/jpeg"}],"author":"GGCOM","twitter_card":"summary_large_image","twitter_misc":{"Written by":"GGCOM","Est. reading time":"3 minutes"},"schema":{"@context":"https:\/\/schema.org","@graph":[{"@type":"WebPage","@id":"https:\/\/www.aie.es\/en\/aie-participa-primera-edicion-feria-hispano-lusa-industria-musical\/","url":"https:\/\/www.aie.es\/en\/aie-participa-primera-edicion-feria-hispano-lusa-industria-musical\/","name":"AIE participa en la Feria Hispano Lusa de la Industria Musical - AIE Sociedad de Artistas Int\u00e9rpretes o Ejecutantes de Espa\u00f1a","isPartOf":{"@id":"https:\/\/www.aie.es\/#website"},"datePublished":"2021-03-29T16:56:50+00:00","dateModified":"2021-04-20T09:03:27+00:00","author":{"@id":"https:\/\/www.aie.es\/#\/schema\/person\/9008ac87bc3b5836f79e2a677dace4d5"},"breadcrumb":{"@id":"https:\/\/www.aie.es\/en\/aie-participa-primera-edicion-feria-hispano-lusa-industria-musical\/#breadcrumb"},"inLanguage":"en-US","potentialAction":[{"@type":"ReadAction","target":["https:\/\/www.aie.es\/en\/aie-participa-primera-edicion-feria-hispano-lusa-industria-musical\/"]}]},{"@type":"BreadcrumbList","@id":"https:\/\/www.aie.es\/en\/aie-participa-primera-edicion-feria-hispano-lusa-industria-musical\/#breadcrumb","itemListElement":[{"@type":"ListItem","position":1,"name":"Portada","item":"https:\/\/www.aie.es\/en\/"},{"@type":"ListItem","position":2,"name":"AIE participa en la Feria Hispano Lusa de la Industria Musical"}]},{"@type":"WebSite","@id":"https:\/\/www.aie.es\/#website","url":"https:\/\/www.aie.es\/","name":"AIE Sociedad de Artistas Int\u00e9rpretes o Ejecutantes de Espa\u00f1a","description":"Entidad de gesti\u00f3n de derechos de propiedad intelectual","potentialAction":[{"@type":"SearchAction","target":{"@type":"EntryPoint","urlTemplate":"https:\/\/www.aie.es\/?s={search_term_string}"},"query-input":"required name=search_term_string"}],"inLanguage":"en-US"},{"@type":"Person","@id":"https:\/\/www.aie.es\/#\/schema\/person\/9008ac87bc3b5836f79e2a677dace4d5","name":"GGCOM","image":{"@type":"ImageObject","inLanguage":"en-US","@id":"https:\/\/www.aie.es\/#\/schema\/person\/image\/","url":"https:\/\/secure.gravatar.com\/avatar\/b4ed17baa0f661a7cbe0494fbec9b888?s=96&d=mm&r=g","contentUrl":"https:\/\/secure.gravatar.com\/avatar\/b4ed17baa0f661a7cbe0494fbec9b888?s=96&d=mm&r=g","caption":"GGCOM"},"url":"https:\/\/www.aie.es\/en\/author\/cgarriga\/"}]}},"_links":{"self":[{"href":"https:\/\/www.aie.es\/en\/wp-json\/wp\/v2\/posts\/35289"}],"collection":[{"href":"https:\/\/www.aie.es\/en\/wp-json\/wp\/v2\/posts"}],"about":[{"href":"https:\/\/www.aie.es\/en\/wp-json\/wp\/v2\/types\/post"}],"author":[{"embeddable":true,"href":"https:\/\/www.aie.es\/en\/wp-json\/wp\/v2\/users\/3"}],"replies":[{"embeddable":true,"href":"https:\/\/www.aie.es\/en\/wp-json\/wp\/v2\/comments?post=35289"}],"version-history":[{"count":2,"href":"https:\/\/www.aie.es\/en\/wp-json\/wp\/v2\/posts\/35289\/revisions"}],"predecessor-version":[{"id":35454,"href":"https:\/\/www.aie.es\/en\/wp-json\/wp\/v2\/posts\/35289\/revisions\/35454"}],"wp:featuredmedia":[{"embeddable":true,"href":"https:\/\/www.aie.es\/en\/wp-json\/wp\/v2\/media\/35254"}],"wp:attachment":[{"href":"https:\/\/www.aie.es\/en\/wp-json\/wp\/v2\/media?parent=35289"}],"wp:term":[{"taxonomy":"category","embeddable":true,"href":"https:\/\/www.aie.es\/en\/wp-json\/wp\/v2\/categories?post=35289"},{"taxonomy":"post_tag","embeddable":true,"href":"https:\/\/www.aie.es\/en\/wp-json\/wp\/v2\/tags?post=35289"}],"curies":[{"name":"wp","href":"https:\/\/api.w.org\/{rel}","templated":true}]}}