{"id":35377,"date":"2021-04-09T15:32:48","date_gmt":"2021-04-09T14:32:48","guid":{"rendered":"https:\/\/www.aie.es\/creadores-y-operadores-de-acceso-a-internet-firman-un-protocolo-contra-la-pirateria-de-musica-y-otros-contenidos\/"},"modified":"2021-04-13T08:53:45","modified_gmt":"2021-04-13T07:53:45","slug":"creadores-y-operadores-de-acceso-a-internet-firman-un-protocolo-contra-la-pirateria-de-musica-y-otros-contenidos","status":"publish","type":"post","link":"https:\/\/www.aie.es\/en\/creadores-y-operadores-de-acceso-a-internet-firman-un-protocolo-contra-la-pirateria-de-musica-y-otros-contenidos\/","title":{"rendered":"Creadores y operadores de acceso a internet firman un protocolo contra la pirater\u00eda de m\u00fasica y otros contenidos"},"content":{"rendered":"<p><img decoding=\"async\" class=\"aligncenter size-full wp-image-35373\" src=\"https:\/\/www.aie.es\/wp-content\/uploads\/LC-y-JMRU-8ABRIL21.jpg\" alt=\"\" width=\"940\" height=\"580\" srcset=\"https:\/\/www.aie.es\/wp-content\/uploads\/LC-y-JMRU-8ABRIL21.jpg 940w, https:\/\/www.aie.es\/wp-content\/uploads\/LC-y-JMRU-8ABRIL21-300x185.jpg 300w, https:\/\/www.aie.es\/wp-content\/uploads\/LC-y-JMRU-8ABRIL21-768x474.jpg 768w, https:\/\/www.aie.es\/wp-content\/uploads\/LC-y-JMRU-8ABRIL21-700x432.jpg 700w\" sizes=\"(max-width: 940px) 100vw, 940px\" \/>Es la primera vez que se logra un c\u00f3digo de conducta voluntario de este tipo. Rodr\u00edguez Uribes se\u00f1ala: \u201cEste es un protocolo hist\u00f3rico, pionero, construido sobre el consenso entre los operadores de acceso a Internet y los representantes de los titulares de derechos de propiedad intelectual, los creadores y las industrias de contenidos. Desde el Gobierno nos enorgullece situar a Espa\u00f1a a la cabeza de los estados miembros que, mediante un c\u00f3digo de conducta voluntario, fomentan la autorregulaci\u00f3n entre el sector de la cultura y el sector de los operadores de telecomunicaciones. Un protocolo hist\u00f3rico, pionero, construido sobre el consenso entre los operadores de acceso a Internet y los representantes de los titulares de derechos de propiedad intelectual, los creadores y las industrias de contenidos. Una correcta protecci\u00f3n de los derechos de los creadores es una garant\u00eda fundamental para un ecosistema cultural rico e innovador\u201d.<\/p>\n<p><img decoding=\"async\" class=\"aligncenter size-full wp-image-35365\" src=\"https:\/\/www.aie.es\/wp-content\/uploads\/Firma-foto-familia.jpg\" alt=\"\" width=\"940\" height=\"470\" srcset=\"https:\/\/www.aie.es\/wp-content\/uploads\/Firma-foto-familia.jpg 940w, https:\/\/www.aie.es\/wp-content\/uploads\/Firma-foto-familia-300x150.jpg 300w, https:\/\/www.aie.es\/wp-content\/uploads\/Firma-foto-familia-768x384.jpg 768w, https:\/\/www.aie.es\/wp-content\/uploads\/Firma-foto-familia-700x350.jpg 700w\" sizes=\"(max-width: 940px) 100vw, 940px\" \/>El protocolo ha sido suscrito por los operadores de acceso a internet y por los socios de la\u00a0<strong>Coalici\u00f3n de creadores<\/strong>, entre ellos AIE, para ofrecer una respuesta global a los esfuerzos que tanto las operadoras como los creadores est\u00e1n realizando para mejorar la aplicaci\u00f3n de la legislaci\u00f3n vigente en materia de protecci\u00f3n de derechos de propiedad intelectual, garantizando la eficacia de las resoluciones judiciales y administrativas que han declarado la condici\u00f3n de infractor de un sitio web.<\/p>\n<p>M\u00c1S INFORMACI\u00d3N<\/p>\n<p><a href=\"https:\/\/www.lamoncloa.gob.es\/serviciosdeprensa\/notasprensa\/cultura\/Paginas\/2021\/080421-propiedad-intelectual.aspx\" target=\"_blank\" rel=\"noopener noreferrer\">https:\/\/www.lamoncloa.gob.es\/serviciosdeprensa\/notasprensa\/cultura\/Paginas\/2021\/080421-propiedad-intelectual.aspx<\/a><\/p>\n","protected":false},"excerpt":{"rendered":"<p>El ministro de Cultura y Deporte, Jos\u00e9 Manuel Rodr\u00edguez Uribes, ha presidido este jueves la firma de un protocolo para reforzar la protecci\u00f3n de los derechos de propiedad intelectual, impulsado por el Ministerio de Cultura y Deporte a trav\u00e9s de la Direcci\u00f3n General de Industrias Culturales, Propiedad Intelectual y Cooperaci\u00f3n.<\/p>\n","protected":false},"author":3,"featured_media":35356,"comment_status":"open","ping_status":"open","sticky":false,"template":"","format":"standard","meta":{"_acf_changed":false,"_relevanssi_hide_post":"","_relevanssi_hide_content":"","_relevanssi_pin_for_all":"","_relevanssi_pin_keywords":"","_relevanssi_unpin_keywords":"","_relevanssi_related_keywords":"","_relevanssi_related_include_ids":"","_relevanssi_related_exclude_ids":"","_relevanssi_related_no_append":"","_relevanssi_related_not_related":"","_relevanssi_related_posts":"","_relevanssi_noindex_reason":"","footnotes":""},"categories":[322],"tags":[],"acf":[],"yoast_head":"<!-- This site is optimized with the Yoast SEO Premium plugin v21.5 (Yoast SEO v21.9.1) - https:\/\/yoast.com\/wordpress\/plugins\/seo\/ -->\n<title>Creadores y operadores de acceso a internet firman un protocolo contra la pirater\u00eda de m\u00fasica y otros contenidos - AIE Sociedad de Artistas Int\u00e9rpretes o Ejecutantes de Espa\u00f1a<\/title>\n<meta name=\"robots\" content=\"index, follow, max-snippet:-1, max-image-preview:large, max-video-preview:-1\" \/>\n<link rel=\"canonical\" href=\"https:\/\/www.aie.es\/en\/creadores-y-operadores-de-acceso-a-internet-firman-un-protocolo-contra-la-pirateria-de-musica-y-otros-contenidos\/\" \/>\n<meta property=\"og:locale\" content=\"en_US\" \/>\n<meta property=\"og:type\" content=\"article\" \/>\n<meta property=\"og:title\" content=\"Creadores y operadores de acceso a internet firman un protocolo contra la pirater\u00eda de m\u00fasica y otros contenidos\" \/>\n<meta property=\"og:description\" content=\"El ministro de Cultura y Deporte, Jos\u00e9 Manuel Rodr\u00edguez Uribes, ha presidido este jueves la firma de un protocolo para reforzar la protecci\u00f3n de los derechos de propiedad intelectual, impulsado por el Ministerio de Cultura y Deporte a trav\u00e9s de la Direcci\u00f3n General de Industrias Culturales, Propiedad Intelectual y Cooperaci\u00f3n.\" \/>\n<meta property=\"og:url\" content=\"https:\/\/www.aie.es\/en\/creadores-y-operadores-de-acceso-a-internet-firman-un-protocolo-contra-la-pirateria-de-musica-y-otros-contenidos\/\" \/>\n<meta property=\"og:site_name\" content=\"AIE Sociedad de Artistas Int\u00e9rpretes o Ejecutantes de Espa\u00f1a\" \/>\n<meta property=\"article:published_time\" content=\"2021-04-09T14:32:48+00:00\" \/>\n<meta property=\"article:modified_time\" content=\"2021-04-13T07:53:45+00:00\" \/>\n<meta property=\"og:image\" content=\"https:\/\/www.aie.es\/wp-content\/uploads\/LC-y-JMRU-8ABR-1.jpg\" \/>\n\t<meta property=\"og:image:width\" content=\"940\" \/>\n\t<meta property=\"og:image:height\" content=\"600\" \/>\n\t<meta property=\"og:image:type\" content=\"image\/jpeg\" \/>\n<meta name=\"author\" content=\"GGCOM\" \/>\n<meta name=\"twitter:card\" content=\"summary_large_image\" \/>\n<meta name=\"twitter:label1\" content=\"Written by\" \/>\n\t<meta name=\"twitter:data1\" content=\"GGCOM\" \/>\n\t<meta name=\"twitter:label2\" content=\"Est. reading time\" \/>\n\t<meta name=\"twitter:data2\" content=\"1 minute\" \/>\n<script type=\"application\/ld+json\" class=\"yoast-schema-graph\">{\"@context\":\"https:\/\/schema.org\",\"@graph\":[{\"@type\":\"WebPage\",\"@id\":\"https:\/\/www.aie.es\/en\/creadores-y-operadores-de-acceso-a-internet-firman-un-protocolo-contra-la-pirateria-de-musica-y-otros-contenidos\/\",\"url\":\"https:\/\/www.aie.es\/en\/creadores-y-operadores-de-acceso-a-internet-firman-un-protocolo-contra-la-pirateria-de-musica-y-otros-contenidos\/\",\"name\":\"Creadores y operadores de acceso a internet firman un protocolo contra la pirater\u00eda de m\u00fasica y otros contenidos - AIE Sociedad de Artistas Int\u00e9rpretes o Ejecutantes de Espa\u00f1a\",\"isPartOf\":{\"@id\":\"https:\/\/www.aie.es\/#website\"},\"datePublished\":\"2021-04-09T14:32:48+00:00\",\"dateModified\":\"2021-04-13T07:53:45+00:00\",\"author\":{\"@id\":\"https:\/\/www.aie.es\/#\/schema\/person\/9008ac87bc3b5836f79e2a677dace4d5\"},\"breadcrumb\":{\"@id\":\"https:\/\/www.aie.es\/en\/creadores-y-operadores-de-acceso-a-internet-firman-un-protocolo-contra-la-pirateria-de-musica-y-otros-contenidos\/#breadcrumb\"},\"inLanguage\":\"en-US\",\"potentialAction\":[{\"@type\":\"ReadAction\",\"target\":[\"https:\/\/www.aie.es\/en\/creadores-y-operadores-de-acceso-a-internet-firman-un-protocolo-contra-la-pirateria-de-musica-y-otros-contenidos\/\"]}]},{\"@type\":\"BreadcrumbList\",\"@id\":\"https:\/\/www.aie.es\/en\/creadores-y-operadores-de-acceso-a-internet-firman-un-protocolo-contra-la-pirateria-de-musica-y-otros-contenidos\/#breadcrumb\",\"itemListElement\":[{\"@type\":\"ListItem\",\"position\":1,\"name\":\"Portada\",\"item\":\"https:\/\/www.aie.es\/en\/\"},{\"@type\":\"ListItem\",\"position\":2,\"name\":\"Creadores y operadores de acceso a internet firman un protocolo contra la pirater\u00eda de m\u00fasica y otros contenidos\"}]},{\"@type\":\"WebSite\",\"@id\":\"https:\/\/www.aie.es\/#website\",\"url\":\"https:\/\/www.aie.es\/\",\"name\":\"AIE Sociedad de Artistas Int\u00e9rpretes o Ejecutantes de Espa\u00f1a\",\"description\":\"Entidad de gesti\u00f3n de derechos de propiedad intelectual\",\"potentialAction\":[{\"@type\":\"SearchAction\",\"target\":{\"@type\":\"EntryPoint\",\"urlTemplate\":\"https:\/\/www.aie.es\/?s={search_term_string}\"},\"query-input\":\"required name=search_term_string\"}],\"inLanguage\":\"en-US\"},{\"@type\":\"Person\",\"@id\":\"https:\/\/www.aie.es\/#\/schema\/person\/9008ac87bc3b5836f79e2a677dace4d5\",\"name\":\"GGCOM\",\"image\":{\"@type\":\"ImageObject\",\"inLanguage\":\"en-US\",\"@id\":\"https:\/\/www.aie.es\/#\/schema\/person\/image\/\",\"url\":\"https:\/\/secure.gravatar.com\/avatar\/b4ed17baa0f661a7cbe0494fbec9b888?s=96&d=mm&r=g\",\"contentUrl\":\"https:\/\/secure.gravatar.com\/avatar\/b4ed17baa0f661a7cbe0494fbec9b888?s=96&d=mm&r=g\",\"caption\":\"GGCOM\"},\"url\":\"https:\/\/www.aie.es\/en\/author\/cgarriga\/\"}]}<\/script>\n<!-- \/ Yoast SEO Premium plugin. -->","yoast_head_json":{"title":"Creadores y operadores de acceso a internet firman un protocolo contra la pirater\u00eda de m\u00fasica y otros contenidos - AIE Sociedad de Artistas Int\u00e9rpretes o Ejecutantes de Espa\u00f1a","robots":{"index":"index","follow":"follow","max-snippet":"max-snippet:-1","max-image-preview":"max-image-preview:large","max-video-preview":"max-video-preview:-1"},"canonical":"https:\/\/www.aie.es\/en\/creadores-y-operadores-de-acceso-a-internet-firman-un-protocolo-contra-la-pirateria-de-musica-y-otros-contenidos\/","og_locale":"en_US","og_type":"article","og_title":"Creadores y operadores de acceso a internet firman un protocolo contra la pirater\u00eda de m\u00fasica y otros contenidos","og_description":"El ministro de Cultura y Deporte, Jos\u00e9 Manuel Rodr\u00edguez Uribes, ha presidido este jueves la firma de un protocolo para reforzar la protecci\u00f3n de los derechos de propiedad intelectual, impulsado por el Ministerio de Cultura y Deporte a trav\u00e9s de la Direcci\u00f3n General de Industrias Culturales, Propiedad Intelectual y Cooperaci\u00f3n.","og_url":"https:\/\/www.aie.es\/en\/creadores-y-operadores-de-acceso-a-internet-firman-un-protocolo-contra-la-pirateria-de-musica-y-otros-contenidos\/","og_site_name":"AIE Sociedad de Artistas Int\u00e9rpretes o Ejecutantes de Espa\u00f1a","article_published_time":"2021-04-09T14:32:48+00:00","article_modified_time":"2021-04-13T07:53:45+00:00","og_image":[{"width":940,"height":600,"url":"https:\/\/www.aie.es\/wp-content\/uploads\/LC-y-JMRU-8ABR-1.jpg","type":"image\/jpeg"}],"author":"GGCOM","twitter_card":"summary_large_image","twitter_misc":{"Written by":"GGCOM","Est. reading time":"1 minute"},"schema":{"@context":"https:\/\/schema.org","@graph":[{"@type":"WebPage","@id":"https:\/\/www.aie.es\/en\/creadores-y-operadores-de-acceso-a-internet-firman-un-protocolo-contra-la-pirateria-de-musica-y-otros-contenidos\/","url":"https:\/\/www.aie.es\/en\/creadores-y-operadores-de-acceso-a-internet-firman-un-protocolo-contra-la-pirateria-de-musica-y-otros-contenidos\/","name":"Creadores y operadores de acceso a internet firman un protocolo contra la pirater\u00eda de m\u00fasica y otros contenidos - AIE Sociedad de Artistas Int\u00e9rpretes o Ejecutantes de Espa\u00f1a","isPartOf":{"@id":"https:\/\/www.aie.es\/#website"},"datePublished":"2021-04-09T14:32:48+00:00","dateModified":"2021-04-13T07:53:45+00:00","author":{"@id":"https:\/\/www.aie.es\/#\/schema\/person\/9008ac87bc3b5836f79e2a677dace4d5"},"breadcrumb":{"@id":"https:\/\/www.aie.es\/en\/creadores-y-operadores-de-acceso-a-internet-firman-un-protocolo-contra-la-pirateria-de-musica-y-otros-contenidos\/#breadcrumb"},"inLanguage":"en-US","potentialAction":[{"@type":"ReadAction","target":["https:\/\/www.aie.es\/en\/creadores-y-operadores-de-acceso-a-internet-firman-un-protocolo-contra-la-pirateria-de-musica-y-otros-contenidos\/"]}]},{"@type":"BreadcrumbList","@id":"https:\/\/www.aie.es\/en\/creadores-y-operadores-de-acceso-a-internet-firman-un-protocolo-contra-la-pirateria-de-musica-y-otros-contenidos\/#breadcrumb","itemListElement":[{"@type":"ListItem","position":1,"name":"Portada","item":"https:\/\/www.aie.es\/en\/"},{"@type":"ListItem","position":2,"name":"Creadores y operadores de acceso a internet firman un protocolo contra la pirater\u00eda de m\u00fasica y otros contenidos"}]},{"@type":"WebSite","@id":"https:\/\/www.aie.es\/#website","url":"https:\/\/www.aie.es\/","name":"AIE Sociedad de Artistas Int\u00e9rpretes o Ejecutantes de Espa\u00f1a","description":"Entidad de gesti\u00f3n de derechos de propiedad intelectual","potentialAction":[{"@type":"SearchAction","target":{"@type":"EntryPoint","urlTemplate":"https:\/\/www.aie.es\/?s={search_term_string}"},"query-input":"required name=search_term_string"}],"inLanguage":"en-US"},{"@type":"Person","@id":"https:\/\/www.aie.es\/#\/schema\/person\/9008ac87bc3b5836f79e2a677dace4d5","name":"GGCOM","image":{"@type":"ImageObject","inLanguage":"en-US","@id":"https:\/\/www.aie.es\/#\/schema\/person\/image\/","url":"https:\/\/secure.gravatar.com\/avatar\/b4ed17baa0f661a7cbe0494fbec9b888?s=96&d=mm&r=g","contentUrl":"https:\/\/secure.gravatar.com\/avatar\/b4ed17baa0f661a7cbe0494fbec9b888?s=96&d=mm&r=g","caption":"GGCOM"},"url":"https:\/\/www.aie.es\/en\/author\/cgarriga\/"}]}},"_links":{"self":[{"href":"https:\/\/www.aie.es\/en\/wp-json\/wp\/v2\/posts\/35377"}],"collection":[{"href":"https:\/\/www.aie.es\/en\/wp-json\/wp\/v2\/posts"}],"about":[{"href":"https:\/\/www.aie.es\/en\/wp-json\/wp\/v2\/types\/post"}],"author":[{"embeddable":true,"href":"https:\/\/www.aie.es\/en\/wp-json\/wp\/v2\/users\/3"}],"replies":[{"embeddable":true,"href":"https:\/\/www.aie.es\/en\/wp-json\/wp\/v2\/comments?post=35377"}],"version-history":[{"count":1,"href":"https:\/\/www.aie.es\/en\/wp-json\/wp\/v2\/posts\/35377\/revisions"}],"predecessor-version":[{"id":35380,"href":"https:\/\/www.aie.es\/en\/wp-json\/wp\/v2\/posts\/35377\/revisions\/35380"}],"wp:featuredmedia":[{"embeddable":true,"href":"https:\/\/www.aie.es\/en\/wp-json\/wp\/v2\/media\/35356"}],"wp:attachment":[{"href":"https:\/\/www.aie.es\/en\/wp-json\/wp\/v2\/media?parent=35377"}],"wp:term":[{"taxonomy":"category","embeddable":true,"href":"https:\/\/www.aie.es\/en\/wp-json\/wp\/v2\/categories?post=35377"},{"taxonomy":"post_tag","embeddable":true,"href":"https:\/\/www.aie.es\/en\/wp-json\/wp\/v2\/tags?post=35377"}],"curies":[{"name":"wp","href":"https:\/\/api.w.org\/{rel}","templated":true}]}}