{"id":36236,"date":"2021-07-13T15:17:15","date_gmt":"2021-07-13T13:17:15","guid":{"rendered":"https:\/\/www.aie.es\/adios-a-gonzalo-munoz-salo\/"},"modified":"2021-07-13T15:17:15","modified_gmt":"2021-07-13T13:17:15","slug":"adios-a-gonzalo-munoz-salo","status":"publish","type":"post","link":"https:\/\/www.aie.es\/en\/adios-a-gonzalo-munoz-salo\/","title":{"rendered":"Adi\u00f3s a Gonzalo Mu\u00f1oz, &#8216;Salo&#8217;"},"content":{"rendered":"<p><img decoding=\"async\" class=\"aligncenter size-full wp-image-36231\" src=\"https:\/\/www.aie.es\/wp-content\/uploads\/salo-plastic-int.jpg\" alt=\"\" width=\"940\" height=\"385\" srcset=\"https:\/\/www.aie.es\/wp-content\/uploads\/salo-plastic-int.jpg 940w, https:\/\/www.aie.es\/wp-content\/uploads\/salo-plastic-int-300x123.jpg 300w, https:\/\/www.aie.es\/wp-content\/uploads\/salo-plastic-int-768x315.jpg 768w, https:\/\/www.aie.es\/wp-content\/uploads\/salo-plastic-int-700x287.jpg 700w\" sizes=\"(max-width: 940px) 100vw, 940px\" \/><\/p>\n<p><strong>&#8216;Salo&#8217;<\/strong> ten\u00eda 67 a\u00f1os y una extensa trayectoria musical iniciada en la d\u00e9cada de los sesenta y que alcanz\u00f3 su punto culminante con <strong>Extremoduro<\/strong> entre 1988 y 1993.<\/p>\n<p>Salo comenz\u00f3 en la m\u00fasica en &#8216;Los Comancheros&#8217; y luego en &#8216;Los Dogos&#8217;. Y, paralelamente, aprendiendo y viajando de la mano de su \u00edntimo amigo <strong>\u00c1ngel Paramio<\/strong>, fundador a su vez de otro grupo hist\u00f3rico del rock placentino como &#8216;Los Castores&#8217;. M\u00e1s tarde milit\u00f3, entre otros, en un grupo llamado &#8216;Indecisi\u00f3n Moment\u00e1nea&#8217;, al lado de su amigo <strong>Luis Von Fanta<\/strong>, despu\u00e9s bater\u00eda de Extremoduro, fallecido en 2012 a los 61 a\u00f1os.<\/p>\n<p>A partir de 1988 Salo se encarg\u00f3, junto a un joven <strong>Roberto Iniesta<\/strong>, de construir el sonido de <strong>Extremoduro<\/strong> y darle una identidad \u00fanica. Especialmente recordada es su aparici\u00f3n en el programa &#8216;Pl\u00e0stic&#8217; de TVE que presentaba <strong>Tinet Rubira<\/strong> en el que Salo, llevando puesto un tricornio de la Guardia Civil, ajusticiaba a Robe encarnado en <strong>Jesucristo Garc\u00eda.<\/strong><\/p>\n<p>El disco &#8216;T\u00fa en tu casa, nosotros en la hoguera&#8217; fue piedra roseta del Rock Transgresivo. En ese disco, Salo se encarg\u00f3 del bajo, pero en el segundo y tercer disco (&#8216;Somos unos animales&#8217; y &#8216;Deltoya&#8217;) se hizo cargo de la guitarra principal y <strong>Carlos el Sucio<\/strong> se hizo cargo del bajo.<\/p>\n<p>Salo dijo adi\u00f3s a Extremoduro a las puertas de grabar &#8216;\u00bfD\u00f3nde est\u00e1n mis amigos?&#8217; en 1993.\u00a0Desde entonces, nunca abandon\u00f3 su gusto por la guitarra, pero siempre restringida a la intimidad del hogar o a sesiones de jazz entre amigos.<\/p>\n","protected":false},"excerpt":{"rendered":"<p>La Sociedad de Artistas AIE desea expresar sus m\u00e1s sentidas condolencias a familiares y allegados de su socio Gonzalo Mu\u00f1oz Hinojal, &#8216;Salo&#8217;, miembro fundador de Extremoduro y bajo y guitarra del grupo en sus tres primeros discos, que ha fallecido este martes en Plasencia.<\/p>\n","protected":false},"author":3,"featured_media":36229,"comment_status":"open","ping_status":"open","sticky":false,"template":"","format":"standard","meta":{"_acf_changed":false,"_relevanssi_hide_post":"","_relevanssi_hide_content":"","_relevanssi_pin_for_all":"","_relevanssi_pin_keywords":"","_relevanssi_unpin_keywords":"","_relevanssi_related_keywords":"","_relevanssi_related_include_ids":"","_relevanssi_related_exclude_ids":"","_relevanssi_related_no_append":"","_relevanssi_related_not_related":"","_relevanssi_related_posts":"","_relevanssi_noindex_reason":"","footnotes":""},"categories":[318],"tags":[],"acf":[],"yoast_head":"<!-- This site is optimized with the Yoast SEO Premium plugin v21.5 (Yoast SEO v21.9.1) - https:\/\/yoast.com\/wordpress\/plugins\/seo\/ -->\n<title>Adi\u00f3s a Gonzalo Mu\u00f1oz, &#039;Salo&#039; - AIE Sociedad de Artistas Int\u00e9rpretes o Ejecutantes de Espa\u00f1a<\/title>\n<meta name=\"robots\" content=\"index, follow, max-snippet:-1, max-image-preview:large, max-video-preview:-1\" \/>\n<link rel=\"canonical\" href=\"https:\/\/www.aie.es\/en\/adios-a-gonzalo-munoz-salo\/\" \/>\n<meta property=\"og:locale\" content=\"en_US\" \/>\n<meta property=\"og:type\" content=\"article\" \/>\n<meta property=\"og:title\" content=\"Adi\u00f3s a Gonzalo Mu\u00f1oz, &#039;Salo&#039;\" \/>\n<meta property=\"og:description\" content=\"La Sociedad de Artistas AIE desea expresar sus m\u00e1s sentidas condolencias a familiares y allegados de su socio Gonzalo Mu\u00f1oz Hinojal, &#039;Salo&#039;, miembro fundador de Extremoduro y bajo y guitarra del grupo en sus tres primeros discos, que ha fallecido este martes en Plasencia.\" \/>\n<meta property=\"og:url\" content=\"https:\/\/www.aie.es\/en\/adios-a-gonzalo-munoz-salo\/\" \/>\n<meta property=\"og:site_name\" content=\"AIE Sociedad de Artistas Int\u00e9rpretes o Ejecutantes de Espa\u00f1a\" \/>\n<meta property=\"article:published_time\" content=\"2021-07-13T13:17:15+00:00\" \/>\n<meta property=\"og:image\" content=\"https:\/\/www.aie.es\/wp-content\/uploads\/salo-plastic-carr.jpg\" \/>\n\t<meta property=\"og:image:width\" content=\"350\" \/>\n\t<meta property=\"og:image:height\" content=\"210\" \/>\n\t<meta property=\"og:image:type\" content=\"image\/jpeg\" \/>\n<meta name=\"author\" content=\"GGCOM\" \/>\n<meta name=\"twitter:card\" content=\"summary_large_image\" \/>\n<meta name=\"twitter:label1\" content=\"Written by\" \/>\n\t<meta name=\"twitter:data1\" content=\"GGCOM\" \/>\n\t<meta name=\"twitter:label2\" content=\"Est. reading time\" \/>\n\t<meta name=\"twitter:data2\" content=\"1 minute\" \/>\n<script type=\"application\/ld+json\" class=\"yoast-schema-graph\">{\"@context\":\"https:\/\/schema.org\",\"@graph\":[{\"@type\":\"WebPage\",\"@id\":\"https:\/\/www.aie.es\/en\/adios-a-gonzalo-munoz-salo\/\",\"url\":\"https:\/\/www.aie.es\/en\/adios-a-gonzalo-munoz-salo\/\",\"name\":\"Adi\u00f3s a Gonzalo Mu\u00f1oz, 'Salo' - AIE Sociedad de Artistas Int\u00e9rpretes o Ejecutantes de Espa\u00f1a\",\"isPartOf\":{\"@id\":\"https:\/\/www.aie.es\/#website\"},\"datePublished\":\"2021-07-13T13:17:15+00:00\",\"dateModified\":\"2021-07-13T13:17:15+00:00\",\"author\":{\"@id\":\"https:\/\/www.aie.es\/#\/schema\/person\/9008ac87bc3b5836f79e2a677dace4d5\"},\"breadcrumb\":{\"@id\":\"https:\/\/www.aie.es\/en\/adios-a-gonzalo-munoz-salo\/#breadcrumb\"},\"inLanguage\":\"en-US\",\"potentialAction\":[{\"@type\":\"ReadAction\",\"target\":[\"https:\/\/www.aie.es\/en\/adios-a-gonzalo-munoz-salo\/\"]}]},{\"@type\":\"BreadcrumbList\",\"@id\":\"https:\/\/www.aie.es\/en\/adios-a-gonzalo-munoz-salo\/#breadcrumb\",\"itemListElement\":[{\"@type\":\"ListItem\",\"position\":1,\"name\":\"Portada\",\"item\":\"https:\/\/www.aie.es\/en\/\"},{\"@type\":\"ListItem\",\"position\":2,\"name\":\"Adi\u00f3s a Gonzalo Mu\u00f1oz, &#8216;Salo&#8217;\"}]},{\"@type\":\"WebSite\",\"@id\":\"https:\/\/www.aie.es\/#website\",\"url\":\"https:\/\/www.aie.es\/\",\"name\":\"AIE Sociedad de Artistas Int\u00e9rpretes o Ejecutantes de Espa\u00f1a\",\"description\":\"Entidad de gesti\u00f3n de derechos de propiedad intelectual\",\"potentialAction\":[{\"@type\":\"SearchAction\",\"target\":{\"@type\":\"EntryPoint\",\"urlTemplate\":\"https:\/\/www.aie.es\/?s={search_term_string}\"},\"query-input\":\"required name=search_term_string\"}],\"inLanguage\":\"en-US\"},{\"@type\":\"Person\",\"@id\":\"https:\/\/www.aie.es\/#\/schema\/person\/9008ac87bc3b5836f79e2a677dace4d5\",\"name\":\"GGCOM\",\"image\":{\"@type\":\"ImageObject\",\"inLanguage\":\"en-US\",\"@id\":\"https:\/\/www.aie.es\/#\/schema\/person\/image\/\",\"url\":\"https:\/\/secure.gravatar.com\/avatar\/b4ed17baa0f661a7cbe0494fbec9b888?s=96&d=mm&r=g\",\"contentUrl\":\"https:\/\/secure.gravatar.com\/avatar\/b4ed17baa0f661a7cbe0494fbec9b888?s=96&d=mm&r=g\",\"caption\":\"GGCOM\"},\"url\":\"https:\/\/www.aie.es\/en\/author\/cgarriga\/\"}]}<\/script>\n<!-- \/ Yoast SEO Premium plugin. -->","yoast_head_json":{"title":"Adi\u00f3s a Gonzalo Mu\u00f1oz, 'Salo' - AIE Sociedad de Artistas Int\u00e9rpretes o Ejecutantes de Espa\u00f1a","robots":{"index":"index","follow":"follow","max-snippet":"max-snippet:-1","max-image-preview":"max-image-preview:large","max-video-preview":"max-video-preview:-1"},"canonical":"https:\/\/www.aie.es\/en\/adios-a-gonzalo-munoz-salo\/","og_locale":"en_US","og_type":"article","og_title":"Adi\u00f3s a Gonzalo Mu\u00f1oz, 'Salo'","og_description":"La Sociedad de Artistas AIE desea expresar sus m\u00e1s sentidas condolencias a familiares y allegados de su socio Gonzalo Mu\u00f1oz Hinojal, 'Salo', miembro fundador de Extremoduro y bajo y guitarra del grupo en sus tres primeros discos, que ha fallecido este martes en Plasencia.","og_url":"https:\/\/www.aie.es\/en\/adios-a-gonzalo-munoz-salo\/","og_site_name":"AIE Sociedad de Artistas Int\u00e9rpretes o Ejecutantes de Espa\u00f1a","article_published_time":"2021-07-13T13:17:15+00:00","og_image":[{"width":350,"height":210,"url":"https:\/\/www.aie.es\/wp-content\/uploads\/salo-plastic-carr.jpg","type":"image\/jpeg"}],"author":"GGCOM","twitter_card":"summary_large_image","twitter_misc":{"Written by":"GGCOM","Est. reading time":"1 minute"},"schema":{"@context":"https:\/\/schema.org","@graph":[{"@type":"WebPage","@id":"https:\/\/www.aie.es\/en\/adios-a-gonzalo-munoz-salo\/","url":"https:\/\/www.aie.es\/en\/adios-a-gonzalo-munoz-salo\/","name":"Adi\u00f3s a Gonzalo Mu\u00f1oz, 'Salo' - AIE Sociedad de Artistas Int\u00e9rpretes o Ejecutantes de Espa\u00f1a","isPartOf":{"@id":"https:\/\/www.aie.es\/#website"},"datePublished":"2021-07-13T13:17:15+00:00","dateModified":"2021-07-13T13:17:15+00:00","author":{"@id":"https:\/\/www.aie.es\/#\/schema\/person\/9008ac87bc3b5836f79e2a677dace4d5"},"breadcrumb":{"@id":"https:\/\/www.aie.es\/en\/adios-a-gonzalo-munoz-salo\/#breadcrumb"},"inLanguage":"en-US","potentialAction":[{"@type":"ReadAction","target":["https:\/\/www.aie.es\/en\/adios-a-gonzalo-munoz-salo\/"]}]},{"@type":"BreadcrumbList","@id":"https:\/\/www.aie.es\/en\/adios-a-gonzalo-munoz-salo\/#breadcrumb","itemListElement":[{"@type":"ListItem","position":1,"name":"Portada","item":"https:\/\/www.aie.es\/en\/"},{"@type":"ListItem","position":2,"name":"Adi\u00f3s a Gonzalo Mu\u00f1oz, &#8216;Salo&#8217;"}]},{"@type":"WebSite","@id":"https:\/\/www.aie.es\/#website","url":"https:\/\/www.aie.es\/","name":"AIE Sociedad de Artistas Int\u00e9rpretes o Ejecutantes de Espa\u00f1a","description":"Entidad de gesti\u00f3n de derechos de propiedad intelectual","potentialAction":[{"@type":"SearchAction","target":{"@type":"EntryPoint","urlTemplate":"https:\/\/www.aie.es\/?s={search_term_string}"},"query-input":"required name=search_term_string"}],"inLanguage":"en-US"},{"@type":"Person","@id":"https:\/\/www.aie.es\/#\/schema\/person\/9008ac87bc3b5836f79e2a677dace4d5","name":"GGCOM","image":{"@type":"ImageObject","inLanguage":"en-US","@id":"https:\/\/www.aie.es\/#\/schema\/person\/image\/","url":"https:\/\/secure.gravatar.com\/avatar\/b4ed17baa0f661a7cbe0494fbec9b888?s=96&d=mm&r=g","contentUrl":"https:\/\/secure.gravatar.com\/avatar\/b4ed17baa0f661a7cbe0494fbec9b888?s=96&d=mm&r=g","caption":"GGCOM"},"url":"https:\/\/www.aie.es\/en\/author\/cgarriga\/"}]}},"_links":{"self":[{"href":"https:\/\/www.aie.es\/en\/wp-json\/wp\/v2\/posts\/36236"}],"collection":[{"href":"https:\/\/www.aie.es\/en\/wp-json\/wp\/v2\/posts"}],"about":[{"href":"https:\/\/www.aie.es\/en\/wp-json\/wp\/v2\/types\/post"}],"author":[{"embeddable":true,"href":"https:\/\/www.aie.es\/en\/wp-json\/wp\/v2\/users\/3"}],"replies":[{"embeddable":true,"href":"https:\/\/www.aie.es\/en\/wp-json\/wp\/v2\/comments?post=36236"}],"version-history":[{"count":0,"href":"https:\/\/www.aie.es\/en\/wp-json\/wp\/v2\/posts\/36236\/revisions"}],"wp:featuredmedia":[{"embeddable":true,"href":"https:\/\/www.aie.es\/en\/wp-json\/wp\/v2\/media\/36229"}],"wp:attachment":[{"href":"https:\/\/www.aie.es\/en\/wp-json\/wp\/v2\/media?parent=36236"}],"wp:term":[{"taxonomy":"category","embeddable":true,"href":"https:\/\/www.aie.es\/en\/wp-json\/wp\/v2\/categories?post=36236"},{"taxonomy":"post_tag","embeddable":true,"href":"https:\/\/www.aie.es\/en\/wp-json\/wp\/v2\/tags?post=36236"}],"curies":[{"name":"wp","href":"https:\/\/api.w.org\/{rel}","templated":true}]}}