{"id":36512,"date":"2021-07-29T02:17:11","date_gmt":"2021-07-29T00:17:11","guid":{"rendered":"https:\/\/www.aie.es\/adios-a-carmelo-martinez-cantante-de-la-decada-prodigiosa\/"},"modified":"2021-07-29T02:17:11","modified_gmt":"2021-07-29T00:17:11","slug":"adios-a-carmelo-martinez-cantante-de-la-decada-prodigiosa","status":"publish","type":"post","link":"https:\/\/www.aie.es\/en\/adios-a-carmelo-martinez-cantante-de-la-decada-prodigiosa\/","title":{"rendered":"Adi\u00f3s a Carmelo Mart\u00ednez, cantante de La D\u00e9cada Prodigiosa"},"content":{"rendered":"<p>Cantante, autor y <strong>productor musical\u00a0<\/strong>que ha grabado discos para otros artistas, Mart\u00ednez llevaba algo m\u00e1s de tres d\u00e9cadas en activo en el panorama musical desde que formase parte de La D\u00e9cada Prodigiosa, subi\u00e9ndose al escenario del\u00a0<a href=\"https:\/\/www.youtube.com\/watch?v=vl4OK6LLkY8\" target=\"_blank\" rel=\"nofollow noopener\">Festival de Eurovisi\u00f3n en 1988<\/a>, edici\u00f3n que se celebr\u00f3 en Dubl\u00edn (Irlanda), junto a parte del resto de integrantes del grupo, ya que el l\u00edmite de participantes en escena se ten\u00eda que limitar a seis. Mart\u00ednez se hab\u00eda unido a La D\u00e9cada Prodigiosa dos a\u00f1os despu\u00e9s de que se conformase la formaci\u00f3n inicial de la banda, por lo que estuvo presente en el festival interpretando\u00a0<strong>el tema &#8216;Made in Spain (La chica que yo quiero)&#8217;.<\/strong><\/p>\n<p>Dos d\u00e9cadas despu\u00e9s de su andadura con La D\u00e9cada Prodigiosa, Mart\u00ednez fund\u00f3 <a href=\"https:\/\/c4ba1e68-8b61-4a5b-b774-52cdc63adbed.filesusr.com\/ugd\/711a1e_6ee13d9897ec4537a0bc28b0597fd746.pdf\" target=\"_blank\" rel=\"nofollow noopener\">El Guateque de La D\u00e9cada<\/a> para revivir tambi\u00e9n de manera personal el proyecto musical en el que estuvo involucrado. En mayo de 2020, en pleno confinamiento domiciliario en Espa\u00f1a por la pandemia del coronavirus SARS-CoV-2, la formaci\u00f3n fundada por Carmelo Mart\u00ednez <strong>lanz\u00f3 la canci\u00f3n &#8216;Dale a la vida&#8217;\u00a0<\/strong>para dar \u00e1nimo y esperanza a todos aquellos que estuvieran sufriendo.<\/p>\n<p>A lo largo de las \u00faltimas d\u00e9cadas, el concepto original con el que naci\u00f3 La D\u00e9cada Prodigiosa, bajo la premisa de versionar grandes \u00e9xitos, se ha intentado mantener vivo con\u00a0<strong>una formaci\u00f3n que contin\u00faa en activo<\/strong> con distintos miembros y ya lleva &#8220;m\u00e1s de cinco millones de discos vendidos en su carrera tras 36 a\u00f1os cargados de \u00e9xitos, giras multitudinarias, premios y el reconocimiento del p\u00fablico espa\u00f1ol&#8221;, explican desde el sitio web del actual grupo, que en este 2021 se ha propuesto continuar &#8220;cosechando \u00e9xitos en cada rinc\u00f3n de Espa\u00f1a&#8221; con un espect\u00e1culo conducido por el periodista Jos\u00e9 Manuel Parada.<\/p>\n","protected":false},"excerpt":{"rendered":"<p>La Sociedad de Artistas AIE expresa sus condolencias a familiares, amigos y dem\u00e1s allegados de su socio Carmelo Mart\u00ednez, cantante de La D\u00e9cada Prodigiosa y l\u00edder de El Guateque de la d\u00e9cada, que ha fallecido este jueves a los 64 a\u00f1os de edad.<\/p>\n","protected":false},"author":3,"featured_media":36387,"comment_status":"open","ping_status":"open","sticky":false,"template":"","format":"standard","meta":{"_acf_changed":false,"_relevanssi_hide_post":"","_relevanssi_hide_content":"","_relevanssi_pin_for_all":"","_relevanssi_pin_keywords":"","_relevanssi_unpin_keywords":"","_relevanssi_related_keywords":"","_relevanssi_related_include_ids":"","_relevanssi_related_exclude_ids":"","_relevanssi_related_no_append":"","_relevanssi_related_not_related":"","_relevanssi_related_posts":"","_relevanssi_noindex_reason":"","footnotes":""},"categories":[318],"tags":[],"acf":[],"yoast_head":"<!-- This site is optimized with the Yoast SEO Premium plugin v21.5 (Yoast SEO v21.9.1) - https:\/\/yoast.com\/wordpress\/plugins\/seo\/ -->\n<title>Adi\u00f3s a Carmelo Mart\u00ednez, cantante de La D\u00e9cada Prodigiosa - AIE Sociedad de Artistas Int\u00e9rpretes o Ejecutantes de Espa\u00f1a<\/title>\n<meta name=\"robots\" content=\"index, follow, max-snippet:-1, max-image-preview:large, max-video-preview:-1\" \/>\n<link rel=\"canonical\" href=\"https:\/\/www.aie.es\/en\/adios-a-carmelo-martinez-cantante-de-la-decada-prodigiosa\/\" \/>\n<meta property=\"og:locale\" content=\"en_US\" \/>\n<meta property=\"og:type\" content=\"article\" \/>\n<meta property=\"og:title\" content=\"Adi\u00f3s a Carmelo Mart\u00ednez, cantante de La D\u00e9cada Prodigiosa\" \/>\n<meta property=\"og:description\" content=\"La Sociedad de Artistas AIE expresa sus condolencias a familiares, amigos y dem\u00e1s allegados de su socio Carmelo Mart\u00ednez, cantante de La D\u00e9cada Prodigiosa y l\u00edder de El Guateque de la d\u00e9cada, que ha fallecido este jueves a los 64 a\u00f1os de edad.\" \/>\n<meta property=\"og:url\" content=\"https:\/\/www.aie.es\/en\/adios-a-carmelo-martinez-cantante-de-la-decada-prodigiosa\/\" \/>\n<meta property=\"og:site_name\" content=\"AIE Sociedad de Artistas Int\u00e9rpretes o Ejecutantes de Espa\u00f1a\" \/>\n<meta property=\"article:published_time\" content=\"2021-07-29T00:17:11+00:00\" \/>\n<meta property=\"og:image\" content=\"https:\/\/www.aie.es\/wp-content\/uploads\/carmelo-carr.jpg\" \/>\n\t<meta property=\"og:image:width\" content=\"350\" \/>\n\t<meta property=\"og:image:height\" content=\"210\" \/>\n\t<meta property=\"og:image:type\" content=\"image\/jpeg\" \/>\n<meta name=\"author\" content=\"GGCOM\" \/>\n<meta name=\"twitter:card\" content=\"summary_large_image\" \/>\n<meta name=\"twitter:label1\" content=\"Written by\" \/>\n\t<meta name=\"twitter:data1\" content=\"GGCOM\" \/>\n\t<meta name=\"twitter:label2\" content=\"Est. reading time\" \/>\n\t<meta name=\"twitter:data2\" content=\"2 minutes\" \/>\n<script type=\"application\/ld+json\" class=\"yoast-schema-graph\">{\"@context\":\"https:\/\/schema.org\",\"@graph\":[{\"@type\":\"WebPage\",\"@id\":\"https:\/\/www.aie.es\/en\/adios-a-carmelo-martinez-cantante-de-la-decada-prodigiosa\/\",\"url\":\"https:\/\/www.aie.es\/en\/adios-a-carmelo-martinez-cantante-de-la-decada-prodigiosa\/\",\"name\":\"Adi\u00f3s a Carmelo Mart\u00ednez, cantante de La D\u00e9cada Prodigiosa - AIE Sociedad de Artistas Int\u00e9rpretes o Ejecutantes de Espa\u00f1a\",\"isPartOf\":{\"@id\":\"https:\/\/www.aie.es\/#website\"},\"datePublished\":\"2021-07-29T00:17:11+00:00\",\"dateModified\":\"2021-07-29T00:17:11+00:00\",\"author\":{\"@id\":\"https:\/\/www.aie.es\/#\/schema\/person\/9008ac87bc3b5836f79e2a677dace4d5\"},\"breadcrumb\":{\"@id\":\"https:\/\/www.aie.es\/en\/adios-a-carmelo-martinez-cantante-de-la-decada-prodigiosa\/#breadcrumb\"},\"inLanguage\":\"en-US\",\"potentialAction\":[{\"@type\":\"ReadAction\",\"target\":[\"https:\/\/www.aie.es\/en\/adios-a-carmelo-martinez-cantante-de-la-decada-prodigiosa\/\"]}]},{\"@type\":\"BreadcrumbList\",\"@id\":\"https:\/\/www.aie.es\/en\/adios-a-carmelo-martinez-cantante-de-la-decada-prodigiosa\/#breadcrumb\",\"itemListElement\":[{\"@type\":\"ListItem\",\"position\":1,\"name\":\"Portada\",\"item\":\"https:\/\/www.aie.es\/en\/\"},{\"@type\":\"ListItem\",\"position\":2,\"name\":\"Adi\u00f3s a Carmelo Mart\u00ednez, cantante de La D\u00e9cada Prodigiosa\"}]},{\"@type\":\"WebSite\",\"@id\":\"https:\/\/www.aie.es\/#website\",\"url\":\"https:\/\/www.aie.es\/\",\"name\":\"AIE Sociedad de Artistas Int\u00e9rpretes o Ejecutantes de Espa\u00f1a\",\"description\":\"Entidad de gesti\u00f3n de derechos de propiedad intelectual\",\"potentialAction\":[{\"@type\":\"SearchAction\",\"target\":{\"@type\":\"EntryPoint\",\"urlTemplate\":\"https:\/\/www.aie.es\/?s={search_term_string}\"},\"query-input\":\"required name=search_term_string\"}],\"inLanguage\":\"en-US\"},{\"@type\":\"Person\",\"@id\":\"https:\/\/www.aie.es\/#\/schema\/person\/9008ac87bc3b5836f79e2a677dace4d5\",\"name\":\"GGCOM\",\"image\":{\"@type\":\"ImageObject\",\"inLanguage\":\"en-US\",\"@id\":\"https:\/\/www.aie.es\/#\/schema\/person\/image\/\",\"url\":\"https:\/\/secure.gravatar.com\/avatar\/b4ed17baa0f661a7cbe0494fbec9b888?s=96&d=mm&r=g\",\"contentUrl\":\"https:\/\/secure.gravatar.com\/avatar\/b4ed17baa0f661a7cbe0494fbec9b888?s=96&d=mm&r=g\",\"caption\":\"GGCOM\"},\"url\":\"https:\/\/www.aie.es\/en\/author\/cgarriga\/\"}]}<\/script>\n<!-- \/ Yoast SEO Premium plugin. -->","yoast_head_json":{"title":"Adi\u00f3s a Carmelo Mart\u00ednez, cantante de La D\u00e9cada Prodigiosa - AIE Sociedad de Artistas Int\u00e9rpretes o Ejecutantes de Espa\u00f1a","robots":{"index":"index","follow":"follow","max-snippet":"max-snippet:-1","max-image-preview":"max-image-preview:large","max-video-preview":"max-video-preview:-1"},"canonical":"https:\/\/www.aie.es\/en\/adios-a-carmelo-martinez-cantante-de-la-decada-prodigiosa\/","og_locale":"en_US","og_type":"article","og_title":"Adi\u00f3s a Carmelo Mart\u00ednez, cantante de La D\u00e9cada Prodigiosa","og_description":"La Sociedad de Artistas AIE expresa sus condolencias a familiares, amigos y dem\u00e1s allegados de su socio Carmelo Mart\u00ednez, cantante de La D\u00e9cada Prodigiosa y l\u00edder de El Guateque de la d\u00e9cada, que ha fallecido este jueves a los 64 a\u00f1os de edad.","og_url":"https:\/\/www.aie.es\/en\/adios-a-carmelo-martinez-cantante-de-la-decada-prodigiosa\/","og_site_name":"AIE Sociedad de Artistas Int\u00e9rpretes o Ejecutantes de Espa\u00f1a","article_published_time":"2021-07-29T00:17:11+00:00","og_image":[{"width":350,"height":210,"url":"https:\/\/www.aie.es\/wp-content\/uploads\/carmelo-carr.jpg","type":"image\/jpeg"}],"author":"GGCOM","twitter_card":"summary_large_image","twitter_misc":{"Written by":"GGCOM","Est. reading time":"2 minutes"},"schema":{"@context":"https:\/\/schema.org","@graph":[{"@type":"WebPage","@id":"https:\/\/www.aie.es\/en\/adios-a-carmelo-martinez-cantante-de-la-decada-prodigiosa\/","url":"https:\/\/www.aie.es\/en\/adios-a-carmelo-martinez-cantante-de-la-decada-prodigiosa\/","name":"Adi\u00f3s a Carmelo Mart\u00ednez, cantante de La D\u00e9cada Prodigiosa - AIE Sociedad de Artistas Int\u00e9rpretes o Ejecutantes de Espa\u00f1a","isPartOf":{"@id":"https:\/\/www.aie.es\/#website"},"datePublished":"2021-07-29T00:17:11+00:00","dateModified":"2021-07-29T00:17:11+00:00","author":{"@id":"https:\/\/www.aie.es\/#\/schema\/person\/9008ac87bc3b5836f79e2a677dace4d5"},"breadcrumb":{"@id":"https:\/\/www.aie.es\/en\/adios-a-carmelo-martinez-cantante-de-la-decada-prodigiosa\/#breadcrumb"},"inLanguage":"en-US","potentialAction":[{"@type":"ReadAction","target":["https:\/\/www.aie.es\/en\/adios-a-carmelo-martinez-cantante-de-la-decada-prodigiosa\/"]}]},{"@type":"BreadcrumbList","@id":"https:\/\/www.aie.es\/en\/adios-a-carmelo-martinez-cantante-de-la-decada-prodigiosa\/#breadcrumb","itemListElement":[{"@type":"ListItem","position":1,"name":"Portada","item":"https:\/\/www.aie.es\/en\/"},{"@type":"ListItem","position":2,"name":"Adi\u00f3s a Carmelo Mart\u00ednez, cantante de La D\u00e9cada Prodigiosa"}]},{"@type":"WebSite","@id":"https:\/\/www.aie.es\/#website","url":"https:\/\/www.aie.es\/","name":"AIE Sociedad de Artistas Int\u00e9rpretes o Ejecutantes de Espa\u00f1a","description":"Entidad de gesti\u00f3n de derechos de propiedad intelectual","potentialAction":[{"@type":"SearchAction","target":{"@type":"EntryPoint","urlTemplate":"https:\/\/www.aie.es\/?s={search_term_string}"},"query-input":"required name=search_term_string"}],"inLanguage":"en-US"},{"@type":"Person","@id":"https:\/\/www.aie.es\/#\/schema\/person\/9008ac87bc3b5836f79e2a677dace4d5","name":"GGCOM","image":{"@type":"ImageObject","inLanguage":"en-US","@id":"https:\/\/www.aie.es\/#\/schema\/person\/image\/","url":"https:\/\/secure.gravatar.com\/avatar\/b4ed17baa0f661a7cbe0494fbec9b888?s=96&d=mm&r=g","contentUrl":"https:\/\/secure.gravatar.com\/avatar\/b4ed17baa0f661a7cbe0494fbec9b888?s=96&d=mm&r=g","caption":"GGCOM"},"url":"https:\/\/www.aie.es\/en\/author\/cgarriga\/"}]}},"_links":{"self":[{"href":"https:\/\/www.aie.es\/en\/wp-json\/wp\/v2\/posts\/36512"}],"collection":[{"href":"https:\/\/www.aie.es\/en\/wp-json\/wp\/v2\/posts"}],"about":[{"href":"https:\/\/www.aie.es\/en\/wp-json\/wp\/v2\/types\/post"}],"author":[{"embeddable":true,"href":"https:\/\/www.aie.es\/en\/wp-json\/wp\/v2\/users\/3"}],"replies":[{"embeddable":true,"href":"https:\/\/www.aie.es\/en\/wp-json\/wp\/v2\/comments?post=36512"}],"version-history":[{"count":0,"href":"https:\/\/www.aie.es\/en\/wp-json\/wp\/v2\/posts\/36512\/revisions"}],"wp:featuredmedia":[{"embeddable":true,"href":"https:\/\/www.aie.es\/en\/wp-json\/wp\/v2\/media\/36387"}],"wp:attachment":[{"href":"https:\/\/www.aie.es\/en\/wp-json\/wp\/v2\/media?parent=36512"}],"wp:term":[{"taxonomy":"category","embeddable":true,"href":"https:\/\/www.aie.es\/en\/wp-json\/wp\/v2\/categories?post=36512"},{"taxonomy":"post_tag","embeddable":true,"href":"https:\/\/www.aie.es\/en\/wp-json\/wp\/v2\/tags?post=36512"}],"curies":[{"name":"wp","href":"https:\/\/api.w.org\/{rel}","templated":true}]}}