{"id":36551,"date":"2021-07-29T20:51:43","date_gmt":"2021-07-29T18:51:43","guid":{"rendered":"https:\/\/www.aie.es\/anuncio-de-aie-digitalizacion-global-proyecto-0-papel\/"},"modified":"2021-12-02T10:30:11","modified_gmt":"2021-12-02T08:30:11","slug":"anuncio-de-aie-digitalizacion-global-proyecto-0-papel","status":"publish","type":"post","link":"https:\/\/www.aie.es\/en\/anuncio-de-aie-digitalizacion-global-proyecto-0-papel\/","title":{"rendered":"ANUNCIO DE AIE: PROYECTO 0 PAPEL"},"content":{"rendered":"<p><img decoding=\"async\" class=\"aligncenter size-full wp-image-36545\" src=\"https:\/\/www.aie.es\/wp-content\/uploads\/Pliego-Digitalizacio\u0301n-0-papel-agosto-2021-FINAL-1.jpg\" alt=\"\" width=\"940\" height=\"1589\" srcset=\"https:\/\/www.aie.es\/wp-content\/uploads\/Pliego-Digitalizacio\u0301n-0-papel-agosto-2021-FINAL-1.jpg 940w, https:\/\/www.aie.es\/wp-content\/uploads\/Pliego-Digitalizacio\u0301n-0-papel-agosto-2021-FINAL-1-177x300.jpg 177w, https:\/\/www.aie.es\/wp-content\/uploads\/Pliego-Digitalizacio\u0301n-0-papel-agosto-2021-FINAL-1-606x1024.jpg 606w, https:\/\/www.aie.es\/wp-content\/uploads\/Pliego-Digitalizacio\u0301n-0-papel-agosto-2021-FINAL-1-768x1298.jpg 768w, https:\/\/www.aie.es\/wp-content\/uploads\/Pliego-Digitalizacio\u0301n-0-papel-agosto-2021-FINAL-1-909x1536.jpg 909w, https:\/\/www.aie.es\/wp-content\/uploads\/Pliego-Digitalizacio\u0301n-0-papel-agosto-2021-FINAL-1-700x1183.jpg 700w\" sizes=\"(max-width: 940px) 100vw, 940px\" \/><\/p>\n<p style=\"text-align: center;\">Consultar o descargar (PDF) el pliego de condiciones <a href=\"https:\/\/www.aie.es\/wp-content\/uploads\/Pliego-Digitalizaci\u00f3n-0-papel-agosto-2021-FINAL.pdf\" target=\"_blank\" rel=\"noopener noreferrer\"><strong>AQU\u00cd<\/strong><\/a><\/p>\n<p>&nbsp;<\/p>\n","protected":false},"excerpt":{"rendered":"<p>PLIEGO DE CONDICIONES QUE REGIR\u00c1N LA CONTRATACI\u00d3N DE UN SERVICIO DE \u201cLA DIGITALIZACI\u00d3N GLOBAL DE LA ENTIDAD \u2013 PROYECTO 0 PAPEL\u201d, COFINANCIADO POR LA UNI\u00d3N EUROPEA \u2013NEXT GENERATION EU EN EL MARCO DEL PLAN DE RECUPERACI\u00d3N, TRANSFORMACI\u00d3N Y RESILIENCIA.<\/p>\n","protected":false},"author":3,"featured_media":36547,"comment_status":"open","ping_status":"open","sticky":false,"template":"","format":"standard","meta":{"_acf_changed":false,"_relevanssi_hide_post":"","_relevanssi_hide_content":"","_relevanssi_pin_for_all":"","_relevanssi_pin_keywords":"","_relevanssi_unpin_keywords":"","_relevanssi_related_keywords":"","_relevanssi_related_include_ids":"","_relevanssi_related_exclude_ids":"","_relevanssi_related_no_append":"","_relevanssi_related_not_related":"","_relevanssi_related_posts":"","_relevanssi_noindex_reason":"","footnotes":""},"categories":[318],"tags":[],"acf":[],"yoast_head":"<!-- This site is optimized with the Yoast SEO Premium plugin v21.5 (Yoast SEO v21.9.1) - https:\/\/yoast.com\/wordpress\/plugins\/seo\/ -->\n<title>ANUNCIO DE AIE: PROYECTO 0 PAPEL - AIE Sociedad de Artistas Int\u00e9rpretes o Ejecutantes de Espa\u00f1a<\/title>\n<meta name=\"robots\" content=\"index, follow, max-snippet:-1, max-image-preview:large, max-video-preview:-1\" \/>\n<link rel=\"canonical\" href=\"https:\/\/www.aie.es\/en\/anuncio-de-aie-digitalizacion-global-proyecto-0-papel\/\" \/>\n<meta property=\"og:locale\" content=\"en_US\" \/>\n<meta property=\"og:type\" content=\"article\" \/>\n<meta property=\"og:title\" content=\"ANUNCIO DE AIE: PROYECTO 0 PAPEL\" \/>\n<meta property=\"og:description\" content=\"PLIEGO DE CONDICIONES QUE REGIR\u00c1N LA CONTRATACI\u00d3N DE UN SERVICIO DE \u201cLA DIGITALIZACI\u00d3N GLOBAL DE LA ENTIDAD \u2013 PROYECTO 0 PAPEL\u201d, COFINANCIADO POR LA UNI\u00d3N EUROPEA \u2013NEXT GENERATION EU EN EL MARCO DEL PLAN DE RECUPERACI\u00d3N, TRANSFORMACI\u00d3N Y RESILIENCIA.\" \/>\n<meta property=\"og:url\" content=\"https:\/\/www.aie.es\/en\/anuncio-de-aie-digitalizacion-global-proyecto-0-papel\/\" \/>\n<meta property=\"og:site_name\" content=\"AIE Sociedad de Artistas Int\u00e9rpretes o Ejecutantes de Espa\u00f1a\" \/>\n<meta property=\"article:published_time\" content=\"2021-07-29T18:51:43+00:00\" \/>\n<meta property=\"article:modified_time\" content=\"2021-12-02T08:30:11+00:00\" \/>\n<meta property=\"og:image\" content=\"https:\/\/www.aie.es\/wp-content\/uploads\/pliego-2-carr.jpg\" \/>\n\t<meta property=\"og:image:width\" content=\"350\" \/>\n\t<meta property=\"og:image:height\" content=\"200\" \/>\n\t<meta property=\"og:image:type\" content=\"image\/jpeg\" \/>\n<meta name=\"author\" content=\"GGCOM\" \/>\n<meta name=\"twitter:card\" content=\"summary_large_image\" \/>\n<meta name=\"twitter:label1\" content=\"Written by\" \/>\n\t<meta name=\"twitter:data1\" content=\"GGCOM\" \/>\n<script type=\"application\/ld+json\" class=\"yoast-schema-graph\">{\"@context\":\"https:\/\/schema.org\",\"@graph\":[{\"@type\":\"WebPage\",\"@id\":\"https:\/\/www.aie.es\/en\/anuncio-de-aie-digitalizacion-global-proyecto-0-papel\/\",\"url\":\"https:\/\/www.aie.es\/en\/anuncio-de-aie-digitalizacion-global-proyecto-0-papel\/\",\"name\":\"ANUNCIO DE AIE: PROYECTO 0 PAPEL - AIE Sociedad de Artistas Int\u00e9rpretes o Ejecutantes de Espa\u00f1a\",\"isPartOf\":{\"@id\":\"https:\/\/www.aie.es\/#website\"},\"datePublished\":\"2021-07-29T18:51:43+00:00\",\"dateModified\":\"2021-12-02T08:30:11+00:00\",\"author\":{\"@id\":\"https:\/\/www.aie.es\/#\/schema\/person\/9008ac87bc3b5836f79e2a677dace4d5\"},\"breadcrumb\":{\"@id\":\"https:\/\/www.aie.es\/en\/anuncio-de-aie-digitalizacion-global-proyecto-0-papel\/#breadcrumb\"},\"inLanguage\":\"en-US\",\"potentialAction\":[{\"@type\":\"ReadAction\",\"target\":[\"https:\/\/www.aie.es\/en\/anuncio-de-aie-digitalizacion-global-proyecto-0-papel\/\"]}]},{\"@type\":\"BreadcrumbList\",\"@id\":\"https:\/\/www.aie.es\/en\/anuncio-de-aie-digitalizacion-global-proyecto-0-papel\/#breadcrumb\",\"itemListElement\":[{\"@type\":\"ListItem\",\"position\":1,\"name\":\"Portada\",\"item\":\"https:\/\/www.aie.es\/en\/\"},{\"@type\":\"ListItem\",\"position\":2,\"name\":\"ANUNCIO DE AIE: PROYECTO 0 PAPEL\"}]},{\"@type\":\"WebSite\",\"@id\":\"https:\/\/www.aie.es\/#website\",\"url\":\"https:\/\/www.aie.es\/\",\"name\":\"AIE Sociedad de Artistas Int\u00e9rpretes o Ejecutantes de Espa\u00f1a\",\"description\":\"Entidad de gesti\u00f3n de derechos de propiedad intelectual\",\"potentialAction\":[{\"@type\":\"SearchAction\",\"target\":{\"@type\":\"EntryPoint\",\"urlTemplate\":\"https:\/\/www.aie.es\/?s={search_term_string}\"},\"query-input\":\"required name=search_term_string\"}],\"inLanguage\":\"en-US\"},{\"@type\":\"Person\",\"@id\":\"https:\/\/www.aie.es\/#\/schema\/person\/9008ac87bc3b5836f79e2a677dace4d5\",\"name\":\"GGCOM\",\"image\":{\"@type\":\"ImageObject\",\"inLanguage\":\"en-US\",\"@id\":\"https:\/\/www.aie.es\/#\/schema\/person\/image\/\",\"url\":\"https:\/\/secure.gravatar.com\/avatar\/b4ed17baa0f661a7cbe0494fbec9b888?s=96&d=mm&r=g\",\"contentUrl\":\"https:\/\/secure.gravatar.com\/avatar\/b4ed17baa0f661a7cbe0494fbec9b888?s=96&d=mm&r=g\",\"caption\":\"GGCOM\"},\"url\":\"https:\/\/www.aie.es\/en\/author\/cgarriga\/\"}]}<\/script>\n<!-- \/ Yoast SEO Premium plugin. -->","yoast_head_json":{"title":"ANUNCIO DE AIE: PROYECTO 0 PAPEL - AIE Sociedad de Artistas Int\u00e9rpretes o Ejecutantes de Espa\u00f1a","robots":{"index":"index","follow":"follow","max-snippet":"max-snippet:-1","max-image-preview":"max-image-preview:large","max-video-preview":"max-video-preview:-1"},"canonical":"https:\/\/www.aie.es\/en\/anuncio-de-aie-digitalizacion-global-proyecto-0-papel\/","og_locale":"en_US","og_type":"article","og_title":"ANUNCIO DE AIE: PROYECTO 0 PAPEL","og_description":"PLIEGO DE CONDICIONES QUE REGIR\u00c1N LA CONTRATACI\u00d3N DE UN SERVICIO DE \u201cLA DIGITALIZACI\u00d3N GLOBAL DE LA ENTIDAD \u2013 PROYECTO 0 PAPEL\u201d, COFINANCIADO POR LA UNI\u00d3N EUROPEA \u2013NEXT GENERATION EU EN EL MARCO DEL PLAN DE RECUPERACI\u00d3N, TRANSFORMACI\u00d3N Y RESILIENCIA.","og_url":"https:\/\/www.aie.es\/en\/anuncio-de-aie-digitalizacion-global-proyecto-0-papel\/","og_site_name":"AIE Sociedad de Artistas Int\u00e9rpretes o Ejecutantes de Espa\u00f1a","article_published_time":"2021-07-29T18:51:43+00:00","article_modified_time":"2021-12-02T08:30:11+00:00","og_image":[{"width":350,"height":200,"url":"https:\/\/www.aie.es\/wp-content\/uploads\/pliego-2-carr.jpg","type":"image\/jpeg"}],"author":"GGCOM","twitter_card":"summary_large_image","twitter_misc":{"Written by":"GGCOM"},"schema":{"@context":"https:\/\/schema.org","@graph":[{"@type":"WebPage","@id":"https:\/\/www.aie.es\/en\/anuncio-de-aie-digitalizacion-global-proyecto-0-papel\/","url":"https:\/\/www.aie.es\/en\/anuncio-de-aie-digitalizacion-global-proyecto-0-papel\/","name":"ANUNCIO DE AIE: PROYECTO 0 PAPEL - AIE Sociedad de Artistas Int\u00e9rpretes o Ejecutantes de Espa\u00f1a","isPartOf":{"@id":"https:\/\/www.aie.es\/#website"},"datePublished":"2021-07-29T18:51:43+00:00","dateModified":"2021-12-02T08:30:11+00:00","author":{"@id":"https:\/\/www.aie.es\/#\/schema\/person\/9008ac87bc3b5836f79e2a677dace4d5"},"breadcrumb":{"@id":"https:\/\/www.aie.es\/en\/anuncio-de-aie-digitalizacion-global-proyecto-0-papel\/#breadcrumb"},"inLanguage":"en-US","potentialAction":[{"@type":"ReadAction","target":["https:\/\/www.aie.es\/en\/anuncio-de-aie-digitalizacion-global-proyecto-0-papel\/"]}]},{"@type":"BreadcrumbList","@id":"https:\/\/www.aie.es\/en\/anuncio-de-aie-digitalizacion-global-proyecto-0-papel\/#breadcrumb","itemListElement":[{"@type":"ListItem","position":1,"name":"Portada","item":"https:\/\/www.aie.es\/en\/"},{"@type":"ListItem","position":2,"name":"ANUNCIO DE AIE: PROYECTO 0 PAPEL"}]},{"@type":"WebSite","@id":"https:\/\/www.aie.es\/#website","url":"https:\/\/www.aie.es\/","name":"AIE Sociedad de Artistas Int\u00e9rpretes o Ejecutantes de Espa\u00f1a","description":"Entidad de gesti\u00f3n de derechos de propiedad intelectual","potentialAction":[{"@type":"SearchAction","target":{"@type":"EntryPoint","urlTemplate":"https:\/\/www.aie.es\/?s={search_term_string}"},"query-input":"required name=search_term_string"}],"inLanguage":"en-US"},{"@type":"Person","@id":"https:\/\/www.aie.es\/#\/schema\/person\/9008ac87bc3b5836f79e2a677dace4d5","name":"GGCOM","image":{"@type":"ImageObject","inLanguage":"en-US","@id":"https:\/\/www.aie.es\/#\/schema\/person\/image\/","url":"https:\/\/secure.gravatar.com\/avatar\/b4ed17baa0f661a7cbe0494fbec9b888?s=96&d=mm&r=g","contentUrl":"https:\/\/secure.gravatar.com\/avatar\/b4ed17baa0f661a7cbe0494fbec9b888?s=96&d=mm&r=g","caption":"GGCOM"},"url":"https:\/\/www.aie.es\/en\/author\/cgarriga\/"}]}},"_links":{"self":[{"href":"https:\/\/www.aie.es\/en\/wp-json\/wp\/v2\/posts\/36551"}],"collection":[{"href":"https:\/\/www.aie.es\/en\/wp-json\/wp\/v2\/posts"}],"about":[{"href":"https:\/\/www.aie.es\/en\/wp-json\/wp\/v2\/types\/post"}],"author":[{"embeddable":true,"href":"https:\/\/www.aie.es\/en\/wp-json\/wp\/v2\/users\/3"}],"replies":[{"embeddable":true,"href":"https:\/\/www.aie.es\/en\/wp-json\/wp\/v2\/comments?post=36551"}],"version-history":[{"count":2,"href":"https:\/\/www.aie.es\/en\/wp-json\/wp\/v2\/posts\/36551\/revisions"}],"predecessor-version":[{"id":38112,"href":"https:\/\/www.aie.es\/en\/wp-json\/wp\/v2\/posts\/36551\/revisions\/38112"}],"wp:featuredmedia":[{"embeddable":true,"href":"https:\/\/www.aie.es\/en\/wp-json\/wp\/v2\/media\/36547"}],"wp:attachment":[{"href":"https:\/\/www.aie.es\/en\/wp-json\/wp\/v2\/media?parent=36551"}],"wp:term":[{"taxonomy":"category","embeddable":true,"href":"https:\/\/www.aie.es\/en\/wp-json\/wp\/v2\/categories?post=36551"},{"taxonomy":"post_tag","embeddable":true,"href":"https:\/\/www.aie.es\/en\/wp-json\/wp\/v2\/tags?post=36551"}],"curies":[{"name":"wp","href":"https:\/\/api.w.org\/{rel}","templated":true}]}}