{"id":36698,"date":"2021-08-24T18:24:11","date_gmt":"2021-08-24T16:24:11","guid":{"rendered":"https:\/\/www.aie.es\/luis-cobos-presidente-de-aie-participa-en-la-reunion-del-ministro-de-cultura-con-los-presidentes-de-las-entidades-de-gestion\/"},"modified":"2021-10-14T21:11:50","modified_gmt":"2021-10-14T19:11:50","slug":"luis-cobos-presidente-de-aie-participa-en-la-reunion-del-ministro-de-cultura-con-los-presidentes-de-las-entidades-de-gestion","status":"publish","type":"post","link":"https:\/\/www.aie.es\/en\/luis-cobos-presidente-de-aie-participa-en-la-reunion-del-ministro-de-cultura-con-los-presidentes-de-las-entidades-de-gestion\/","title":{"rendered":"LUIS COBOS, PRESIDENTE DE AIE, PARTICIPA EN LA REUNI\u00d3N DEL MINISTRO DE CULTURA CON LOS PRESIDENTES DE LAS ENTIDADES DE GESTI\u00d3N"},"content":{"rendered":"<p><img decoding=\"async\" class=\"aligncenter size-full wp-image-36690\" src=\"https:\/\/www.aie.es\/wp-content\/uploads\/El-Ministro-Iceta-se-reune-con-las-Entidades-de-Gestion.jpg\" alt=\"\" width=\"940\" height=\"731\" srcset=\"https:\/\/www.aie.es\/wp-content\/uploads\/El-Ministro-Iceta-se-reune-con-las-Entidades-de-Gestion.jpg 940w, https:\/\/www.aie.es\/wp-content\/uploads\/El-Ministro-Iceta-se-reune-con-las-Entidades-de-Gestion-300x233.jpg 300w, https:\/\/www.aie.es\/wp-content\/uploads\/El-Ministro-Iceta-se-reune-con-las-Entidades-de-Gestion-768x597.jpg 768w, https:\/\/www.aie.es\/wp-content\/uploads\/El-Ministro-Iceta-se-reune-con-las-Entidades-de-Gestion-700x544.jpg 700w\" sizes=\"(max-width: 940px) 100vw, 940px\" \/><\/p>\n<p>En la reuni\u00f3n, los presidentes de las Entidades de Gesti\u00f3n manifestaron al ministro su preocupaci\u00f3n por el retraso de algunos temas pendientes de aplicaci\u00f3n legal por m\u00e1s de dos a\u00f1os. Esto est\u00e1 produciendo un grave perjuicio a los artistas, autores, productores y editores. Requiere soluci\u00f3n inmediata. As\u00ed mismo detallaron los objetivos y actividades de las entidades de gesti\u00f3n y la necesidad de establecer una comunicaci\u00f3n fluida y pr\u00e1ctica con el ministerio para solucionar los problemas que aquejan a la gesti\u00f3n colectiva y su desarrollo. Tambi\u00e9n le manifestaron la necesidad de adecuar las tarifas de remuneraci\u00f3n por copia privada a la media europea. En este momento Espa\u00f1a se encuentra a la cola de los pa\u00edses europeos en cuanto a sus niveles de recaudaci\u00f3n. Los presidentes ofrecieron al ministro plena colaboraci\u00f3n para concretar y ejecutar los asuntos urgentes, pendientes y futuros. El ministro se comprometi\u00f3 a impulsar la transposici\u00f3n de las directivas, con fechas precisas, y a promover la protecci\u00f3n de la propiedad intelectual como elemento necesario y vital para la comunidad creativa.<\/p>\n<p>En palabras de Luis Cobos:<br \/>\n\u201cEsta reuni\u00f3n ha sido muy positiva. Tenemos un ministro que se responsabiliza y asume los asuntos de sus predecesores y propone fechas y soluciones. La comunidad creativa necesita gestores ministeriales que acepten y asuman la realidad y propongan soluciones. Confiamos en Iceta para paliar algunos graves defectos del pasado y encarar el futuro con transparencia, decisi\u00f3n y resultados positivos para los artistas y nuestros compa\u00f1eros de viaje.\u201d<\/p>\n<p>El ministro se mostr\u00f3 informado y favorable a solucionar problemas y asuntos pendientes, marcando fechas para los mismos.<br \/>\nEl ambiente fue distendido, amable, t\u00e9cnico y preciso.<\/p>\n","protected":false},"excerpt":{"rendered":"<p>El ministro de Cultura y Deporte, Miquel Iceta, ha mantenido el 24 de agosto un encuentro con entidades de gesti\u00f3n de derechos de propiedad intelectual, al que ha asistido Luis Cobos, presidente de AIE. El ministro expres\u00f3 su compromiso con la protecci\u00f3n de los derechos de propiedad intelectual y declar\u00f3 que dar\u00e1 un gran impulso a la tramitaci\u00f3n de la transposici\u00f3n de la Directiva de Derechos de Autor en el Mercado \u00danico Digital.<\/p>\n","protected":false},"author":3,"featured_media":36693,"comment_status":"open","ping_status":"open","sticky":false,"template":"","format":"standard","meta":{"_acf_changed":false,"_relevanssi_hide_post":"","_relevanssi_hide_content":"","_relevanssi_pin_for_all":"","_relevanssi_pin_keywords":"","_relevanssi_unpin_keywords":"","_relevanssi_related_keywords":"","_relevanssi_related_include_ids":"","_relevanssi_related_exclude_ids":"","_relevanssi_related_no_append":"","_relevanssi_related_not_related":"","_relevanssi_related_posts":"","_relevanssi_noindex_reason":"","footnotes":""},"categories":[325],"tags":[],"acf":[],"yoast_head":"<!-- This site is optimized with the Yoast SEO Premium plugin v21.5 (Yoast SEO v21.9.1) - https:\/\/yoast.com\/wordpress\/plugins\/seo\/ -->\n<title>LUIS COBOS, PRESIDENTE DE AIE, PARTICIPA EN LA REUNI\u00d3N DEL MINISTRO DE CULTURA CON LOS PRESIDENTES DE LAS ENTIDADES DE GESTI\u00d3N - AIE Sociedad de Artistas Int\u00e9rpretes o Ejecutantes de Espa\u00f1a<\/title>\n<meta name=\"robots\" content=\"index, follow, max-snippet:-1, max-image-preview:large, max-video-preview:-1\" \/>\n<link rel=\"canonical\" href=\"https:\/\/www.aie.es\/en\/luis-cobos-presidente-de-aie-participa-en-la-reunion-del-ministro-de-cultura-con-los-presidentes-de-las-entidades-de-gestion\/\" \/>\n<meta property=\"og:locale\" content=\"en_US\" \/>\n<meta property=\"og:type\" content=\"article\" \/>\n<meta property=\"og:title\" content=\"LUIS COBOS, PRESIDENTE DE AIE, PARTICIPA EN LA REUNI\u00d3N DEL MINISTRO DE CULTURA CON LOS PRESIDENTES DE LAS ENTIDADES DE GESTI\u00d3N\" \/>\n<meta property=\"og:description\" content=\"El ministro de Cultura y Deporte, Miquel Iceta, ha mantenido el 24 de agosto un encuentro con entidades de gesti\u00f3n de derechos de propiedad intelectual, al que ha asistido Luis Cobos, presidente de AIE. El ministro expres\u00f3 su compromiso con la protecci\u00f3n de los derechos de propiedad intelectual y declar\u00f3 que dar\u00e1 un gran impulso a la tramitaci\u00f3n de la transposici\u00f3n de la Directiva de Derechos de Autor en el Mercado \u00danico Digital.\" \/>\n<meta property=\"og:url\" content=\"https:\/\/www.aie.es\/en\/luis-cobos-presidente-de-aie-participa-en-la-reunion-del-ministro-de-cultura-con-los-presidentes-de-las-entidades-de-gestion\/\" \/>\n<meta property=\"og:site_name\" content=\"AIE Sociedad de Artistas Int\u00e9rpretes o Ejecutantes de Espa\u00f1a\" \/>\n<meta property=\"article:published_time\" content=\"2021-08-24T16:24:11+00:00\" \/>\n<meta property=\"article:modified_time\" content=\"2021-10-14T19:11:50+00:00\" \/>\n<meta property=\"og:image\" content=\"https:\/\/www.aie.es\/wp-content\/uploads\/Noticia-reunion-port.jpg\" \/>\n\t<meta property=\"og:image:width\" content=\"737\" \/>\n\t<meta property=\"og:image:height\" content=\"479\" \/>\n\t<meta property=\"og:image:type\" content=\"image\/jpeg\" \/>\n<meta name=\"author\" content=\"GGCOM\" \/>\n<meta name=\"twitter:card\" content=\"summary_large_image\" \/>\n<meta name=\"twitter:label1\" content=\"Written by\" \/>\n\t<meta name=\"twitter:data1\" content=\"GGCOM\" \/>\n\t<meta name=\"twitter:label2\" content=\"Est. reading time\" \/>\n\t<meta name=\"twitter:data2\" content=\"1 minute\" \/>\n<script type=\"application\/ld+json\" class=\"yoast-schema-graph\">{\"@context\":\"https:\/\/schema.org\",\"@graph\":[{\"@type\":\"WebPage\",\"@id\":\"https:\/\/www.aie.es\/en\/luis-cobos-presidente-de-aie-participa-en-la-reunion-del-ministro-de-cultura-con-los-presidentes-de-las-entidades-de-gestion\/\",\"url\":\"https:\/\/www.aie.es\/en\/luis-cobos-presidente-de-aie-participa-en-la-reunion-del-ministro-de-cultura-con-los-presidentes-de-las-entidades-de-gestion\/\",\"name\":\"LUIS COBOS, PRESIDENTE DE AIE, PARTICIPA EN LA REUNI\u00d3N DEL MINISTRO DE CULTURA CON LOS PRESIDENTES DE LAS ENTIDADES DE GESTI\u00d3N - AIE Sociedad de Artistas Int\u00e9rpretes o Ejecutantes de Espa\u00f1a\",\"isPartOf\":{\"@id\":\"https:\/\/www.aie.es\/#website\"},\"datePublished\":\"2021-08-24T16:24:11+00:00\",\"dateModified\":\"2021-10-14T19:11:50+00:00\",\"author\":{\"@id\":\"https:\/\/www.aie.es\/#\/schema\/person\/9008ac87bc3b5836f79e2a677dace4d5\"},\"breadcrumb\":{\"@id\":\"https:\/\/www.aie.es\/en\/luis-cobos-presidente-de-aie-participa-en-la-reunion-del-ministro-de-cultura-con-los-presidentes-de-las-entidades-de-gestion\/#breadcrumb\"},\"inLanguage\":\"en-US\",\"potentialAction\":[{\"@type\":\"ReadAction\",\"target\":[\"https:\/\/www.aie.es\/en\/luis-cobos-presidente-de-aie-participa-en-la-reunion-del-ministro-de-cultura-con-los-presidentes-de-las-entidades-de-gestion\/\"]}]},{\"@type\":\"BreadcrumbList\",\"@id\":\"https:\/\/www.aie.es\/en\/luis-cobos-presidente-de-aie-participa-en-la-reunion-del-ministro-de-cultura-con-los-presidentes-de-las-entidades-de-gestion\/#breadcrumb\",\"itemListElement\":[{\"@type\":\"ListItem\",\"position\":1,\"name\":\"Portada\",\"item\":\"https:\/\/www.aie.es\/en\/\"},{\"@type\":\"ListItem\",\"position\":2,\"name\":\"LUIS COBOS, PRESIDENTE DE AIE, PARTICIPA EN LA REUNI\u00d3N DEL MINISTRO DE CULTURA CON LOS PRESIDENTES DE LAS ENTIDADES DE GESTI\u00d3N\"}]},{\"@type\":\"WebSite\",\"@id\":\"https:\/\/www.aie.es\/#website\",\"url\":\"https:\/\/www.aie.es\/\",\"name\":\"AIE Sociedad de Artistas Int\u00e9rpretes o Ejecutantes de Espa\u00f1a\",\"description\":\"Entidad de gesti\u00f3n de derechos de propiedad intelectual\",\"potentialAction\":[{\"@type\":\"SearchAction\",\"target\":{\"@type\":\"EntryPoint\",\"urlTemplate\":\"https:\/\/www.aie.es\/?s={search_term_string}\"},\"query-input\":\"required name=search_term_string\"}],\"inLanguage\":\"en-US\"},{\"@type\":\"Person\",\"@id\":\"https:\/\/www.aie.es\/#\/schema\/person\/9008ac87bc3b5836f79e2a677dace4d5\",\"name\":\"GGCOM\",\"image\":{\"@type\":\"ImageObject\",\"inLanguage\":\"en-US\",\"@id\":\"https:\/\/www.aie.es\/#\/schema\/person\/image\/\",\"url\":\"https:\/\/secure.gravatar.com\/avatar\/b4ed17baa0f661a7cbe0494fbec9b888?s=96&d=mm&r=g\",\"contentUrl\":\"https:\/\/secure.gravatar.com\/avatar\/b4ed17baa0f661a7cbe0494fbec9b888?s=96&d=mm&r=g\",\"caption\":\"GGCOM\"},\"url\":\"https:\/\/www.aie.es\/en\/author\/cgarriga\/\"}]}<\/script>\n<!-- \/ Yoast SEO Premium plugin. -->","yoast_head_json":{"title":"LUIS COBOS, PRESIDENTE DE AIE, PARTICIPA EN LA REUNI\u00d3N DEL MINISTRO DE CULTURA CON LOS PRESIDENTES DE LAS ENTIDADES DE GESTI\u00d3N - AIE Sociedad de Artistas Int\u00e9rpretes o Ejecutantes de Espa\u00f1a","robots":{"index":"index","follow":"follow","max-snippet":"max-snippet:-1","max-image-preview":"max-image-preview:large","max-video-preview":"max-video-preview:-1"},"canonical":"https:\/\/www.aie.es\/en\/luis-cobos-presidente-de-aie-participa-en-la-reunion-del-ministro-de-cultura-con-los-presidentes-de-las-entidades-de-gestion\/","og_locale":"en_US","og_type":"article","og_title":"LUIS COBOS, PRESIDENTE DE AIE, PARTICIPA EN LA REUNI\u00d3N DEL MINISTRO DE CULTURA CON LOS PRESIDENTES DE LAS ENTIDADES DE GESTI\u00d3N","og_description":"El ministro de Cultura y Deporte, Miquel Iceta, ha mantenido el 24 de agosto un encuentro con entidades de gesti\u00f3n de derechos de propiedad intelectual, al que ha asistido Luis Cobos, presidente de AIE. El ministro expres\u00f3 su compromiso con la protecci\u00f3n de los derechos de propiedad intelectual y declar\u00f3 que dar\u00e1 un gran impulso a la tramitaci\u00f3n de la transposici\u00f3n de la Directiva de Derechos de Autor en el Mercado \u00danico Digital.","og_url":"https:\/\/www.aie.es\/en\/luis-cobos-presidente-de-aie-participa-en-la-reunion-del-ministro-de-cultura-con-los-presidentes-de-las-entidades-de-gestion\/","og_site_name":"AIE Sociedad de Artistas Int\u00e9rpretes o Ejecutantes de Espa\u00f1a","article_published_time":"2021-08-24T16:24:11+00:00","article_modified_time":"2021-10-14T19:11:50+00:00","og_image":[{"width":737,"height":479,"url":"https:\/\/www.aie.es\/wp-content\/uploads\/Noticia-reunion-port.jpg","type":"image\/jpeg"}],"author":"GGCOM","twitter_card":"summary_large_image","twitter_misc":{"Written by":"GGCOM","Est. reading time":"1 minute"},"schema":{"@context":"https:\/\/schema.org","@graph":[{"@type":"WebPage","@id":"https:\/\/www.aie.es\/en\/luis-cobos-presidente-de-aie-participa-en-la-reunion-del-ministro-de-cultura-con-los-presidentes-de-las-entidades-de-gestion\/","url":"https:\/\/www.aie.es\/en\/luis-cobos-presidente-de-aie-participa-en-la-reunion-del-ministro-de-cultura-con-los-presidentes-de-las-entidades-de-gestion\/","name":"LUIS COBOS, PRESIDENTE DE AIE, PARTICIPA EN LA REUNI\u00d3N DEL MINISTRO DE CULTURA CON LOS PRESIDENTES DE LAS ENTIDADES DE GESTI\u00d3N - AIE Sociedad de Artistas Int\u00e9rpretes o Ejecutantes de Espa\u00f1a","isPartOf":{"@id":"https:\/\/www.aie.es\/#website"},"datePublished":"2021-08-24T16:24:11+00:00","dateModified":"2021-10-14T19:11:50+00:00","author":{"@id":"https:\/\/www.aie.es\/#\/schema\/person\/9008ac87bc3b5836f79e2a677dace4d5"},"breadcrumb":{"@id":"https:\/\/www.aie.es\/en\/luis-cobos-presidente-de-aie-participa-en-la-reunion-del-ministro-de-cultura-con-los-presidentes-de-las-entidades-de-gestion\/#breadcrumb"},"inLanguage":"en-US","potentialAction":[{"@type":"ReadAction","target":["https:\/\/www.aie.es\/en\/luis-cobos-presidente-de-aie-participa-en-la-reunion-del-ministro-de-cultura-con-los-presidentes-de-las-entidades-de-gestion\/"]}]},{"@type":"BreadcrumbList","@id":"https:\/\/www.aie.es\/en\/luis-cobos-presidente-de-aie-participa-en-la-reunion-del-ministro-de-cultura-con-los-presidentes-de-las-entidades-de-gestion\/#breadcrumb","itemListElement":[{"@type":"ListItem","position":1,"name":"Portada","item":"https:\/\/www.aie.es\/en\/"},{"@type":"ListItem","position":2,"name":"LUIS COBOS, PRESIDENTE DE AIE, PARTICIPA EN LA REUNI\u00d3N DEL MINISTRO DE CULTURA CON LOS PRESIDENTES DE LAS ENTIDADES DE GESTI\u00d3N"}]},{"@type":"WebSite","@id":"https:\/\/www.aie.es\/#website","url":"https:\/\/www.aie.es\/","name":"AIE Sociedad de Artistas Int\u00e9rpretes o Ejecutantes de Espa\u00f1a","description":"Entidad de gesti\u00f3n de derechos de propiedad intelectual","potentialAction":[{"@type":"SearchAction","target":{"@type":"EntryPoint","urlTemplate":"https:\/\/www.aie.es\/?s={search_term_string}"},"query-input":"required name=search_term_string"}],"inLanguage":"en-US"},{"@type":"Person","@id":"https:\/\/www.aie.es\/#\/schema\/person\/9008ac87bc3b5836f79e2a677dace4d5","name":"GGCOM","image":{"@type":"ImageObject","inLanguage":"en-US","@id":"https:\/\/www.aie.es\/#\/schema\/person\/image\/","url":"https:\/\/secure.gravatar.com\/avatar\/b4ed17baa0f661a7cbe0494fbec9b888?s=96&d=mm&r=g","contentUrl":"https:\/\/secure.gravatar.com\/avatar\/b4ed17baa0f661a7cbe0494fbec9b888?s=96&d=mm&r=g","caption":"GGCOM"},"url":"https:\/\/www.aie.es\/en\/author\/cgarriga\/"}]}},"_links":{"self":[{"href":"https:\/\/www.aie.es\/en\/wp-json\/wp\/v2\/posts\/36698"}],"collection":[{"href":"https:\/\/www.aie.es\/en\/wp-json\/wp\/v2\/posts"}],"about":[{"href":"https:\/\/www.aie.es\/en\/wp-json\/wp\/v2\/types\/post"}],"author":[{"embeddable":true,"href":"https:\/\/www.aie.es\/en\/wp-json\/wp\/v2\/users\/3"}],"replies":[{"embeddable":true,"href":"https:\/\/www.aie.es\/en\/wp-json\/wp\/v2\/comments?post=36698"}],"version-history":[{"count":2,"href":"https:\/\/www.aie.es\/en\/wp-json\/wp\/v2\/posts\/36698\/revisions"}],"predecessor-version":[{"id":37461,"href":"https:\/\/www.aie.es\/en\/wp-json\/wp\/v2\/posts\/36698\/revisions\/37461"}],"wp:featuredmedia":[{"embeddable":true,"href":"https:\/\/www.aie.es\/en\/wp-json\/wp\/v2\/media\/36693"}],"wp:attachment":[{"href":"https:\/\/www.aie.es\/en\/wp-json\/wp\/v2\/media?parent=36698"}],"wp:term":[{"taxonomy":"category","embeddable":true,"href":"https:\/\/www.aie.es\/en\/wp-json\/wp\/v2\/categories?post=36698"},{"taxonomy":"post_tag","embeddable":true,"href":"https:\/\/www.aie.es\/en\/wp-json\/wp\/v2\/tags?post=36698"}],"curies":[{"name":"wp","href":"https:\/\/api.w.org\/{rel}","templated":true}]}}