{"id":36759,"date":"2021-08-28T23:21:51","date_gmt":"2021-08-28T21:21:51","guid":{"rendered":"https:\/\/www.aie.es\/adios-a-francesc-burrull\/"},"modified":"2022-01-17T19:07:39","modified_gmt":"2022-01-17T17:07:39","slug":"adios-a-francesc-burrull","status":"publish","type":"post","link":"https:\/\/www.aie.es\/en\/adios-a-francesc-burrull\/","title":{"rendered":"Adi\u00f3s a Francesc Burrull"},"content":{"rendered":"<p><img decoding=\"async\" class=\"aligncenter size-full wp-image-36744\" src=\"https:\/\/www.aie.es\/wp-content\/uploads\/FB-int.jpg\" alt=\"\" width=\"940\" height=\"606\" srcset=\"https:\/\/www.aie.es\/wp-content\/uploads\/FB-int.jpg 940w, https:\/\/www.aie.es\/wp-content\/uploads\/FB-int-300x193.jpg 300w, https:\/\/www.aie.es\/wp-content\/uploads\/FB-int-768x495.jpg 768w, https:\/\/www.aie.es\/wp-content\/uploads\/FB-int-700x451.jpg 700w\" sizes=\"(max-width: 940px) 100vw, 940px\" \/><\/p>\n<p><span dir=\"ltr\" role=\"presentation\">Los artistas de la m\u00fasica, compa\u00f1eros, conocidos, colegas y m\u00fasicos todos, sentimos esta gran <\/span><span dir=\"ltr\" role=\"presentation\">p\u00e9rdida\u00a0 porque Francesc Burrul ha sido, es y ser\u00e1 un icono para muchos m\u00fasicos que, como yo, <\/span><span dir=\"ltr\" role=\"presentation\">han tenido la suerte de conocerlo y tratarlo.<\/span><\/p>\n<p><span dir=\"ltr\" role=\"presentation\">Siempre dispuesto a ayudar y participar en lo que fuese necesario, colabor\u00f3 con nuestra querida <\/span><span dir=\"ltr\" role=\"presentation\">Sociedad de Artistas AIE. <\/span><br role=\"presentation\" \/><br role=\"presentation\" \/><span dir=\"ltr\" role=\"presentation\">Francesc ha desarrollado una gran inteligencia musical y afectiva. Ha realizado grabaciones, <\/span><span dir=\"ltr\" role=\"presentation\">como int\u00e9rprete, ejecutante, arreglista y compositor. Y ha participado en multitud de conciertos y <\/span><span dir=\"ltr\" role=\"presentation\">actuaciones variadas.<\/span><br role=\"presentation\" \/><span dir=\"ltr\" role=\"presentation\">Hoy sentimos dolor y pena por perder a uno de los buenos, en todos los sentidos. <\/span><br role=\"presentation\" \/><span dir=\"ltr\" role=\"presentation\">Tuve la fortuna de tocar con \u00e9l en varias ocasiones y disfrutar de su talento, de su impronta <\/span><span dir=\"ltr\" role=\"presentation\">musical y su amistad. Francesc ha sido un crack aunque \u00e9l no se haya concedido a si mismo <\/span><span dir=\"ltr\" role=\"presentation\">la importancia que, como gran artista musical, ha tenido, tiene y tendr\u00e1. Nos deja su talento, su <\/span><span dir=\"ltr\" role=\"presentation\">personalidad amable y elegante, su sentido del humor. Deja un gran vac\u00edo en las personas que <\/span><span dir=\"ltr\" role=\"presentation\">lo hemos tratado. <\/span><\/p>\n<p><span dir=\"ltr\" role=\"presentation\">Disfrut\u00f3 de optimismo creador y sigui\u00f3 activo hasta que le fue posible. Debido a sus dificultades <\/span><span dir=\"ltr\" role=\"presentation\">de visi\u00f3n, Francesc trabaj\u00f3 duro aprendiendo de memoria lo que deb\u00eda tocar para musicar unos <\/span><span dir=\"ltr\" role=\"presentation\">poemas y grabarlos. En varias ocasiones habl\u00e9 con \u00e9l sobre el tema y le anim\u00e9 a hacerlo y seguir&#8230; <\/span><br role=\"presentation\" \/><span dir=\"ltr\" role=\"presentation\">Este ser\u00eda su \u00faltimo disco. <\/span><\/p>\n<p><span dir=\"ltr\" role=\"presentation\">Querido Francesc, desde el tiempo y el presente, tristes y conmovidos por tu muerte, te deseamos <\/span><span dir=\"ltr\" role=\"presentation\">una buena traves\u00eda en tu \u00faltimo viaje.<\/span><br role=\"presentation\" \/><span dir=\"ltr\" role=\"presentation\">Nos dejas tu obra y un gran recuerdo. Ellos luchar\u00e1n contra el olvido y nosotros ayudaremos. Te <\/span><span dir=\"ltr\" role=\"presentation\">enviamos respeto, cari\u00f1o y agradecimiento por haber sido una gran persona y un buen amigo, <\/span><span dir=\"ltr\" role=\"presentation\">compa\u00f1ero y colega.<\/span><\/p>\n<p><span dir=\"ltr\" role=\"presentation\">Desde la tristeza, enviamos tambi\u00e9n nuestro m\u00e1s sentido p\u00e9same a tu familia.<\/span><\/p>\n<p><span dir=\"ltr\" role=\"presentation\">DESCANSE EN PAZ<\/span><\/p>\n<p><strong><span dir=\"ltr\" role=\"presentation\">Luis Cobos<\/span><\/strong> <br role=\"presentation\" \/><span dir=\"ltr\" role=\"presentation\">M\u00fasico y presidente de AIE<\/span><\/p>\n","protected":false},"excerpt":{"rendered":"<p>Los artistas decimos adi\u00f3s a Francesc Burrull, gran m\u00fasico, amigo y hombre bueno. Francesc ha paseado su talento por el mundo, tocando con dignidad y acierto casi todos los palos de la composici\u00f3n, instrumentaci\u00f3n e interpretaci\u00f3n, con calidad, compromiso y gran simpat\u00eda. Estas, adem\u00e1s de otras muchas cualidades, han sido se\u00f1as de identidad de Francesc.<\/p>\n","protected":false},"author":3,"featured_media":36739,"comment_status":"open","ping_status":"open","sticky":false,"template":"","format":"standard","meta":{"_acf_changed":false,"_relevanssi_hide_post":"","_relevanssi_hide_content":"","_relevanssi_pin_for_all":"","_relevanssi_pin_keywords":"","_relevanssi_unpin_keywords":"","_relevanssi_related_keywords":"","_relevanssi_related_include_ids":"","_relevanssi_related_exclude_ids":"","_relevanssi_related_no_append":"","_relevanssi_related_not_related":"","_relevanssi_related_posts":"","_relevanssi_noindex_reason":"","footnotes":""},"categories":[318],"tags":[],"acf":[],"yoast_head":"<!-- This site is optimized with the Yoast SEO Premium plugin v21.5 (Yoast SEO v21.9.1) - https:\/\/yoast.com\/wordpress\/plugins\/seo\/ -->\n<title>Adi\u00f3s a Francesc Burrull - AIE Sociedad de Artistas Int\u00e9rpretes o Ejecutantes de Espa\u00f1a<\/title>\n<meta name=\"robots\" content=\"index, follow, max-snippet:-1, max-image-preview:large, max-video-preview:-1\" \/>\n<link rel=\"canonical\" href=\"https:\/\/www.aie.es\/en\/adios-a-francesc-burrull\/\" \/>\n<meta property=\"og:locale\" content=\"en_US\" \/>\n<meta property=\"og:type\" content=\"article\" \/>\n<meta property=\"og:title\" content=\"Adi\u00f3s a Francesc Burrull\" \/>\n<meta property=\"og:description\" content=\"Los artistas decimos adi\u00f3s a Francesc Burrull, gran m\u00fasico, amigo y hombre bueno. Francesc ha paseado su talento por el mundo, tocando con dignidad y acierto casi todos los palos de la composici\u00f3n, instrumentaci\u00f3n e interpretaci\u00f3n, con calidad, compromiso y gran simpat\u00eda. Estas, adem\u00e1s de otras muchas cualidades, han sido se\u00f1as de identidad de Francesc.\" \/>\n<meta property=\"og:url\" content=\"https:\/\/www.aie.es\/en\/adios-a-francesc-burrull\/\" \/>\n<meta property=\"og:site_name\" content=\"AIE Sociedad de Artistas Int\u00e9rpretes o Ejecutantes de Espa\u00f1a\" \/>\n<meta property=\"article:published_time\" content=\"2021-08-28T21:21:51+00:00\" \/>\n<meta property=\"article:modified_time\" content=\"2022-01-17T17:07:39+00:00\" \/>\n<meta property=\"og:image\" content=\"https:\/\/www.aie.es\/wp-content\/uploads\/homenaje-a-Burrull-int.jpg\" \/>\n\t<meta property=\"og:image:width\" content=\"940\" \/>\n\t<meta property=\"og:image:height\" content=\"570\" \/>\n\t<meta property=\"og:image:type\" content=\"image\/jpeg\" \/>\n<meta name=\"author\" content=\"GGCOM\" \/>\n<meta name=\"twitter:card\" content=\"summary_large_image\" \/>\n<meta name=\"twitter:label1\" content=\"Written by\" \/>\n\t<meta name=\"twitter:data1\" content=\"GGCOM\" \/>\n\t<meta name=\"twitter:label2\" content=\"Est. reading time\" \/>\n\t<meta name=\"twitter:data2\" content=\"2 minutes\" \/>\n<script type=\"application\/ld+json\" class=\"yoast-schema-graph\">{\"@context\":\"https:\/\/schema.org\",\"@graph\":[{\"@type\":\"WebPage\",\"@id\":\"https:\/\/www.aie.es\/en\/adios-a-francesc-burrull\/\",\"url\":\"https:\/\/www.aie.es\/en\/adios-a-francesc-burrull\/\",\"name\":\"Adi\u00f3s a Francesc Burrull - AIE Sociedad de Artistas Int\u00e9rpretes o Ejecutantes de Espa\u00f1a\",\"isPartOf\":{\"@id\":\"https:\/\/www.aie.es\/#website\"},\"datePublished\":\"2021-08-28T21:21:51+00:00\",\"dateModified\":\"2022-01-17T17:07:39+00:00\",\"author\":{\"@id\":\"https:\/\/www.aie.es\/#\/schema\/person\/9008ac87bc3b5836f79e2a677dace4d5\"},\"breadcrumb\":{\"@id\":\"https:\/\/www.aie.es\/en\/adios-a-francesc-burrull\/#breadcrumb\"},\"inLanguage\":\"en-US\",\"potentialAction\":[{\"@type\":\"ReadAction\",\"target\":[\"https:\/\/www.aie.es\/en\/adios-a-francesc-burrull\/\"]}]},{\"@type\":\"BreadcrumbList\",\"@id\":\"https:\/\/www.aie.es\/en\/adios-a-francesc-burrull\/#breadcrumb\",\"itemListElement\":[{\"@type\":\"ListItem\",\"position\":1,\"name\":\"Portada\",\"item\":\"https:\/\/www.aie.es\/en\/\"},{\"@type\":\"ListItem\",\"position\":2,\"name\":\"Adi\u00f3s a Francesc Burrull\"}]},{\"@type\":\"WebSite\",\"@id\":\"https:\/\/www.aie.es\/#website\",\"url\":\"https:\/\/www.aie.es\/\",\"name\":\"AIE Sociedad de Artistas Int\u00e9rpretes o Ejecutantes de Espa\u00f1a\",\"description\":\"Entidad de gesti\u00f3n de derechos de propiedad intelectual\",\"potentialAction\":[{\"@type\":\"SearchAction\",\"target\":{\"@type\":\"EntryPoint\",\"urlTemplate\":\"https:\/\/www.aie.es\/?s={search_term_string}\"},\"query-input\":\"required name=search_term_string\"}],\"inLanguage\":\"en-US\"},{\"@type\":\"Person\",\"@id\":\"https:\/\/www.aie.es\/#\/schema\/person\/9008ac87bc3b5836f79e2a677dace4d5\",\"name\":\"GGCOM\",\"image\":{\"@type\":\"ImageObject\",\"inLanguage\":\"en-US\",\"@id\":\"https:\/\/www.aie.es\/#\/schema\/person\/image\/\",\"url\":\"https:\/\/secure.gravatar.com\/avatar\/b4ed17baa0f661a7cbe0494fbec9b888?s=96&d=mm&r=g\",\"contentUrl\":\"https:\/\/secure.gravatar.com\/avatar\/b4ed17baa0f661a7cbe0494fbec9b888?s=96&d=mm&r=g\",\"caption\":\"GGCOM\"},\"url\":\"https:\/\/www.aie.es\/en\/author\/cgarriga\/\"}]}<\/script>\n<!-- \/ Yoast SEO Premium plugin. -->","yoast_head_json":{"title":"Adi\u00f3s a Francesc Burrull - AIE Sociedad de Artistas Int\u00e9rpretes o Ejecutantes de Espa\u00f1a","robots":{"index":"index","follow":"follow","max-snippet":"max-snippet:-1","max-image-preview":"max-image-preview:large","max-video-preview":"max-video-preview:-1"},"canonical":"https:\/\/www.aie.es\/en\/adios-a-francesc-burrull\/","og_locale":"en_US","og_type":"article","og_title":"Adi\u00f3s a Francesc Burrull","og_description":"Los artistas decimos adi\u00f3s a Francesc Burrull, gran m\u00fasico, amigo y hombre bueno. Francesc ha paseado su talento por el mundo, tocando con dignidad y acierto casi todos los palos de la composici\u00f3n, instrumentaci\u00f3n e interpretaci\u00f3n, con calidad, compromiso y gran simpat\u00eda. Estas, adem\u00e1s de otras muchas cualidades, han sido se\u00f1as de identidad de Francesc.","og_url":"https:\/\/www.aie.es\/en\/adios-a-francesc-burrull\/","og_site_name":"AIE Sociedad de Artistas Int\u00e9rpretes o Ejecutantes de Espa\u00f1a","article_published_time":"2021-08-28T21:21:51+00:00","article_modified_time":"2022-01-17T17:07:39+00:00","og_image":[{"width":940,"height":570,"url":"https:\/\/www.aie.es\/wp-content\/uploads\/homenaje-a-Burrull-int.jpg","type":"image\/jpeg"}],"author":"GGCOM","twitter_card":"summary_large_image","twitter_misc":{"Written by":"GGCOM","Est. reading time":"2 minutes"},"schema":{"@context":"https:\/\/schema.org","@graph":[{"@type":"WebPage","@id":"https:\/\/www.aie.es\/en\/adios-a-francesc-burrull\/","url":"https:\/\/www.aie.es\/en\/adios-a-francesc-burrull\/","name":"Adi\u00f3s a Francesc Burrull - AIE Sociedad de Artistas Int\u00e9rpretes o Ejecutantes de Espa\u00f1a","isPartOf":{"@id":"https:\/\/www.aie.es\/#website"},"datePublished":"2021-08-28T21:21:51+00:00","dateModified":"2022-01-17T17:07:39+00:00","author":{"@id":"https:\/\/www.aie.es\/#\/schema\/person\/9008ac87bc3b5836f79e2a677dace4d5"},"breadcrumb":{"@id":"https:\/\/www.aie.es\/en\/adios-a-francesc-burrull\/#breadcrumb"},"inLanguage":"en-US","potentialAction":[{"@type":"ReadAction","target":["https:\/\/www.aie.es\/en\/adios-a-francesc-burrull\/"]}]},{"@type":"BreadcrumbList","@id":"https:\/\/www.aie.es\/en\/adios-a-francesc-burrull\/#breadcrumb","itemListElement":[{"@type":"ListItem","position":1,"name":"Portada","item":"https:\/\/www.aie.es\/en\/"},{"@type":"ListItem","position":2,"name":"Adi\u00f3s a Francesc Burrull"}]},{"@type":"WebSite","@id":"https:\/\/www.aie.es\/#website","url":"https:\/\/www.aie.es\/","name":"AIE Sociedad de Artistas Int\u00e9rpretes o Ejecutantes de Espa\u00f1a","description":"Entidad de gesti\u00f3n de derechos de propiedad intelectual","potentialAction":[{"@type":"SearchAction","target":{"@type":"EntryPoint","urlTemplate":"https:\/\/www.aie.es\/?s={search_term_string}"},"query-input":"required name=search_term_string"}],"inLanguage":"en-US"},{"@type":"Person","@id":"https:\/\/www.aie.es\/#\/schema\/person\/9008ac87bc3b5836f79e2a677dace4d5","name":"GGCOM","image":{"@type":"ImageObject","inLanguage":"en-US","@id":"https:\/\/www.aie.es\/#\/schema\/person\/image\/","url":"https:\/\/secure.gravatar.com\/avatar\/b4ed17baa0f661a7cbe0494fbec9b888?s=96&d=mm&r=g","contentUrl":"https:\/\/secure.gravatar.com\/avatar\/b4ed17baa0f661a7cbe0494fbec9b888?s=96&d=mm&r=g","caption":"GGCOM"},"url":"https:\/\/www.aie.es\/en\/author\/cgarriga\/"}]}},"_links":{"self":[{"href":"https:\/\/www.aie.es\/en\/wp-json\/wp\/v2\/posts\/36759"}],"collection":[{"href":"https:\/\/www.aie.es\/en\/wp-json\/wp\/v2\/posts"}],"about":[{"href":"https:\/\/www.aie.es\/en\/wp-json\/wp\/v2\/types\/post"}],"author":[{"embeddable":true,"href":"https:\/\/www.aie.es\/en\/wp-json\/wp\/v2\/users\/3"}],"replies":[{"embeddable":true,"href":"https:\/\/www.aie.es\/en\/wp-json\/wp\/v2\/comments?post=36759"}],"version-history":[{"count":1,"href":"https:\/\/www.aie.es\/en\/wp-json\/wp\/v2\/posts\/36759\/revisions"}],"predecessor-version":[{"id":36840,"href":"https:\/\/www.aie.es\/en\/wp-json\/wp\/v2\/posts\/36759\/revisions\/36840"}],"wp:featuredmedia":[{"embeddable":true,"href":"https:\/\/www.aie.es\/en\/wp-json\/wp\/v2\/media\/36739"}],"wp:attachment":[{"href":"https:\/\/www.aie.es\/en\/wp-json\/wp\/v2\/media?parent=36759"}],"wp:term":[{"taxonomy":"category","embeddable":true,"href":"https:\/\/www.aie.es\/en\/wp-json\/wp\/v2\/categories?post=36759"},{"taxonomy":"post_tag","embeddable":true,"href":"https:\/\/www.aie.es\/en\/wp-json\/wp\/v2\/tags?post=36759"}],"curies":[{"name":"wp","href":"https:\/\/api.w.org\/{rel}","templated":true}]}}