{"id":37494,"date":"2021-10-11T20:19:11","date_gmt":"2021-10-11T18:19:11","guid":{"rendered":"https:\/\/www.aie.es\/adios-a-luis-de-pablo\/"},"modified":"2022-01-17T20:24:12","modified_gmt":"2022-01-17T18:24:12","slug":"adios-a-luis-de-pablo","status":"publish","type":"post","link":"https:\/\/www.aie.es\/en\/adios-a-luis-de-pablo\/","title":{"rendered":"Adi\u00f3s a Luis de Pablo"},"content":{"rendered":"<p style=\"text-align: justify;\">La comunidad creativa pierde a uno de sus emblemas y lo lamentamos. Cultiv\u00f3 casi todos los g\u00e9neros en el mundo de la vanguardia musical: M\u00fasica aleatoria, conciertos para instrumentos, m\u00fasica de c\u00e1mara, cantatas, m\u00fasica electr\u00f3nica, \u00f3pera\u2026 y otros.<\/p>\n<p style=\"text-align: justify;\">Se nos va un gran maestro, compositor, investigador, profesor, innovador. Su lucha y empe\u00f1o por establecer la importancia de la composici\u00f3n espa\u00f1ola en el mundo creativo y art\u00edstico internacional es notoria y reconocida.<\/p>\n<p style=\"text-align: justify;\">Alemania, Canad\u00e1, Estados Unidos, Argentina, Espa\u00f1a\u2026 La presencia e importancia de la obra de Luis de Pablo ha dejado impresa la huella e influencia de la m\u00fasica contempor\u00e1nea espa\u00f1ola en Europa y en gran parte del mundo. Ha hecho sentir la presencia e importancia del arte de la composici\u00f3n vanguardista en Espa\u00f1a. Este es un hecho en el que Luis de Pablo ha sido fundamental.<\/p>\n<h4 style=\"text-align: justify;\"><img decoding=\"async\" class=\"aligncenter size-full wp-image-37400\" src=\"https:\/\/www.aie.es\/wp-content\/uploads\/LP-scaled-e1633976145447.jpg\" alt=\"\" width=\"940\" height=\"627\" \/>La Vicerrectora de la UAH, Luis de Pablo y Luis Cobos, en el Paraninfo de la Universidad de Alcal\u00e1 en la ceremonia de entrega del t\u00edtulo de Miembro Honor\u00edfico del Claustro Universitario de las Artes.<\/h4>\n<p>&nbsp;<\/p>\n<p style=\"text-align: justify;\">Luis de Pablo ha sido un activista musical de vanguardia, compositor y generador de actividades, festivales y circuitos, utilizando su aguda inteligencia y creatividad para vencer barreras y romper fronteras con su gran obra, y establecer la importancia de la m\u00fasica espa\u00f1ola de la segunda mitad del siglo veinte y principios del veintiuno.<\/p>\n<p style=\"text-align: center;\"><strong>ADI\u00d3S A LUIS DE PABLO<\/strong><\/p>\n<p style=\"text-align: justify;\">Luis de Pablo ha sido, es y ser\u00e1 un icono par todos los m\u00fasicos, y ejemplo para creadores, de cualquier modalidad, que consideren la m\u00fasica como un veh\u00edculo para transmitir emociones, mensajes, principios, y establecer la necesaria conexi\u00f3n con la tradici\u00f3n y la vanguardia.<\/p>\n<p style=\"text-align: justify;\">Se nos va un investigador, una mente inteligente estimulada por el talento, la curiosidad, la investigaci\u00f3n y el trabajo incansable, elementos, todos estos, esenciales para conseguir el respeto, la admiraci\u00f3n y el sentimiento de p\u00e9rdida que expresamos en nombre de los que nos dedicamos, en cualquier forma, al noble arte de la m\u00fasica que llena nuestras vidas y nos hace mejores.<\/p>\n<p style=\"text-align: justify;\">Con su obra y su actitud ante la vida y el arte, Luis de Pablo nos deja una huella visible y una estela para seguir el viaje interminable, al que alude Saramago, de la creaci\u00f3n, la interpretaci\u00f3n, la investigaci\u00f3n, la difusi\u00f3n y la protecci\u00f3n de la m\u00fasica, que es lo m\u00e1s puro que transporta el aire.<\/p>\n<p style=\"text-align: justify;\">Tuve el honor de entregar a nuestro querido Luis de Pablo el merecido t\u00edtulo de Miembro Honor\u00edfico del Claustro Universitario de las Artes en el Paraninfo de la Universidad de Alcal\u00e1. A este claustro pertenecen personas e instituciones que se han distinguido por su importancia en el mundo del arte y el derecho en libertad. Como fundador de ese claustro, al que pertenecen personas e instituciones de reconocida trayectoria y reputaci\u00f3n, env\u00edo a su familia nuestro m\u00e1s sentido p\u00e9same y el reconocimiento y admiraci\u00f3n a la figura y persona de Luis de Pablo. Fue una suerte estar cerca de \u00e9l y compartir mesa y charla en algunas ocasiones.<\/p>\n<p style=\"text-align: justify;\">Una gran p\u00e9rdida.<\/p>\n<p style=\"text-align: justify;\">Desde la sociedad de Artistas AIE, le enviamos a su familia y amigos nuestro m\u00e1s sentido p\u00e9same. Descanse en paz.<\/p>\n<p style=\"text-align: justify;\"><strong>Luis Cobos<\/strong><\/p>\n<p style=\"text-align: justify;\"><strong>M\u00fasico y presidente de AIE<\/strong><\/p>\n","protected":false},"excerpt":{"rendered":"<p>Decimos adi\u00f3s a Luis de Pablo, compositor e icono de la m\u00fasica contempor\u00e1nea. Excelente m\u00fasico y gran persona. Nos deja una impresionante colecci\u00f3n de obras interpretadas, aplaudidas y apreciadas en diversos lugares del mundo.<\/p>\n","protected":false},"author":3,"featured_media":37400,"comment_status":"open","ping_status":"open","sticky":false,"template":"","format":"standard","meta":{"_acf_changed":false,"_relevanssi_hide_post":"","_relevanssi_hide_content":"","_relevanssi_pin_for_all":"","_relevanssi_pin_keywords":"","_relevanssi_unpin_keywords":"","_relevanssi_related_keywords":"","_relevanssi_related_include_ids":"","_relevanssi_related_exclude_ids":"","_relevanssi_related_no_append":"","_relevanssi_related_not_related":"","_relevanssi_related_posts":"","_relevanssi_noindex_reason":"","footnotes":""},"categories":[318],"tags":[],"acf":[],"yoast_head":"<!-- This site is optimized with the Yoast SEO Premium plugin v21.5 (Yoast SEO v21.9.1) - https:\/\/yoast.com\/wordpress\/plugins\/seo\/ -->\n<title>Adi\u00f3s a Luis de Pablo - AIE Sociedad de Artistas Int\u00e9rpretes o Ejecutantes de Espa\u00f1a<\/title>\n<meta name=\"robots\" content=\"index, follow, max-snippet:-1, max-image-preview:large, max-video-preview:-1\" \/>\n<link rel=\"canonical\" href=\"https:\/\/www.aie.es\/en\/adios-a-luis-de-pablo\/\" \/>\n<meta property=\"og:locale\" content=\"en_US\" \/>\n<meta property=\"og:type\" content=\"article\" \/>\n<meta property=\"og:title\" content=\"Adi\u00f3s a Luis de Pablo\" \/>\n<meta property=\"og:description\" content=\"Decimos adi\u00f3s a Luis de Pablo, compositor e icono de la m\u00fasica contempor\u00e1nea. Excelente m\u00fasico y gran persona. Nos deja una impresionante colecci\u00f3n de obras interpretadas, aplaudidas y apreciadas en diversos lugares del mundo.\" \/>\n<meta property=\"og:url\" content=\"https:\/\/www.aie.es\/en\/adios-a-luis-de-pablo\/\" \/>\n<meta property=\"og:site_name\" content=\"AIE Sociedad de Artistas Int\u00e9rpretes o Ejecutantes de Espa\u00f1a\" \/>\n<meta property=\"article:published_time\" content=\"2021-10-11T18:19:11+00:00\" \/>\n<meta property=\"article:modified_time\" content=\"2022-01-17T18:24:12+00:00\" \/>\n<meta property=\"og:image\" content=\"https:\/\/www.aie.es\/wp-content\/uploads\/LP-scaled-e1633976145447.jpg\" \/>\n\t<meta property=\"og:image:width\" content=\"2560\" \/>\n\t<meta property=\"og:image:height\" content=\"1707\" \/>\n\t<meta property=\"og:image:type\" content=\"image\/jpeg\" \/>\n<meta name=\"author\" content=\"GGCOM\" \/>\n<meta name=\"twitter:card\" content=\"summary_large_image\" \/>\n<meta name=\"twitter:label1\" content=\"Written by\" \/>\n\t<meta name=\"twitter:data1\" content=\"GGCOM\" \/>\n\t<meta name=\"twitter:label2\" content=\"Est. reading time\" \/>\n\t<meta name=\"twitter:data2\" content=\"3 minutes\" \/>\n<script type=\"application\/ld+json\" class=\"yoast-schema-graph\">{\"@context\":\"https:\/\/schema.org\",\"@graph\":[{\"@type\":\"WebPage\",\"@id\":\"https:\/\/www.aie.es\/en\/adios-a-luis-de-pablo\/\",\"url\":\"https:\/\/www.aie.es\/en\/adios-a-luis-de-pablo\/\",\"name\":\"Adi\u00f3s a Luis de Pablo - AIE Sociedad de Artistas Int\u00e9rpretes o Ejecutantes de Espa\u00f1a\",\"isPartOf\":{\"@id\":\"https:\/\/www.aie.es\/#website\"},\"datePublished\":\"2021-10-11T18:19:11+00:00\",\"dateModified\":\"2022-01-17T18:24:12+00:00\",\"author\":{\"@id\":\"https:\/\/www.aie.es\/#\/schema\/person\/9008ac87bc3b5836f79e2a677dace4d5\"},\"breadcrumb\":{\"@id\":\"https:\/\/www.aie.es\/en\/adios-a-luis-de-pablo\/#breadcrumb\"},\"inLanguage\":\"en-US\",\"potentialAction\":[{\"@type\":\"ReadAction\",\"target\":[\"https:\/\/www.aie.es\/en\/adios-a-luis-de-pablo\/\"]}]},{\"@type\":\"BreadcrumbList\",\"@id\":\"https:\/\/www.aie.es\/en\/adios-a-luis-de-pablo\/#breadcrumb\",\"itemListElement\":[{\"@type\":\"ListItem\",\"position\":1,\"name\":\"Portada\",\"item\":\"https:\/\/www.aie.es\/en\/\"},{\"@type\":\"ListItem\",\"position\":2,\"name\":\"Adi\u00f3s a Luis de Pablo\"}]},{\"@type\":\"WebSite\",\"@id\":\"https:\/\/www.aie.es\/#website\",\"url\":\"https:\/\/www.aie.es\/\",\"name\":\"AIE Sociedad de Artistas Int\u00e9rpretes o Ejecutantes de Espa\u00f1a\",\"description\":\"Entidad de gesti\u00f3n de derechos de propiedad intelectual\",\"potentialAction\":[{\"@type\":\"SearchAction\",\"target\":{\"@type\":\"EntryPoint\",\"urlTemplate\":\"https:\/\/www.aie.es\/?s={search_term_string}\"},\"query-input\":\"required name=search_term_string\"}],\"inLanguage\":\"en-US\"},{\"@type\":\"Person\",\"@id\":\"https:\/\/www.aie.es\/#\/schema\/person\/9008ac87bc3b5836f79e2a677dace4d5\",\"name\":\"GGCOM\",\"image\":{\"@type\":\"ImageObject\",\"inLanguage\":\"en-US\",\"@id\":\"https:\/\/www.aie.es\/#\/schema\/person\/image\/\",\"url\":\"https:\/\/secure.gravatar.com\/avatar\/b4ed17baa0f661a7cbe0494fbec9b888?s=96&d=mm&r=g\",\"contentUrl\":\"https:\/\/secure.gravatar.com\/avatar\/b4ed17baa0f661a7cbe0494fbec9b888?s=96&d=mm&r=g\",\"caption\":\"GGCOM\"},\"url\":\"https:\/\/www.aie.es\/en\/author\/cgarriga\/\"}]}<\/script>\n<!-- \/ Yoast SEO Premium plugin. -->","yoast_head_json":{"title":"Adi\u00f3s a Luis de Pablo - AIE Sociedad de Artistas Int\u00e9rpretes o Ejecutantes de Espa\u00f1a","robots":{"index":"index","follow":"follow","max-snippet":"max-snippet:-1","max-image-preview":"max-image-preview:large","max-video-preview":"max-video-preview:-1"},"canonical":"https:\/\/www.aie.es\/en\/adios-a-luis-de-pablo\/","og_locale":"en_US","og_type":"article","og_title":"Adi\u00f3s a Luis de Pablo","og_description":"Decimos adi\u00f3s a Luis de Pablo, compositor e icono de la m\u00fasica contempor\u00e1nea. Excelente m\u00fasico y gran persona. Nos deja una impresionante colecci\u00f3n de obras interpretadas, aplaudidas y apreciadas en diversos lugares del mundo.","og_url":"https:\/\/www.aie.es\/en\/adios-a-luis-de-pablo\/","og_site_name":"AIE Sociedad de Artistas Int\u00e9rpretes o Ejecutantes de Espa\u00f1a","article_published_time":"2021-10-11T18:19:11+00:00","article_modified_time":"2022-01-17T18:24:12+00:00","og_image":[{"width":2560,"height":1707,"url":"https:\/\/www.aie.es\/wp-content\/uploads\/LP-scaled-e1633976145447.jpg","type":"image\/jpeg"}],"author":"GGCOM","twitter_card":"summary_large_image","twitter_misc":{"Written by":"GGCOM","Est. reading time":"3 minutes"},"schema":{"@context":"https:\/\/schema.org","@graph":[{"@type":"WebPage","@id":"https:\/\/www.aie.es\/en\/adios-a-luis-de-pablo\/","url":"https:\/\/www.aie.es\/en\/adios-a-luis-de-pablo\/","name":"Adi\u00f3s a Luis de Pablo - AIE Sociedad de Artistas Int\u00e9rpretes o Ejecutantes de Espa\u00f1a","isPartOf":{"@id":"https:\/\/www.aie.es\/#website"},"datePublished":"2021-10-11T18:19:11+00:00","dateModified":"2022-01-17T18:24:12+00:00","author":{"@id":"https:\/\/www.aie.es\/#\/schema\/person\/9008ac87bc3b5836f79e2a677dace4d5"},"breadcrumb":{"@id":"https:\/\/www.aie.es\/en\/adios-a-luis-de-pablo\/#breadcrumb"},"inLanguage":"en-US","potentialAction":[{"@type":"ReadAction","target":["https:\/\/www.aie.es\/en\/adios-a-luis-de-pablo\/"]}]},{"@type":"BreadcrumbList","@id":"https:\/\/www.aie.es\/en\/adios-a-luis-de-pablo\/#breadcrumb","itemListElement":[{"@type":"ListItem","position":1,"name":"Portada","item":"https:\/\/www.aie.es\/en\/"},{"@type":"ListItem","position":2,"name":"Adi\u00f3s a Luis de Pablo"}]},{"@type":"WebSite","@id":"https:\/\/www.aie.es\/#website","url":"https:\/\/www.aie.es\/","name":"AIE Sociedad de Artistas Int\u00e9rpretes o Ejecutantes de Espa\u00f1a","description":"Entidad de gesti\u00f3n de derechos de propiedad intelectual","potentialAction":[{"@type":"SearchAction","target":{"@type":"EntryPoint","urlTemplate":"https:\/\/www.aie.es\/?s={search_term_string}"},"query-input":"required name=search_term_string"}],"inLanguage":"en-US"},{"@type":"Person","@id":"https:\/\/www.aie.es\/#\/schema\/person\/9008ac87bc3b5836f79e2a677dace4d5","name":"GGCOM","image":{"@type":"ImageObject","inLanguage":"en-US","@id":"https:\/\/www.aie.es\/#\/schema\/person\/image\/","url":"https:\/\/secure.gravatar.com\/avatar\/b4ed17baa0f661a7cbe0494fbec9b888?s=96&d=mm&r=g","contentUrl":"https:\/\/secure.gravatar.com\/avatar\/b4ed17baa0f661a7cbe0494fbec9b888?s=96&d=mm&r=g","caption":"GGCOM"},"url":"https:\/\/www.aie.es\/en\/author\/cgarriga\/"}]}},"_links":{"self":[{"href":"https:\/\/www.aie.es\/en\/wp-json\/wp\/v2\/posts\/37494"}],"collection":[{"href":"https:\/\/www.aie.es\/en\/wp-json\/wp\/v2\/posts"}],"about":[{"href":"https:\/\/www.aie.es\/en\/wp-json\/wp\/v2\/types\/post"}],"author":[{"embeddable":true,"href":"https:\/\/www.aie.es\/en\/wp-json\/wp\/v2\/users\/3"}],"replies":[{"embeddable":true,"href":"https:\/\/www.aie.es\/en\/wp-json\/wp\/v2\/comments?post=37494"}],"version-history":[{"count":2,"href":"https:\/\/www.aie.es\/en\/wp-json\/wp\/v2\/posts\/37494\/revisions"}],"predecessor-version":[{"id":38305,"href":"https:\/\/www.aie.es\/en\/wp-json\/wp\/v2\/posts\/37494\/revisions\/38305"}],"wp:featuredmedia":[{"embeddable":true,"href":"https:\/\/www.aie.es\/en\/wp-json\/wp\/v2\/media\/37400"}],"wp:attachment":[{"href":"https:\/\/www.aie.es\/en\/wp-json\/wp\/v2\/media?parent=37494"}],"wp:term":[{"taxonomy":"category","embeddable":true,"href":"https:\/\/www.aie.es\/en\/wp-json\/wp\/v2\/categories?post=37494"},{"taxonomy":"post_tag","embeddable":true,"href":"https:\/\/www.aie.es\/en\/wp-json\/wp\/v2\/tags?post=37494"}],"curies":[{"name":"wp","href":"https:\/\/api.w.org\/{rel}","templated":true}]}}