{"id":37495,"date":"2021-10-13T18:10:16","date_gmt":"2021-10-13T16:10:16","guid":{"rendered":"https:\/\/www.aie.es\/nominados-aie-latingrammy-2021\/"},"modified":"2023-10-25T14:57:06","modified_gmt":"2023-10-25T13:57:06","slug":"nominados-aie-latingrammy-2021","status":"publish","type":"post","link":"https:\/\/www.aie.es\/en\/nominados-aie-latingrammy-2021\/","title":{"rendered":"Latin GRAMMY: 85 socios de AIE, nominados en 35 categor\u00edas"},"content":{"rendered":"<p>La Academia Latina de la Grabaci\u00f3n protege los g\u00e9neros musicales, identifica talento nuevo, otorga reconocimiento a profesionales legendarios en vida, y conserva y recopila grabaciones y v\u00eddeos creando un archivo sumamente valioso de una de las manifestaciones m\u00e1s reconocidas de la cultura latina: la m\u00fasica.<\/p>\n<p>Los socios de AIE nominados en la edici\u00f3n de este a\u00f1o <strong><span style=\"color: #ff0000;\">(destacados en color rojo)<\/span><\/strong>\u00a0son:<\/p>\n<p>&nbsp;<\/p>\n<p><strong><u>Grabaci\u00f3n del A\u00f1o<\/u><\/strong><\/p>\n<ol>\n<li>SI HUBIERAS QUERIDO<\/li>\n<\/ol>\n<p><span style=\"color: #ff0000;\"><strong>Pablo Albor\u00e1n<\/strong><\/span><\/p>\n<ol start=\"2\">\n<li>TODO DE TI<\/li>\n<\/ol>\n<p><span style=\"color: #ff0000;\"><strong>Rauw Alejandro<\/strong><\/span><\/p>\n<ol start=\"3\">\n<li>UN AMOR ETERNO (VERSI\u00d3N BALADA)<\/li>\n<\/ol>\n<p><span style=\"color: #ff0000;\"><strong>Marc Anthony<\/strong><\/span><\/p>\n<p><span style=\"color: #ff0000;\"><strong>Daniel Uribe<\/strong><\/span><\/p>\n<ol start=\"4\">\n<li>BOHEMIO<\/li>\n<\/ol>\n<p><span style=\"color: #ff0000;\"><strong>Andr\u00e9s<\/strong> <strong>Calamaro <\/strong><\/span><strong>&amp; <span style=\"color: #ff0000;\">Julio Iglesias<\/span><\/strong><\/p>\n<p><span style=\"color: #ff0000;\"><strong>Carlos Narea<\/strong><\/span>, \u00c1ngel Martos &amp; <span style=\"color: #ff0000;\"><strong>Carlos Narea<\/strong><\/span><strong>\u00a0\u00a0\u00a0\u00a0\u00a0\u00a0\u00a0\u00a0\u00a0\u00a0\u00a0\u00a0\u00a0\u00a0 <\/strong><\/p>\n<ol start=\"5\">\n<li>VIDA DE RICO<\/li>\n<\/ol>\n<p><span style=\"color: #ff0000;\"><strong>Camilo<\/strong><\/span><\/p>\n<p><span style=\"color: #ff0000;\"><strong>Camilo<\/strong><\/span>, <strong>Richard Bravo<\/strong><\/p>\n<ol start=\"6\">\n<li>AM\u00c9N<\/li>\n<\/ol>\n<p><span style=\"color: #ff0000;\"><strong>Ricardo<\/strong> <strong>Montaner<\/strong><\/span><strong>,<\/strong> <strong>Mau y Ricky, <span style=\"color: #ff0000;\">Camilo<\/span>, <span style=\"color: #ff0000;\">Evaluna Montaner<\/span><\/strong><\/p>\n<p>Richi L\u00f3pez &amp; <span style=\"color: #ff0000;\"><strong>Ricardo Montaner<\/strong><\/span><\/p>\n<ol start=\"7\">\n<li>DIOS AS\u00cd LO QUISO<\/li>\n<\/ol>\n<p><strong><span style=\"color: #ff0000;\">Ricardo Montaner<\/span> <\/strong><strong>&amp; <span style=\"color: #ff0000;\">Juan Luis Guerra<\/span><\/strong><\/p>\n<p><strong><span style=\"color: #ff0000;\">Yasmil Marrufo<\/span> &amp; <span style=\"color: #ff0000;\">Ricardo Montaner<\/span>, <span style=\"color: #ff0000;\">Dario Moscatelli<\/span>, <span style=\"color: #ff0000;\">Raniero Palm<\/span><\/strong><\/p>\n<ol start=\"8\">\n<li>TE OLVIDASTE<\/li>\n<\/ol>\n<p><span style=\"color: #ff0000;\"><strong>C. Tangana <\/strong><\/span><strong>&amp; Omar Apollo<\/strong><\/p>\n<p><strong><span style=\"color: #ff0000;\">Alizzz<\/span>, <span style=\"color: #ff0000;\">C.<\/span><\/strong><span style=\"color: #ff0000;\"> <strong>Tangana<\/strong><\/span><\/p>\n<p>&nbsp;<\/p>\n<p><strong><u><img decoding=\"async\" class=\"aligncenter size-full wp-image-37455\" src=\"https:\/\/www.aie.es\/wp-content\/uploads\/latin-grammy-2021.jpg\" alt=\"\" width=\"940\" height=\"598\" srcset=\"https:\/\/www.aie.es\/wp-content\/uploads\/latin-grammy-2021.jpg 940w, https:\/\/www.aie.es\/wp-content\/uploads\/latin-grammy-2021-300x191.jpg 300w, https:\/\/www.aie.es\/wp-content\/uploads\/latin-grammy-2021-768x489.jpg 768w, https:\/\/www.aie.es\/wp-content\/uploads\/latin-grammy-2021-700x445.jpg 700w\" sizes=\"(max-width: 940px) 100vw, 940px\" \/><\/u><\/strong><\/p>\n<p>&nbsp;<\/p>\n<p><strong><u>\u00c1lbum del A\u00f1o<\/u><\/strong><strong>\u00a0\u00a0\u00a0\u00a0\u00a0\u00a0\u00a0\u00a0\u00a0\u00a0\u00a0\u00a0\u00a0\u00a0\u00a0\u00a0\u00a0\u00a0\u00a0\u00a0\u00a0\u00a0\u00a0\u00a0\u00a0\u00a0\u00a0\u00a0\u00a0\u00a0\u00a0\u00a0\u00a0\u00a0\u00a0\u00a0\u00a0\u00a0\u00a0\u00a0\u00a0\u00a0\u00a0\u00a0\u00a0\u00a0\u00a0\u00a0\u00a0\u00a0\u00a0\u00a0\u00a0\u00a0\u00a0\u00a0\u00a0\u00a0\u00a0\u00a0\u00a0\u00a0\u00a0\u00a0\u00a0\u00a0\u00a0\u00a0\u00a0\u00a0\u00a0\u00a0\u00a0\u00a0\u00a0\u00a0\u00a0\u00a0\u00a0\u00a0\u00a0\u00a0\u00a0\u00a0\u00a0\u00a0\u00a0\u00a0\u00a0 <\/strong><\/p>\n<ol>\n<li>V\u00c9RTIGO<\/li>\n<\/ol>\n<p><span style=\"color: #ff0000;\"><strong>Pablo Albor\u00e1n<\/strong><\/span><\/p>\n<ol start=\"2\">\n<li>EL \u00daLTIMO TOUR DEL MUNDO<\/li>\n<\/ol>\n<p><span style=\"color: #ff0000;\"><strong>Bad Bunny<\/strong><\/span><\/p>\n<ol start=\"3\">\n<li>MIS MANOS<\/li>\n<\/ol>\n<p><span style=\"color: #ff0000;\"><strong>Camilo<\/strong><\/span><\/p>\n<ol start=\"4\">\n<li>PRIV\u00c9<\/li>\n<\/ol>\n<p><span style=\"color: #ff0000;\"><strong>Juan Luis Guerra<\/strong><\/span><\/p>\n<ol start=\"5\">\n<li>ORIGEN<\/li>\n<\/ol>\n<p><span style=\"color: #ff0000;\"><strong>Juanes<\/strong><\/span><\/p>\n<ol start=\"6\">\n<li>EL MADRILE\u00d1O<\/li>\n<\/ol>\n<p><strong><span style=\"color: #ff0000;\">Alizzz<\/span>, <span style=\"color: #ff0000;\">C.<\/span><\/strong><span style=\"color: #ff0000;\"> <strong>Tangana<\/strong><\/span><\/p>\n<p><strong>\u00a0\u00a0\u00a0\u00a0\u00a0\u00a0\u00a0\u00a0\u00a0\u00a0\u00a0\u00a0\u00a0\u00a0\u00a0\u00a0\u00a0\u00a0\u00a0\u00a0\u00a0\u00a0\u00a0\u00a0\u00a0\u00a0\u00a0\u00a0\u00a0\u00a0\u00a0\u00a0\u00a0\u00a0\u00a0\u00a0\u00a0\u00a0\u00a0\u00a0\u00a0\u00a0\u00a0\u00a0\u00a0\u00a0\u00a0\u00a0\u00a0\u00a0\u00a0\u00a0\u00a0\u00a0\u00a0\u00a0\u00a0\u00a0\u00a0\u00a0\u00a0\u00a0\u00a0\u00a0\u00a0\u00a0\u00a0\u00a0\u00a0\u00a0\u00a0\u00a0\u00a0\u00a0\u00a0\u00a0\u00a0\u00a0\u00a0\u00a0\u00a0\u00a0\u00a0\u00a0\u00a0\u00a0\u00a0\u00a0\u00a0\u00a0\u00a0\u00a0\u00a0\u00a0\u00a0\u00a0\u00a0\u00a0\u00a0\u00a0\u00a0\u00a0\u00a0\u00a0\u00a0 <\/strong><\/p>\n<p><strong><u>Mejor \u00c1lbum Vocal Pop<\/u><\/strong><\/p>\n<ol>\n<li>DIOS LOS CR\u00cdA<\/li>\n<\/ol>\n<p><span style=\"color: #ff0000;\"><strong>Andr\u00e9s<\/strong> <strong>Calamaro<\/strong><\/span><\/p>\n<p>[Universal Music Argentina S.A]<\/p>\n<ol start=\"2\">\n<li>MIS MANOS<\/li>\n<\/ol>\n<p><span style=\"color: #ff0000;\"><strong>Camilo<\/strong><\/span><\/p>\n<p>[Sony Music Entertainment US Latin LLC\/Hecho A Mano Music]<\/p>\n<ol start=\"3\">\n<li>MUNAY<\/li>\n<\/ol>\n<p><span style=\"color: #ff0000;\"><strong>Pedro Cap\u00f3<\/strong><\/span><\/p>\n<p>[Sony Music Entertainment US Latin LLC]<\/p>\n<p>&nbsp;<\/p>\n<p>&nbsp;<\/p>\n<p><strong><u>Mejor \u00c1lbum Vocal Pop Tradicional<\/u><\/strong><\/p>\n<ol>\n<li>V\u00c9RTIGO<\/li>\n<\/ol>\n<p><span style=\"color: #ff0000;\"><strong>Pablo Albor\u00e1n<\/strong><\/span><\/p>\n<p>[Warner Music Spain, S.L.]<\/p>\n<ol start=\"2\">\n<li>PRIV\u00c9<\/li>\n<\/ol>\n<p><span style=\"color: #ff0000;\"><strong>Juan Luis Guerra<\/strong><\/span><\/p>\n<p>[Juan Luis Guerra\/Universal Music Latino]<\/p>\n<ol start=\"3\">\n<li>DOCE MARGARITAS<\/li>\n<\/ol>\n<p><span style=\"color: #ff0000;\"><strong>Nella<\/strong><\/span><\/p>\n<p>&nbsp;<\/p>\n<p><strong><u>Canci\u00f3n del A\u00f1o<\/u><\/strong><strong>\u00a0\u00a0\u00a0\u00a0\u00a0\u00a0\u00a0\u00a0\u00a0\u00a0\u00a0\u00a0\u00a0\u00a0\u00a0\u00a0\u00a0\u00a0\u00a0\u00a0\u00a0\u00a0\u00a0\u00a0\u00a0\u00a0\u00a0\u00a0\u00a0\u00a0\u00a0\u00a0\u00a0\u00a0\u00a0\u00a0\u00a0\u00a0\u00a0\u00a0\u00a0\u00a0\u00a0\u00a0\u00a0\u00a0\u00a0\u00a0\u00a0\u00a0\u00a0\u00a0\u00a0\u00a0\u00a0\u00a0\u00a0\u00a0\u00a0\u00a0\u00a0\u00a0\u00a0\u00a0\u00a0\u00a0\u00a0\u00a0\u00a0\u00a0\u00a0\u00a0\u00a0 <\/strong><\/p>\n<ol>\n<li>AGUA<\/li>\n<\/ol>\n<p><span style=\"color: #ff0000;\"><strong>J Balvin<\/strong><\/span><strong>, <\/strong><span style=\"color: #ff0000;\"><strong>Tainy<\/strong><\/span><strong>, songwriters (<span style=\"color: #ff0000;\">Tainy<\/span> &amp; <span style=\"color: #ff0000;\">J Balvin<\/span>)<\/strong><\/p>\n<ol start=\"2\">\n<li>CANCI\u00d3N BONITA<\/li>\n<\/ol>\n<p><span style=\"color: #ff0000;\"><strong>Ricky Martin<\/strong><\/span><strong>, <span style=\"color: #ff0000;\">Mauricio Rengifo<\/span>, <span style=\"color: #ff0000;\">Andr\u00e9s Torres<\/span> &amp; <span style=\"color: #ff0000;\">Carlos Vives<\/span>, songwriters (<span style=\"color: #ff0000;\">Carlos Vives<\/span>,\u00a0 &amp; <span style=\"color: #ff0000;\">Ricky Martin<\/span>)<\/strong><\/p>\n<ol start=\"3\">\n<li>DIOS AS\u00cd LO QUISO<\/li>\n<\/ol>\n<p><span style=\"color: #ff0000;\"><strong>Camilo<\/strong><\/span><strong>, <span style=\"color: #ff0000;\">Yasmil Jes\u00fas <\/span><\/strong><span style=\"color: #ff0000;\"><strong>Marrufo <\/strong><\/span><strong>&amp; <span style=\"color: #ff0000;\">Ricardo Montaner<\/span>, songwriters (<span style=\"color: #ff0000;\">Ricardo Montaner<\/span> &amp; <span style=\"color: #ff0000;\">Juan Luis Guerra<\/span>)<\/strong><\/p>\n<p>&nbsp;<\/p>\n<ol start=\"4\">\n<li>HAW\u00c1I<\/li>\n<\/ol>\n<p><strong><span style=\"color: #ff0000;\">Bryan Lezcano<\/span>, <span style=\"color: #ff0000;\">Maluma<\/span>, <span style=\"color: #ff0000;\">Andr\u00e9s Uribe <\/span><\/strong><strong>songwriters (<span style=\"color: #ff0000;\">Maluma<\/span>)<\/strong><\/p>\n<ol start=\"5\">\n<li>MI GUITARRA<\/li>\n<\/ol>\n<p><span style=\"color: #ff0000;\"><strong>Javier Lim\u00f3n<\/strong><\/span><strong>, songwriter (<span style=\"color: #ff0000;\">Javier Lim\u00f3n<\/span>, <span style=\"color: #ff0000;\">Juan Luis Guerra<\/span> &amp; <span style=\"color: #ff0000;\">Nella<\/span>)<\/strong><\/p>\n<ol start=\"6\">\n<li>PATRIA Y VIDA<\/li>\n<\/ol>\n<p><strong>Gente De Zona (<span style=\"color: #ff0000;\">Alexander Delgado<\/span> y <span style=\"color: #ff0000;\">Randy Martinez<\/span>), <span style=\"color: #ff0000;\">Beatriz Luengo<\/span>, Maykel Osorbo &amp; <span style=\"color: #ff0000;\">Yotuel<\/span>, <\/strong><strong>songwriters (<span style=\"color: #ff0000;\">Yotuel<\/span>, Gente de zona (<span style=\"color: #ff0000;\">Alexander Delgado<\/span> y <span style=\"color: #ff0000;\">Randy Martinez<\/span>), <span style=\"color: #ff0000;\">Descemer Bueno<\/span><\/strong><\/p>\n<p>10\u00a0\u00a0\u00a0 SI HUBIERAS QUERIDO<\/p>\n<p><span style=\"color: #ff0000;\"><strong>Pablo Albor\u00e1n<\/strong><\/span><strong>, <span style=\"color: #ff0000;\">Nicol\u00e1s \u201cNa\u2019vi\u201d de la Espriella<\/span>, songwriters (<span style=\"color: #ff0000;\">Pablo Albor\u00e1n<\/span>)<\/strong><\/p>\n<ol start=\"11\">\n<li>TODO DE TI<\/li>\n<\/ol>\n<p><span style=\"color: #ff0000;\"><strong>Rauw Alejandro<\/strong><\/span><strong>, songwriters (<span style=\"color: #ff0000;\">Rauw Alejandro<\/span>)<\/strong><\/p>\n<p>12\u00a0\u00a0 \u00a0VIDA DE RICO<\/p>\n<p><span style=\"color: #ff0000;\"><strong>Camilo<\/strong><\/span><strong>,<\/strong> <strong>songwriters<\/strong> <strong>(<span style=\"color: #ff0000;\">Camilo<\/span>)<\/strong><\/p>\n<p><strong>\u00a0\u00a0\u00a0\u00a0\u00a0\u00a0\u00a0\u00a0\u00a0\u00a0\u00a0\u00a0\u00a0\u00a0\u00a0\u00a0\u00a0\u00a0\u00a0\u00a0\u00a0\u00a0\u00a0\u00a0\u00a0\u00a0\u00a0\u00a0\u00a0\u00a0\u00a0\u00a0\u00a0\u00a0\u00a0\u00a0\u00a0\u00a0\u00a0\u00a0\u00a0\u00a0\u00a0\u00a0\u00a0\u00a0\u00a0\u00a0\u00a0\u00a0\u00a0\u00a0\u00a0\u00a0\u00a0\u00a0\u00a0\u00a0\u00a0\u00a0\u00a0\u00a0\u00a0\u00a0\u00a0\u00a0\u00a0\u00a0\u00a0\u00a0\u00a0\u00a0\u00a0\u00a0\u00a0\u00a0\u00a0\u00a0\u00a0\u00a0\u00a0\u00a0\u00a0\u00a0\u00a0\u00a0\u00a0\u00a0\u00a0\u00a0\u00a0\u00a0 <\/strong><\/p>\n<p><strong><u>Mejor Canci\u00f3n Pop<\/u><\/strong><\/p>\n<ol>\n<li>ADI\u00d3S<\/li>\n<\/ol>\n<p><span style=\"color: #ff0000;\"><strong>Pablo L\u00f3pez <\/strong><\/span><strong>&amp; <span style=\"color: #ff0000;\">Sebasti\u00e1n Yatra<\/span>, songwriters (<span style=\"color: #ff0000;\">Sebasti\u00e1n Yatra<\/span>)<\/strong><\/p>\n<ol start=\"2\">\n<li>AH\u00cd<\/li>\n<\/ol>\n<p><span style=\"color: #ff0000;\"><strong>Javier Lim\u00f3n<\/strong><\/span><strong>, songwriter <span style=\"color: #ff0000;\">Nella<\/span><\/strong><\/p>\n<ol start=\"3\">\n<li>CANCI\u00d3N BONITA<\/li>\n<\/ol>\n<p><span style=\"color: #ff0000;\"><strong>Ricky Martin<\/strong><\/span><strong>, <span style=\"color: #ff0000;\">Mauricio Rengifo<\/span>, <span style=\"color: #ff0000;\">Andr\u00e9s Torres<\/span>, songwriters (<span style=\"color: #ff0000;\">Ricky Martin<\/span>)<\/strong><\/p>\n<ol start=\"4\">\n<li>VIDA DE RICO<\/li>\n<\/ol>\n<p><span style=\"color: #ff0000;\"><strong>Camilo<\/strong><\/span><strong>,<\/strong> <strong>songwriters<\/strong> <strong>(<span style=\"color: #ff0000;\">Camilo<\/span>)<\/strong><\/p>\n<p><strong>\u00a0<\/strong><\/p>\n<p><strong><u>Mejor Fusi\u00f3n\/Interpretaci\u00f3n Urbana<\/u><\/strong><\/p>\n<ol>\n<li>EL AMOR ES UNA MODA<\/li>\n<\/ol>\n<p><strong><span style=\"color: #ff0000;\">Alcover<\/span>, <span style=\"color: #ff0000;\">Juan Magan <\/span><\/strong><\/p>\n<ol start=\"2\">\n<li>TATTOO (REMIX)<\/li>\n<\/ol>\n<p><span style=\"color: #ff0000;\"><strong>Rauw Alejandro <\/strong><\/span><strong>&amp; <span style=\"color: #ff0000;\">Camilo<\/span><\/strong><\/p>\n<ol start=\"3\">\n<li>DIPLOMATICO<\/li>\n<\/ol>\n<p><strong>Major Lazer grupo,\u00a0 featuring <span style=\"color: #ff0000;\">Guaynaa<\/span><\/strong><\/p>\n<ol start=\"4\">\n<li>HAW\u00c1I (REMIX)<\/li>\n<\/ol>\n<p><span style=\"color: #ff0000;\"><strong>Maluma<\/strong><\/span><\/p>\n<p>&nbsp;<\/p>\n<p><strong><u>Mejor Interpretaci\u00f3n Reggaeton<\/u><\/strong><\/p>\n<ol>\n<li>TU VENENO<\/li>\n<\/ol>\n<p><span style=\"color: #ff0000;\"><strong>J Balvin<\/strong><\/span><\/p>\n<p>[Universal Music Latino]<\/p>\n<ol start=\"2\">\n<li>LA T\u00d3XICA<\/li>\n<\/ol>\n<p><span style=\"color: #ff0000;\"><strong>Farruko<\/strong><\/span><\/p>\n<p>[Sony Music Entertainment US Latin LLC]<\/p>\n<ol start=\"3\">\n<li>BICHOTA<\/li>\n<\/ol>\n<p><span style=\"color: #ff0000;\"><strong>Karol G<\/strong><\/span><\/p>\n<p>[Universal Music Latino]<\/p>\n<ol start=\"4\">\n<li>CARAMELO<\/li>\n<\/ol>\n<p><span style=\"color: #ff0000;\"><strong>Ozuna<\/strong><\/span><\/p>\n<ol start=\"5\">\n<li>LA CURIOSIDAD<\/li>\n<\/ol>\n<p><strong>Jay<\/strong> <strong>Wheeler,<\/strong> <strong>DJ<\/strong> <strong>Nelson<\/strong> <strong>&amp; <span style=\"color: #ff0000;\">Myke Towers<\/span><\/strong><\/p>\n<p>&nbsp;<\/p>\n<p><strong><u>Mejor Canci\u00f3n de Rap\/Hip hop<\/u><\/strong><\/p>\n<p>BOOKER T<\/p>\n<p><span style=\"color: #ff0000;\"><strong>Bad Bunny<\/strong><\/span>\u00a0&amp; Marco Daniel Borrero<\/p>\n<p>[Rimas Entertainment LLC]<\/p>\n<p>&nbsp;<\/p>\n<p><strong><u>Mejor \u00c1lbum de M\u00fasica Urbana<\/u><\/strong><\/p>\n<ol>\n<li>EL \u00daLTIMO TOUR DEL MUNDO<\/li>\n<\/ol>\n<p><span style=\"color: #ff0000;\"><strong>Bad Bunny<\/strong> \u00a0\u00a0\u00a0\u00a0\u00a0<\/span>\u00a0\u00a0\u00a0\u00a0\u00a0\u00a0\u00a0\u00a0\u00a0\u00a0\u00a0\u00a0\u00a0\u00a0\u00a0\u00a0\u00a0\u00a0 <strong>\u00a0\u00a0\u00a0\u00a0\u00a0\u00a0\u00a0\u00a0\u00a0\u00a0\u00a0 <\/strong><\/p>\n<p><strong>\u00a0<\/strong><\/p>\n<p><strong><u>Mejor Canci\u00f3n Urbana<\/u><\/strong><\/p>\n<ol>\n<li>PATRIA Y VIDA<\/li>\n<\/ol>\n<p><strong>Gente de zona (<span style=\"color: #ff0000;\">Alexander Delgado<\/span> y <span style=\"color: #ff0000;\">Randy Martinez<\/span>), Yadam Gonz\u00e1lez, <span style=\"color: #ff0000;\">Beatriz Luengo<\/span>, Maykel Osorbo &amp; <span style=\"color: #ff0000;\">Yotuel<\/span>, <\/strong><strong>songwriters (<span style=\"color: #ff0000;\">Yotuel<\/span>, Gente de zona, <span style=\"color: #ff0000;\">Descemer Bueno<\/span>, Maykel Osorbo, El Funky)<\/strong><\/p>\n<p><strong>\u00a0<\/strong><\/p>\n<p><strong><u>Mejor \u00c1lbum de Rock<\/u><\/strong><\/p>\n<ol>\n<li>CURSO DE LEVITACI\u00d3N INTENSIVO<\/li>\n<\/ol>\n<p><span style=\"color: #ff0000;\"><strong>Bunbury<\/strong><\/span><\/p>\n<p><span style=\"color: #ff0000;\"><strong>\u00a0<\/strong><\/span><\/p>\n<p><strong><u>Mejor Canci\u00f3n de Rock<\/u><\/strong><\/p>\n<ol>\n<li>DISTINTOS<\/li>\n<\/ol>\n<p><span style=\"color: #ff0000;\"><strong>Andr\u00e9s Gim\u00e9nez <\/strong><\/span>&amp; Andreas Kisser, songwriters (De La Tierra)<\/p>\n<p>&nbsp;<\/p>\n<ol start=\"2\">\n<li>EL SUR<\/li>\n<\/ol>\n<p><span style=\"color: #ff0000;\"><strong>Santi Balmes<\/strong><\/span> &amp; <span style=\"color: #ff0000;\"><strong>Juli\u00e1n Saldarriaga<\/strong><\/span>, songwriters (<span style=\"color: #ff0000;\"><strong>Love Of Lesbian<\/strong><\/span> featuring <span style=\"color: #ff0000;\"><strong>Bunbury<\/strong><\/span>)<\/p>\n<p>&nbsp;<\/p>\n<p><strong>\u00a0<\/strong><\/p>\n<p><strong><u>Mejor \u00c1lbum de Pop\/Rock<\/u><\/strong><\/p>\n<ol>\n<li>MIS GRANDES \u00c9XITOS<\/li>\n<\/ol>\n<p><strong>Adan Jodorowsky &amp; <span style=\"color: #ff0000;\">The French Kiss<\/span><\/strong><\/p>\n<ol start=\"2\">\n<li>ORIGEN<\/li>\n<\/ol>\n<p><span style=\"color: #ff0000;\"><strong>Juanes<\/strong><\/span><\/p>\n<ol start=\"2\">\n<li>V. E. H. N.<\/li>\n<\/ol>\n<p><span style=\"color: #ff0000;\"><strong>Love Of Lesbian<\/strong><\/span><\/p>\n<p>&nbsp;<\/p>\n<p><strong><u>Mejor Canci\u00f3n Pop\/Rock<\/u><\/strong><\/p>\n<ol>\n<li>COSMOS (ANTISISTEMA SOLAR)<\/li>\n<\/ol>\n<p><span style=\"color: #ff0000;\"><strong>Santi Balmes<\/strong><\/span> &amp; <span style=\"color: #ff0000;\"><strong>Juli\u00e1n Saldarriaga<\/strong><\/span>, songwriters (<strong><span style=\"color: #ff0000;\">Love Of Lesbian<\/span><\/strong>)<\/p>\n<ol start=\"2\">\n<li>HONG KONG<\/li>\n<\/ol>\n<p><span style=\"color: #ff0000;\"><strong>Alizzz<\/strong>, <strong>Andr\u00e9s Calamaro<\/strong><\/span>, songwriters (<span style=\"color: #ff0000;\"><strong>C. Tangana<\/strong><\/span> &amp; <span style=\"color: #ff0000;\"><strong>Andr\u00e9s Calamaro<\/strong><\/span>)<\/p>\n<p><strong>\u00a0\u00a0\u00a0\u00a0\u00a0\u00a0\u00a0\u00a0\u00a0\u00a0\u00a0\u00a0\u00a0\u00a0\u00a0\u00a0\u00a0\u00a0\u00a0\u00a0\u00a0\u00a0\u00a0\u00a0\u00a0\u00a0\u00a0\u00a0\u00a0\u00a0\u00a0\u00a0\u00a0\u00a0\u00a0\u00a0\u00a0\u00a0\u00a0\u00a0\u00a0\u00a0\u00a0\u00a0\u00a0\u00a0\u00a0\u00a0\u00a0\u00a0\u00a0\u00a0\u00a0\u00a0\u00a0\u00a0\u00a0\u00a0\u00a0\u00a0\u00a0\u00a0\u00a0\u00a0\u00a0\u00a0\u00a0\u00a0\u00a0\u00a0\u00a0\u00a0\u00a0\u00a0\u00a0\u00a0\u00a0\u00a0\u00a0\u00a0\u00a0\u00a0\u00a0\u00a0\u00a0\u00a0\u00a0\u00a0\u00a0\u00a0\u00a0\u00a0\u00a0 <\/strong><\/p>\n<p><strong><u>Mejor \u00c1lbum de M\u00fasica Alternativa<\/u><\/strong><\/p>\n<ol>\n<li>CABRA<\/li>\n<\/ol>\n<p><span style=\"color: #ff0000;\"><strong>Cabra<\/strong><\/span> [La Casa Del Sombrero]<\/p>\n<p>&nbsp;<\/p>\n<p><strong><u>Mejor Canci\u00f3n Alternativa<\/u><\/strong><\/p>\n<ol>\n<li>NOMINAO<\/li>\n<\/ol>\n<p><span style=\"color: #ff0000;\"><strong>Alizzz<\/strong><\/span><strong>,<\/strong> <span style=\"color: #ff0000;\"><strong>Jorge<\/strong> <strong>Drexler <\/strong><\/span><strong>&amp;<\/strong> <span style=\"color: #ff0000;\"><strong>C.<\/strong> <strong>Tangana<\/strong><\/span><strong>,<\/strong> songwriters <strong>(<span style=\"color: #ff0000;\">C.<\/span><\/strong><span style=\"color: #ff0000;\"> <strong>Tangana <\/strong><\/span><strong>&amp; <span style=\"color: #ff0000;\">Jorge Drexler<\/span>) <\/strong><\/p>\n<ol start=\"2\">\n<li>TE OLVIDASTE<\/li>\n<\/ol>\n<p><span style=\"color: #ff0000;\"><strong>C. Tangana <\/strong><\/span>songwriters <strong><span style=\"color: #ff0000;\">C. Tangana<\/span> \u00a0\u00a0\u00a0\u00a0\u00a0\u00a0\u00a0\u00a0\u00a0\u00a0 <\/strong><\/p>\n<p>&nbsp;<\/p>\n<p><strong><u>Mejor \u00c1lbum de Salsa<\/u><\/strong><\/p>\n<ol>\n<li>COLEGAS<\/li>\n<\/ol>\n<p><span style=\"color: #ff0000;\"><strong>Gilberto Santa Rosa <\/strong><\/span><\/p>\n<p>[InnerCat Music Group, LLC]<\/p>\n<ol start=\"2\">\n<li>EN BARRANQUILLA ME QUEDO, EL DISCO HOMENAJE A JOE ARROYO<\/li>\n<\/ol>\n<p>(Varios Artistas)<\/p>\n<p><span style=\"color: #ff0000;\"><strong>Jos\u00e9 Gaviria <\/strong><\/span><\/p>\n<p>&nbsp;<\/p>\n<p><strong><u>Mejor \u00c1lbum de Merengue y\/o Bachata<\/u><\/strong><\/p>\n<ol>\n<li>EL PAP\u00c1 DE LA BACHATA, SU LEGADO (A\u00d1O\u00d1ADO I, II, III, IV)<\/li>\n<\/ol>\n<p><span style=\"color: #ff0000;\"><strong>Luis Segura<\/strong><\/span><\/p>\n<p>&nbsp;<\/p>\n<p><strong><u>Mejor \u00c1lbum Tropical Tradicional<\/u><\/strong><\/p>\n<ol>\n<li>GENTE CON ALMA<\/li>\n<\/ol>\n<p><span style=\"color: #ff0000;\"><strong>Jos\u00e9 Aguirre Cali Big Band <\/strong><\/span><\/p>\n<ol start=\"2\">\n<li>CHA CHA CH\u00c1: HOMENAJE A LO TRADICIONAL<\/li>\n<\/ol>\n<p><span style=\"color: #ff0000;\"><strong>Alain P\u00e9rez <\/strong><\/span><\/p>\n<ol start=\"2\">\n<li>SOLOS<\/li>\n<\/ol>\n<p><span style=\"color: #ff0000;\"><strong>Jon Secada <\/strong><\/span><\/p>\n<p>&nbsp;<\/p>\n<p><strong><u>Mejor \u00c1lbum Tropical Contempor\u00e1neo <\/u><\/strong><\/p>\n<ol>\n<li>BRAZIL305<\/li>\n<\/ol>\n<p><span style=\"color: #ff0000;\"><strong>Gloria Estefan<\/strong><\/span><\/p>\n<ol start=\"2\">\n<li>ACERTIJOS<\/li>\n<\/ol>\n<p><span style=\"color: #ff0000;\"><strong>Pedrito Mart\u00ednez<\/strong><\/span><\/p>\n<p>&nbsp;<\/p>\n<p><strong><u>Mejor Canci\u00f3n Tropical <\/u><\/strong><\/p>\n<ol>\n<li>BOLERO A LA VIDA<\/li>\n<\/ol>\n<p>songwriters<strong> (<span style=\"color: #ff0000;\">Omara Portuondo<\/span>)<\/strong><\/p>\n<ol start=\"2\">\n<li>DIOS AS\u00cd LO QUISO<\/li>\n<\/ol>\n<p><span style=\"color: #ff0000;\"><strong>Camilo<\/strong><\/span><strong>, David Julca, <span style=\"color: #ff0000;\">Jonathan Julca<\/span>, Yasmil Marrufo &amp; <span style=\"color: #ff0000;\">Ricardo Montaner<\/span><\/strong><strong>, <\/strong>songwriters <strong>(<span style=\"color: #ff0000;\">Ricardo Montaner<\/span> &amp; <span style=\"color: #ff0000;\">Juan Luis Guerra<\/span>)<\/strong><\/p>\n<ol start=\"3\">\n<li>PAMBICHE DE NOVIA<\/li>\n<\/ol>\n<p><span style=\"color: #ff0000;\"><strong>Juan Luis Guerra<\/strong><\/span><strong>,<\/strong> songwriter <strong>(<span style=\"color: #ff0000;\">Juan Luis Guerra<\/span>)\u00a0\u00a0\u00a0 <\/strong><\/p>\n<p>&nbsp;<\/p>\n<p><strong><u>Mejor \u00c1lbum Cantautor<\/u><\/strong><\/p>\n<ol>\n<li>MA\u00d1ANA TE ESCRIBO OTRA CANCI\u00d3N<\/li>\n<\/ol>\n<p><span style=\"color: #ff0000;\"><strong>Covi Quintana<\/strong><\/span><\/p>\n<ol start=\"2\">\n<li>EL \u00c1RBOL Y EL BOSQUE<\/li>\n<\/ol>\n<p><span style=\"color: #ff0000;\"><strong>Rozal\u00e9n<\/strong><\/span><\/p>\n<p>&nbsp;<\/p>\n<p><strong><u>Mejor \u00c1lbum Instrumental<\/u><\/strong><\/p>\n<ol>\n<li>ENTRETIEMPO Y TIEMPO<\/li>\n<\/ol>\n<p><span style=\"color: #ff0000;\"><strong>Omar Acosta<\/strong><\/span><\/p>\n<ol>\n<li>LE PETIT GARAGE (LIVE)<\/li>\n<\/ol>\n<p><span style=\"color: #ff0000;\"><strong>Ara Malikian<\/strong><\/span><\/p>\n<p><strong>\u00a0<\/strong><\/p>\n<p><strong><u>Mejor \u00c1lbum Folcl\u00f3rico<\/u><\/strong><\/p>\n<ol>\n<li>JEMAS<\/li>\n<\/ol>\n<p><span style=\"color: #ff0000;\"><strong>Tato<\/strong> <strong>Marenco<\/strong><\/span><\/p>\n<p>&nbsp;<\/p>\n<p><strong><u>Mejor \u00c1lbum de M\u00fasica Flamenca<\/u><\/strong><\/p>\n<ol>\n<li>ALMA DE PURA RAZA <span style=\"color: #ff0000;\"><strong>Paco Candela<\/strong><\/span><\/li>\n<li>UN NUEVO UNIVERSO <span style=\"color: #ff0000;\"><strong>Pepe de Luc\u00eda<\/strong><\/span><\/li>\n<li>AMOR <span style=\"color: #ff0000;\"><strong>Israel Fern\u00e1ndez <\/strong><\/span><strong>&amp; <span style=\"color: #ff0000;\">Diego del Morao<\/span><\/strong><\/li>\n<li>HERENCIA <span style=\"color: #ff0000;\"><strong>Rafael Riqueni<\/strong><\/span><\/li>\n<li>EL REY <span style=\"color: #ff0000;\"><strong>Mar\u00eda Toledo<\/strong><\/span><\/li>\n<\/ol>\n<p>&nbsp;<\/p>\n<p><strong><u>Mejor \u00c1lbum de Jazz Latino\/Jazz<\/u><\/strong><\/p>\n<ol>\n<li>VOYAGER<\/li>\n<\/ol>\n<p><span style=\"color: #ff0000;\"><strong>Iv\u00e1n Melon Lewis<\/strong><\/span><\/p>\n<p><strong>\u00a0<\/strong><\/p>\n<p><strong>\u00a0<\/strong><strong><u>Mejor \u00c1lbum de M\u00fasica Latina Para Ni\u00f1os<\/u><\/strong><\/p>\n<ol>\n<li>TU ROCKCITO FILARM\u00d3NICO<\/li>\n<\/ol>\n<p><strong>Tu Rockcito (<span style=\"color: #ff0000;\">Camilo Rodr\u00edguez Acosta<\/span>) y Orquesta Filarm\u00f3nica De Medell\u00edn\u00a0\u00a0\u00a0\u00a0\u00a0\u00a0\u00a0\u00a0\u00a0\u00a0\u00a0\u00a0\u00a0\u00a0\u00a0\u00a0\u00a0\u00a0 <\/strong><\/p>\n<p><strong><u>\u00a0<\/u><\/strong><\/p>\n<p><strong><u>Mejor \u00c1lbum de M\u00fasica Cl\u00e1sica<\/u><\/strong><\/p>\n<ol>\n<li>BEETHOVEN: R\u00c9VOLUTION, SYMPHONIES 1 \u00c0 5<\/li>\n<\/ol>\n<p><span style=\"color: #ff0000;\"><strong>Jordi Savall<\/strong><\/span><\/p>\n<p>&nbsp;<\/p>\n<p><strong><u>Mejor Arreglo<\/u><\/strong><\/p>\n<ol>\n<li>OJAL\u00c1 QUE LLUEVA CAF\u00c9 (VERSI\u00d3N PRIV\u00c9)<\/li>\n<\/ol>\n<p><span style=\"color: #ff0000;\"><strong>Juan Luis Guerra<\/strong><\/span><strong>, <\/strong>arranger <strong>(<span style=\"color: #ff0000;\">Juan Luis Guerra<\/span>) <\/strong><\/p>\n<p>&nbsp;<\/p>\n<p><strong><u>Mejor Dise\u00f1o de Empaque<\/u><\/strong><\/p>\n<ol>\n<li>COLEGAS<\/li>\n<\/ol>\n<p><strong>Ana<\/strong> <strong>Gonzalez,<\/strong> <strong>art director (<span style=\"color: #ff0000;\">Gilberto Santa Rosa<\/span>)<\/strong><\/p>\n<ol start=\"2\">\n<li>LO QUE ME D\u00c9 LA GANA<\/li>\n<\/ol>\n<p><strong>Boa Mistura, art directors (<span style=\"color: #ff0000;\">Dani Mart\u00edn<\/span>)<\/strong><\/p>\n<ol start=\"3\">\n<li>MADRID NUCLEAR<\/li>\n<\/ol>\n<p><span style=\"color: #ff0000;\"><strong>Emilio<\/strong> <strong>Lorente<\/strong><\/span><strong>, art director (Leiva) <\/strong><\/p>\n<p><strong><u>Mejor Ingenier\u00eda de Grabaci\u00f3n para un \u00c1lbum<\/u><\/strong><\/p>\n<ol>\n<li><strong>EL MADRILE\u00d1O<\/strong><\/li>\n<\/ol>\n<p>Orlando Aispuro Meneses, <span style=\"color: #ff0000;\"><strong>Daniel Alan\u00eds<\/strong><\/span>, <span style=\"color: #ff0000;\"><strong>Alizzz<\/strong><\/span>, Rafa Arcaute, Josd\u00e1n Luis Cohimbra Acosta, Miguel De La Vega, M\u00e1ximo Espinosa Rosell, Alex Ferrer, Luis Garci\u00e9, Billy Garedella, Patrick Liotard, Ed Maverick, Beto Mendon\u00e7a, Jaime Navarro, Alberto P\u00e9rez, Nathan Phillips, Harto Rodr\u00edguez &amp; Federico Vindver, engineers; Delbert Bowers, Alex Ferrer, Jaycen Joshua, Nineteen85, Lewis Pickett, Alex Psaroudakis &amp; <span style=\"color: #ff0000;\"><strong>Ra\u00fcl Refree <\/strong><\/span>mixers; Chris Athens, mastering engineer (<span style=\"color: #ff0000;\"><strong>C. Tangana<\/strong><\/span>)<\/p>\n<ol start=\"2\">\n<li><strong>UN CANTO POR M\u00c9XICO, <\/strong><strong>II<\/strong><\/li>\n<\/ol>\n<p>Pepe Aguilar, <span style=\"color: #ff0000;\"><strong>Rodrigo Cuevas<\/strong><\/span>, Jos\u00e9 Luis Fern\u00e1ndez, Camilo Froideval, Edson R. Heredia, Manu Jalil, Rub\u00e9n L\u00f3pez Arista, Nacho Molino, David Montuy, Lucas Nunes, Alan Ortiz Grande &amp; Alan Saucedo, engineers; Rub\u00e9n L\u00f3pez Arista, mixer; Michael Fuller, mastering engineer (Natalia Lafourcade)<\/p>\n<p>[Sony Music Entertainment M\u00e9xico, S.A. de C.V.]<\/p>\n<p>&nbsp;<\/p>\n<p><strong><u>Productor del A\u00f1o<\/u><\/strong><\/p>\n<ol>\n<li><span style=\"color: #ff0000;\"><strong>ALIZZZ<\/strong><\/span>\n<ul>\n<li>El Madrile\u00f1o <strong>(<span style=\"color: #ff0000;\">C. Tangana<\/span>)<\/strong> (A)<\/li>\n<\/ul>\n<\/li>\n<\/ol>\n<p>&nbsp;<\/p>\n<ol start=\"2\">\n<li><strong>DAN WARNER<\/strong><\/li>\n<\/ol>\n<ul>\n<li>Blanco (Tracks: 1, 2, 4, 6, 10, 11 &amp; 14) <strong>(<span style=\"color: #ff0000;\">Ricardo Arjona<\/span>)<\/strong> (A)<\/li>\n<\/ul>\n<p><strong><u>\u00a0<\/u><\/strong><\/p>\n<p><strong><u>Mejor Video Musical Versi\u00f3n Corta<\/u><\/strong><\/p>\n<ol>\n<li>UN AMOR ETERNO<\/li>\n<\/ol>\n<p><span style=\"color: #ff0000;\"><strong>Marc Anthony<\/strong><\/span><\/p>\n<ol start=\"2\">\n<li>MI HUELLA<\/li>\n<\/ol>\n<p><strong>Fuel Fandango, <span style=\"color: #ff0000;\">Alejandro Acosta<\/span>, <span style=\"color: #ff0000;\">Cristina Manjon<\/span><\/strong><\/p>\n<p><strong><u>\u00a0<\/u><\/strong><\/p>\n<p><strong><u>Mejor Video Musical Versi\u00f3n Larga<\/u><\/strong><\/p>\n<ol>\n<li>ENTRE MAR Y PALMERAS<\/li>\n<\/ol>\n<p><span style=\"color: #ff0000;\"><strong>Juan Luis Guerra<\/strong><\/span><\/p>\n<ol start=\"2\">\n<li>ORIGEN [DOCUMENTAL]<\/li>\n<\/ol>\n<p><span style=\"color: #ff0000;\"><strong>Juanes<\/strong><\/span><\/p>\n<p>&nbsp;<\/p>\n<p>Puedes consultar la lista completa de nominaciones <strong><a href=\"https:\/\/www.latingrammy.com\/es\/nominees\" target=\"_blank\" rel=\"noopener noreferrer\">aqu\u00ed<\/a><\/strong> o descargarla\u00a0 <strong><a href=\"https:\/\/www.aie.es\/wp-content\/uploads\/22nd_annual_latin_grammy_awards_nominations_2021_10_12.pdf\" target=\"_blank\" rel=\"noopener noreferrer\">aqu\u00ed<\/a><\/strong> (PDF)<strong>.<\/strong><\/p>\n","protected":false},"excerpt":{"rendered":"<p>La 22\u00aa entrega anual del Latin GRAMMY\u00ae tendr\u00e1 lugar el jueves 18 de noviembre al MGM Grand Garden Arena en Las Vegas. La ceremonia se difundir\u00e1 en vivo por Univision. Este a\u00f1o est\u00e1n nominados 85 artistas socios de AIE en 35 categor\u00edas. La Sociedad de Artistas les felicita por este nuevo \u00e9xito y les desea mucha suerte a todos.<\/p>\n","protected":false},"author":3,"featured_media":37456,"comment_status":"open","ping_status":"open","sticky":false,"template":"","format":"standard","meta":{"_acf_changed":false,"_relevanssi_hide_post":"","_relevanssi_hide_content":"","_relevanssi_pin_for_all":"","_relevanssi_pin_keywords":"","_relevanssi_unpin_keywords":"","_relevanssi_related_keywords":"","_relevanssi_related_include_ids":"","_relevanssi_related_exclude_ids":"","_relevanssi_related_no_append":"","_relevanssi_related_not_related":"","_relevanssi_related_posts":"","_relevanssi_noindex_reason":"","footnotes":""},"categories":[324],"tags":[],"acf":[],"yoast_head":"<!-- This site is optimized with the Yoast SEO Premium plugin v21.5 (Yoast SEO v21.9.1) - https:\/\/yoast.com\/wordpress\/plugins\/seo\/ -->\n<title>Latin GRAMMY: 85 socios de AIE, nominados en 35 categor\u00edas - AIE Sociedad de Artistas Int\u00e9rpretes o Ejecutantes de Espa\u00f1a<\/title>\n<meta name=\"robots\" content=\"index, follow, max-snippet:-1, max-image-preview:large, max-video-preview:-1\" \/>\n<link rel=\"canonical\" href=\"https:\/\/www.aie.es\/en\/nominados-aie-latingrammy-2021\/\" \/>\n<meta property=\"og:locale\" content=\"en_US\" \/>\n<meta property=\"og:type\" content=\"article\" \/>\n<meta property=\"og:title\" content=\"Latin GRAMMY: 85 socios de AIE, nominados en 35 categor\u00edas\" \/>\n<meta property=\"og:description\" content=\"La 22\u00aa entrega anual del Latin GRAMMY\u00ae tendr\u00e1 lugar el jueves 18 de noviembre al MGM Grand Garden Arena en Las Vegas. La ceremonia se difundir\u00e1 en vivo por Univision. Este a\u00f1o est\u00e1n nominados 85 artistas socios de AIE en 35 categor\u00edas. La Sociedad de Artistas les felicita por este nuevo \u00e9xito y les desea mucha suerte a todos.\" \/>\n<meta property=\"og:url\" content=\"https:\/\/www.aie.es\/en\/nominados-aie-latingrammy-2021\/\" \/>\n<meta property=\"og:site_name\" content=\"AIE Sociedad de Artistas Int\u00e9rpretes o Ejecutantes de Espa\u00f1a\" \/>\n<meta property=\"article:published_time\" content=\"2021-10-13T16:10:16+00:00\" \/>\n<meta property=\"article:modified_time\" content=\"2023-10-25T13:57:06+00:00\" \/>\n<meta property=\"og:image\" content=\"https:\/\/www.aie.es\/wp-content\/uploads\/latin-grammy-2021.jpg\" \/>\n\t<meta property=\"og:image:width\" content=\"940\" \/>\n\t<meta property=\"og:image:height\" content=\"598\" \/>\n\t<meta property=\"og:image:type\" content=\"image\/jpeg\" \/>\n<meta name=\"author\" content=\"GGCOM\" \/>\n<meta name=\"twitter:card\" content=\"summary_large_image\" \/>\n<meta name=\"twitter:label1\" content=\"Written by\" \/>\n\t<meta name=\"twitter:data1\" content=\"GGCOM\" \/>\n\t<meta name=\"twitter:label2\" content=\"Est. reading time\" \/>\n\t<meta name=\"twitter:data2\" content=\"6 minutes\" \/>\n<script type=\"application\/ld+json\" class=\"yoast-schema-graph\">{\"@context\":\"https:\/\/schema.org\",\"@graph\":[{\"@type\":\"WebPage\",\"@id\":\"https:\/\/www.aie.es\/en\/nominados-aie-latingrammy-2021\/\",\"url\":\"https:\/\/www.aie.es\/en\/nominados-aie-latingrammy-2021\/\",\"name\":\"Latin GRAMMY: 85 socios de AIE, nominados en 35 categor\u00edas - AIE Sociedad de Artistas Int\u00e9rpretes o Ejecutantes de Espa\u00f1a\",\"isPartOf\":{\"@id\":\"https:\/\/www.aie.es\/#website\"},\"datePublished\":\"2021-10-13T16:10:16+00:00\",\"dateModified\":\"2023-10-25T13:57:06+00:00\",\"author\":{\"@id\":\"https:\/\/www.aie.es\/#\/schema\/person\/9008ac87bc3b5836f79e2a677dace4d5\"},\"breadcrumb\":{\"@id\":\"https:\/\/www.aie.es\/en\/nominados-aie-latingrammy-2021\/#breadcrumb\"},\"inLanguage\":\"en-US\",\"potentialAction\":[{\"@type\":\"ReadAction\",\"target\":[\"https:\/\/www.aie.es\/en\/nominados-aie-latingrammy-2021\/\"]}]},{\"@type\":\"BreadcrumbList\",\"@id\":\"https:\/\/www.aie.es\/en\/nominados-aie-latingrammy-2021\/#breadcrumb\",\"itemListElement\":[{\"@type\":\"ListItem\",\"position\":1,\"name\":\"Portada\",\"item\":\"https:\/\/www.aie.es\/en\/\"},{\"@type\":\"ListItem\",\"position\":2,\"name\":\"Latin GRAMMY: 85 socios de AIE, nominados en 35 categor\u00edas\"}]},{\"@type\":\"WebSite\",\"@id\":\"https:\/\/www.aie.es\/#website\",\"url\":\"https:\/\/www.aie.es\/\",\"name\":\"AIE Sociedad de Artistas Int\u00e9rpretes o Ejecutantes de Espa\u00f1a\",\"description\":\"Entidad de gesti\u00f3n de derechos de propiedad intelectual\",\"potentialAction\":[{\"@type\":\"SearchAction\",\"target\":{\"@type\":\"EntryPoint\",\"urlTemplate\":\"https:\/\/www.aie.es\/?s={search_term_string}\"},\"query-input\":\"required name=search_term_string\"}],\"inLanguage\":\"en-US\"},{\"@type\":\"Person\",\"@id\":\"https:\/\/www.aie.es\/#\/schema\/person\/9008ac87bc3b5836f79e2a677dace4d5\",\"name\":\"GGCOM\",\"image\":{\"@type\":\"ImageObject\",\"inLanguage\":\"en-US\",\"@id\":\"https:\/\/www.aie.es\/#\/schema\/person\/image\/\",\"url\":\"https:\/\/secure.gravatar.com\/avatar\/b4ed17baa0f661a7cbe0494fbec9b888?s=96&d=mm&r=g\",\"contentUrl\":\"https:\/\/secure.gravatar.com\/avatar\/b4ed17baa0f661a7cbe0494fbec9b888?s=96&d=mm&r=g\",\"caption\":\"GGCOM\"},\"url\":\"https:\/\/www.aie.es\/en\/author\/cgarriga\/\"}]}<\/script>\n<!-- \/ Yoast SEO Premium plugin. -->","yoast_head_json":{"title":"Latin GRAMMY: 85 socios de AIE, nominados en 35 categor\u00edas - AIE Sociedad de Artistas Int\u00e9rpretes o Ejecutantes de Espa\u00f1a","robots":{"index":"index","follow":"follow","max-snippet":"max-snippet:-1","max-image-preview":"max-image-preview:large","max-video-preview":"max-video-preview:-1"},"canonical":"https:\/\/www.aie.es\/en\/nominados-aie-latingrammy-2021\/","og_locale":"en_US","og_type":"article","og_title":"Latin GRAMMY: 85 socios de AIE, nominados en 35 categor\u00edas","og_description":"La 22\u00aa entrega anual del Latin GRAMMY\u00ae tendr\u00e1 lugar el jueves 18 de noviembre al MGM Grand Garden Arena en Las Vegas. La ceremonia se difundir\u00e1 en vivo por Univision. Este a\u00f1o est\u00e1n nominados 85 artistas socios de AIE en 35 categor\u00edas. La Sociedad de Artistas les felicita por este nuevo \u00e9xito y les desea mucha suerte a todos.","og_url":"https:\/\/www.aie.es\/en\/nominados-aie-latingrammy-2021\/","og_site_name":"AIE Sociedad de Artistas Int\u00e9rpretes o Ejecutantes de Espa\u00f1a","article_published_time":"2021-10-13T16:10:16+00:00","article_modified_time":"2023-10-25T13:57:06+00:00","og_image":[{"width":940,"height":598,"url":"https:\/\/www.aie.es\/wp-content\/uploads\/latin-grammy-2021.jpg","type":"image\/jpeg"}],"author":"GGCOM","twitter_card":"summary_large_image","twitter_misc":{"Written by":"GGCOM","Est. reading time":"6 minutes"},"schema":{"@context":"https:\/\/schema.org","@graph":[{"@type":"WebPage","@id":"https:\/\/www.aie.es\/en\/nominados-aie-latingrammy-2021\/","url":"https:\/\/www.aie.es\/en\/nominados-aie-latingrammy-2021\/","name":"Latin GRAMMY: 85 socios de AIE, nominados en 35 categor\u00edas - AIE Sociedad de Artistas Int\u00e9rpretes o Ejecutantes de Espa\u00f1a","isPartOf":{"@id":"https:\/\/www.aie.es\/#website"},"datePublished":"2021-10-13T16:10:16+00:00","dateModified":"2023-10-25T13:57:06+00:00","author":{"@id":"https:\/\/www.aie.es\/#\/schema\/person\/9008ac87bc3b5836f79e2a677dace4d5"},"breadcrumb":{"@id":"https:\/\/www.aie.es\/en\/nominados-aie-latingrammy-2021\/#breadcrumb"},"inLanguage":"en-US","potentialAction":[{"@type":"ReadAction","target":["https:\/\/www.aie.es\/en\/nominados-aie-latingrammy-2021\/"]}]},{"@type":"BreadcrumbList","@id":"https:\/\/www.aie.es\/en\/nominados-aie-latingrammy-2021\/#breadcrumb","itemListElement":[{"@type":"ListItem","position":1,"name":"Portada","item":"https:\/\/www.aie.es\/en\/"},{"@type":"ListItem","position":2,"name":"Latin GRAMMY: 85 socios de AIE, nominados en 35 categor\u00edas"}]},{"@type":"WebSite","@id":"https:\/\/www.aie.es\/#website","url":"https:\/\/www.aie.es\/","name":"AIE Sociedad de Artistas Int\u00e9rpretes o Ejecutantes de Espa\u00f1a","description":"Entidad de gesti\u00f3n de derechos de propiedad intelectual","potentialAction":[{"@type":"SearchAction","target":{"@type":"EntryPoint","urlTemplate":"https:\/\/www.aie.es\/?s={search_term_string}"},"query-input":"required name=search_term_string"}],"inLanguage":"en-US"},{"@type":"Person","@id":"https:\/\/www.aie.es\/#\/schema\/person\/9008ac87bc3b5836f79e2a677dace4d5","name":"GGCOM","image":{"@type":"ImageObject","inLanguage":"en-US","@id":"https:\/\/www.aie.es\/#\/schema\/person\/image\/","url":"https:\/\/secure.gravatar.com\/avatar\/b4ed17baa0f661a7cbe0494fbec9b888?s=96&d=mm&r=g","contentUrl":"https:\/\/secure.gravatar.com\/avatar\/b4ed17baa0f661a7cbe0494fbec9b888?s=96&d=mm&r=g","caption":"GGCOM"},"url":"https:\/\/www.aie.es\/en\/author\/cgarriga\/"}]}},"_links":{"self":[{"href":"https:\/\/www.aie.es\/en\/wp-json\/wp\/v2\/posts\/37495"}],"collection":[{"href":"https:\/\/www.aie.es\/en\/wp-json\/wp\/v2\/posts"}],"about":[{"href":"https:\/\/www.aie.es\/en\/wp-json\/wp\/v2\/types\/post"}],"author":[{"embeddable":true,"href":"https:\/\/www.aie.es\/en\/wp-json\/wp\/v2\/users\/3"}],"replies":[{"embeddable":true,"href":"https:\/\/www.aie.es\/en\/wp-json\/wp\/v2\/comments?post=37495"}],"version-history":[{"count":7,"href":"https:\/\/www.aie.es\/en\/wp-json\/wp\/v2\/posts\/37495\/revisions"}],"predecessor-version":[{"id":37886,"href":"https:\/\/www.aie.es\/en\/wp-json\/wp\/v2\/posts\/37495\/revisions\/37886"}],"wp:featuredmedia":[{"embeddable":true,"href":"https:\/\/www.aie.es\/en\/wp-json\/wp\/v2\/media\/37456"}],"wp:attachment":[{"href":"https:\/\/www.aie.es\/en\/wp-json\/wp\/v2\/media?parent=37495"}],"wp:term":[{"taxonomy":"category","embeddable":true,"href":"https:\/\/www.aie.es\/en\/wp-json\/wp\/v2\/categories?post=37495"},{"taxonomy":"post_tag","embeddable":true,"href":"https:\/\/www.aie.es\/en\/wp-json\/wp\/v2\/tags?post=37495"}],"curies":[{"name":"wp","href":"https:\/\/api.w.org\/{rel}","templated":true}]}}