{"id":37964,"date":"2021-11-19T09:22:48","date_gmt":"2021-11-19T07:22:48","guid":{"rendered":"https:\/\/www.aie.es\/ganadores-latingrammy-2021\/"},"modified":"2023-10-25T14:59:30","modified_gmt":"2023-10-25T13:59:30","slug":"ganadores-latingrammy-2021","status":"publish","type":"post","link":"https:\/\/www.aie.es\/en\/ganadores-latingrammy-2021\/","title":{"rendered":"AIE felicita a sus socios ganadores del Latin GRAMMY 2021"},"content":{"rendered":"<p>Una gala radiante, variada y llena de talento, trabajo y esfuerzo. que mostr\u00f3 una gran variedad de artistas asentados, noveles, emergentes y de todas las tendencias musicales. Damos la enhorabuena a todos, ellos y ellas, por sus merecidos premios.<\/p>\n<p>Tambi\u00e9n celebramos los premios especiales de la Academia Latina de la Grabaci\u00f3n, entre los que se encuentra nuestro querido <strong>Joaqu\u00edn Sabina<\/strong> y el reconocimiento a la Persona del A\u00f1o que <a href=\"https:\/\/www.aie.es\/en\/ruben-blades-persona-del-ano-2021-de-la-academia-latina-de-la-grabacion\/\" target=\"_blank\" rel=\"noopener noreferrer\">correspondi\u00f3 a <strong>Rub\u00e9n Blades<\/strong><\/a>, un gran artista, icono de la m\u00fasica latina y defensor de la libertad, la justicia, la democracia y el compromiso social.<\/p>\n<p>&nbsp;<\/p>\n<p><img decoding=\"async\" class=\"aligncenter size-full wp-image-37887\" src=\"https:\/\/www.aie.es\/wp-content\/uploads\/ganadores-latin-grammy-2021.jpg\" alt=\"\" width=\"940\" height=\"606\" srcset=\"https:\/\/www.aie.es\/wp-content\/uploads\/ganadores-latin-grammy-2021.jpg 940w, https:\/\/www.aie.es\/wp-content\/uploads\/ganadores-latin-grammy-2021-300x193.jpg 300w, https:\/\/www.aie.es\/wp-content\/uploads\/ganadores-latin-grammy-2021-768x495.jpg 768w, https:\/\/www.aie.es\/wp-content\/uploads\/ganadores-latin-grammy-2021-700x451.jpg 700w\" sizes=\"(max-width: 940px) 100vw, 940px\" \/><\/p>\n<p><img decoding=\"async\" class=\"aligncenter size-full wp-image-37913\" src=\"https:\/\/www.aie.es\/wp-content\/uploads\/ganadores-latin-grammy-2021-2.jpg\" alt=\"\" width=\"940\" height=\"628\" srcset=\"https:\/\/www.aie.es\/wp-content\/uploads\/ganadores-latin-grammy-2021-2.jpg 940w, https:\/\/www.aie.es\/wp-content\/uploads\/ganadores-latin-grammy-2021-2-300x200.jpg 300w, https:\/\/www.aie.es\/wp-content\/uploads\/ganadores-latin-grammy-2021-2-768x513.jpg 768w, https:\/\/www.aie.es\/wp-content\/uploads\/ganadores-latin-grammy-2021-2-700x468.jpg 700w\" sizes=\"(max-width: 940px) 100vw, 940px\" \/><\/p>\n<p>&nbsp;<\/p>\n<p>Los socios de AIE <strong><span style=\"color: #ff0000;\">(en color rojo)<\/span><\/strong> ganadores en la edici\u00f3n de este a\u00f1o son:<\/p>\n<p>&nbsp;<\/p>\n<p><strong><u>Mejor \u00c1lbum Vocal Pop<\/u><\/strong><\/p>\n<p>MIS MANOS<\/p>\n<p><span style=\"color: #ff0000;\"><strong>Camilo<\/strong><\/span><\/p>\n<p>[Sony Music Entertainment US Latin LLC\/Hecho A Mano Music]<\/p>\n<p>&nbsp;<\/p>\n<p><strong><u>Mejor \u00c1lbum Vocal Pop Tradicional<\/u><\/strong><\/p>\n<p>PRIV\u00c9<\/p>\n<p><span style=\"color: #ff0000;\"><strong>Juan Luis Guerra<\/strong><\/span><\/p>\n<p>[Juan Luis Guerra\/Universal Music Latino]<\/p>\n<p>&nbsp;<\/p>\n<p><strong><u>Canci\u00f3n del A\u00f1o<\/u><\/strong><strong>\u00a0\u00a0\u00a0\u00a0\u00a0\u00a0\u00a0\u00a0\u00a0\u00a0\u00a0\u00a0\u00a0\u00a0\u00a0\u00a0\u00a0\u00a0\u00a0\u00a0\u00a0\u00a0\u00a0\u00a0\u00a0\u00a0\u00a0\u00a0\u00a0\u00a0\u00a0\u00a0\u00a0\u00a0\u00a0\u00a0\u00a0\u00a0\u00a0\u00a0\u00a0\u00a0\u00a0\u00a0\u00a0\u00a0\u00a0\u00a0\u00a0\u00a0\u00a0\u00a0\u00a0\u00a0\u00a0\u00a0\u00a0\u00a0\u00a0\u00a0\u00a0\u00a0\u00a0\u00a0\u00a0\u00a0\u00a0\u00a0\u00a0\u00a0\u00a0\u00a0\u00a0 <\/strong><\/p>\n<p>PATRIA Y VIDA<\/p>\n<p><strong>Gente De Zona (<span style=\"color: #ff0000;\">Alexander Delgado<\/span> y <span style=\"color: #ff0000;\">Randy Martinez<\/span>), <span style=\"color: #ff0000;\">Beatriz Luengo<\/span>, Maykel Osorbo &amp; <span style=\"color: #ff0000;\">Yotuel<\/span>, <\/strong><strong>songwriters (<span style=\"color: #ff0000;\">Yotuel<\/span>, Gente de zona (<span style=\"color: #ff0000;\">Alexander Delgado<\/span> y <span style=\"color: #ff0000;\">Randy Martinez<\/span>), <span style=\"color: #ff0000;\">Descemer Bueno<\/span><\/strong><strong>\u00a0 \u00a0 \u00a0 \u00a0 \u00a0 \u00a0 \u00a0 \u00a0 \u00a0 \u00a0 \u00a0 \u00a0 \u00a0 \u00a0 \u00a0 \u00a0 \u00a0 \u00a0 \u00a0 \u00a0 \u00a0 \u00a0 \u00a0 \u00a0 \u00a0 \u00a0 \u00a0 \u00a0 \u00a0 \u00a0 \u00a0 \u00a0 \u00a0 \u00a0 \u00a0 \u00a0 \u00a0 \u00a0 \u00a0 \u00a0 \u00a0 \u00a0\u00a0<\/strong><\/p>\n<p>&nbsp;<\/p>\n<p><strong><u>Mejor Canci\u00f3n Pop<\/u><\/strong><\/p>\n<p>VIDA DE RICO<\/p>\n<p><span style=\"color: #ff0000;\"><strong>Camilo<\/strong><\/span><strong>,<\/strong> <strong>songwriters<\/strong> <strong>(<span style=\"color: #ff0000;\">Camilo<\/span>)<\/strong><\/p>\n<p>&nbsp;<\/p>\n<p><strong><u>Mejor Fusi\u00f3n\/Interpretaci\u00f3n Urbana<\/u><\/strong><\/p>\n<p>TATTOO (REMIX)<\/p>\n<p><span style=\"color: #ff0000;\"><strong>Rauw Alejandro <\/strong><\/span><strong>&amp; <span style=\"color: #ff0000;\">Camilo<\/span><\/strong><\/p>\n<p>&nbsp;<\/p>\n<p><strong><u>Mejor Interpretaci\u00f3n Reggaeton<\/u><\/strong><\/p>\n<p>BICHOTA<\/p>\n<p><span style=\"color: #ff0000;\"><strong>Karol G<\/strong><\/span><\/p>\n<p>[Universal Music Latino]<\/p>\n<p>&nbsp;<\/p>\n<p><strong><u>Mejor Canci\u00f3n de Rap\/Hip hop<\/u><\/strong><\/p>\n<p>BOOKER T<\/p>\n<p><strong><span style=\"color: #ff0000;\">Bad Bunny<\/span><\/strong> &amp; Marco Daniel Borrero<\/p>\n<p>[Rimas Entertainment LLC]<\/p>\n<p>&nbsp;<\/p>\n<p><strong><u>Mejor \u00c1lbum de M\u00fasica Urbana<\/u><\/strong><\/p>\n<p>EL \u00daLTIMO TOUR DEL MUNDO<\/p>\n<p><span style=\"color: #ff0000;\"><strong>Bad Bunny<\/strong><\/span><\/p>\n<p>&nbsp;<\/p>\n<p><strong><u>Mejor Canci\u00f3n Urbana<\/u><\/strong><\/p>\n<p>PATRIA Y VIDA<\/p>\n<p><strong>Gente de zona (<span style=\"color: #ff0000;\">Alexander Delgado<\/span> y <span style=\"color: #ff0000;\">Randy Martinez<\/span>), Yadam Gonz\u00e1lez, <span style=\"color: #ff0000;\">Beatriz Luengo<\/span>, Maykel Osorbo &amp; <span style=\"color: #ff0000;\">Yotuel<\/span>, <\/strong><strong>songwriters (<span style=\"color: #ff0000;\">Yotuel<\/span>, Gente de zona, <span style=\"color: #ff0000;\">Descemer Bueno<\/span>, Maykel Osorbo, El Funky)<\/strong><\/p>\n<p>&nbsp;<\/p>\n<p><strong><u>Mejor \u00c1lbum de Pop\/Rock<\/u><\/strong><\/p>\n<p>ORIGEN<\/p>\n<p><span style=\"color: #ff0000;\"><strong>Juanes<\/strong><\/span><\/p>\n<p>&nbsp;<\/p>\n<p><strong><u>Mejor Canci\u00f3n Pop\/Rock<\/u><\/strong><\/p>\n<p>HONG KONG<\/p>\n<p><span style=\"color: #ff0000;\"><strong>Alizzz<\/strong>, <strong>Andr\u00e9s Calamaro<\/strong><\/span>, songwriters (<span style=\"color: #ff0000;\"><strong>C. Tangana<\/strong><\/span> &amp; <span style=\"color: #ff0000;\"><strong>Andr\u00e9s Calamaro<\/strong><\/span>)<\/p>\n<p>&nbsp;<\/p>\n<p><strong><u>Mejor Canci\u00f3n Alternativa<\/u><\/strong><\/p>\n<p>NOMINAO<\/p>\n<p><span style=\"color: #ff0000;\"><strong>Alizzz<\/strong><\/span><strong>,<\/strong> <span style=\"color: #ff0000;\"><strong>Jorge<\/strong> <strong>Drexler <\/strong><\/span><strong>&amp;<\/strong> <span style=\"color: #ff0000;\"><strong>C.<\/strong> <strong>Tangana<\/strong><\/span><strong>,<\/strong> songwriters <strong>(<span style=\"color: #ff0000;\">C.<\/span><\/strong><span style=\"color: #ff0000;\"> <strong>Tangana <\/strong><\/span><strong>&amp; <span style=\"color: #ff0000;\">Jorge Drexler<\/span>) <\/strong><\/p>\n<p>&nbsp;<\/p>\n<p><strong><u>Mejor \u00c1lbum Tropical Tradicional<\/u><\/strong><\/p>\n<p>CHA CHA CH\u00c1: HOMENAJE A LO TRADICIONAL<\/p>\n<p><span style=\"color: #ff0000;\"><strong>Alain P\u00e9rez<\/strong><\/span><\/p>\n<p>&nbsp;<\/p>\n<p><strong><u>Mejor \u00c1lbum Tropical Contempor\u00e1neo <\/u><\/strong><\/p>\n<p>BRAZIL305<\/p>\n<p><span style=\"color: #ff0000;\"><strong>Gloria Estefan<\/strong><\/span><\/p>\n<p>&nbsp;<\/p>\n<p><strong><u>Mejor Canci\u00f3n Tropical <\/u><\/strong><\/p>\n<p>DIOS AS\u00cd LO QUISO<\/p>\n<p><span style=\"color: #ff0000;\"><strong>Camilo<\/strong><\/span><strong>, David Julca, <span style=\"color: #ff0000;\">Jonathan Julca<\/span>, Yasmil Marrufo &amp; <span style=\"color: #ff0000;\">Ricardo Montaner<\/span><\/strong><strong>, <\/strong>songwriters <strong>(<span style=\"color: #ff0000;\">Ricardo Montaner<\/span> &amp; <span style=\"color: #ff0000;\">Juan Luis Guerra<\/span>)<\/strong><\/p>\n<p>&nbsp;<\/p>\n<p><strong><u>Mejor \u00c1lbum de M\u00fasica Flamenca<\/u><\/strong><\/p>\n<p>UN NUEVO UNIVERSO<\/p>\n<p><span style=\"color: #ff0000;\"><strong>Pepe de Luc\u00eda<\/strong><\/span><\/p>\n<p>&nbsp;<\/p>\n<p><strong><u>Mejor \u00c1lbum de Jazz Latino\/Jazz<\/u><\/strong><\/p>\n<p>VOYAGER<\/p>\n<p><span style=\"color: #ff0000;\"><strong>Iv\u00e1n Melon Lewis<\/strong><\/span><\/p>\n<p>&nbsp;<\/p>\n<p><strong><u>Mejor \u00c1lbum de M\u00fasica Latina Para Ni\u00f1os<\/u><\/strong><\/p>\n<p>TU ROCKCITO FILARM\u00d3NICO<\/p>\n<p><strong>Tu Rockcito (<span style=\"color: #ff0000;\">Camilo Rodr\u00edguez Acosta<\/span>) y Orquesta Filarm\u00f3nica De Medell\u00edn<\/strong><\/p>\n<p>&nbsp;<\/p>\n<p><strong><u>Mejor Arreglo<\/u><\/strong><\/p>\n<p>OJAL\u00c1 QUE LLUEVA CAF\u00c9 (VERSI\u00d3N PRIV\u00c9)<\/p>\n<p><span style=\"color: #ff0000;\"><strong>Juan Luis Guerra<\/strong><\/span><strong>, <\/strong>arranger <strong>(<span style=\"color: #ff0000;\">Juan Luis Guerra<\/span>) <\/strong><\/p>\n<p>&nbsp;<\/p>\n<p><strong><u>Mejor Dise\u00f1o de Empaque<\/u><\/strong><\/p>\n<p>COLEGAS<\/p>\n<p><strong>Ana<\/strong> <strong>Gonzalez,<\/strong> <strong>art director (<span style=\"color: #ff0000;\">Gilberto Santa Rosa<\/span>)<\/strong><\/p>\n<p>&nbsp;<\/p>\n<p><strong><u>Mejor Ingenier\u00eda de Grabaci\u00f3n para un \u00c1lbum<\/u><\/strong><\/p>\n<p><strong>EL MADRILE\u00d1O<\/strong><\/p>\n<p>Orlando Aispuro Meneses, <span style=\"color: #ff0000;\"><strong>Daniel Alan\u00eds<\/strong><\/span>, <span style=\"color: #ff0000;\"><strong>Alizzz<\/strong><\/span>, Rafa Arcaute, Josd\u00e1n Luis Cohimbra Acosta, Miguel De La Vega, M\u00e1ximo Espinosa Rosell, Alex Ferrer, Luis Garci\u00e9, Billy Garedella, Patrick Liotard, Ed Maverick, Beto Mendon\u00e7a, Jaime Navarro, Alberto P\u00e9rez, Nathan Phillips, Harto Rodr\u00edguez &amp; Federico Vindver, engineers; Delbert Bowers, Alex Ferrer, Jaycen Joshua, Nineteen85, Lewis Pickett, Alex Psaroudakis &amp; <span style=\"color: #ff0000;\"><strong>Ra\u00fcl Refree <\/strong><\/span>mixers; Chris Athens, mastering engineer (<span style=\"color: #ff0000;\"><strong>C. Tangana<\/strong><\/span>)<\/p>\n<p>&nbsp;<\/p>\n<p><strong><u>Mejor Video Musical Versi\u00f3n Corta<\/u><\/strong><\/p>\n<p>UN AMOR ETERNO<\/p>\n<p><span style=\"color: #ff0000;\"><strong>Marc Anthony<\/strong><\/span><\/p>\n<p>&nbsp;<\/p>\n<p><strong><u>Mejor Video Musical Versi\u00f3n Larga<\/u><\/strong><\/p>\n<p>ENTRE MAR Y PALMERAS<\/p>\n<p><span style=\"color: #ff0000;\"><strong>Juan Luis Guerra<\/strong><\/span><\/p>\n<p>&nbsp;<\/p>\n<p><em>Todos los ganadores aparecen destacados en cada categor\u00eda de la <a href=\"https:\/\/www.latingrammy.com\/es\/nominees\" target=\"_blank\" rel=\"noopener noreferrer\">lista de nominados<\/a>.<\/em><\/p>\n<p>&nbsp;<\/p>\n<h4><img decoding=\"async\" class=\"aligncenter size-full wp-image-37925\" src=\"https:\/\/www.aie.es\/wp-content\/uploads\/calamaro-tangana.jpg\" alt=\"\" width=\"940\" height=\"746\" srcset=\"https:\/\/www.aie.es\/wp-content\/uploads\/calamaro-tangana.jpg 940w, https:\/\/www.aie.es\/wp-content\/uploads\/calamaro-tangana-300x238.jpg 300w, https:\/\/www.aie.es\/wp-content\/uploads\/calamaro-tangana-768x609.jpg 768w, https:\/\/www.aie.es\/wp-content\/uploads\/calamaro-tangana-700x556.jpg 700w\" sizes=\"(max-width: 940px) 100vw, 940px\" \/>C. Tangana (acompa\u00f1ado por Andr\u00e9s Calamaro) y Beatriz Luengo y recogen su Latin GRAMMY (arriba). Joaquin Sabina y Gilberto Santa Rosa reciben el Premio Latin GRAMMY a la Excelencia Musical en homenaje a su excepcional trayectoria art\u00edstica (abajo).<\/h4>\n<p>&nbsp;<\/p>\n<p>Este a\u00f1o 2021 hubo una nutrida representaci\u00f3n de artistas espa\u00f1oles y socios de AIE, nominados y premiados, que participaron y actuaron en los eventos de la Academia Latina como la Persona del A\u00f1o, los Premios Especiales, la Premier y la Ceremonia de Entrega del Latin GRAMMY. Enhorabuena a todas y todos los nominados y premiados.<\/p>\n<p>En AIE nos sentimos muy satisfechos y orgullosos de ser parte de una comunidad que cuenta con artistas de gran calidad. Es importante formar parte de la comunidad art\u00edstica latina en el mundo. \u00a1\u00a1\u00a1FELICIDADES!!!<\/p>\n","protected":false},"excerpt":{"rendered":"<p>La Academia Latina de la Grabaci\u00f3n celebr\u00f3 la ceremonia de entrega del GRAMMY Latino 2021 con brillantez y gran asistencia de artistas, compositores, productores, ingenieros y dem\u00e1s miembros de la industria musical. AIE tiene el placer de felicitar a sus artistas, socias y socios, nominados y ganadores del Latin GRAMMY 2021: C. Tangana, Beatriz Luengo, Pepe de Luc\u00eda, Rauw Alejandro, Karol G, Bad Bunny, Alexander Delgado, Randy Martinez, Yotuel, Descemer Bueno, Juanes, Andr\u00e9s Calamaro, Jorge Drexler, Alain P\u00e9rez, Gloria Estefan, Camilo, Jonathan Julca, Ricardo Montaner, Iv\u00e1n Melon Lewis, Camilo Rodr\u00edguez Acosta, Gilberto Santa Rosa, Daniel Alan\u00eds, Alizzz, Ra\u00fcl Refree, Marc Anthony y Juan Luis Guerra.<\/p>\n","protected":false},"author":3,"featured_media":37888,"comment_status":"open","ping_status":"open","sticky":false,"template":"","format":"standard","meta":{"_acf_changed":false,"_relevanssi_hide_post":"","_relevanssi_hide_content":"","_relevanssi_pin_for_all":"","_relevanssi_pin_keywords":"","_relevanssi_unpin_keywords":"","_relevanssi_related_keywords":"","_relevanssi_related_include_ids":"","_relevanssi_related_exclude_ids":"","_relevanssi_related_no_append":"","_relevanssi_related_not_related":"","_relevanssi_related_posts":"","_relevanssi_noindex_reason":"","footnotes":""},"categories":[327],"tags":[],"acf":[],"yoast_head":"<!-- This site is optimized with the Yoast SEO Premium plugin v21.5 (Yoast SEO v21.9.1) - https:\/\/yoast.com\/wordpress\/plugins\/seo\/ -->\n<title>AIE felicita a sus socios ganadores del Latin GRAMMY 2021 - AIE Sociedad de Artistas Int\u00e9rpretes o Ejecutantes de Espa\u00f1a<\/title>\n<meta name=\"robots\" content=\"index, follow, max-snippet:-1, max-image-preview:large, max-video-preview:-1\" \/>\n<link rel=\"canonical\" href=\"https:\/\/www.aie.es\/en\/ganadores-latingrammy-2021\/\" \/>\n<meta property=\"og:locale\" content=\"en_US\" \/>\n<meta property=\"og:type\" content=\"article\" \/>\n<meta property=\"og:title\" content=\"AIE felicita a sus socios ganadores del Latin GRAMMY 2021\" \/>\n<meta property=\"og:description\" content=\"La Academia Latina de la Grabaci\u00f3n celebr\u00f3 la ceremonia de entrega del GRAMMY Latino 2021 con brillantez y gran asistencia de artistas, compositores, productores, ingenieros y dem\u00e1s miembros de la industria musical. AIE tiene el placer de felicitar a sus artistas, socias y socios, nominados y ganadores del Latin GRAMMY 2021: C. Tangana, Beatriz Luengo, Pepe de Luc\u00eda, Rauw Alejandro, Karol G, Bad Bunny, Alexander Delgado, Randy Martinez, Yotuel, Descemer Bueno, Juanes, Andr\u00e9s Calamaro, Jorge Drexler, Alain P\u00e9rez, Gloria Estefan, Camilo, Jonathan Julca, Ricardo Montaner, Iv\u00e1n Melon Lewis, Camilo Rodr\u00edguez Acosta, Gilberto Santa Rosa, Daniel Alan\u00eds, Alizzz, Ra\u00fcl Refree, Marc Anthony y Juan Luis Guerra.\" \/>\n<meta property=\"og:url\" content=\"https:\/\/www.aie.es\/en\/ganadores-latingrammy-2021\/\" \/>\n<meta property=\"og:site_name\" content=\"AIE Sociedad de Artistas Int\u00e9rpretes o Ejecutantes de Espa\u00f1a\" \/>\n<meta property=\"article:published_time\" content=\"2021-11-19T07:22:48+00:00\" \/>\n<meta property=\"article:modified_time\" content=\"2023-10-25T13:59:30+00:00\" \/>\n<meta property=\"og:image\" content=\"https:\/\/www.aie.es\/wp-content\/uploads\/ganadores-latin-grammy-2021.jpg\" \/>\n\t<meta property=\"og:image:width\" content=\"940\" \/>\n\t<meta property=\"og:image:height\" content=\"606\" \/>\n\t<meta property=\"og:image:type\" content=\"image\/jpeg\" \/>\n<meta name=\"author\" content=\"GGCOM\" \/>\n<meta name=\"twitter:card\" content=\"summary_large_image\" \/>\n<meta name=\"twitter:label1\" content=\"Written by\" \/>\n\t<meta name=\"twitter:data1\" content=\"GGCOM\" \/>\n\t<meta name=\"twitter:label2\" content=\"Est. reading time\" \/>\n\t<meta name=\"twitter:data2\" content=\"4 minutes\" \/>\n<script type=\"application\/ld+json\" class=\"yoast-schema-graph\">{\"@context\":\"https:\/\/schema.org\",\"@graph\":[{\"@type\":\"WebPage\",\"@id\":\"https:\/\/www.aie.es\/en\/ganadores-latingrammy-2021\/\",\"url\":\"https:\/\/www.aie.es\/en\/ganadores-latingrammy-2021\/\",\"name\":\"AIE felicita a sus socios ganadores del Latin GRAMMY 2021 - AIE Sociedad de Artistas Int\u00e9rpretes o Ejecutantes de Espa\u00f1a\",\"isPartOf\":{\"@id\":\"https:\/\/www.aie.es\/#website\"},\"datePublished\":\"2021-11-19T07:22:48+00:00\",\"dateModified\":\"2023-10-25T13:59:30+00:00\",\"author\":{\"@id\":\"https:\/\/www.aie.es\/#\/schema\/person\/9008ac87bc3b5836f79e2a677dace4d5\"},\"breadcrumb\":{\"@id\":\"https:\/\/www.aie.es\/en\/ganadores-latingrammy-2021\/#breadcrumb\"},\"inLanguage\":\"en-US\",\"potentialAction\":[{\"@type\":\"ReadAction\",\"target\":[\"https:\/\/www.aie.es\/en\/ganadores-latingrammy-2021\/\"]}]},{\"@type\":\"BreadcrumbList\",\"@id\":\"https:\/\/www.aie.es\/en\/ganadores-latingrammy-2021\/#breadcrumb\",\"itemListElement\":[{\"@type\":\"ListItem\",\"position\":1,\"name\":\"Portada\",\"item\":\"https:\/\/www.aie.es\/en\/\"},{\"@type\":\"ListItem\",\"position\":2,\"name\":\"AIE felicita a sus socios ganadores del Latin GRAMMY 2021\"}]},{\"@type\":\"WebSite\",\"@id\":\"https:\/\/www.aie.es\/#website\",\"url\":\"https:\/\/www.aie.es\/\",\"name\":\"AIE Sociedad de Artistas Int\u00e9rpretes o Ejecutantes de Espa\u00f1a\",\"description\":\"Entidad de gesti\u00f3n de derechos de propiedad intelectual\",\"potentialAction\":[{\"@type\":\"SearchAction\",\"target\":{\"@type\":\"EntryPoint\",\"urlTemplate\":\"https:\/\/www.aie.es\/?s={search_term_string}\"},\"query-input\":\"required name=search_term_string\"}],\"inLanguage\":\"en-US\"},{\"@type\":\"Person\",\"@id\":\"https:\/\/www.aie.es\/#\/schema\/person\/9008ac87bc3b5836f79e2a677dace4d5\",\"name\":\"GGCOM\",\"image\":{\"@type\":\"ImageObject\",\"inLanguage\":\"en-US\",\"@id\":\"https:\/\/www.aie.es\/#\/schema\/person\/image\/\",\"url\":\"https:\/\/secure.gravatar.com\/avatar\/b4ed17baa0f661a7cbe0494fbec9b888?s=96&d=mm&r=g\",\"contentUrl\":\"https:\/\/secure.gravatar.com\/avatar\/b4ed17baa0f661a7cbe0494fbec9b888?s=96&d=mm&r=g\",\"caption\":\"GGCOM\"},\"url\":\"https:\/\/www.aie.es\/en\/author\/cgarriga\/\"}]}<\/script>\n<!-- \/ Yoast SEO Premium plugin. -->","yoast_head_json":{"title":"AIE felicita a sus socios ganadores del Latin GRAMMY 2021 - AIE Sociedad de Artistas Int\u00e9rpretes o Ejecutantes de Espa\u00f1a","robots":{"index":"index","follow":"follow","max-snippet":"max-snippet:-1","max-image-preview":"max-image-preview:large","max-video-preview":"max-video-preview:-1"},"canonical":"https:\/\/www.aie.es\/en\/ganadores-latingrammy-2021\/","og_locale":"en_US","og_type":"article","og_title":"AIE felicita a sus socios ganadores del Latin GRAMMY 2021","og_description":"La Academia Latina de la Grabaci\u00f3n celebr\u00f3 la ceremonia de entrega del GRAMMY Latino 2021 con brillantez y gran asistencia de artistas, compositores, productores, ingenieros y dem\u00e1s miembros de la industria musical. AIE tiene el placer de felicitar a sus artistas, socias y socios, nominados y ganadores del Latin GRAMMY 2021: C. Tangana, Beatriz Luengo, Pepe de Luc\u00eda, Rauw Alejandro, Karol G, Bad Bunny, Alexander Delgado, Randy Martinez, Yotuel, Descemer Bueno, Juanes, Andr\u00e9s Calamaro, Jorge Drexler, Alain P\u00e9rez, Gloria Estefan, Camilo, Jonathan Julca, Ricardo Montaner, Iv\u00e1n Melon Lewis, Camilo Rodr\u00edguez Acosta, Gilberto Santa Rosa, Daniel Alan\u00eds, Alizzz, Ra\u00fcl Refree, Marc Anthony y Juan Luis Guerra.","og_url":"https:\/\/www.aie.es\/en\/ganadores-latingrammy-2021\/","og_site_name":"AIE Sociedad de Artistas Int\u00e9rpretes o Ejecutantes de Espa\u00f1a","article_published_time":"2021-11-19T07:22:48+00:00","article_modified_time":"2023-10-25T13:59:30+00:00","og_image":[{"width":940,"height":606,"url":"https:\/\/www.aie.es\/wp-content\/uploads\/ganadores-latin-grammy-2021.jpg","type":"image\/jpeg"}],"author":"GGCOM","twitter_card":"summary_large_image","twitter_misc":{"Written by":"GGCOM","Est. reading time":"4 minutes"},"schema":{"@context":"https:\/\/schema.org","@graph":[{"@type":"WebPage","@id":"https:\/\/www.aie.es\/en\/ganadores-latingrammy-2021\/","url":"https:\/\/www.aie.es\/en\/ganadores-latingrammy-2021\/","name":"AIE felicita a sus socios ganadores del Latin GRAMMY 2021 - AIE Sociedad de Artistas Int\u00e9rpretes o Ejecutantes de Espa\u00f1a","isPartOf":{"@id":"https:\/\/www.aie.es\/#website"},"datePublished":"2021-11-19T07:22:48+00:00","dateModified":"2023-10-25T13:59:30+00:00","author":{"@id":"https:\/\/www.aie.es\/#\/schema\/person\/9008ac87bc3b5836f79e2a677dace4d5"},"breadcrumb":{"@id":"https:\/\/www.aie.es\/en\/ganadores-latingrammy-2021\/#breadcrumb"},"inLanguage":"en-US","potentialAction":[{"@type":"ReadAction","target":["https:\/\/www.aie.es\/en\/ganadores-latingrammy-2021\/"]}]},{"@type":"BreadcrumbList","@id":"https:\/\/www.aie.es\/en\/ganadores-latingrammy-2021\/#breadcrumb","itemListElement":[{"@type":"ListItem","position":1,"name":"Portada","item":"https:\/\/www.aie.es\/en\/"},{"@type":"ListItem","position":2,"name":"AIE felicita a sus socios ganadores del Latin GRAMMY 2021"}]},{"@type":"WebSite","@id":"https:\/\/www.aie.es\/#website","url":"https:\/\/www.aie.es\/","name":"AIE Sociedad de Artistas Int\u00e9rpretes o Ejecutantes de Espa\u00f1a","description":"Entidad de gesti\u00f3n de derechos de propiedad intelectual","potentialAction":[{"@type":"SearchAction","target":{"@type":"EntryPoint","urlTemplate":"https:\/\/www.aie.es\/?s={search_term_string}"},"query-input":"required name=search_term_string"}],"inLanguage":"en-US"},{"@type":"Person","@id":"https:\/\/www.aie.es\/#\/schema\/person\/9008ac87bc3b5836f79e2a677dace4d5","name":"GGCOM","image":{"@type":"ImageObject","inLanguage":"en-US","@id":"https:\/\/www.aie.es\/#\/schema\/person\/image\/","url":"https:\/\/secure.gravatar.com\/avatar\/b4ed17baa0f661a7cbe0494fbec9b888?s=96&d=mm&r=g","contentUrl":"https:\/\/secure.gravatar.com\/avatar\/b4ed17baa0f661a7cbe0494fbec9b888?s=96&d=mm&r=g","caption":"GGCOM"},"url":"https:\/\/www.aie.es\/en\/author\/cgarriga\/"}]}},"_links":{"self":[{"href":"https:\/\/www.aie.es\/en\/wp-json\/wp\/v2\/posts\/37964"}],"collection":[{"href":"https:\/\/www.aie.es\/en\/wp-json\/wp\/v2\/posts"}],"about":[{"href":"https:\/\/www.aie.es\/en\/wp-json\/wp\/v2\/types\/post"}],"author":[{"embeddable":true,"href":"https:\/\/www.aie.es\/en\/wp-json\/wp\/v2\/users\/3"}],"replies":[{"embeddable":true,"href":"https:\/\/www.aie.es\/en\/wp-json\/wp\/v2\/comments?post=37964"}],"version-history":[{"count":1,"href":"https:\/\/www.aie.es\/en\/wp-json\/wp\/v2\/posts\/37964\/revisions"}],"predecessor-version":[{"id":41867,"href":"https:\/\/www.aie.es\/en\/wp-json\/wp\/v2\/posts\/37964\/revisions\/41867"}],"wp:featuredmedia":[{"embeddable":true,"href":"https:\/\/www.aie.es\/en\/wp-json\/wp\/v2\/media\/37888"}],"wp:attachment":[{"href":"https:\/\/www.aie.es\/en\/wp-json\/wp\/v2\/media?parent=37964"}],"wp:term":[{"taxonomy":"category","embeddable":true,"href":"https:\/\/www.aie.es\/en\/wp-json\/wp\/v2\/categories?post=37964"},{"taxonomy":"post_tag","embeddable":true,"href":"https:\/\/www.aie.es\/en\/wp-json\/wp\/v2\/tags?post=37964"}],"curies":[{"name":"wp","href":"https:\/\/api.w.org\/{rel}","templated":true}]}}