{"id":38134,"date":"2021-12-01T18:48:16","date_gmt":"2021-12-01T16:48:16","guid":{"rendered":"https:\/\/www.aie.es\/xviii-seminario-aie-propiedad-intelectual\/"},"modified":"2021-12-22T19:50:42","modified_gmt":"2021-12-22T17:50:42","slug":"xviii-seminario-aie-propiedad-intelectual","status":"publish","type":"post","link":"https:\/\/www.aie.es\/en\/xviii-seminario-aie-propiedad-intelectual\/","title":{"rendered":"XVIII Seminario AIE de propiedad intelectual"},"content":{"rendered":"<p style=\"text-align: center;\"><strong>PUEDES INSCRIBIRTE <a href=\"https:\/\/us06web.zoom.us\/webinar\/register\/WN_vUKKP84OSMuPLiCyLb_G9g\" target=\"_blank\" rel=\"noopener noreferrer\">AQU\u00cd<\/a> PARA ASISTIR AL SEMINARIO DE FORMA TELEM\u00c1TICA<\/strong><\/p>\n<p style=\"text-align: center;\"><a href=\"https:\/\/zoom.us\/webinar\/register\/WN_n23nHV1JRnuy8hJdsApBtQ\" target=\"_blank\" rel=\"noopener noreferrer\"><img decoding=\"async\" class=\"aligncenter size-full wp-image-38096\" src=\"https:\/\/www.aie.es\/wp-content\/uploads\/programa-seminario-2020-1.jpg\" alt=\"\" width=\"940\" height=\"902\" srcset=\"https:\/\/www.aie.es\/wp-content\/uploads\/programa-seminario-2020-1.jpg 940w, https:\/\/www.aie.es\/wp-content\/uploads\/programa-seminario-2020-1-300x288.jpg 300w, https:\/\/www.aie.es\/wp-content\/uploads\/programa-seminario-2020-1-768x737.jpg 768w, https:\/\/www.aie.es\/wp-content\/uploads\/programa-seminario-2020-1-700x672.jpg 700w\" sizes=\"(max-width: 940px) 100vw, 940px\" \/><\/a><\/p>\n<p style=\"text-align: center;\">Puedes descargar (PDF) el programa <a href=\"https:\/\/www.aie.es\/wp-content\/uploads\/Seminario-AIE-Bcn_2021-Triptico.pdf\" target=\"_blank\" rel=\"noopener noreferrer\">AQU\u00cd<\/a>.<\/p>\n","protected":false},"excerpt":{"rendered":"<p>El XVIII Seminario AIE de propiedad intelectual tendr\u00e1 lugar el jueves 16 de diciembre. Este a\u00f1o, a fin de garantizar la seguridad, la Sociedad de Artistas vuelve a organizar el seminario en formato online, tal como ya hizo en 2020. En esta ocasi\u00f3n el seminario lleva por t\u00edtulo &#8220;El Estatuto del Artista. Jurisprudencia reciente del Tribunal de Justicia de la Uni\u00f3n Europea&#8221;, y cuenta con dos mesas redondas, &#8220;Estatuto del Artista: logros y asignaturas pendientes&#8221; y &#8220;Jurisprudencia reciente del Tribunal de Justicia de la Uni\u00f3n Europea&#8221;.<\/p>\n","protected":false},"author":3,"featured_media":38100,"comment_status":"open","ping_status":"open","sticky":false,"template":"","format":"standard","meta":{"_acf_changed":false,"_relevanssi_hide_post":"","_relevanssi_hide_content":"","_relevanssi_pin_for_all":"","_relevanssi_pin_keywords":"","_relevanssi_unpin_keywords":"","_relevanssi_related_keywords":"","_relevanssi_related_include_ids":"","_relevanssi_related_exclude_ids":"","_relevanssi_related_no_append":"","_relevanssi_related_not_related":"","_relevanssi_related_posts":"","_relevanssi_noindex_reason":"","footnotes":""},"categories":[318],"tags":[],"acf":[],"yoast_head":"<!-- This site is optimized with the Yoast SEO Premium plugin v21.5 (Yoast SEO v21.9.1) - https:\/\/yoast.com\/wordpress\/plugins\/seo\/ -->\n<title>XVIII Seminario AIE de propiedad intelectual - AIE Sociedad de Artistas Int\u00e9rpretes o Ejecutantes de Espa\u00f1a<\/title>\n<meta name=\"robots\" content=\"index, follow, max-snippet:-1, max-image-preview:large, max-video-preview:-1\" \/>\n<link rel=\"canonical\" href=\"https:\/\/www.aie.es\/en\/xviii-seminario-aie-propiedad-intelectual\/\" \/>\n<meta property=\"og:locale\" content=\"en_US\" \/>\n<meta property=\"og:type\" content=\"article\" \/>\n<meta property=\"og:title\" content=\"XVIII Seminario AIE de propiedad intelectual\" \/>\n<meta property=\"og:description\" content=\"El XVIII Seminario AIE de propiedad intelectual tendr\u00e1 lugar el jueves 16 de diciembre. Este a\u00f1o, a fin de garantizar la seguridad, la Sociedad de Artistas vuelve a organizar el seminario en formato online, tal como ya hizo en 2020. En esta ocasi\u00f3n el seminario lleva por t\u00edtulo &quot;El Estatuto del Artista. Jurisprudencia reciente del Tribunal de Justicia de la Uni\u00f3n Europea&quot;, y cuenta con dos mesas redondas, &quot;Estatuto del Artista: logros y asignaturas pendientes&quot; y &quot;Jurisprudencia reciente del Tribunal de Justicia de la Uni\u00f3n Europea&quot;.\" \/>\n<meta property=\"og:url\" content=\"https:\/\/www.aie.es\/en\/xviii-seminario-aie-propiedad-intelectual\/\" \/>\n<meta property=\"og:site_name\" content=\"AIE Sociedad de Artistas Int\u00e9rpretes o Ejecutantes de Espa\u00f1a\" \/>\n<meta property=\"article:published_time\" content=\"2021-12-01T16:48:16+00:00\" \/>\n<meta property=\"article:modified_time\" content=\"2021-12-22T17:50:42+00:00\" \/>\n<meta property=\"og:image\" content=\"https:\/\/www.aie.es\/wp-content\/uploads\/SEMINARIOCARR.jpg\" \/>\n\t<meta property=\"og:image:width\" content=\"350\" \/>\n\t<meta property=\"og:image:height\" content=\"210\" \/>\n\t<meta property=\"og:image:type\" content=\"image\/jpeg\" \/>\n<meta name=\"author\" content=\"GGCOM\" \/>\n<meta name=\"twitter:card\" content=\"summary_large_image\" \/>\n<meta name=\"twitter:label1\" content=\"Written by\" \/>\n\t<meta name=\"twitter:data1\" content=\"GGCOM\" \/>\n<script type=\"application\/ld+json\" class=\"yoast-schema-graph\">{\"@context\":\"https:\/\/schema.org\",\"@graph\":[{\"@type\":\"WebPage\",\"@id\":\"https:\/\/www.aie.es\/en\/xviii-seminario-aie-propiedad-intelectual\/\",\"url\":\"https:\/\/www.aie.es\/en\/xviii-seminario-aie-propiedad-intelectual\/\",\"name\":\"XVIII Seminario AIE de propiedad intelectual - AIE Sociedad de Artistas Int\u00e9rpretes o Ejecutantes de Espa\u00f1a\",\"isPartOf\":{\"@id\":\"https:\/\/www.aie.es\/#website\"},\"datePublished\":\"2021-12-01T16:48:16+00:00\",\"dateModified\":\"2021-12-22T17:50:42+00:00\",\"author\":{\"@id\":\"https:\/\/www.aie.es\/#\/schema\/person\/9008ac87bc3b5836f79e2a677dace4d5\"},\"breadcrumb\":{\"@id\":\"https:\/\/www.aie.es\/en\/xviii-seminario-aie-propiedad-intelectual\/#breadcrumb\"},\"inLanguage\":\"en-US\",\"potentialAction\":[{\"@type\":\"ReadAction\",\"target\":[\"https:\/\/www.aie.es\/en\/xviii-seminario-aie-propiedad-intelectual\/\"]}]},{\"@type\":\"BreadcrumbList\",\"@id\":\"https:\/\/www.aie.es\/en\/xviii-seminario-aie-propiedad-intelectual\/#breadcrumb\",\"itemListElement\":[{\"@type\":\"ListItem\",\"position\":1,\"name\":\"Portada\",\"item\":\"https:\/\/www.aie.es\/en\/\"},{\"@type\":\"ListItem\",\"position\":2,\"name\":\"XVIII Seminario AIE de propiedad intelectual\"}]},{\"@type\":\"WebSite\",\"@id\":\"https:\/\/www.aie.es\/#website\",\"url\":\"https:\/\/www.aie.es\/\",\"name\":\"AIE Sociedad de Artistas Int\u00e9rpretes o Ejecutantes de Espa\u00f1a\",\"description\":\"Entidad de gesti\u00f3n de derechos de propiedad intelectual\",\"potentialAction\":[{\"@type\":\"SearchAction\",\"target\":{\"@type\":\"EntryPoint\",\"urlTemplate\":\"https:\/\/www.aie.es\/?s={search_term_string}\"},\"query-input\":\"required name=search_term_string\"}],\"inLanguage\":\"en-US\"},{\"@type\":\"Person\",\"@id\":\"https:\/\/www.aie.es\/#\/schema\/person\/9008ac87bc3b5836f79e2a677dace4d5\",\"name\":\"GGCOM\",\"image\":{\"@type\":\"ImageObject\",\"inLanguage\":\"en-US\",\"@id\":\"https:\/\/www.aie.es\/#\/schema\/person\/image\/\",\"url\":\"https:\/\/secure.gravatar.com\/avatar\/b4ed17baa0f661a7cbe0494fbec9b888?s=96&d=mm&r=g\",\"contentUrl\":\"https:\/\/secure.gravatar.com\/avatar\/b4ed17baa0f661a7cbe0494fbec9b888?s=96&d=mm&r=g\",\"caption\":\"GGCOM\"},\"url\":\"https:\/\/www.aie.es\/en\/author\/cgarriga\/\"}]}<\/script>\n<!-- \/ Yoast SEO Premium plugin. -->","yoast_head_json":{"title":"XVIII Seminario AIE de propiedad intelectual - AIE Sociedad de Artistas Int\u00e9rpretes o Ejecutantes de Espa\u00f1a","robots":{"index":"index","follow":"follow","max-snippet":"max-snippet:-1","max-image-preview":"max-image-preview:large","max-video-preview":"max-video-preview:-1"},"canonical":"https:\/\/www.aie.es\/en\/xviii-seminario-aie-propiedad-intelectual\/","og_locale":"en_US","og_type":"article","og_title":"XVIII Seminario AIE de propiedad intelectual","og_description":"El XVIII Seminario AIE de propiedad intelectual tendr\u00e1 lugar el jueves 16 de diciembre. Este a\u00f1o, a fin de garantizar la seguridad, la Sociedad de Artistas vuelve a organizar el seminario en formato online, tal como ya hizo en 2020. En esta ocasi\u00f3n el seminario lleva por t\u00edtulo \"El Estatuto del Artista. Jurisprudencia reciente del Tribunal de Justicia de la Uni\u00f3n Europea\", y cuenta con dos mesas redondas, \"Estatuto del Artista: logros y asignaturas pendientes\" y \"Jurisprudencia reciente del Tribunal de Justicia de la Uni\u00f3n Europea\".","og_url":"https:\/\/www.aie.es\/en\/xviii-seminario-aie-propiedad-intelectual\/","og_site_name":"AIE Sociedad de Artistas Int\u00e9rpretes o Ejecutantes de Espa\u00f1a","article_published_time":"2021-12-01T16:48:16+00:00","article_modified_time":"2021-12-22T17:50:42+00:00","og_image":[{"width":350,"height":210,"url":"https:\/\/www.aie.es\/wp-content\/uploads\/SEMINARIOCARR.jpg","type":"image\/jpeg"}],"author":"GGCOM","twitter_card":"summary_large_image","twitter_misc":{"Written by":"GGCOM"},"schema":{"@context":"https:\/\/schema.org","@graph":[{"@type":"WebPage","@id":"https:\/\/www.aie.es\/en\/xviii-seminario-aie-propiedad-intelectual\/","url":"https:\/\/www.aie.es\/en\/xviii-seminario-aie-propiedad-intelectual\/","name":"XVIII Seminario AIE de propiedad intelectual - AIE Sociedad de Artistas Int\u00e9rpretes o Ejecutantes de Espa\u00f1a","isPartOf":{"@id":"https:\/\/www.aie.es\/#website"},"datePublished":"2021-12-01T16:48:16+00:00","dateModified":"2021-12-22T17:50:42+00:00","author":{"@id":"https:\/\/www.aie.es\/#\/schema\/person\/9008ac87bc3b5836f79e2a677dace4d5"},"breadcrumb":{"@id":"https:\/\/www.aie.es\/en\/xviii-seminario-aie-propiedad-intelectual\/#breadcrumb"},"inLanguage":"en-US","potentialAction":[{"@type":"ReadAction","target":["https:\/\/www.aie.es\/en\/xviii-seminario-aie-propiedad-intelectual\/"]}]},{"@type":"BreadcrumbList","@id":"https:\/\/www.aie.es\/en\/xviii-seminario-aie-propiedad-intelectual\/#breadcrumb","itemListElement":[{"@type":"ListItem","position":1,"name":"Portada","item":"https:\/\/www.aie.es\/en\/"},{"@type":"ListItem","position":2,"name":"XVIII Seminario AIE de propiedad intelectual"}]},{"@type":"WebSite","@id":"https:\/\/www.aie.es\/#website","url":"https:\/\/www.aie.es\/","name":"AIE Sociedad de Artistas Int\u00e9rpretes o Ejecutantes de Espa\u00f1a","description":"Entidad de gesti\u00f3n de derechos de propiedad intelectual","potentialAction":[{"@type":"SearchAction","target":{"@type":"EntryPoint","urlTemplate":"https:\/\/www.aie.es\/?s={search_term_string}"},"query-input":"required name=search_term_string"}],"inLanguage":"en-US"},{"@type":"Person","@id":"https:\/\/www.aie.es\/#\/schema\/person\/9008ac87bc3b5836f79e2a677dace4d5","name":"GGCOM","image":{"@type":"ImageObject","inLanguage":"en-US","@id":"https:\/\/www.aie.es\/#\/schema\/person\/image\/","url":"https:\/\/secure.gravatar.com\/avatar\/b4ed17baa0f661a7cbe0494fbec9b888?s=96&d=mm&r=g","contentUrl":"https:\/\/secure.gravatar.com\/avatar\/b4ed17baa0f661a7cbe0494fbec9b888?s=96&d=mm&r=g","caption":"GGCOM"},"url":"https:\/\/www.aie.es\/en\/author\/cgarriga\/"}]}},"_links":{"self":[{"href":"https:\/\/www.aie.es\/en\/wp-json\/wp\/v2\/posts\/38134"}],"collection":[{"href":"https:\/\/www.aie.es\/en\/wp-json\/wp\/v2\/posts"}],"about":[{"href":"https:\/\/www.aie.es\/en\/wp-json\/wp\/v2\/types\/post"}],"author":[{"embeddable":true,"href":"https:\/\/www.aie.es\/en\/wp-json\/wp\/v2\/users\/3"}],"replies":[{"embeddable":true,"href":"https:\/\/www.aie.es\/en\/wp-json\/wp\/v2\/comments?post=38134"}],"version-history":[{"count":1,"href":"https:\/\/www.aie.es\/en\/wp-json\/wp\/v2\/posts\/38134\/revisions"}],"predecessor-version":[{"id":38204,"href":"https:\/\/www.aie.es\/en\/wp-json\/wp\/v2\/posts\/38134\/revisions\/38204"}],"wp:featuredmedia":[{"embeddable":true,"href":"https:\/\/www.aie.es\/en\/wp-json\/wp\/v2\/media\/38100"}],"wp:attachment":[{"href":"https:\/\/www.aie.es\/en\/wp-json\/wp\/v2\/media?parent=38134"}],"wp:term":[{"taxonomy":"category","embeddable":true,"href":"https:\/\/www.aie.es\/en\/wp-json\/wp\/v2\/categories?post=38134"},{"taxonomy":"post_tag","embeddable":true,"href":"https:\/\/www.aie.es\/en\/wp-json\/wp\/v2\/tags?post=38134"}],"curies":[{"name":"wp","href":"https:\/\/api.w.org\/{rel}","templated":true}]}}