{"id":38186,"date":"2021-12-20T18:14:56","date_gmt":"2021-12-20T16:14:56","guid":{"rendered":"https:\/\/www.aie.es\/adios-a-carlos-marin\/"},"modified":"2021-12-20T18:14:56","modified_gmt":"2021-12-20T16:14:56","slug":"adios-a-carlos-marin","status":"publish","type":"post","link":"https:\/\/www.aie.es\/en\/adios-a-carlos-marin\/","title":{"rendered":"Adi\u00f3s a Carlos Mar\u00edn, cantante espa\u00f1ol de Il Divo"},"content":{"rendered":"<p><img decoding=\"async\" class=\"aligncenter size-full wp-image-38181\" src=\"https:\/\/www.aie.es\/wp-content\/uploads\/carlos-marin-int.jpg\" alt=\"\" width=\"940\" height=\"744\" srcset=\"https:\/\/www.aie.es\/wp-content\/uploads\/carlos-marin-int.jpg 940w, https:\/\/www.aie.es\/wp-content\/uploads\/carlos-marin-int-300x237.jpg 300w, https:\/\/www.aie.es\/wp-content\/uploads\/carlos-marin-int-768x608.jpg 768w, https:\/\/www.aie.es\/wp-content\/uploads\/carlos-marin-int-700x554.jpg 700w\" sizes=\"(max-width: 940px) 100vw, 940px\" \/><\/p>\n<p><strong>Carlos Mar\u00edn<\/strong>, cantante espa\u00f1ol de Il Divo, ha fallecido a los 53 a\u00f1os. Mar\u00edn se encontraba ingresado en la Unidad de Cuidados Intensivos (UCI) del hospital de Manchester Royal, en Reino Unido. El grupo internacional le ha despedido con este mensaje: &#8220;Con mucho pesar en nuestros corazones, os hacemos saber que nuestro amigo y compa\u00f1ero Carlos Mar\u00edn ha muerto. Sus amigos, su familia y los fans lo echar\u00e1n de menos. No habr\u00e1 ninguna otra voz ni esp\u00edritu como el de Carlos&#8221;.<\/p>\n<p>De padres espa\u00f1oles, Carlos hab\u00eda nacido en la ciudad alemana de R\u00fcsselsheim el 13 de octubre de 1968. Su carrera art\u00edstica comenz\u00f3 pronto: grab\u00f3 su primer disco, &#8216;El peque\u00f1o Caruso&#8217;, con tan solo ocho a\u00f1os (lo produjo Pierre Kartner, el &#8216;Padre Abraham&#8217;).<\/p>\n<p>Volvi\u00f3 a Espa\u00f1a con doce a\u00f1os y estudi\u00f3 canto y solfeo en el Conservatorio de Madrid, trabajando con voces ilustres como Alfredo Kraus, Montserrat Caball\u00e9 o Jaume Aragall.<\/p>\n<p>Aunque los &#8216;crooners&#8217; como Tom Jones o Frank Sinatra eran su principal inspiraci\u00f3n, se enfoc\u00f3 en un principio en la l\u00edrica: pose\u00eda una sedosa, d\u00factil y comunicativa voz de bar\u00edtono. Con solo 19 a\u00f1os gan\u00f3 el concurso de TVE &#8216;Gente Joven&#8217; y fue premiado en distintos cert\u00e1menes l\u00edricos: Jacinto Guerrero, Francisco Alonso o Juli\u00e1n Gayarre, por ejemplo.<\/p>\n<p>Particip\u00f3 en diversos montajes de zarzuela antes de que, en 1992, fuera elegido para interpretar el papel de Marius en el estreno espa\u00f1ol del musical &#8216;Los miserables&#8217;. Eva Diago, que comparti\u00f3 escenario con \u00e9l en aquella producci\u00f3n, ha recordado en Instagram: \u00abMe viene a la cabeza la primera vez que te o\u00ed en el ensayo de &#8216;Los miserables&#8217; tu primera frase como Marius. &#8216;Oye &#8216;Ponine, \u00bfad\u00f3nde vas? Solo esa frase, y se se presupon\u00eda que cuando te escuch\u00e1ramos el &#8216;Sillas y mesas vac\u00edas&#8217; \u00edbamos a babear escuch\u00e1ndote. Y as\u00ed fue\u00bb.<\/p>\n<p>A partir de ah\u00ed, Carlos Mar\u00edn entr\u00f3 en la gran familia del teatro musical espa\u00f1ol -que le ha despedido en redes con un cari\u00f1o extraordinario- y particip\u00f3 en distintas producciones. Fue el alternante de Jos\u00e9 Sacrist\u00e1n en &#8216;El hombre de La Mancha&#8217; (1997), donde encarn\u00f3 a Don Quijote junto a Paloma San Basilio. Dos a\u00f1os despu\u00e9s, y de la mano del productor Luis Ram\u00edrez (que tambi\u00e9n falleci\u00f3 muy joven), intervino como Vince Fontaine en una produccion de &#8216;Grease&#8217; en la que era tambi\u00e9n el director musical junto a Alberto Quintero, con el que seguir\u00eda trabajando durante muchos a\u00f1os.<\/p>\n<p>No abandon\u00f3 el teatro Lope de Vega de Madrid (donde se estrenaron los dos montajes anteriores), porque fue el protagonista de &#8216;La bella y la bestia&#8217;, la producci\u00f3n de Disney que supuso el desembarco en Espa\u00f1a de lo que hoy es Stage Entertainment.<\/p>\n<p>Al tiempo que se afianzaba como una de las grandes figuras del teatro musical espa\u00f1ol, segu\u00eda interpretando \u00f3pera y zarzuela: &#8216;La traviata&#8217;, &#8216;Il barbiere di Siviglia&#8217;, &#8216;La boh\u00e8me&#8217;, &#8216;Lucia di Lammermoor&#8217;, &#8216;Madama Butterfly&#8217;, &#8216;La verbena de La Paloma&#8217;, &#8216;La Gran V\u00eda&#8217;, &#8216;La Revoltosa&#8217;&#8230;<\/p>\n<p>En 2003, tras varias pruebas en Londres, el productor Simon Cowell le cambi\u00f3 la vida al elegirle para formar el cuarteto crossover &#8216;Il Divo&#8217; junto a Urs B\u00fchler, David Miller y S\u00e9bastien Izambard.\u00a0La tersura de su timbre baritonal, su expresividad y su personalidad le convirtieron en el l\u00edder del grupo, que adem\u00e1s cantaba a menudo en espa\u00f1ol.<\/p>\n<p>En 2004 se public\u00f3 su primer disco, &#8216;Il Divo&#8217;; le siguieron &#8216;Ancora&#8217;, &#8216;The Christmas Collection&#8217;, &#8216;Siempre&#8217;, &#8216;The Promise&#8217;, &#8216;Live in Barcelona&#8217;, &#8216;Wicked Game&#8217;, &#8216;The Greatest Hits&#8217;, &#8216;A Musical Affair&#8217;, &#8216;Live in Japan&#8217;, &#8216;Amor &amp; Pasi\u00f3n&#8217;, &#8216;Timeless&#8217; y &#8216;For once in my life: A celebration of Motown&#8217;. De ellos se han vendido m\u00e1s de 40 millones de ejemplares.<\/p>\n<p>En los \u00faltimos diez a\u00f1os, en paralelo a su actividad con &#8216;Il Divo&#8217;, inici\u00f3 su carrera como solista.<\/p>\n","protected":false},"excerpt":{"rendered":"<p>La Sociedad de Artistas AIE env\u00eda sus condolencias a familiares, colegas, amigos y dem\u00e1s seres queridos de su socio Carlos Mar\u00edn, cantante espa\u00f1ol de Il Divo, que ha fallecido este domingo en Reino Unido. Antes de entrar a formar parte del cuarteto creado por el productor brit\u00e1nico Simon Cowell, Carlos Mar\u00edn hab\u00eda formado parte de los elencos de musicales, \u00f3peras y zarzuelas, donde hab\u00eda dejado muestras de su talento y calidad art\u00edstica.<\/p>\n","protected":false},"author":3,"featured_media":38183,"comment_status":"open","ping_status":"open","sticky":false,"template":"","format":"standard","meta":{"_acf_changed":false,"_relevanssi_hide_post":"","_relevanssi_hide_content":"","_relevanssi_pin_for_all":"","_relevanssi_pin_keywords":"","_relevanssi_unpin_keywords":"","_relevanssi_related_keywords":"","_relevanssi_related_include_ids":"","_relevanssi_related_exclude_ids":"","_relevanssi_related_no_append":"","_relevanssi_related_not_related":"","_relevanssi_related_posts":"","_relevanssi_noindex_reason":"","footnotes":""},"categories":[318],"tags":[],"acf":[],"yoast_head":"<!-- This site is optimized with the Yoast SEO Premium plugin v21.5 (Yoast SEO v21.9.1) - https:\/\/yoast.com\/wordpress\/plugins\/seo\/ -->\n<title>Adi\u00f3s a Carlos Mar\u00edn, cantante espa\u00f1ol de Il Divo - AIE Sociedad de Artistas Int\u00e9rpretes o Ejecutantes de Espa\u00f1a<\/title>\n<meta name=\"robots\" content=\"index, follow, max-snippet:-1, max-image-preview:large, max-video-preview:-1\" \/>\n<link rel=\"canonical\" href=\"https:\/\/www.aie.es\/en\/adios-a-carlos-marin\/\" \/>\n<meta property=\"og:locale\" content=\"en_US\" \/>\n<meta property=\"og:type\" content=\"article\" \/>\n<meta property=\"og:title\" content=\"Adi\u00f3s a Carlos Mar\u00edn, cantante espa\u00f1ol de Il Divo\" \/>\n<meta property=\"og:description\" content=\"La Sociedad de Artistas AIE env\u00eda sus condolencias a familiares, colegas, amigos y dem\u00e1s seres queridos de su socio Carlos Mar\u00edn, cantante espa\u00f1ol de Il Divo, que ha fallecido este domingo en Reino Unido. Antes de entrar a formar parte del cuarteto creado por el productor brit\u00e1nico Simon Cowell, Carlos Mar\u00edn hab\u00eda formado parte de los elencos de musicales, \u00f3peras y zarzuelas, donde hab\u00eda dejado muestras de su talento y calidad art\u00edstica.\" \/>\n<meta property=\"og:url\" content=\"https:\/\/www.aie.es\/en\/adios-a-carlos-marin\/\" \/>\n<meta property=\"og:site_name\" content=\"AIE Sociedad de Artistas Int\u00e9rpretes o Ejecutantes de Espa\u00f1a\" \/>\n<meta property=\"article:published_time\" content=\"2021-12-20T16:14:56+00:00\" \/>\n<meta property=\"og:image\" content=\"https:\/\/www.aie.es\/wp-content\/uploads\/carlos-marin-carr.jpg\" \/>\n\t<meta property=\"og:image:width\" content=\"350\" \/>\n\t<meta property=\"og:image:height\" content=\"210\" \/>\n\t<meta property=\"og:image:type\" content=\"image\/jpeg\" \/>\n<meta name=\"author\" content=\"GGCOM\" \/>\n<meta name=\"twitter:card\" content=\"summary_large_image\" \/>\n<meta name=\"twitter:label1\" content=\"Written by\" \/>\n\t<meta name=\"twitter:data1\" content=\"GGCOM\" \/>\n\t<meta name=\"twitter:label2\" content=\"Est. reading time\" \/>\n\t<meta name=\"twitter:data2\" content=\"3 minutes\" \/>\n<script type=\"application\/ld+json\" class=\"yoast-schema-graph\">{\"@context\":\"https:\/\/schema.org\",\"@graph\":[{\"@type\":\"WebPage\",\"@id\":\"https:\/\/www.aie.es\/en\/adios-a-carlos-marin\/\",\"url\":\"https:\/\/www.aie.es\/en\/adios-a-carlos-marin\/\",\"name\":\"Adi\u00f3s a Carlos Mar\u00edn, cantante espa\u00f1ol de Il Divo - AIE Sociedad de Artistas Int\u00e9rpretes o Ejecutantes de Espa\u00f1a\",\"isPartOf\":{\"@id\":\"https:\/\/www.aie.es\/#website\"},\"datePublished\":\"2021-12-20T16:14:56+00:00\",\"dateModified\":\"2021-12-20T16:14:56+00:00\",\"author\":{\"@id\":\"https:\/\/www.aie.es\/#\/schema\/person\/9008ac87bc3b5836f79e2a677dace4d5\"},\"breadcrumb\":{\"@id\":\"https:\/\/www.aie.es\/en\/adios-a-carlos-marin\/#breadcrumb\"},\"inLanguage\":\"en-US\",\"potentialAction\":[{\"@type\":\"ReadAction\",\"target\":[\"https:\/\/www.aie.es\/en\/adios-a-carlos-marin\/\"]}]},{\"@type\":\"BreadcrumbList\",\"@id\":\"https:\/\/www.aie.es\/en\/adios-a-carlos-marin\/#breadcrumb\",\"itemListElement\":[{\"@type\":\"ListItem\",\"position\":1,\"name\":\"Portada\",\"item\":\"https:\/\/www.aie.es\/en\/\"},{\"@type\":\"ListItem\",\"position\":2,\"name\":\"Adi\u00f3s a Carlos Mar\u00edn, cantante espa\u00f1ol de Il Divo\"}]},{\"@type\":\"WebSite\",\"@id\":\"https:\/\/www.aie.es\/#website\",\"url\":\"https:\/\/www.aie.es\/\",\"name\":\"AIE Sociedad de Artistas Int\u00e9rpretes o Ejecutantes de Espa\u00f1a\",\"description\":\"Entidad de gesti\u00f3n de derechos de propiedad intelectual\",\"potentialAction\":[{\"@type\":\"SearchAction\",\"target\":{\"@type\":\"EntryPoint\",\"urlTemplate\":\"https:\/\/www.aie.es\/?s={search_term_string}\"},\"query-input\":\"required name=search_term_string\"}],\"inLanguage\":\"en-US\"},{\"@type\":\"Person\",\"@id\":\"https:\/\/www.aie.es\/#\/schema\/person\/9008ac87bc3b5836f79e2a677dace4d5\",\"name\":\"GGCOM\",\"image\":{\"@type\":\"ImageObject\",\"inLanguage\":\"en-US\",\"@id\":\"https:\/\/www.aie.es\/#\/schema\/person\/image\/\",\"url\":\"https:\/\/secure.gravatar.com\/avatar\/b4ed17baa0f661a7cbe0494fbec9b888?s=96&d=mm&r=g\",\"contentUrl\":\"https:\/\/secure.gravatar.com\/avatar\/b4ed17baa0f661a7cbe0494fbec9b888?s=96&d=mm&r=g\",\"caption\":\"GGCOM\"},\"url\":\"https:\/\/www.aie.es\/en\/author\/cgarriga\/\"}]}<\/script>\n<!-- \/ Yoast SEO Premium plugin. -->","yoast_head_json":{"title":"Adi\u00f3s a Carlos Mar\u00edn, cantante espa\u00f1ol de Il Divo - AIE Sociedad de Artistas Int\u00e9rpretes o Ejecutantes de Espa\u00f1a","robots":{"index":"index","follow":"follow","max-snippet":"max-snippet:-1","max-image-preview":"max-image-preview:large","max-video-preview":"max-video-preview:-1"},"canonical":"https:\/\/www.aie.es\/en\/adios-a-carlos-marin\/","og_locale":"en_US","og_type":"article","og_title":"Adi\u00f3s a Carlos Mar\u00edn, cantante espa\u00f1ol de Il Divo","og_description":"La Sociedad de Artistas AIE env\u00eda sus condolencias a familiares, colegas, amigos y dem\u00e1s seres queridos de su socio Carlos Mar\u00edn, cantante espa\u00f1ol de Il Divo, que ha fallecido este domingo en Reino Unido. Antes de entrar a formar parte del cuarteto creado por el productor brit\u00e1nico Simon Cowell, Carlos Mar\u00edn hab\u00eda formado parte de los elencos de musicales, \u00f3peras y zarzuelas, donde hab\u00eda dejado muestras de su talento y calidad art\u00edstica.","og_url":"https:\/\/www.aie.es\/en\/adios-a-carlos-marin\/","og_site_name":"AIE Sociedad de Artistas Int\u00e9rpretes o Ejecutantes de Espa\u00f1a","article_published_time":"2021-12-20T16:14:56+00:00","og_image":[{"width":350,"height":210,"url":"https:\/\/www.aie.es\/wp-content\/uploads\/carlos-marin-carr.jpg","type":"image\/jpeg"}],"author":"GGCOM","twitter_card":"summary_large_image","twitter_misc":{"Written by":"GGCOM","Est. reading time":"3 minutes"},"schema":{"@context":"https:\/\/schema.org","@graph":[{"@type":"WebPage","@id":"https:\/\/www.aie.es\/en\/adios-a-carlos-marin\/","url":"https:\/\/www.aie.es\/en\/adios-a-carlos-marin\/","name":"Adi\u00f3s a Carlos Mar\u00edn, cantante espa\u00f1ol de Il Divo - AIE Sociedad de Artistas Int\u00e9rpretes o Ejecutantes de Espa\u00f1a","isPartOf":{"@id":"https:\/\/www.aie.es\/#website"},"datePublished":"2021-12-20T16:14:56+00:00","dateModified":"2021-12-20T16:14:56+00:00","author":{"@id":"https:\/\/www.aie.es\/#\/schema\/person\/9008ac87bc3b5836f79e2a677dace4d5"},"breadcrumb":{"@id":"https:\/\/www.aie.es\/en\/adios-a-carlos-marin\/#breadcrumb"},"inLanguage":"en-US","potentialAction":[{"@type":"ReadAction","target":["https:\/\/www.aie.es\/en\/adios-a-carlos-marin\/"]}]},{"@type":"BreadcrumbList","@id":"https:\/\/www.aie.es\/en\/adios-a-carlos-marin\/#breadcrumb","itemListElement":[{"@type":"ListItem","position":1,"name":"Portada","item":"https:\/\/www.aie.es\/en\/"},{"@type":"ListItem","position":2,"name":"Adi\u00f3s a Carlos Mar\u00edn, cantante espa\u00f1ol de Il Divo"}]},{"@type":"WebSite","@id":"https:\/\/www.aie.es\/#website","url":"https:\/\/www.aie.es\/","name":"AIE Sociedad de Artistas Int\u00e9rpretes o Ejecutantes de Espa\u00f1a","description":"Entidad de gesti\u00f3n de derechos de propiedad intelectual","potentialAction":[{"@type":"SearchAction","target":{"@type":"EntryPoint","urlTemplate":"https:\/\/www.aie.es\/?s={search_term_string}"},"query-input":"required name=search_term_string"}],"inLanguage":"en-US"},{"@type":"Person","@id":"https:\/\/www.aie.es\/#\/schema\/person\/9008ac87bc3b5836f79e2a677dace4d5","name":"GGCOM","image":{"@type":"ImageObject","inLanguage":"en-US","@id":"https:\/\/www.aie.es\/#\/schema\/person\/image\/","url":"https:\/\/secure.gravatar.com\/avatar\/b4ed17baa0f661a7cbe0494fbec9b888?s=96&d=mm&r=g","contentUrl":"https:\/\/secure.gravatar.com\/avatar\/b4ed17baa0f661a7cbe0494fbec9b888?s=96&d=mm&r=g","caption":"GGCOM"},"url":"https:\/\/www.aie.es\/en\/author\/cgarriga\/"}]}},"_links":{"self":[{"href":"https:\/\/www.aie.es\/en\/wp-json\/wp\/v2\/posts\/38186"}],"collection":[{"href":"https:\/\/www.aie.es\/en\/wp-json\/wp\/v2\/posts"}],"about":[{"href":"https:\/\/www.aie.es\/en\/wp-json\/wp\/v2\/types\/post"}],"author":[{"embeddable":true,"href":"https:\/\/www.aie.es\/en\/wp-json\/wp\/v2\/users\/3"}],"replies":[{"embeddable":true,"href":"https:\/\/www.aie.es\/en\/wp-json\/wp\/v2\/comments?post=38186"}],"version-history":[{"count":0,"href":"https:\/\/www.aie.es\/en\/wp-json\/wp\/v2\/posts\/38186\/revisions"}],"wp:featuredmedia":[{"embeddable":true,"href":"https:\/\/www.aie.es\/en\/wp-json\/wp\/v2\/media\/38183"}],"wp:attachment":[{"href":"https:\/\/www.aie.es\/en\/wp-json\/wp\/v2\/media?parent=38186"}],"wp:term":[{"taxonomy":"category","embeddable":true,"href":"https:\/\/www.aie.es\/en\/wp-json\/wp\/v2\/categories?post=38186"},{"taxonomy":"post_tag","embeddable":true,"href":"https:\/\/www.aie.es\/en\/wp-json\/wp\/v2\/tags?post=38186"}],"curies":[{"name":"wp","href":"https:\/\/api.w.org\/{rel}","templated":true}]}}