{"id":39547,"date":"2022-03-18T15:01:23","date_gmt":"2022-03-18T14:01:23","guid":{"rendered":"https:\/\/www.aie.es\/abierta-convocatoria-becasaie-2022\/"},"modified":"2022-05-13T14:55:32","modified_gmt":"2022-05-13T13:55:32","slug":"abierta-convocatoria-becasaie-2022","status":"publish","type":"post","link":"https:\/\/www.aie.es\/en\/abierta-convocatoria-becasaie-2022\/","title":{"rendered":"Abierta la convocatoria de las BECASAIE"},"content":{"rendered":"<p>Para cualquier informaci\u00f3n adicional, los interesados pueden ponerse en contacto con Informaci\u00f3n de BecasAIE en los tel\u00e9fonos 91 577 97 09 (Madrid), 93 292 02 50 (Barcelona) o 95 433 91 84 (Sevilla). Tambi\u00e9n escribiendo a <a href=\"mailto:becas@aie.es\" target=\"_blank\" rel=\"noopener noreferrer\">becas@aie.es<\/a><\/p>\n<p><img decoding=\"async\" class=\"aligncenter size-full wp-image-39540\" src=\"https:\/\/www.aie.es\/wp-content\/uploads\/infobecasint.jpg\" alt=\"\" width=\"940\" height=\"512\" srcset=\"https:\/\/www.aie.es\/wp-content\/uploads\/infobecasint.jpg 940w, https:\/\/www.aie.es\/wp-content\/uploads\/infobecasint-300x163.jpg 300w, https:\/\/www.aie.es\/wp-content\/uploads\/infobecasint-768x418.jpg 768w, https:\/\/www.aie.es\/wp-content\/uploads\/infobecasint-700x381.jpg 700w\" sizes=\"(max-width: 940px) 100vw, 940px\" \/><\/p>\n<p>Las <a href=\"https:\/\/www.aie.es\/formacion\/becas-aie\/\" target=\"_blank\" rel=\"noopener noreferrer\">BecasAIE<\/a> van destinadas a alumnos de estudios musicales de Grado Medio o Superior, dependiendo de la beca, o a profesionales de la m\u00fasica en activo, y se aplican al curso acad\u00e9mico 2022\/2023, excepto en el caso de los cursos de verano que corresponden al a\u00f1o 2022.<\/p>\n<p>La Sociedad de Artistas AIE ha abierto\u00a0 la nueva convocatoria de BECASAIE de Estudios Musicales para el curso 2022\/2023, con arreglo a las siguientes modalidades:<\/p>\n<h2 id=\"ui-accordion-2-header-0\" class=\"clearfix title-holder ui-accordion-header ui-helper-reset ui-state-default ui-accordion-header-active ui-state-active ui-corner-top ui-state-hover ui-state-focus\" role=\"tab\"><span class=\"tab-title\">105 Becas de Formaci\u00f3n o Ampliaci\u00f3n de Estudios Musicales<\/span><\/h2>\n<div id=\"ui-accordion-2-panel-0\" class=\"accordion_content no_icon ui-accordion-content ui-helper-reset ui-widget-content ui-corner-bottom ui-accordion-content-active\" role=\"tabpanel\" aria-labelledby=\"ui-accordion-2-header-0\" aria-hidden=\"false\">\n<div class=\"accordion_content_inner\">\n<div class=\"wpb_text_column wpb_content_element \">\n<div class=\"wpb_wrapper\">\n<p><strong>Con una dotaci\u00f3n de hasta 600 \u20ac cada una<\/strong><\/p>\n<p>Se trata de becas para cursar estudios o recibir formaci\u00f3n en centros de ense\u00f1anza musical oficiales y no oficiales tanto dentro de Espa\u00f1a como en el extranjero.<\/p>\n<p><strong>\u2013 12 BecasAIE destinadas a las cinco escuelas relacionadas a continuaci\u00f3n, con las que AIE ha establecido un acuerdo de colaboraci\u00f3n:<\/strong><\/p>\n<ul>\n<li><a href=\"http:\/\/www.conservatoriliceu.es\/es\/centro-profesional-grado-medio\/aula-de-musica-moderna-y-jazz\" target=\"_blank\" rel=\"noopener noreferrer\">Aula de M\u00fasica Moderna i Jazz Fundaci\u00f3 Conservatori del Liceo<\/a>\u00a0de Barcelona.\u00a0 4 BecasAIE<\/li>\n<li><a href=\"http:\/\/www.estumusica.es\/\" target=\"_blank\" rel=\"noopener noreferrer\">Escuela de M\u00fasica Joaqu\u00edn Turina<\/a>\u00a0de Sevilla. 2 BecasAIE<\/li>\n<li><a href=\"http:\/\/www.flamencoheeren.com\/\" target=\"_blank\" rel=\"noopener noreferrer\">Escuela Fundaci\u00f3n Cristina Heeren de Arte Flamenco<\/a>\u00a0de Sevilla. 4 BecasAIE<\/li>\n<li><a href=\"http:\/\/www.populardemusica.com\/index.epmd\" target=\"_blank\" rel=\"noopener noreferrer\">Escuela Popular de M\u00fasica y Danza<\/a>, Madrid. 2 BecasAIE<\/li>\n<\/ul>\n<p>&nbsp;<\/p>\n<p><strong>\u2013 44 BecasAIE destinadas a las trece escuelas de la REEM relacionadas a continuaci\u00f3n:<\/strong><\/p>\n<ul>\n<li><a href=\"http:\/\/www.progresomusical.com\/\" target=\"_blank\" rel=\"noopener noreferrer\">Escuela Superior de M\u00fasica Progreso Musical de Madrid<\/a> \u2013 3 BecasAIE.<\/li>\n<li><a href=\"http:\/\/www.amcontemporanea.es\/\">Academia de M\u00fasica Contempor\u00e1nea<\/a>\u00a0de Madrid -3 BecasAIE.<\/li>\n<li><a href=\"https:\/\/www.mayeusis.com\/\" target=\"_blank\" rel=\"noopener noreferrer\">Conservatorio Mayeusis<\/a>\u00a0de Vigo -3 BecasAIE.<\/li>\n<li><a href=\"http:\/\/piccoloysaxo.com\/\" target=\"_blank\" rel=\"noopener noreferrer\">Escuela de M\u00fasica \u201cPiccolo y Saxo\u201d<\/a> de Logro\u00f1o \u2013 4 BecasAIE.<\/li>\n<li><a href=\"http:\/\/www.prestovivace.es\/\" target=\"_blank\" rel=\"noopener noreferrer\">Escuela de M\u00fasica y Baile Presto Vivace<\/a>\u00a0de A Coru\u00f1a \u2013 3 BecasAIE.<\/li>\n<li><a href=\"http:\/\/jamsession.cat\/\" target=\"_blank\" rel=\"noopener noreferrer\">Jam Session \u00a0Escuela de M\u00fasica<\/a>\u00a0de Barcelona \u2013 3 BecasAIE.<\/li>\n<li><a href=\"http:\/\/www.tallerdemusicajove.es\/\" target=\"_blank\" rel=\"noopener noreferrer\">Taller de M\u00fasica Jove<\/a>\u00a0de Valencia \u2013 3 BecasAIE.<\/li>\n<li><a href=\"http:\/\/www.escueladenuevasmusicas.com\/\" target=\"_blank\" rel=\"noopener noreferrer\">Escuela de Nuevas M\u00fasicas<\/a>\u00a0de Madrid \u2013 4 BecasAIE.<\/li>\n<li><a href=\"http:\/\/www.escola-estudio.com\/\">Estudio Escola de M\u00fasica<\/a>\u00a0de Santiago de Compostela \u2013 4 BecasAIE.<\/li>\n<li><a href=\"https:\/\/tallerdemusicos.com\/\" target=\"_blank\" rel=\"noopener noreferrer\">Taller de M\u00fasicos<\/a>\u00a0de Madrid \u2013 4 BecasAIE.<\/li>\n<li><a href=\"http:\/\/www.musicacreativa.com\/\" target=\"_blank\" rel=\"noopener noreferrer\">Escuela de M\u00fasica Creativa<\/a>\u00a0de Madrid \u2013 4 BecasAIE.<\/li>\n<li><a href=\"http:\/\/www.tallerdemusics.com\/\" target=\"_blank\" rel=\"noopener noreferrer\">Taller de M\u00fasics<\/a>\u00a0de Barcelona \u2013 4 BecasAIE.<\/li>\n<li><a href=\"http:\/\/www.l-interpret.com\/portada\" target=\"_blank\" rel=\"noopener noreferrer\">Escuela de M\u00fasica L&#8217;Int\u00e8rpret<\/a> de L\u00e9rida &#8211; 2 BecasAIE.<\/li>\n<\/ul>\n<p>&nbsp;<\/p>\n<p>Gracias estos acuerdos, todas estas escuelas colaboran en la dotaci\u00f3n de estas 56 becas, con una aportaci\u00f3n en torno al 40 % del importe total de cada beca. En el caso de que la dotaci\u00f3n total de la beca no cubra el importe completo de la matricula, el\/la becado\/a deber\u00e1 hacerse cargo de la diferencia.<\/p>\n<p><strong>44 BECASAIE DE FORMACI\u00d3N O AMPLIACI\u00d3N DE ESTUDIOS MUSICALES\u00a0<\/strong>destinadas a centros de ense\u00f1anza no oficiales, tanto en Espa\u00f1a como en el extranjero, de libre elecci\u00f3n.<\/p>\n<p><strong>5 BECASAIE DE FORMACI\u00d3N O AMPLIACI\u00d3N DE ESTUDIOS MUSICALES\u00a0<\/strong>destinadas a socios de AIE mayores de 35 a\u00f1os para estudiar en centros de ense\u00f1anza musical no oficial, tanto en Espa\u00f1a como en el extranjero, de libre elecci\u00f3n.<\/p>\n<p>&nbsp;<\/p>\n<\/div>\n<\/div>\n<\/div>\n<\/div>\n<h2 id=\"ui-accordion-2-header-1\" class=\"clearfix title-holder ui-accordion-header ui-helper-reset ui-state-default ui-accordion-header-active ui-state-active ui-corner-top ui-state-hover ui-state-focus\" role=\"tab\"><span class=\"tab-title\">27 BECASAIE de Alta Especializaci\u00f3n<\/span><\/h2>\n<div id=\"ui-accordion-2-panel-1\" class=\"accordion_content no_icon ui-accordion-content ui-helper-reset ui-widget-content ui-corner-bottom ui-accordion-content-active\" role=\"tabpanel\" aria-labelledby=\"ui-accordion-2-header-1\" aria-hidden=\"false\">\n<div class=\"accordion_content_inner\">\n<div class=\"wpb_text_column wpb_content_element \">\n<div class=\"wpb_wrapper\">\n<p><strong>Con una dotaci\u00f3n de hasta 6.000 \u20ac cada una<\/strong><\/p>\n<p>Las BECASAIE de Alta Especializaci\u00f3n son becas para cursar estudios de Grado Superior o para recibir formaci\u00f3n de alto nivel en prestigiosos Centros tanto nacionales como internacionales. La dotaci\u00f3n m\u00e1xima de estas becas es de 6.000 \u20ac.<\/p>\n<p>La distribuci\u00f3n de estas becas es la siguiente:<\/p>\n<ul>\n<li><strong>5 BecasAIE de 4.000 \u20ac para los centros de ense\u00f1anza musical no oficiales <\/strong>(tanto en Espa\u00f1a como en el extranjero).<\/li>\n<li><strong>4 BecasAIE de 4.000 \u20ac para la <\/strong><a href=\"http:\/\/www.escuelasuperiordemusicareinasofia.es\/\" target=\"_blank\" rel=\"noopener noreferrer\"><strong>Escuela Superior de M\u00fasica Reina Sof\u00eda<\/strong><\/a><strong>\u00a0<\/strong>de Madrid.<\/li>\n<li><strong>3 BecasAIE de 6.000 \u20ac para el <\/strong><a href=\"http:\/\/www.berklee.edu\/\" target=\"_blank\" rel=\"noopener noreferrer\"><strong>Berklee College of Music<\/strong><\/a><strong>\u00a0<\/strong>de Boston<strong>\u00a0<\/strong>(Estados Unidos).<\/li>\n<li><strong>1 BecaAIE de 4.000 \u20ac para el <\/strong><a href=\"http:\/\/www.conservatori-liceu.es\/\" target=\"_blank\" rel=\"noopener noreferrer\"><strong>Conservatori del Liceu<\/strong><\/a><strong>\u00a0<\/strong>de Barcelona.\u00a0Destinada a Estudios de Grado Superior Reglado.<\/li>\n<li><strong>1 BecaAIE de 4.000 \u20ac para el <\/strong><a href=\"http:\/\/www.tallerdemusics.com\/\" target=\"_blank\" rel=\"noopener noreferrer\"><strong>Taller de Musics<\/strong><\/a>\u00a0de Barcelona, destinada a Estudios Superiores Reglados.<\/li>\n<li><strong>1 BecaAIE de 4.000 \u20ac para la <\/strong><a href=\"http:\/\/www.uax.es\/\" target=\"_blank\" rel=\"noopener noreferrer\"><strong>Universidad Alfonso X el Sabio<\/strong><\/a>\u00a0de Madrid, destinada a Estudios Superiores Musicales<\/li>\n<li><strong>1 BecaAIE de 4.000 \u20ac para la <a href=\"http:\/\/www.musicacreativa.com\/\">Centro<\/a><\/strong><a href=\"http:\/\/www.musicacreativa.com\/\" target=\"_blank\" rel=\"noopener noreferrer\"><strong>\u00a0Superior M\u00fasica Creativa<\/strong><\/a>\u00a0de Madrid, destinada a Estudios Superiores de M\u00fasica.<\/li>\n<li><strong>2 BecasAIE de 2.000 \u20ac para la <\/strong><a href=\"http:\/\/www.jamsession.cat\/\" target=\"_blank\" rel=\"noopener noreferrer\"><strong>Jam Session Escuela de M\u00fasica<\/strong><\/a>\u00a0de Barcelona destina a Estudios Superiores de M\u00fasica Rock.<\/li>\n<li><strong>3 BecasAIE para el <\/strong><a href=\"http:\/\/www.lipa.ac.uk\/\" target=\"_blank\" rel=\"noopener noreferrer\"><strong>Liverpool Institute for Permorfing Arts \u2013 LIPA<\/strong><\/a><strong>\u00a0<\/strong>de Liverpool (Reino Unido), con una dotaci\u00f3n de <strong>1.000 \u20ac<\/strong>. Estas becas est\u00e1n destinadas a estudiantes de Estudios Superiores que ya hayan superado las pruebas oficiales de ingreso de este centro con arreglo al calendario del mismo. Para m\u00e1s informaci\u00f3n visita el sitio web\u00a0<a href=\"http:\/\/www.lipa.ac.uk\/\" target=\"_blank\" rel=\"noopener noreferrer\">www.lipa.ac.uk<\/a><\/li>\n<li><strong>1 BecaAIE de Jazz Tete Montoliu de 2.000 \u20ac <\/strong>para centros de ense\u00f1anza musical no oficial<strong>.<\/strong><\/li>\n<li><strong>2 BecasAIE de 2.000 \u20ac <\/strong>cada una para\u00a0<a href=\"http:\/\/musikene.eus\/\" target=\"_blank\" rel=\"noopener noreferrer\"><strong>Musikene\u00a0San Sebasti\u00e1n<\/strong><\/a>\u00a0destinadas a Estudios Superiores de M\u00fasica en las especialidades de Interpretaci\u00f3n Cl\u00e1sico y Jazz.<\/li>\n<li><strong>3 BecasAIE DE 1.350\u20ac cada una para la<\/strong><a href=\"http:\/\/www.esmuc.cat\/\" target=\"_blank\" rel=\"noopener noreferrer\"><strong>\u00a0Escuela Superior de M\u00fasica de Catalunya (ESMUC)<\/strong><\/a>, destinada a estudiantes del M\u00e0ster de Estudios Avanzados de Interpretaci\u00f3n (MEAI) para instrumentos de m\u00fasica cl\u00e1sica y contempor\u00e1nea.<\/li>\n<\/ul>\n<p>Todas estas becas son para centros de ense\u00f1anza musical no oficial tanto en Espa\u00f1a como en el extranjero.<\/p>\n<p>&nbsp;<\/p>\n<\/div>\n<\/div>\n<\/div>\n<\/div>\n<h2 id=\"ui-accordion-2-header-2\" class=\"clearfix title-holder ui-accordion-header ui-helper-reset ui-state-default ui-accordion-header-active ui-state-active ui-corner-top ui-state-hover ui-state-focus\" role=\"tab\"><span class=\"tab-title\">6 Becas para los Cursos Manuel de Falla<\/span><\/h2>\n<div id=\"ui-accordion-2-panel-2\" class=\"accordion_content no_icon ui-accordion-content ui-helper-reset ui-widget-content ui-corner-bottom ui-accordion-content-active\" role=\"tabpanel\" aria-labelledby=\"ui-accordion-2-header-2\" aria-hidden=\"false\">\n<div class=\"accordion_content_inner\">\n<div class=\"wpb_text_column wpb_content_element \">\n<div class=\"wpb_wrapper\">\n<p><strong>Con una dotaci\u00f3n de hasta 300 \u20ac cada una<\/strong><\/p>\n<p>Se ofrecen becas para estos prestigiosos cursos internacionales organizados por el Festival Internacional de M\u00fasica y Danza de Granada:<\/p>\n<ul>\n<li>Academia Barroca del Festival de Granada<\/li>\n<li>Curso de direcci\u00f3n coral<\/li>\n<li>Curso de guitarra cl\u00e1sica<\/li>\n<li>Curso de guitarra flamenca<\/li>\n<\/ul>\n<p>&nbsp;<\/p>\n<p>Destinadas a alumnos no residentes en Granada, seleccionados por un Tribunal creado expresamente para esta modalidad, y su concesi\u00f3n se comunicar\u00e1 a los solicitantes a partir del<strong> 3 de junio de 2022<\/strong>.\u00a0 AIE tramitar\u00e1 el pago de las mismas directamente con los destinatarios\/as de las BecasAIE.<\/p>\n<p>Los cursos, clases magistrales o talleres podr\u00e1n ser cancelados en caso de que no se alcance un n\u00famero m\u00ednimo de alumnos matriculados, a criterio de la organizaci\u00f3n de los Cursos Manuel de Falla.<\/p>\n<p><strong>M\u00e1s informaci\u00f3n en:<\/strong><\/p>\n<p>Tel\u00e9fono 661 672 366<\/p>\n<p><a href=\"http:\/\/www.granadafestival.org\/\">http:\/\/www.granadafestival.org<\/a><\/p>\n<p><a href=\"mailto:cursos@granadafestival.org\">cursos@granadafestival.org<\/a><\/p>\n<\/div>\n<\/div>\n<\/div>\n<\/div>\n","protected":false},"excerpt":{"rendered":"<p>La Sociedad de Artistas AIE destina un 10 % de su presupuesto a actividades de promoci\u00f3n y ayuda a los m\u00fasicos. En esta actividad, la formaci\u00f3n es un pilar fundamental y la entidad ofrece, un a\u00f1o m\u00e1s, el\u00a0programa de BECASAIE\u00a0para la realizaci\u00f3n de estudios en destacadas escuelas de m\u00fasica o para ampliar la formaci\u00f3n de los m\u00fasicos en Espa\u00f1a o en el extranjero. La convocatoria de BECASAIE 2022\/2023 finaliza el viernes 29 de abril a las seis de la tarde.<\/p>\n","protected":false},"author":3,"featured_media":39542,"comment_status":"open","ping_status":"open","sticky":false,"template":"","format":"standard","meta":{"_acf_changed":false,"_relevanssi_hide_post":"","_relevanssi_hide_content":"","_relevanssi_pin_for_all":"","_relevanssi_pin_keywords":"","_relevanssi_unpin_keywords":"","_relevanssi_related_keywords":"","_relevanssi_related_include_ids":"","_relevanssi_related_exclude_ids":"","_relevanssi_related_no_append":"","_relevanssi_related_not_related":"","_relevanssi_related_posts":"","_relevanssi_noindex_reason":"","footnotes":""},"categories":[318],"tags":[],"acf":[],"yoast_head":"<!-- This site is optimized with the Yoast SEO Premium plugin v21.5 (Yoast SEO v21.9.1) - https:\/\/yoast.com\/wordpress\/plugins\/seo\/ -->\n<title>Abierta la convocatoria de las BECASAIE - AIE Sociedad de Artistas Int\u00e9rpretes o Ejecutantes de Espa\u00f1a<\/title>\n<meta name=\"robots\" content=\"index, follow, max-snippet:-1, max-image-preview:large, max-video-preview:-1\" \/>\n<link rel=\"canonical\" href=\"https:\/\/www.aie.es\/en\/abierta-convocatoria-becasaie-2022\/\" \/>\n<meta property=\"og:locale\" content=\"en_US\" \/>\n<meta property=\"og:type\" content=\"article\" \/>\n<meta property=\"og:title\" content=\"Abierta la convocatoria de las BECASAIE\" \/>\n<meta property=\"og:description\" content=\"La Sociedad de Artistas AIE destina un 10 % de su presupuesto a actividades de promoci\u00f3n y ayuda a los m\u00fasicos. En esta actividad, la formaci\u00f3n es un pilar fundamental y la entidad ofrece, un a\u00f1o m\u00e1s, el\u00a0programa de BECASAIE\u00a0para la realizaci\u00f3n de estudios en destacadas escuelas de m\u00fasica o para ampliar la formaci\u00f3n de los m\u00fasicos en Espa\u00f1a o en el extranjero. La convocatoria de BECASAIE 2022\/2023 finaliza el viernes 29 de abril a las seis de la tarde.\" \/>\n<meta property=\"og:url\" content=\"https:\/\/www.aie.es\/en\/abierta-convocatoria-becasaie-2022\/\" \/>\n<meta property=\"og:site_name\" content=\"AIE Sociedad de Artistas Int\u00e9rpretes o Ejecutantes de Espa\u00f1a\" \/>\n<meta property=\"article:published_time\" content=\"2022-03-18T14:01:23+00:00\" \/>\n<meta property=\"article:modified_time\" content=\"2022-05-13T13:55:32+00:00\" \/>\n<meta property=\"og:image\" content=\"https:\/\/www.aie.es\/wp-content\/uploads\/infobecasport.jpg\" \/>\n\t<meta property=\"og:image:width\" content=\"1080\" \/>\n\t<meta property=\"og:image:height\" content=\"1080\" \/>\n\t<meta property=\"og:image:type\" content=\"image\/jpeg\" \/>\n<meta name=\"author\" content=\"GGCOM\" \/>\n<meta name=\"twitter:card\" content=\"summary_large_image\" \/>\n<meta name=\"twitter:label1\" content=\"Written by\" \/>\n\t<meta name=\"twitter:data1\" content=\"GGCOM\" \/>\n\t<meta name=\"twitter:label2\" content=\"Est. reading time\" \/>\n\t<meta name=\"twitter:data2\" content=\"5 minutes\" \/>\n<script type=\"application\/ld+json\" class=\"yoast-schema-graph\">{\"@context\":\"https:\/\/schema.org\",\"@graph\":[{\"@type\":\"WebPage\",\"@id\":\"https:\/\/www.aie.es\/en\/abierta-convocatoria-becasaie-2022\/\",\"url\":\"https:\/\/www.aie.es\/en\/abierta-convocatoria-becasaie-2022\/\",\"name\":\"Abierta la convocatoria de las BECASAIE - AIE Sociedad de Artistas Int\u00e9rpretes o Ejecutantes de Espa\u00f1a\",\"isPartOf\":{\"@id\":\"https:\/\/www.aie.es\/#website\"},\"datePublished\":\"2022-03-18T14:01:23+00:00\",\"dateModified\":\"2022-05-13T13:55:32+00:00\",\"author\":{\"@id\":\"https:\/\/www.aie.es\/#\/schema\/person\/9008ac87bc3b5836f79e2a677dace4d5\"},\"breadcrumb\":{\"@id\":\"https:\/\/www.aie.es\/en\/abierta-convocatoria-becasaie-2022\/#breadcrumb\"},\"inLanguage\":\"en-US\",\"potentialAction\":[{\"@type\":\"ReadAction\",\"target\":[\"https:\/\/www.aie.es\/en\/abierta-convocatoria-becasaie-2022\/\"]}]},{\"@type\":\"BreadcrumbList\",\"@id\":\"https:\/\/www.aie.es\/en\/abierta-convocatoria-becasaie-2022\/#breadcrumb\",\"itemListElement\":[{\"@type\":\"ListItem\",\"position\":1,\"name\":\"Portada\",\"item\":\"https:\/\/www.aie.es\/en\/\"},{\"@type\":\"ListItem\",\"position\":2,\"name\":\"Abierta la convocatoria de las BECASAIE\"}]},{\"@type\":\"WebSite\",\"@id\":\"https:\/\/www.aie.es\/#website\",\"url\":\"https:\/\/www.aie.es\/\",\"name\":\"AIE Sociedad de Artistas Int\u00e9rpretes o Ejecutantes de Espa\u00f1a\",\"description\":\"Entidad de gesti\u00f3n de derechos de propiedad intelectual\",\"potentialAction\":[{\"@type\":\"SearchAction\",\"target\":{\"@type\":\"EntryPoint\",\"urlTemplate\":\"https:\/\/www.aie.es\/?s={search_term_string}\"},\"query-input\":\"required name=search_term_string\"}],\"inLanguage\":\"en-US\"},{\"@type\":\"Person\",\"@id\":\"https:\/\/www.aie.es\/#\/schema\/person\/9008ac87bc3b5836f79e2a677dace4d5\",\"name\":\"GGCOM\",\"image\":{\"@type\":\"ImageObject\",\"inLanguage\":\"en-US\",\"@id\":\"https:\/\/www.aie.es\/#\/schema\/person\/image\/\",\"url\":\"https:\/\/secure.gravatar.com\/avatar\/b4ed17baa0f661a7cbe0494fbec9b888?s=96&d=mm&r=g\",\"contentUrl\":\"https:\/\/secure.gravatar.com\/avatar\/b4ed17baa0f661a7cbe0494fbec9b888?s=96&d=mm&r=g\",\"caption\":\"GGCOM\"},\"url\":\"https:\/\/www.aie.es\/en\/author\/cgarriga\/\"}]}<\/script>\n<!-- \/ Yoast SEO Premium plugin. -->","yoast_head_json":{"title":"Abierta la convocatoria de las BECASAIE - AIE Sociedad de Artistas Int\u00e9rpretes o Ejecutantes de Espa\u00f1a","robots":{"index":"index","follow":"follow","max-snippet":"max-snippet:-1","max-image-preview":"max-image-preview:large","max-video-preview":"max-video-preview:-1"},"canonical":"https:\/\/www.aie.es\/en\/abierta-convocatoria-becasaie-2022\/","og_locale":"en_US","og_type":"article","og_title":"Abierta la convocatoria de las BECASAIE","og_description":"La Sociedad de Artistas AIE destina un 10 % de su presupuesto a actividades de promoci\u00f3n y ayuda a los m\u00fasicos. En esta actividad, la formaci\u00f3n es un pilar fundamental y la entidad ofrece, un a\u00f1o m\u00e1s, el\u00a0programa de BECASAIE\u00a0para la realizaci\u00f3n de estudios en destacadas escuelas de m\u00fasica o para ampliar la formaci\u00f3n de los m\u00fasicos en Espa\u00f1a o en el extranjero. La convocatoria de BECASAIE 2022\/2023 finaliza el viernes 29 de abril a las seis de la tarde.","og_url":"https:\/\/www.aie.es\/en\/abierta-convocatoria-becasaie-2022\/","og_site_name":"AIE Sociedad de Artistas Int\u00e9rpretes o Ejecutantes de Espa\u00f1a","article_published_time":"2022-03-18T14:01:23+00:00","article_modified_time":"2022-05-13T13:55:32+00:00","og_image":[{"width":1080,"height":1080,"url":"https:\/\/www.aie.es\/wp-content\/uploads\/infobecasport.jpg","type":"image\/jpeg"}],"author":"GGCOM","twitter_card":"summary_large_image","twitter_misc":{"Written by":"GGCOM","Est. reading time":"5 minutes"},"schema":{"@context":"https:\/\/schema.org","@graph":[{"@type":"WebPage","@id":"https:\/\/www.aie.es\/en\/abierta-convocatoria-becasaie-2022\/","url":"https:\/\/www.aie.es\/en\/abierta-convocatoria-becasaie-2022\/","name":"Abierta la convocatoria de las BECASAIE - AIE Sociedad de Artistas Int\u00e9rpretes o Ejecutantes de Espa\u00f1a","isPartOf":{"@id":"https:\/\/www.aie.es\/#website"},"datePublished":"2022-03-18T14:01:23+00:00","dateModified":"2022-05-13T13:55:32+00:00","author":{"@id":"https:\/\/www.aie.es\/#\/schema\/person\/9008ac87bc3b5836f79e2a677dace4d5"},"breadcrumb":{"@id":"https:\/\/www.aie.es\/en\/abierta-convocatoria-becasaie-2022\/#breadcrumb"},"inLanguage":"en-US","potentialAction":[{"@type":"ReadAction","target":["https:\/\/www.aie.es\/en\/abierta-convocatoria-becasaie-2022\/"]}]},{"@type":"BreadcrumbList","@id":"https:\/\/www.aie.es\/en\/abierta-convocatoria-becasaie-2022\/#breadcrumb","itemListElement":[{"@type":"ListItem","position":1,"name":"Portada","item":"https:\/\/www.aie.es\/en\/"},{"@type":"ListItem","position":2,"name":"Abierta la convocatoria de las BECASAIE"}]},{"@type":"WebSite","@id":"https:\/\/www.aie.es\/#website","url":"https:\/\/www.aie.es\/","name":"AIE Sociedad de Artistas Int\u00e9rpretes o Ejecutantes de Espa\u00f1a","description":"Entidad de gesti\u00f3n de derechos de propiedad intelectual","potentialAction":[{"@type":"SearchAction","target":{"@type":"EntryPoint","urlTemplate":"https:\/\/www.aie.es\/?s={search_term_string}"},"query-input":"required name=search_term_string"}],"inLanguage":"en-US"},{"@type":"Person","@id":"https:\/\/www.aie.es\/#\/schema\/person\/9008ac87bc3b5836f79e2a677dace4d5","name":"GGCOM","image":{"@type":"ImageObject","inLanguage":"en-US","@id":"https:\/\/www.aie.es\/#\/schema\/person\/image\/","url":"https:\/\/secure.gravatar.com\/avatar\/b4ed17baa0f661a7cbe0494fbec9b888?s=96&d=mm&r=g","contentUrl":"https:\/\/secure.gravatar.com\/avatar\/b4ed17baa0f661a7cbe0494fbec9b888?s=96&d=mm&r=g","caption":"GGCOM"},"url":"https:\/\/www.aie.es\/en\/author\/cgarriga\/"}]}},"_links":{"self":[{"href":"https:\/\/www.aie.es\/en\/wp-json\/wp\/v2\/posts\/39547"}],"collection":[{"href":"https:\/\/www.aie.es\/en\/wp-json\/wp\/v2\/posts"}],"about":[{"href":"https:\/\/www.aie.es\/en\/wp-json\/wp\/v2\/types\/post"}],"author":[{"embeddable":true,"href":"https:\/\/www.aie.es\/en\/wp-json\/wp\/v2\/users\/3"}],"replies":[{"embeddable":true,"href":"https:\/\/www.aie.es\/en\/wp-json\/wp\/v2\/comments?post=39547"}],"version-history":[{"count":2,"href":"https:\/\/www.aie.es\/en\/wp-json\/wp\/v2\/posts\/39547\/revisions"}],"predecessor-version":[{"id":39901,"href":"https:\/\/www.aie.es\/en\/wp-json\/wp\/v2\/posts\/39547\/revisions\/39901"}],"wp:featuredmedia":[{"embeddable":true,"href":"https:\/\/www.aie.es\/en\/wp-json\/wp\/v2\/media\/39542"}],"wp:attachment":[{"href":"https:\/\/www.aie.es\/en\/wp-json\/wp\/v2\/media?parent=39547"}],"wp:term":[{"taxonomy":"category","embeddable":true,"href":"https:\/\/www.aie.es\/en\/wp-json\/wp\/v2\/categories?post=39547"},{"taxonomy":"post_tag","embeddable":true,"href":"https:\/\/www.aie.es\/en\/wp-json\/wp\/v2\/tags?post=39547"}],"curies":[{"name":"wp","href":"https:\/\/api.w.org\/{rel}","templated":true}]}}