{"id":39602,"date":"2022-03-21T09:16:14","date_gmt":"2022-03-21T08:16:14","guid":{"rendered":"https:\/\/www.aie.es\/aieconradio3ylacasaencendida\/"},"modified":"2022-04-06T07:45:04","modified_gmt":"2022-04-06T06:45:04","slug":"aieconradio3ylacasaencendida","status":"publish","type":"post","link":"https:\/\/www.aie.es\/en\/aieconradio3ylacasaencendida\/","title":{"rendered":"AIE con Radio 3 y La Casa Encendida"},"content":{"rendered":"<p><img decoding=\"async\" class=\"aligncenter wp-image-39588 size-large\" src=\"https:\/\/www.aie.es\/wp-content\/uploads\/\/La-Radio-Encendida-1-1024x581.jpg\" alt=\"\" width=\"1024\" height=\"581\" srcset=\"https:\/\/www.aie.es\/wp-content\/uploads\/La-Radio-Encendida-1-1024x581.jpg 1024w, https:\/\/www.aie.es\/wp-content\/uploads\/La-Radio-Encendida-1-300x170.jpg 300w, https:\/\/www.aie.es\/wp-content\/uploads\/La-Radio-Encendida-1-768x436.jpg 768w, https:\/\/www.aie.es\/wp-content\/uploads\/La-Radio-Encendida-1-1536x872.jpg 1536w, https:\/\/www.aie.es\/wp-content\/uploads\/La-Radio-Encendida-1-2048x1162.jpg 2048w, https:\/\/www.aie.es\/wp-content\/uploads\/La-Radio-Encendida-1-700x397.jpg 700w\" sizes=\"(max-width: 1024px) 100vw, 1024px\" \/><\/p>\n<p>&nbsp;<\/p>\n<blockquote class=\"twitter-tweet\">\n<p dir=\"ltr\" lang=\"es\">Este fin de semana ha regresado &#8216;La Radio Encendida&#8217; a <a href=\"https:\/\/twitter.com\/radio3_rne?ref_src=twsrc%5Etfw\">@radio3_rne<\/a><\/p>\n<p>Once horas de m\u00fasica en directo que puedes seguir tambi\u00e9n en <a href=\"https:\/\/twitter.com\/rtveplay?ref_src=twsrc%5Etfw\">@rtveplay<\/a><\/p>\n<p>Los detalles, con <a href=\"https:\/\/twitter.com\/raul_portero_?ref_src=twsrc%5Etfw\">@raul_portero_<\/a><a href=\"https:\/\/t.co\/aNlG2IlBhB\">https:\/\/t.co\/aNlG2IlBhB<\/a> <a href=\"https:\/\/t.co\/yeKmbP8AFo\">pic.twitter.com\/yeKmbP8AFo<\/a><\/p>\n<p>\u2014 Telediarios de TVE (@telediario_tve) <a href=\"https:\/\/twitter.com\/telediario_tve\/status\/1505556448687890441?ref_src=twsrc%5Etfw\">March 20, 2022<\/a><\/p><\/blockquote>\n<p><script async src=\"https:\/\/platform.twitter.com\/widgets.js\" charset=\"utf-8\"><\/script><\/p>\n<p><img decoding=\"async\" class=\"aligncenter wp-image-39590 size-large\" src=\"https:\/\/www.aie.es\/wp-content\/uploads\/\/La-Radio-Encendida-2-1024x578.jpg\" alt=\"\" width=\"1024\" height=\"578\" srcset=\"https:\/\/www.aie.es\/wp-content\/uploads\/La-Radio-Encendida-2-1024x578.jpg 1024w, https:\/\/www.aie.es\/wp-content\/uploads\/La-Radio-Encendida-2-300x169.jpg 300w, https:\/\/www.aie.es\/wp-content\/uploads\/La-Radio-Encendida-2-768x434.jpg 768w, https:\/\/www.aie.es\/wp-content\/uploads\/La-Radio-Encendida-2-1536x868.jpg 1536w, https:\/\/www.aie.es\/wp-content\/uploads\/La-Radio-Encendida-2-2048x1157.jpg 2048w, https:\/\/www.aie.es\/wp-content\/uploads\/La-Radio-Encendida-2-700x395.jpg 700w, https:\/\/www.aie.es\/wp-content\/uploads\/La-Radio-Encendida-2-539x303.jpg 539w\" sizes=\"(max-width: 1024px) 100vw, 1024px\" \/><\/p>\n\n\t\t<style type=\"text\/css\">\n\t\t\t#gallery-1 {\n\t\t\t\tmargin: auto;\n\t\t\t}\n\t\t\t#gallery-1 .gallery-item {\n\t\t\t\tfloat: left;\n\t\t\t\tmargin-top: 10px;\n\t\t\t\ttext-align: center;\n\t\t\t\twidth: 50%;\n\t\t\t}\n\t\t\t#gallery-1 img {\n\t\t\t\tborder: 2px solid #cfcfcf;\n\t\t\t}\n\t\t\t#gallery-1 .gallery-caption {\n\t\t\t\tmargin-left: 0;\n\t\t\t}\n\t\t\t\/* see gallery_shortcode() in wp-includes\/media.php *\/\n\t\t<\/style>\n\t\t<div id='gallery-1' class='gallery galleryid-39602 gallery-columns-2 gallery-size-medium'><dl class='gallery-item'>\n\t\t\t<dt class='gallery-icon landscape'>\n\t\t\t\t<a title=\"AIE en la Radio Encendida4\"  href='https:\/\/www.aie.es\/en\/aieconradio3ylacasaencendida\/aie-en-la-radio-encendida4-2\/'><img decoding=\"async\" width=\"300\" height=\"200\" src=\"https:\/\/www.aie.es\/wp-content\/uploads\/AIE-en-la-Radio-Encendida4-300x200.jpg\" class=\"attachment-medium size-medium\" alt=\"\" srcset=\"https:\/\/www.aie.es\/wp-content\/uploads\/AIE-en-la-Radio-Encendida4-300x200.jpg 300w, https:\/\/www.aie.es\/wp-content\/uploads\/AIE-en-la-Radio-Encendida4-1024x683.jpg 1024w, https:\/\/www.aie.es\/wp-content\/uploads\/AIE-en-la-Radio-Encendida4-768x512.jpg 768w, https:\/\/www.aie.es\/wp-content\/uploads\/AIE-en-la-Radio-Encendida4-1536x1024.jpg 1536w, https:\/\/www.aie.es\/wp-content\/uploads\/AIE-en-la-Radio-Encendida4-2048x1365.jpg 2048w, https:\/\/www.aie.es\/wp-content\/uploads\/AIE-en-la-Radio-Encendida4-700x467.jpg 700w\" sizes=\"(max-width: 300px) 100vw, 300px\" \/><\/a>\n\t\t\t<\/dt><\/dl><dl class='gallery-item'>\n\t\t\t<dt class='gallery-icon landscape'>\n\t\t\t\t<a title=\"AIE en la Radio Encendida3\"  href='https:\/\/www.aie.es\/en\/aieconradio3ylacasaencendida\/aie-en-la-radio-encendida3-2\/'><img decoding=\"async\" width=\"300\" height=\"200\" src=\"https:\/\/www.aie.es\/wp-content\/uploads\/AIE-en-la-Radio-Encendida3-300x200.jpg\" class=\"attachment-medium size-medium\" alt=\"\" srcset=\"https:\/\/www.aie.es\/wp-content\/uploads\/AIE-en-la-Radio-Encendida3-300x200.jpg 300w, https:\/\/www.aie.es\/wp-content\/uploads\/AIE-en-la-Radio-Encendida3-1024x683.jpg 1024w, https:\/\/www.aie.es\/wp-content\/uploads\/AIE-en-la-Radio-Encendida3-768x512.jpg 768w, https:\/\/www.aie.es\/wp-content\/uploads\/AIE-en-la-Radio-Encendida3-1536x1024.jpg 1536w, https:\/\/www.aie.es\/wp-content\/uploads\/AIE-en-la-Radio-Encendida3-2048x1365.jpg 2048w, https:\/\/www.aie.es\/wp-content\/uploads\/AIE-en-la-Radio-Encendida3-700x467.jpg 700w\" sizes=\"(max-width: 300px) 100vw, 300px\" \/><\/a>\n\t\t\t<\/dt><\/dl><br style=\"clear: both\" \/><dl class='gallery-item'>\n\t\t\t<dt class='gallery-icon landscape'>\n\t\t\t\t<a title=\"AIE en la Radio Encendida2\"  href='https:\/\/www.aie.es\/en\/aieconradio3ylacasaencendida\/aie-en-la-radio-encendida2-2\/'><img decoding=\"async\" width=\"300\" height=\"200\" src=\"https:\/\/www.aie.es\/wp-content\/uploads\/AIE-en-la-Radio-Encendida2-300x200.jpg\" class=\"attachment-medium size-medium\" alt=\"\" srcset=\"https:\/\/www.aie.es\/wp-content\/uploads\/AIE-en-la-Radio-Encendida2-300x200.jpg 300w, https:\/\/www.aie.es\/wp-content\/uploads\/AIE-en-la-Radio-Encendida2-1024x683.jpg 1024w, https:\/\/www.aie.es\/wp-content\/uploads\/AIE-en-la-Radio-Encendida2-768x512.jpg 768w, https:\/\/www.aie.es\/wp-content\/uploads\/AIE-en-la-Radio-Encendida2-1536x1024.jpg 1536w, https:\/\/www.aie.es\/wp-content\/uploads\/AIE-en-la-Radio-Encendida2-2048x1365.jpg 2048w, https:\/\/www.aie.es\/wp-content\/uploads\/AIE-en-la-Radio-Encendida2-700x467.jpg 700w\" sizes=\"(max-width: 300px) 100vw, 300px\" \/><\/a>\n\t\t\t<\/dt><\/dl><dl class='gallery-item'>\n\t\t\t<dt class='gallery-icon landscape'>\n\t\t\t\t<a title=\"AIE en la Radio Encendida\"  href='https:\/\/www.aie.es\/en\/aieconradio3ylacasaencendida\/aie-en-la-radio-encendida-2\/'><img decoding=\"async\" width=\"300\" height=\"225\" src=\"https:\/\/www.aie.es\/wp-content\/uploads\/AIE-en-la-Radio-Encendida-300x225.jpeg\" class=\"attachment-medium size-medium\" alt=\"\" srcset=\"https:\/\/www.aie.es\/wp-content\/uploads\/AIE-en-la-Radio-Encendida-300x225.jpeg 300w, https:\/\/www.aie.es\/wp-content\/uploads\/AIE-en-la-Radio-Encendida-1024x768.jpeg 1024w, https:\/\/www.aie.es\/wp-content\/uploads\/AIE-en-la-Radio-Encendida-768x576.jpeg 768w, https:\/\/www.aie.es\/wp-content\/uploads\/AIE-en-la-Radio-Encendida-1536x1152.jpeg 1536w, https:\/\/www.aie.es\/wp-content\/uploads\/AIE-en-la-Radio-Encendida-800x600.jpeg 800w, https:\/\/www.aie.es\/wp-content\/uploads\/AIE-en-la-Radio-Encendida-700x525.jpeg 700w, https:\/\/www.aie.es\/wp-content\/uploads\/AIE-en-la-Radio-Encendida.jpeg 1600w\" sizes=\"(max-width: 300px) 100vw, 300px\" \/><\/a>\n\t\t\t<\/dt><\/dl><br style=\"clear: both\" \/>\n\t\t<\/div>\n\n<p><img decoding=\"async\" class=\"aligncenter wp-image-39592 size-large\" src=\"https:\/\/www.aie.es\/wp-content\/uploads\/\/La-radio-encendida-1024x576.jpeg\" alt=\"\" width=\"1024\" height=\"576\" srcset=\"https:\/\/www.aie.es\/wp-content\/uploads\/La-radio-encendida-1024x576.jpeg 1024w, https:\/\/www.aie.es\/wp-content\/uploads\/La-radio-encendida-300x169.jpeg 300w, https:\/\/www.aie.es\/wp-content\/uploads\/La-radio-encendida-768x432.jpeg 768w, https:\/\/www.aie.es\/wp-content\/uploads\/La-radio-encendida-1536x864.jpeg 1536w, https:\/\/www.aie.es\/wp-content\/uploads\/La-radio-encendida-700x394.jpeg 700w, https:\/\/www.aie.es\/wp-content\/uploads\/La-radio-encendida-539x303.jpeg 539w, https:\/\/www.aie.es\/wp-content\/uploads\/La-radio-encendida.jpeg 1600w\" sizes=\"(max-width: 1024px) 100vw, 1024px\" \/><\/p>\n<p>La Sociedad de Artistas AIE con la m\u00fasica en directo. AIE sigue apostando por Radio 3 y La Casa Encendida. 10 horas seguidas de m\u00fasica en directo con artistas y grupos magn\u00edficos.<\/p>\n<p>Felicidades a Radio 3 por su labor imprescindible en la promoci\u00f3n de la m\u00fasica en directo. La m\u00fasica llena nuestras vidas y nos hace mejores.<\/p>\n<p>AIE anima a RTVE a seguir apoyando y mostrando el talento y la vigencia de la m\u00fasica y los m\u00fasicos espa\u00f1oles en el mundo.<\/p>\n<p>\u00a1M\u00e1s m\u00fasica y artistas en radio y televisi\u00f3n!<\/p>\n<p>La Radio Encendida 2022:<\/p>\n<p>12.00h &#8211; Patio<br \/>\nERIK URANO<br \/>\nSANTA SALUT<\/p>\n<p>13.00h \u2013 Auditorio<br \/>\nKORA<br \/>\nROSARIO LA TREMENDITA<\/p>\n<p>14.00h &#8211; Patio<br \/>\nLOS ESTANQUES Y ANNI B. SWEET<br \/>\nNI\u00d1A POLACA (AIE)<\/p>\n<p>15.00h &#8211; Auditorio<br \/>\nROCIO SAIZ<br \/>\nORTIGA (AIE)<\/p>\n<p>16.00h &#8211; Patio<br \/>\nTHE PARROTS<br \/>\nLOS VINAGRES<\/p>\n<p>17.00h &#8211; Auditorio<br \/>\nMARIA YFEU<br \/>\nREBE<br \/>\nJULIA DE CASTRO<\/p>\n<p>18.30 &#8211; Patio<br \/>\nLOS PUNSETES<br \/>\nCUPIDO<br \/>\nVARRY BRAVA<\/p>\n<p>20.00h &#8211; Auditorio<br \/>\nDANI (AIE)<br \/>\nSANTI ARAUJO<br \/>\nCLUB DEL RIO<\/p>\n<p>21.30 &#8211; Patio<br \/>\nLORI MEYERS<br \/>\nMISS CAFFEINA<br \/>\nDORIAN<\/p>\n","protected":false},"excerpt":{"rendered":"<p>La Sociedad de Artistas AIE con la m\u00fasica en directo. AIE sigue apostando por Radio 3 y La Casa Encendida. 10 horas seguidas de m\u00fasica en directo con artistas y grupos magn\u00edficos. Felicidades a Radio 3 por su labor imprescindible en la promoci\u00f3n de la m\u00fasica en directo. La m\u00fasica llena nuestras vidas y nos hace mejores. AIE anima a RTVE a seguir apoyando y mostrando el talento y la vigencia de la m\u00fasica y los m\u00fasicos espa\u00f1oles en el mundo. \u00a1M\u00e1s m\u00fasica y artistas en radio y televisi\u00f3n!<\/p>\n","protected":false},"author":4,"featured_media":39588,"comment_status":"open","ping_status":"open","sticky":false,"template":"","format":"standard","meta":{"_acf_changed":false,"_relevanssi_hide_post":"","_relevanssi_hide_content":"","_relevanssi_pin_for_all":"","_relevanssi_pin_keywords":"","_relevanssi_unpin_keywords":"","_relevanssi_related_keywords":"","_relevanssi_related_include_ids":"","_relevanssi_related_exclude_ids":"","_relevanssi_related_no_append":"","_relevanssi_related_not_related":"","_relevanssi_related_posts":"","_relevanssi_noindex_reason":"","footnotes":""},"categories":[325],"tags":[],"acf":[],"yoast_head":"<!-- This site is optimized with the Yoast SEO Premium plugin v21.5 (Yoast SEO v21.9.1) - https:\/\/yoast.com\/wordpress\/plugins\/seo\/ -->\n<title>AIE con Radio 3 y La Casa Encendida - AIE Sociedad de Artistas Int\u00e9rpretes o Ejecutantes de Espa\u00f1a<\/title>\n<meta name=\"robots\" content=\"index, follow, max-snippet:-1, max-image-preview:large, max-video-preview:-1\" \/>\n<link rel=\"canonical\" href=\"https:\/\/www.aie.es\/en\/aieconradio3ylacasaencendida\/\" \/>\n<meta property=\"og:locale\" content=\"en_US\" \/>\n<meta property=\"og:type\" content=\"article\" \/>\n<meta property=\"og:title\" content=\"AIE con Radio 3 y La Casa Encendida\" \/>\n<meta property=\"og:description\" content=\"La Sociedad de Artistas AIE con la m\u00fasica en directo. AIE sigue apostando por Radio 3 y La Casa Encendida. 10 horas seguidas de m\u00fasica en directo con artistas y grupos magn\u00edficos. Felicidades a Radio 3 por su labor imprescindible en la promoci\u00f3n de la m\u00fasica en directo. La m\u00fasica llena nuestras vidas y nos hace mejores. AIE anima a RTVE a seguir apoyando y mostrando el talento y la vigencia de la m\u00fasica y los m\u00fasicos espa\u00f1oles en el mundo. \u00a1M\u00e1s m\u00fasica y artistas en radio y televisi\u00f3n!\" \/>\n<meta property=\"og:url\" content=\"https:\/\/www.aie.es\/en\/aieconradio3ylacasaencendida\/\" \/>\n<meta property=\"og:site_name\" content=\"AIE Sociedad de Artistas Int\u00e9rpretes o Ejecutantes de Espa\u00f1a\" \/>\n<meta property=\"article:published_time\" content=\"2022-03-21T08:16:14+00:00\" \/>\n<meta property=\"article:modified_time\" content=\"2022-04-06T06:45:04+00:00\" \/>\n<meta property=\"og:image\" content=\"https:\/\/www.aie.es\/wp-content\/uploads\/La-Radio-Encendida-1.jpg\" \/>\n\t<meta property=\"og:image:width\" content=\"2560\" \/>\n\t<meta property=\"og:image:height\" content=\"1453\" \/>\n\t<meta property=\"og:image:type\" content=\"image\/jpeg\" \/>\n<meta name=\"author\" content=\"diego\" \/>\n<meta name=\"twitter:card\" content=\"summary_large_image\" \/>\n<meta name=\"twitter:label1\" content=\"Written by\" \/>\n\t<meta name=\"twitter:data1\" content=\"diego\" \/>\n\t<meta name=\"twitter:label2\" content=\"Est. reading time\" \/>\n\t<meta name=\"twitter:data2\" content=\"1 minute\" \/>\n<script type=\"application\/ld+json\" class=\"yoast-schema-graph\">{\"@context\":\"https:\/\/schema.org\",\"@graph\":[{\"@type\":\"WebPage\",\"@id\":\"https:\/\/www.aie.es\/en\/aieconradio3ylacasaencendida\/\",\"url\":\"https:\/\/www.aie.es\/en\/aieconradio3ylacasaencendida\/\",\"name\":\"AIE con Radio 3 y La Casa Encendida - AIE Sociedad de Artistas Int\u00e9rpretes o Ejecutantes de Espa\u00f1a\",\"isPartOf\":{\"@id\":\"https:\/\/www.aie.es\/#website\"},\"datePublished\":\"2022-03-21T08:16:14+00:00\",\"dateModified\":\"2022-04-06T06:45:04+00:00\",\"author\":{\"@id\":\"https:\/\/www.aie.es\/#\/schema\/person\/ad09c186388b5b9b686fc417f1a335c8\"},\"breadcrumb\":{\"@id\":\"https:\/\/www.aie.es\/en\/aieconradio3ylacasaencendida\/#breadcrumb\"},\"inLanguage\":\"en-US\",\"potentialAction\":[{\"@type\":\"ReadAction\",\"target\":[\"https:\/\/www.aie.es\/en\/aieconradio3ylacasaencendida\/\"]}]},{\"@type\":\"BreadcrumbList\",\"@id\":\"https:\/\/www.aie.es\/en\/aieconradio3ylacasaencendida\/#breadcrumb\",\"itemListElement\":[{\"@type\":\"ListItem\",\"position\":1,\"name\":\"Portada\",\"item\":\"https:\/\/www.aie.es\/en\/\"},{\"@type\":\"ListItem\",\"position\":2,\"name\":\"AIE con Radio 3 y La Casa Encendida\"}]},{\"@type\":\"WebSite\",\"@id\":\"https:\/\/www.aie.es\/#website\",\"url\":\"https:\/\/www.aie.es\/\",\"name\":\"AIE Sociedad de Artistas Int\u00e9rpretes o Ejecutantes de Espa\u00f1a\",\"description\":\"Entidad de gesti\u00f3n de derechos de propiedad intelectual\",\"potentialAction\":[{\"@type\":\"SearchAction\",\"target\":{\"@type\":\"EntryPoint\",\"urlTemplate\":\"https:\/\/www.aie.es\/?s={search_term_string}\"},\"query-input\":\"required name=search_term_string\"}],\"inLanguage\":\"en-US\"},{\"@type\":\"Person\",\"@id\":\"https:\/\/www.aie.es\/#\/schema\/person\/ad09c186388b5b9b686fc417f1a335c8\",\"name\":\"diego\",\"image\":{\"@type\":\"ImageObject\",\"inLanguage\":\"en-US\",\"@id\":\"https:\/\/www.aie.es\/#\/schema\/person\/image\/\",\"url\":\"https:\/\/secure.gravatar.com\/avatar\/baac0355de5f662b0d1486934be3cae7?s=96&d=mm&r=g\",\"contentUrl\":\"https:\/\/secure.gravatar.com\/avatar\/baac0355de5f662b0d1486934be3cae7?s=96&d=mm&r=g\",\"caption\":\"diego\"},\"url\":\"https:\/\/www.aie.es\/en\/author\/diego\/\"}]}<\/script>\n<!-- \/ Yoast SEO Premium plugin. -->","yoast_head_json":{"title":"AIE con Radio 3 y La Casa Encendida - AIE Sociedad de Artistas Int\u00e9rpretes o Ejecutantes de Espa\u00f1a","robots":{"index":"index","follow":"follow","max-snippet":"max-snippet:-1","max-image-preview":"max-image-preview:large","max-video-preview":"max-video-preview:-1"},"canonical":"https:\/\/www.aie.es\/en\/aieconradio3ylacasaencendida\/","og_locale":"en_US","og_type":"article","og_title":"AIE con Radio 3 y La Casa Encendida","og_description":"La Sociedad de Artistas AIE con la m\u00fasica en directo. AIE sigue apostando por Radio 3 y La Casa Encendida. 10 horas seguidas de m\u00fasica en directo con artistas y grupos magn\u00edficos. Felicidades a Radio 3 por su labor imprescindible en la promoci\u00f3n de la m\u00fasica en directo. La m\u00fasica llena nuestras vidas y nos hace mejores. AIE anima a RTVE a seguir apoyando y mostrando el talento y la vigencia de la m\u00fasica y los m\u00fasicos espa\u00f1oles en el mundo. \u00a1M\u00e1s m\u00fasica y artistas en radio y televisi\u00f3n!","og_url":"https:\/\/www.aie.es\/en\/aieconradio3ylacasaencendida\/","og_site_name":"AIE Sociedad de Artistas Int\u00e9rpretes o Ejecutantes de Espa\u00f1a","article_published_time":"2022-03-21T08:16:14+00:00","article_modified_time":"2022-04-06T06:45:04+00:00","og_image":[{"width":2560,"height":1453,"url":"https:\/\/www.aie.es\/wp-content\/uploads\/La-Radio-Encendida-1.jpg","type":"image\/jpeg"}],"author":"diego","twitter_card":"summary_large_image","twitter_misc":{"Written by":"diego","Est. reading time":"1 minute"},"schema":{"@context":"https:\/\/schema.org","@graph":[{"@type":"WebPage","@id":"https:\/\/www.aie.es\/en\/aieconradio3ylacasaencendida\/","url":"https:\/\/www.aie.es\/en\/aieconradio3ylacasaencendida\/","name":"AIE con Radio 3 y La Casa Encendida - AIE Sociedad de Artistas Int\u00e9rpretes o Ejecutantes de Espa\u00f1a","isPartOf":{"@id":"https:\/\/www.aie.es\/#website"},"datePublished":"2022-03-21T08:16:14+00:00","dateModified":"2022-04-06T06:45:04+00:00","author":{"@id":"https:\/\/www.aie.es\/#\/schema\/person\/ad09c186388b5b9b686fc417f1a335c8"},"breadcrumb":{"@id":"https:\/\/www.aie.es\/en\/aieconradio3ylacasaencendida\/#breadcrumb"},"inLanguage":"en-US","potentialAction":[{"@type":"ReadAction","target":["https:\/\/www.aie.es\/en\/aieconradio3ylacasaencendida\/"]}]},{"@type":"BreadcrumbList","@id":"https:\/\/www.aie.es\/en\/aieconradio3ylacasaencendida\/#breadcrumb","itemListElement":[{"@type":"ListItem","position":1,"name":"Portada","item":"https:\/\/www.aie.es\/en\/"},{"@type":"ListItem","position":2,"name":"AIE con Radio 3 y La Casa Encendida"}]},{"@type":"WebSite","@id":"https:\/\/www.aie.es\/#website","url":"https:\/\/www.aie.es\/","name":"AIE Sociedad de Artistas Int\u00e9rpretes o Ejecutantes de Espa\u00f1a","description":"Entidad de gesti\u00f3n de derechos de propiedad intelectual","potentialAction":[{"@type":"SearchAction","target":{"@type":"EntryPoint","urlTemplate":"https:\/\/www.aie.es\/?s={search_term_string}"},"query-input":"required name=search_term_string"}],"inLanguage":"en-US"},{"@type":"Person","@id":"https:\/\/www.aie.es\/#\/schema\/person\/ad09c186388b5b9b686fc417f1a335c8","name":"diego","image":{"@type":"ImageObject","inLanguage":"en-US","@id":"https:\/\/www.aie.es\/#\/schema\/person\/image\/","url":"https:\/\/secure.gravatar.com\/avatar\/baac0355de5f662b0d1486934be3cae7?s=96&d=mm&r=g","contentUrl":"https:\/\/secure.gravatar.com\/avatar\/baac0355de5f662b0d1486934be3cae7?s=96&d=mm&r=g","caption":"diego"},"url":"https:\/\/www.aie.es\/en\/author\/diego\/"}]}},"_links":{"self":[{"href":"https:\/\/www.aie.es\/en\/wp-json\/wp\/v2\/posts\/39602"}],"collection":[{"href":"https:\/\/www.aie.es\/en\/wp-json\/wp\/v2\/posts"}],"about":[{"href":"https:\/\/www.aie.es\/en\/wp-json\/wp\/v2\/types\/post"}],"author":[{"embeddable":true,"href":"https:\/\/www.aie.es\/en\/wp-json\/wp\/v2\/users\/4"}],"replies":[{"embeddable":true,"href":"https:\/\/www.aie.es\/en\/wp-json\/wp\/v2\/comments?post=39602"}],"version-history":[{"count":4,"href":"https:\/\/www.aie.es\/en\/wp-json\/wp\/v2\/posts\/39602\/revisions"}],"predecessor-version":[{"id":39619,"href":"https:\/\/www.aie.es\/en\/wp-json\/wp\/v2\/posts\/39602\/revisions\/39619"}],"wp:featuredmedia":[{"embeddable":true,"href":"https:\/\/www.aie.es\/en\/wp-json\/wp\/v2\/media\/39588"}],"wp:attachment":[{"href":"https:\/\/www.aie.es\/en\/wp-json\/wp\/v2\/media?parent=39602"}],"wp:term":[{"taxonomy":"category","embeddable":true,"href":"https:\/\/www.aie.es\/en\/wp-json\/wp\/v2\/categories?post=39602"},{"taxonomy":"post_tag","embeddable":true,"href":"https:\/\/www.aie.es\/en\/wp-json\/wp\/v2\/tags?post=39602"}],"curies":[{"name":"wp","href":"https:\/\/api.w.org\/{rel}","templated":true}]}}