{"id":39736,"date":"2022-04-11T12:06:20","date_gmt":"2022-04-11T11:06:20","guid":{"rendered":"https:\/\/www.aie.es\/adios-a-mario-martinez\/"},"modified":"2022-04-13T12:45:17","modified_gmt":"2022-04-13T11:45:17","slug":"adios-a-mario-martinez","status":"publish","type":"post","link":"https:\/\/www.aie.es\/en\/adios-a-mario-martinez\/","title":{"rendered":"Adi\u00f3s a Mario Mart\u00ednez"},"content":{"rendered":"<p><img decoding=\"async\" class=\"aligncenter size-full wp-image-39734\" src=\"https:\/\/www.aie.es\/wp-content\/uploads\/mario-int.jpg\" alt=\"\" width=\"940\" height=\"540\" srcset=\"https:\/\/www.aie.es\/wp-content\/uploads\/mario-int.jpg 940w, https:\/\/www.aie.es\/wp-content\/uploads\/mario-int-300x172.jpg 300w, https:\/\/www.aie.es\/wp-content\/uploads\/mario-int-768x441.jpg 768w, https:\/\/www.aie.es\/wp-content\/uploads\/mario-int-345x198.jpg 345w, https:\/\/www.aie.es\/wp-content\/uploads\/mario-int-700x402.jpg 700w\" sizes=\"(max-width: 940px) 100vw, 940px\" \/><\/p>\n<p><strong>Mario Mart\u00ednez<\/strong> (Madrid, 1961) fund\u00f3 <a href=\"https:\/\/launion.net\/biografia\/\" target=\"_blank\" rel=\"noopener noreferrer\">La Uni\u00f3n<\/a> a finales del a\u00f1o 1982 con <strong>Luis Bol\u00edn<\/strong> e <strong>\u00cd\u00f1igo Zabala<\/strong>. M\u00e1s tarde se les uni\u00f3 el vocalista <strong>Rafael S\u00e1nchez<\/strong>, con quien durante los a\u00f1os siguientes encadenaron rotundos \u00e9xitos como La Niebla, Lobo Hombre en Par\u00eds, Sildavia o Fueron los celos, entre muchos otros, que contribuyeron a forjar la leyenda de la d\u00e9cada de los 80 como edad dorada de la m\u00fasica espa\u00f1ola.<\/p>\n<p>El domingo 10 de abril, la cuenta oficial de La Uni\u00f3n en Twitter y Facebook public\u00f3 el siguiente mensaje: <em>&#8220;Amigos , hoy es un d\u00eda muy triste para La Uni\u00f3n. Mario Mart\u00ednez , pieza clave en nuestra historia , participe y creador de grandes momentos y canciones, nos ha dejado despu\u00e9s de una larga lucha&#8221;<\/em>.<\/p>\n<p>La Uni\u00f3n ha vendido m\u00e1s de tres millones de discos y recibi\u00f3 en 2006 un doble disco de diamante por su carrera discogr\u00e1fica. Adem\u00e1s, han sido disco multiplatino, con m\u00e1s de 200.000 copias, los \u00e1lbumes \u201cVivir al Este del Ed\u00e9n\u201d, \u201cTren de Largo Recorrido\u201d, \u201cTentaci\u00f3n\u201d y \u201cGrandes \u00c9xitos\u201d. Obtuvieron disco de platino, con m\u00e1s de 100.000 copias los LP \u201dMil Siluetas\u201d y \u201c4\u00d74\u201d, y disco de oro, con m\u00e1s de 50.000 copias vendidas, los \u00e1lbumes \u201dPsycofunkster Au Lait\u201d, \u201cLa Uni\u00f8n\u201d, \u201cEl Mar de la Fertilidad\u201d e \u201cHiperespacio\u201d.<\/p>\n<p><strong>En el mundo de la m\u00fasica desde 1984<\/strong><\/p>\n<p>El grupo se forma a finales de 1982 con <strong>Luis Bolin<\/strong>, <strong>Mario Mart\u00ednez<\/strong> e <strong>\u00cd\u00f1igo Zabala<\/strong>. Durante el siguiente a\u00f1o preparan una gran cantidad de temas instrumentales a los cuales comienzan a a\u00f1adir voz de <strong>Rafa S\u00e1nchez<\/strong> bien entrado el a\u00f1o 83. Su m\u00fasica influ\u00edda, llena de personalidad, romanticismo, referencias literarias y cinematogr\u00e1ficas pronto se hace notar. Firman con WEA a finales de 1983 cuando <strong>Nacho Cano<\/strong> y <strong>Rafael Abitbol<\/strong> producen tres canciones; dos de ellas fueron \u201cLa Niebla\u201d, \u201cLobo Hombre en Par\u00eds\u201d, basadas en dos cuentos de Boris Vian, y la tercera fue \u201cVoracidad\u201d.<\/p>\n<p>El 12 de marzo de 1984 presentan en la madrile\u00f1a sala El Sol el single y maxi-single \u201cLobo-Hombre en Par\u00eds\u201d del cual se venden m\u00e1s de 200.000 singles, siendo n\u00famero 1 en ventas durante 9 semanas consecutivas y consiguiendo el disco de oro. En octubre del mismo a\u00f1o ve la luz su primer \u00e1lbum, \u201cMil Siluetas\u201d, que contiene, adem\u00e1s del gran \u00e9xito del grupo, grandes relatos repletos de imaginaci\u00f3n y misterio como \u201cSildavia\u201d, \u201cCabaret\u201d o \u201cEclipse\u201d.<\/p>\n<p>M\u00e1s tarde vendr\u00eda \u201cEl Maldito Viento\u201d (1985), un disco conceptual con tem\u00e1ticas menos optimistas. Incluye algunas de las mejores joyas del grupo, como \u201cEntre Flores Raras\u201d, \u201cAltos y Frondosos\u201d o \u201cLa M\u00e1quina del Tiempo\u201d.<\/p>\n<p>\u201c4X4\u201d (1986) es el tercer \u00e1lbum de La Uni\u00f8n. Repleto de cl\u00e1sicos del grupo, comienzan a enriquecer su m\u00fasica con nuevos ritmos, swing para hablar de \u201cEl Rey del Ring\u201d o El \u201cSan Francisco\u201d. Y con una interesante mezcla electro-ac\u00fastica en temas como \u201cMariluz\u201d, \u201cMu\u00e9vete ya\u201d, \u201cDe aqu\u00ed all\u00e1\u201d o \u201cDonde estabais\u201d\u2026 siendo \u00e9ste el \u00faltimo disco producido por <strong>Nacho Cano<\/strong> y <strong>Rafa Abitbol<\/strong>. Con \u00e9l se embarcan en su primera gira americana.<\/p>\n<p>Dos a\u00f1os m\u00e1s tarde La Uni\u00f8n inicia su segunda etapa discogr\u00e1fica. Y no s\u00f3lo porque ellos mismos se ocuparan de la producci\u00f3n de su cuarto \u00e1lbum, \u201cVivir al Este del Ed\u00e9n\u201d (1988), sino porque a partir de ese momento se convirtieron en tr\u00edo tras la marcha de \u00cd\u00f1igo Zabala. Por aquel entonces, y gracias a sus magn\u00edficos directos, su reciente gira americana hab\u00eda hecho de ellos uno de los nombres clave en el panorama del rock cantado en espa\u00f1ol.<\/p>\n<p>Estas nuevas experiencias sirvieron como base a sus nuevos \u00e9xitos, con t\u00edtulos ya hist\u00f3ricos contenidos en este \u00e1lbum como \u201cMaracaibo\u201d, \u201cM\u00e1s y M\u00e1s\u201d, \u201cNatalia\u201d o \u201cMi Viejo Barrio\u201d, donde jugaron un papel importante alguna de sus remezclas para discotecas, en un momento en el que la fiebre por los maxis estaba en todo su apogeo. \u201cVivir al Este del Ed\u00e9n\u201d fue grabado \u00edntegramente en Madrid y enseguida super\u00f3 todas las previsiones de ventas, alcanzando un rotundo n\u00famero uno en las listas de \u00e9xitos.<\/p>\n<p>Ya en la d\u00e9cada de los 90 se public\u00f3 su quinto \u00e1lbum de estudio \u201cTentaci\u00f3n\u201d (1990), producido por <strong>Mike Howlett<\/strong>, que contiene temas como \u201cElla es un Volc\u00e1n\u201d, \u201cFueron los Celos\u201d o \u201cSi T\u00fa Quisieras\u201d, toda una colecci\u00f3n de canciones exquisitas que nos cuentan pasiones, experiencias, pensamientos existenciales y rabiosa actualidad.<\/p>\n<p>En 1992 se edita \u201cTren de Largo Recorrido\u201d, un \u00e1lbum en directo que, adem\u00e1s de recoger todos los \u00e9xitos del grupo en el concierto celebrado en A Coru\u00f1a el 19 de octubre de 1991, contiene la versi\u00f3n en castellano de \u201cLong Train Running\u201d de los <strong>Doobie Brothers<\/strong>, dos horas de video y un doble disco en directo.<\/p>\n<p><strong>La reinvenci\u00f3n de los 90<\/strong><\/p>\n<p>Despu\u00e9s del grandes \u00e9xitos en vivo, Rafa, Luis y Mario se reinventan a ellos mismos y comienzan a explorar nuevos sonidos e inician un viaje a la psicodelia, sin olvidar sus ra\u00edces rock y funk, con \u201cPsyconfunkster Au Lait\u201d (1993). Para ello, viajaron a Stanford (Connecticut, USA) buscando el apoyo de uno de los productores m\u00e1s originales de la escena norteamericana, <strong>Stephan Galfas<\/strong>, un especialista en construir sonidos contundentes. Las colaboraciones del bater\u00eda <strong>Les Warner<\/strong>, el teclista <strong>Jos\u00e9 Carlos Parada<\/strong> y el percusionista <strong>Bashiri Jonhson<\/strong> contribuyeron a dar mayor realce a este aut\u00e9ntico homenaje que el grupo rindi\u00f3 al rock de los 70, con formas y contenidos propios de los 90. En \u00e9l se pueden encontrar temas como la ecolog\u00eda, \u201cHermana Tierra\u201d, el racismo, \u201c\u00c1frica\u201d, los cambios pol\u00edticos, \u201cRock en Rusia\u201d, la nostalgia, \u201cVerano del 82\u201d, y c\u00f3mo no, gui\u00f1os a la psicodelia como \u201cShaman\u201d o \u201cLa Casa de los Sue\u00f1os\u201d, temas de amor, \u201cPromesa Rota\u201d y referencias er\u00f3tico-literarias, \u201cLolita\u201d.<\/p>\n<p>En 1996 La Uni\u00f3n publica \u201cHiperespacio\u201d, al que temas como \u201cVida en Marte\u201d o \u201c1996\u201d convierten en un gran disco de soul. Uno de los pocos esfuerzos por volver a poner de actualidad un estilo fundamental de la m\u00fasica de nuestro tiempo, con esos toques propios que siempre llaman la atenci\u00f3n en las grabaciones de Rafa, Luis y Mario. Un recuerdo a las formas musicales de figuras legendarias como <strong>Al Green<\/strong>, <strong>James Brown<\/strong>, <strong>Curtis Mayfield<\/strong>, <strong>Temptations<\/strong> o los mism\u00edsimos <strong>Earth Wind &amp; Fire<\/strong>.<\/p>\n<p>Como siempre lo importante es lo que cuentan, s\u00f3lo que esta vez sus canciones llevan un envoltorio de aut\u00e9ntico lujo. Claro, que todo resulta m\u00e1s sencillo si se cuenta con los mejores de cada g\u00e9nero, y en este caso la elecci\u00f3n como productor de <strong>Paul O\u2019Duffy<\/strong> ha tenido mucho que ver en el excelente resultado final del disco. \u201cHiperespacio\u201d es un claro viaje a las ra\u00edces del funk de los 70, utilizando una poderosa secci\u00f3n de metal, donde destacan los nombres de<strong> John Thirkell<\/strong>, <strong>Dennis Rolling<\/strong> (famosos por sus sesiones junto a los <strong>Brand New Heavies<\/strong>), <strong>Snake Davies<\/strong> y<strong> Steve Sidwell<\/strong>. Los teclados son de <strong>Tony Patler<\/strong>. El disco se grab\u00f3 entre Madrid, en el estudio Sinton\u00eda, y Londres, en los estudios Nomis y Swanyard, y se mezcl\u00f3 en Londres, aunque la inspiraci\u00f3n de algunos de sus mejores momentos como \u201cT\u00fa y Yo\u201d o \u201cNegrita\u201d lleg\u00f3 en tierras menorquinas. Menci\u00f3n especial merece la colaboraci\u00f3n de <strong>Alejandro Sanz<\/strong>, cuya guitarra aporta un toque m\u00e1gico en temas como \u201cAnde Yo Caliente\u201d y \u201cNegrita\u201d.<\/p>\n<p>M\u00e1s tarde lleg\u00f3 \u201cFluye\u201d (1998) producido, compuesto y arreglado por La Uni\u00f8n. Este \u00e1lbum es una huida hacia delante en un panorama poco receptivo a las nuevas sensaciones. Hablan de un pseudo misticismo de fin de siglo adelant\u00e1ndose a muchas corrientes tanto musicales como de pensamiento. Destacan temas como \u201cFluye\u201d, \u201cD\u00e9j\u00e0 Vu\u201d, \u201cHumo\u201d, \u201cMal Karma\u201d o \u201cSirenas\u201d.<\/p>\n<p><strong>El siglo XXI alumbra &#8220;El mar de la fertilidad&#8221;, uno de sus mejores \u00e1lbumes<\/strong><\/p>\n<p>Llegados a este punto se decidi\u00f3 realizar una recopilaci\u00f3n de sus mejores canciones hasta el momento, \u201cGrandes \u00c9xitos 1984-2000\u201d (2000), en el que se incluyeron temas nuevos como \u201cFalso Amor\u201d, versi\u00f3n del \u201cTainted Love\u201d de Ed Cobb &amp; Gloria Gaynor, y \u201cEl Vuelo de \u00cdcaro\u201d y versiones de \u201cSildavia\u201d y \u201cM\u00e1s y M\u00e1s\u201d a cargo de Carlos Jean.<\/p>\n<p>Sin embargo, el que para muchos es el mejor \u00e1lbum del grupo, \u201cEl Mar de la Fertilidad\u201d, no vio la luz hasta el a\u00f1o 2002 y conteniendo \u00e9xitos como \u201cVuelve el Amor\u201d, tema directo y contagioso con esp\u00edritu de eterno retorno, con ese \u00e1nimo desenfadado de la m\u00fasica de los ochenta. Con este disco el grupo recupera la espontaneidad y compone melod\u00edas y ritmos pop que le van a devolver a los primeros puestos de ventas en un mercado tan sinuoso como el de hoy. Adem\u00e1s se incluyen \u00e9xitos como \u201cBuenos Tiempo\u201d, \u201cUn A\u00f1o M\u00e1s\u201d o \u201cEncerrado\u201d.<\/p>\n<p>En 2004, con el XX Aniversario del grupo, se edita \u201cColecci\u00f3n Audiovisual 1984-2004\u201d, todo un repaso a la historia visual y sonora del grupo en el que se incluyeron temas in\u00e9ditos como \u201cSigo Aqu\u00ed\u201d, \u201cTu Nombre\u201d o \u201c\u00daltima Estaci\u00f3n\u201d. En este \u00e1lbum se recogen adem\u00e1s rarezas de temas m\u00edticos del grupo, as\u00ed como un DVD con todos los videoclips de La Uni\u00f8n hasta el momento y Making Off de la grabaci\u00f3n de varios de sus \u00e1lbumes y videoclips.<\/p>\n<p>M\u00e1s tarde y con sonidos electr\u00f3nicos editan \u201cLove Sessions\u201d (2006), donde todos los grandes \u00e9xitos del grupo se graban de nuevo bajo las nuevas tecnolog\u00edas; as\u00ed \u201cLobo-Hombre en Par\u00eds\u201d, \u201cSildavia\u201d, \u201cElla es un Volc\u00e1n\u201d, \u201cHumo\u201d o \u201cNegrita\u201d se adaptan a las pistas de baile. Para ello contaron con los mejores productores de la escena electr\u00f3nica como <strong>Jonathan Badichi, Julian Poker, Prompt, Dr. Kucho! o Marcos Legazpi<\/strong>.<\/p>\n<p>Para 2007 el grupo recupera sus grandes \u00e9xitos en una gira que los lleva a m\u00e1s de 40 destinos nacionales bajo el t\u00edtulo de MAGIC\u00d87.<\/p>\n<p>En 2008 recuperan el tema \u201cHermana Tierra\u201d, original de 1993, para una nueva producci\u00f3n llevada a cabo por ellos mismos acompa\u00f1ados del Dj <strong>Julian Poker<\/strong>. El grupo adapta este tema a las nuevas tendencias y a los nuevos sonidos para formar conjuntamente con Greenpeace y Central Musical la plataforma miramasalla.org presentando igualmente el audiovisual \u201cHermana Tierra\u2026Mira M\u00e1s All\u00e1\u201d con el que quieren concienciar a la sociedad a trav\u00e9s de la m\u00fasica sobre el uso racional de la energ\u00eda y los recursos naturales. El grupo present\u00f3 tambi\u00e9n su espect\u00e1culo ZER\u00d88 tour por diversas capitales de Espa\u00f1a.<\/p>\n<p>En 2009 el grupo compagin\u00f3 la grabaci\u00f3n de su d\u00e9cimo quinto disco con su gira de conciertos por toda la geograf\u00eda espa\u00f1ola. El concepto BIG BANG nace en los \u00faltimos meses de 2007 y comienzos de 2008, y en \u00e9l durante casi dos a\u00f1os el tr\u00edo madrile\u00f1o estuvo esmerilando el que es, posiblemente, uno de sus discos m\u00e1s esperados, con el que recorri\u00f3 de nuevo salas y espacios de toda Espa\u00f1a.<\/p>\n<p>\u201cHip\u201d, del ingl\u00e9s, que significa moda, tendencia. \u201cGnosis\u201d, palabra griega que se refiere al conocimiento en su acepci\u00f3n m\u00e1s espiritual, la esencia en s\u00ed misma. Es este concepto el que da vida al nuevo trabajo de La Uni\u00f3n, que sali\u00f3 a la venta el 4 de junio de 2013.<\/p>\n<p>A lo largo de tres d\u00e9cadas<strong> Rafa S\u00e1nchez, Luis Bol\u00edn y Mario Mart\u00ednez<\/strong> han sabido ser fieles a ese sonido que les convirti\u00f3 en una de las bandas m\u00e1s importantes del panorama musical espa\u00f1ol de los 80 y 90s. Pero a la vez han sido capaces de beber de las tendencias e influencias que las modas han ido trazando, reinvent\u00e1ndose, fluyendo, disfrutando del eclecticismo de la \u00e9poca que les ha tocado marcar.<\/p>\n<p>HIP-GNOSIS es un nuevo paso adelante en este sentido, que adem\u00e1s viene facilitado por la creaci\u00f3n a finales de 2012 de su propio sello discogr\u00e1fico, Nut Music. Con este paso, La Uni\u00f3n inici\u00f3 una nueva era y nos propuso un nuevo modelo para las bandas de rock del siglo XXI: un modelo participativo, un colectivo creativo de artistas de distintos \u00e1mbitos (musical, tecnol\u00f3gico, dise\u00f1o\u2026) unidos en un proyecto, aportando y recibiendo en consecuencia.<\/p>\n<p>En esta ocasi\u00f3n, el estilo inconfundible de LA UNI\u00d8N se visti\u00f3 de los sonidos que marcaban la actualidad musical, y que por tanto estaban influyendo el presente de la m\u00fasica que escuchaban cada uno de ellos. Para ello no estuvieron solos\u2026 Contaron con unas colaboraciones de lujo para revisar treinta a\u00f1os de canciones y actualizar cl\u00e1sicos que siguen vivos con aire techno-dark-dance-chill y otras tantas etiquetas que al final se traducen en notas. <strong>Gitano, Fashion Beat Team, Jonathan Castilla<\/strong>\u2026 Un punto y seguido en una carrera que no se ha detenido nunca, porque mientras que una banda se mantiene en la carretera, su m\u00fasica sigue evolucionando con el p\u00fablico.<\/p>\n<p>Con el disco en el bolsillo iniciaron una gira que le llev\u00f3 a 36 escenarios en toda Espa\u00f1a, tomando el pulso al p\u00fablico con el objetivo claro de que los conciertos fuesen una fiesta rejuvenecedora.<\/p>\n<p><strong>2014, el a\u00f1o del 30 aniversario<\/strong><\/p>\n<p>En 2014 La Uni\u00f3n celebr\u00f3 30 a\u00f1os ininterrumpidos de carrera, de carretera, de escenario. Sin detener en ning\u00fan momento la gira electr\u00f3nica que tantas alegr\u00edas les ha dado el a\u00f1o anterior, este a\u00f1o es un a\u00f1o de creaci\u00f3n y disfrute. Entre conciertos preparan proyectos varios que ir\u00e1n viendo la luz a lo largo del a\u00f1o: un libro, un nuevo disco, un concierto de 30 aniversario acompa\u00f1ados de amigos en el escenario, merchandising conmemorativo\u2026 Fueron los Celos ser\u00e1 el elegido para inaugurar esta oleada de estrenos.<\/p>\n<p>En 2015, pocos meses despu\u00e9s de la celebraci\u00f3n del 30 aniversario, <strong>Mario Mart\u00ednez<\/strong> dej\u00f3 el grupo por problemas de salud. Y el 10 de abril de 2022 su fallecimiento ha truncado para siempre una espectacular trayectoria musical. Descanse en paz.<\/p>\n","protected":false},"excerpt":{"rendered":"<p>El socio de AIE Mario Mart\u00ednez ha fallecido a los sesenta a\u00f1os. Mario era guitarrista de La Uni\u00f3n, fundador de la banda y presente ya en la formaci\u00f3n del grupo junto a Luis Bol\u00edn e \u00cd\u00f1igo Zavala antes de la llegada del vocalista Rafa S\u00e1nchez. En 2015, pocos meses despu\u00e9s de celebrar el 30 aniversario de La Uni\u00f3n, dej\u00f3 la banda explicando a sus fans que estaba luchando contra un c\u00e1ncer de laringe que le imped\u00eda trabajar en actuaciones en vivo, aunque ten\u00eda intenciones de regresar. La Sociedad de Artistas AIE expresa sus m\u00e1s sentidas condolencias a sus familiares, amigos y dem\u00e1s allegados.<\/p>\n","protected":false},"author":3,"featured_media":39732,"comment_status":"open","ping_status":"open","sticky":false,"template":"","format":"standard","meta":{"_acf_changed":false,"_relevanssi_hide_post":"","_relevanssi_hide_content":"","_relevanssi_pin_for_all":"","_relevanssi_pin_keywords":"","_relevanssi_unpin_keywords":"","_relevanssi_related_keywords":"","_relevanssi_related_include_ids":"","_relevanssi_related_exclude_ids":"","_relevanssi_related_no_append":"","_relevanssi_related_not_related":"","_relevanssi_related_posts":"","_relevanssi_noindex_reason":"","footnotes":""},"categories":[318],"tags":[],"acf":[],"yoast_head":"<!-- This site is optimized with the Yoast SEO Premium plugin v21.5 (Yoast SEO v21.9.1) - https:\/\/yoast.com\/wordpress\/plugins\/seo\/ -->\n<title>Adi\u00f3s a Mario Mart\u00ednez - AIE Sociedad de Artistas Int\u00e9rpretes o Ejecutantes de Espa\u00f1a<\/title>\n<meta name=\"robots\" content=\"index, follow, max-snippet:-1, max-image-preview:large, max-video-preview:-1\" \/>\n<link rel=\"canonical\" href=\"https:\/\/www.aie.es\/en\/adios-a-mario-martinez\/\" \/>\n<meta property=\"og:locale\" content=\"en_US\" \/>\n<meta property=\"og:type\" content=\"article\" \/>\n<meta property=\"og:title\" content=\"Adi\u00f3s a Mario Mart\u00ednez\" \/>\n<meta property=\"og:description\" content=\"El socio de AIE Mario Mart\u00ednez ha fallecido a los sesenta a\u00f1os. Mario era guitarrista de La Uni\u00f3n, fundador de la banda y presente ya en la formaci\u00f3n del grupo junto a Luis Bol\u00edn e \u00cd\u00f1igo Zavala antes de la llegada del vocalista Rafa S\u00e1nchez. En 2015, pocos meses despu\u00e9s de celebrar el 30 aniversario de La Uni\u00f3n, dej\u00f3 la banda explicando a sus fans que estaba luchando contra un c\u00e1ncer de laringe que le imped\u00eda trabajar en actuaciones en vivo, aunque ten\u00eda intenciones de regresar. La Sociedad de Artistas AIE expresa sus m\u00e1s sentidas condolencias a sus familiares, amigos y dem\u00e1s allegados.\" \/>\n<meta property=\"og:url\" content=\"https:\/\/www.aie.es\/en\/adios-a-mario-martinez\/\" \/>\n<meta property=\"og:site_name\" content=\"AIE Sociedad de Artistas Int\u00e9rpretes o Ejecutantes de Espa\u00f1a\" \/>\n<meta property=\"article:published_time\" content=\"2022-04-11T11:06:20+00:00\" \/>\n<meta property=\"article:modified_time\" content=\"2022-04-13T11:45:17+00:00\" \/>\n<meta property=\"og:image\" content=\"https:\/\/www.aie.es\/wp-content\/uploads\/mario-carr.jpg\" \/>\n\t<meta property=\"og:image:width\" content=\"350\" \/>\n\t<meta property=\"og:image:height\" content=\"210\" \/>\n\t<meta property=\"og:image:type\" content=\"image\/jpeg\" \/>\n<meta name=\"author\" content=\"GGCOM\" \/>\n<meta name=\"twitter:card\" content=\"summary_large_image\" \/>\n<meta name=\"twitter:label1\" content=\"Written by\" \/>\n\t<meta name=\"twitter:data1\" content=\"GGCOM\" \/>\n\t<meta name=\"twitter:label2\" content=\"Est. reading time\" \/>\n\t<meta name=\"twitter:data2\" content=\"12 minutes\" \/>\n<script type=\"application\/ld+json\" class=\"yoast-schema-graph\">{\"@context\":\"https:\/\/schema.org\",\"@graph\":[{\"@type\":\"WebPage\",\"@id\":\"https:\/\/www.aie.es\/en\/adios-a-mario-martinez\/\",\"url\":\"https:\/\/www.aie.es\/en\/adios-a-mario-martinez\/\",\"name\":\"Adi\u00f3s a Mario Mart\u00ednez - AIE Sociedad de Artistas Int\u00e9rpretes o Ejecutantes de Espa\u00f1a\",\"isPartOf\":{\"@id\":\"https:\/\/www.aie.es\/#website\"},\"datePublished\":\"2022-04-11T11:06:20+00:00\",\"dateModified\":\"2022-04-13T11:45:17+00:00\",\"author\":{\"@id\":\"https:\/\/www.aie.es\/#\/schema\/person\/9008ac87bc3b5836f79e2a677dace4d5\"},\"breadcrumb\":{\"@id\":\"https:\/\/www.aie.es\/en\/adios-a-mario-martinez\/#breadcrumb\"},\"inLanguage\":\"en-US\",\"potentialAction\":[{\"@type\":\"ReadAction\",\"target\":[\"https:\/\/www.aie.es\/en\/adios-a-mario-martinez\/\"]}]},{\"@type\":\"BreadcrumbList\",\"@id\":\"https:\/\/www.aie.es\/en\/adios-a-mario-martinez\/#breadcrumb\",\"itemListElement\":[{\"@type\":\"ListItem\",\"position\":1,\"name\":\"Portada\",\"item\":\"https:\/\/www.aie.es\/en\/\"},{\"@type\":\"ListItem\",\"position\":2,\"name\":\"Adi\u00f3s a Mario Mart\u00ednez\"}]},{\"@type\":\"WebSite\",\"@id\":\"https:\/\/www.aie.es\/#website\",\"url\":\"https:\/\/www.aie.es\/\",\"name\":\"AIE Sociedad de Artistas Int\u00e9rpretes o Ejecutantes de Espa\u00f1a\",\"description\":\"Entidad de gesti\u00f3n de derechos de propiedad intelectual\",\"potentialAction\":[{\"@type\":\"SearchAction\",\"target\":{\"@type\":\"EntryPoint\",\"urlTemplate\":\"https:\/\/www.aie.es\/?s={search_term_string}\"},\"query-input\":\"required name=search_term_string\"}],\"inLanguage\":\"en-US\"},{\"@type\":\"Person\",\"@id\":\"https:\/\/www.aie.es\/#\/schema\/person\/9008ac87bc3b5836f79e2a677dace4d5\",\"name\":\"GGCOM\",\"image\":{\"@type\":\"ImageObject\",\"inLanguage\":\"en-US\",\"@id\":\"https:\/\/www.aie.es\/#\/schema\/person\/image\/\",\"url\":\"https:\/\/secure.gravatar.com\/avatar\/b4ed17baa0f661a7cbe0494fbec9b888?s=96&d=mm&r=g\",\"contentUrl\":\"https:\/\/secure.gravatar.com\/avatar\/b4ed17baa0f661a7cbe0494fbec9b888?s=96&d=mm&r=g\",\"caption\":\"GGCOM\"},\"url\":\"https:\/\/www.aie.es\/en\/author\/cgarriga\/\"}]}<\/script>\n<!-- \/ Yoast SEO Premium plugin. -->","yoast_head_json":{"title":"Adi\u00f3s a Mario Mart\u00ednez - AIE Sociedad de Artistas Int\u00e9rpretes o Ejecutantes de Espa\u00f1a","robots":{"index":"index","follow":"follow","max-snippet":"max-snippet:-1","max-image-preview":"max-image-preview:large","max-video-preview":"max-video-preview:-1"},"canonical":"https:\/\/www.aie.es\/en\/adios-a-mario-martinez\/","og_locale":"en_US","og_type":"article","og_title":"Adi\u00f3s a Mario Mart\u00ednez","og_description":"El socio de AIE Mario Mart\u00ednez ha fallecido a los sesenta a\u00f1os. Mario era guitarrista de La Uni\u00f3n, fundador de la banda y presente ya en la formaci\u00f3n del grupo junto a Luis Bol\u00edn e \u00cd\u00f1igo Zavala antes de la llegada del vocalista Rafa S\u00e1nchez. En 2015, pocos meses despu\u00e9s de celebrar el 30 aniversario de La Uni\u00f3n, dej\u00f3 la banda explicando a sus fans que estaba luchando contra un c\u00e1ncer de laringe que le imped\u00eda trabajar en actuaciones en vivo, aunque ten\u00eda intenciones de regresar. La Sociedad de Artistas AIE expresa sus m\u00e1s sentidas condolencias a sus familiares, amigos y dem\u00e1s allegados.","og_url":"https:\/\/www.aie.es\/en\/adios-a-mario-martinez\/","og_site_name":"AIE Sociedad de Artistas Int\u00e9rpretes o Ejecutantes de Espa\u00f1a","article_published_time":"2022-04-11T11:06:20+00:00","article_modified_time":"2022-04-13T11:45:17+00:00","og_image":[{"width":350,"height":210,"url":"https:\/\/www.aie.es\/wp-content\/uploads\/mario-carr.jpg","type":"image\/jpeg"}],"author":"GGCOM","twitter_card":"summary_large_image","twitter_misc":{"Written by":"GGCOM","Est. reading time":"12 minutes"},"schema":{"@context":"https:\/\/schema.org","@graph":[{"@type":"WebPage","@id":"https:\/\/www.aie.es\/en\/adios-a-mario-martinez\/","url":"https:\/\/www.aie.es\/en\/adios-a-mario-martinez\/","name":"Adi\u00f3s a Mario Mart\u00ednez - AIE Sociedad de Artistas Int\u00e9rpretes o Ejecutantes de Espa\u00f1a","isPartOf":{"@id":"https:\/\/www.aie.es\/#website"},"datePublished":"2022-04-11T11:06:20+00:00","dateModified":"2022-04-13T11:45:17+00:00","author":{"@id":"https:\/\/www.aie.es\/#\/schema\/person\/9008ac87bc3b5836f79e2a677dace4d5"},"breadcrumb":{"@id":"https:\/\/www.aie.es\/en\/adios-a-mario-martinez\/#breadcrumb"},"inLanguage":"en-US","potentialAction":[{"@type":"ReadAction","target":["https:\/\/www.aie.es\/en\/adios-a-mario-martinez\/"]}]},{"@type":"BreadcrumbList","@id":"https:\/\/www.aie.es\/en\/adios-a-mario-martinez\/#breadcrumb","itemListElement":[{"@type":"ListItem","position":1,"name":"Portada","item":"https:\/\/www.aie.es\/en\/"},{"@type":"ListItem","position":2,"name":"Adi\u00f3s a Mario Mart\u00ednez"}]},{"@type":"WebSite","@id":"https:\/\/www.aie.es\/#website","url":"https:\/\/www.aie.es\/","name":"AIE Sociedad de Artistas Int\u00e9rpretes o Ejecutantes de Espa\u00f1a","description":"Entidad de gesti\u00f3n de derechos de propiedad intelectual","potentialAction":[{"@type":"SearchAction","target":{"@type":"EntryPoint","urlTemplate":"https:\/\/www.aie.es\/?s={search_term_string}"},"query-input":"required name=search_term_string"}],"inLanguage":"en-US"},{"@type":"Person","@id":"https:\/\/www.aie.es\/#\/schema\/person\/9008ac87bc3b5836f79e2a677dace4d5","name":"GGCOM","image":{"@type":"ImageObject","inLanguage":"en-US","@id":"https:\/\/www.aie.es\/#\/schema\/person\/image\/","url":"https:\/\/secure.gravatar.com\/avatar\/b4ed17baa0f661a7cbe0494fbec9b888?s=96&d=mm&r=g","contentUrl":"https:\/\/secure.gravatar.com\/avatar\/b4ed17baa0f661a7cbe0494fbec9b888?s=96&d=mm&r=g","caption":"GGCOM"},"url":"https:\/\/www.aie.es\/en\/author\/cgarriga\/"}]}},"_links":{"self":[{"href":"https:\/\/www.aie.es\/en\/wp-json\/wp\/v2\/posts\/39736"}],"collection":[{"href":"https:\/\/www.aie.es\/en\/wp-json\/wp\/v2\/posts"}],"about":[{"href":"https:\/\/www.aie.es\/en\/wp-json\/wp\/v2\/types\/post"}],"author":[{"embeddable":true,"href":"https:\/\/www.aie.es\/en\/wp-json\/wp\/v2\/users\/3"}],"replies":[{"embeddable":true,"href":"https:\/\/www.aie.es\/en\/wp-json\/wp\/v2\/comments?post=39736"}],"version-history":[{"count":4,"href":"https:\/\/www.aie.es\/en\/wp-json\/wp\/v2\/posts\/39736\/revisions"}],"predecessor-version":[{"id":39761,"href":"https:\/\/www.aie.es\/en\/wp-json\/wp\/v2\/posts\/39736\/revisions\/39761"}],"wp:featuredmedia":[{"embeddable":true,"href":"https:\/\/www.aie.es\/en\/wp-json\/wp\/v2\/media\/39732"}],"wp:attachment":[{"href":"https:\/\/www.aie.es\/en\/wp-json\/wp\/v2\/media?parent=39736"}],"wp:term":[{"taxonomy":"category","embeddable":true,"href":"https:\/\/www.aie.es\/en\/wp-json\/wp\/v2\/categories?post=39736"},{"taxonomy":"post_tag","embeddable":true,"href":"https:\/\/www.aie.es\/en\/wp-json\/wp\/v2\/tags?post=39736"}],"curies":[{"name":"wp","href":"https:\/\/api.w.org\/{rel}","templated":true}]}}