{"id":44839,"date":"2023-09-14T19:32:42","date_gmt":"2023-09-14T18:32:42","guid":{"rendered":"https:\/\/www.aie.es\/aie-acoge-la-presentacion-del-fip\/"},"modified":"2023-09-14T19:32:42","modified_gmt":"2023-09-14T18:32:42","slug":"aie-acoge-la-presentacion-del-fip","status":"publish","type":"post","link":"https:\/\/www.aie.es\/en\/aie-acoge-la-presentacion-del-fip\/","title":{"rendered":"AIE acoge la presentaci\u00f3n del FIP"},"content":{"rendered":"<h4><img decoding=\"async\" class=\"aligncenter size-full wp-image-44824\" src=\"https:\/\/www.aie.es\/wp-content\/uploads\/PRES-14-FIP-AIE-14SEP.jpg\" alt=\"\" width=\"940\" height=\"627\" srcset=\"https:\/\/www.aie.es\/wp-content\/uploads\/PRES-14-FIP-AIE-14SEP.jpg 940w, https:\/\/www.aie.es\/wp-content\/uploads\/PRES-14-FIP-AIE-14SEP-300x200.jpg 300w, https:\/\/www.aie.es\/wp-content\/uploads\/PRES-14-FIP-AIE-14SEP-768x512.jpg 768w, https:\/\/www.aie.es\/wp-content\/uploads\/PRES-14-FIP-AIE-14SEP-700x467.jpg 700w\" sizes=\"(max-width: 940px) 100vw, 940px\" \/>Luis Cobos, presidente de AIE; Mar\u00eda Dolores Gait\u00e1n, directora del FIP Guadalquivir; Pilar Jurado y Pepe S\u00e1nchez, secretario de AIE, en la presentaci\u00f3n del 14 FIP Guadalquivir. Madrid, 14 de septiembre de 2023.<\/h4>\n<p>&nbsp;<\/p>\n<p><a href=\"https:\/\/fipguadalquivir.org\/\" target=\"_blank\" rel=\"noopener\">El Festival Internacional de Piano Guadalquivir<\/a> suma una edici\u00f3n m\u00e1s, la 14, bajo el sugerente t\u00edtulo de <strong>\u201cEncarnadas: Mujeres-Patrimonio-Piano\u201d<\/strong>. Y es que ser\u00e1 <strong>la mujer, como artista e influencia, el patrimonio hist\u00f3rico y cultural, y el piano, en sus diferentes vertientes<\/strong>, los que gu\u00eden los pasos de un festival que este a\u00f1o descubrir\u00e1 los v\u00ednculos entre Espa\u00f1a y M\u00e9xico.<\/p>\n<p><strong>Del 21 de septiembre al 1 de octubre de 2023 en C\u00f3rdoba (Espa\u00f1a) y el 1 y 3 de diciembre en Ciudad de M\u00e9xico (M\u00e9xico)<\/strong>, <strong>los 11 conciertos y 25 eventos especiales<\/strong> que tendr\u00e1n lugar en ambas ciudades est\u00e1n dise\u00f1ados para el disfrute y el deleite de quienes se atreven a asomarse a <strong>un festival que rompe fronteras, innovador y generador de ideas y sinergias<\/strong>, que vuelve a poner de relieve el valor del patrimonio, siendo <strong>el \u00fanico festival que ofrece actuaciones en los cuatro Patrimonio de la Humanidad de C\u00f3rdoba -Mezquita-Catedral, Medina Azahara, Patios y Juder\u00eda-<\/strong> y en un espacio tambi\u00e9n reconocido por la Unesco como el Palacio de Bellas Artes de la capital mexicana.<\/p>\n<h4><img decoding=\"async\" class=\"aligncenter size-full wp-image-44822\" src=\"https:\/\/www.aie.es\/wp-content\/uploads\/PD-AIE-14SEP.jpg\" alt=\"\" width=\"940\" height=\"627\" srcset=\"https:\/\/www.aie.es\/wp-content\/uploads\/PD-AIE-14SEP.jpg 940w, https:\/\/www.aie.es\/wp-content\/uploads\/PD-AIE-14SEP-300x200.jpg 300w, https:\/\/www.aie.es\/wp-content\/uploads\/PD-AIE-14SEP-768x512.jpg 768w, https:\/\/www.aie.es\/wp-content\/uploads\/PD-AIE-14SEP-700x467.jpg 700w\" sizes=\"(max-width: 940px) 100vw, 940px\" \/>Un momento de la actuaci\u00f3n al piano de Pepe S\u00e1nchez, acompa\u00f1ado al baile por Pilar D\u00edaz. Madrid, 14 de septiembre de 2023.<\/h4>\n<p>&nbsp;<\/p>\n<p>En la pasada edici\u00f3n, el festival gener\u00f3 un impacto valorado en cerca de 740.000 euros, con una audiencia potencial de m\u00e1s de 50 millones de personas. En las trece ediciones celebradas hasta la fecha, el festival ha invitado a m\u00e1s de mil artistas de primer nivel como la <strong>Orquesta de C\u00e1mara de Viena<\/strong>, con el violinista y director <strong>Mario Hossen<\/strong> a la cabeza, el virtuoso<strong> Jonathan Fournel<\/strong>, <strong>Leslie Howard<\/strong>, <strong>Rosa Torres-Pardo<\/strong>, <strong>Pasi\u00f3n Vega<\/strong>, <strong>Andrea Bacchetti<\/strong>, <strong>Luis Fernando P\u00e9rez<\/strong> o <strong>Juan P\u00e9rez Florist\u00e1n<\/strong>.<\/p>\n<p><strong>UNA 14\u00aa EDICI\u00d3N CON NUMEROSAS NOVEDADES<\/strong><\/p>\n<p>La 14 edici\u00f3n del Festival Internacional de Piano Guadalquivir se ha dise\u00f1ado como un espect\u00e1culo que trasciende la m\u00fasica y, por supuesto, el concepto aprehendido de lo que debe ser un festival de piano y m\u00fasica cl\u00e1sica. En esta edici\u00f3n, el FIP Guadalquivir, desde C\u00f3rdoba, vuelve la mirada hacia Latinoam\u00e9rica y, en concreto, hacia un pa\u00eds con estrechos lazos hist\u00f3ricos, culturales y emocionales con Espa\u00f1a: M\u00e9xico. M\u00e9xico estar\u00e1 en C\u00f3rdoba y C\u00f3rdoba estar\u00e1 en M\u00e9xico con dos conciertos de la mano de la extraordinaria <strong>Rosa Torres-Pardo<\/strong> en el Palacio de Bellas Artes de la capital mexicana, el mayor teatro de Latinoam\u00e9rica y un espacio reconocido por la Unesco como Patrimonio de la Humanidad.<\/p>\n<p>Eso ser\u00e1 en diciembre en Ciudad de M\u00e9xico, pero antes, del 21 de septiembre al 1 de octubre, los lugares hist\u00f3ricos m\u00e1s representativos de la ciudad de las Tres Culturas \u2013la Mezquita-Catedral, Medina Azahara, los Patios cordobeses y La Juder\u00eda- se convertir\u00e1n en escenarios de excepci\u00f3n de artistas de la talla de las pianistas <strong>Alba Ventura<\/strong>, <strong>Caminantes Danza<\/strong> (autores de Bendita Rutina, montaje Premio Indefest 2022), la kanunista <strong>Maya Youssef<\/strong>, que actuar\u00e1 junto a la directora del Festival, <strong>Mar\u00eda Dolores Gait\u00e1n<\/strong>, o la <strong>Camerata Filarm\u00f3nica Latinoamericana<\/strong>, que actuar\u00e1n junto a las int\u00e9rpretes <strong>Marta Zabaleta<\/strong> y <strong>Ana Mar\u00eda Valderrama<\/strong>.<\/p>\n<h4><img decoding=\"async\" class=\"aligncenter size-full wp-image-44826\" src=\"https:\/\/www.aie.es\/wp-content\/uploads\/MDG-14SEP-AIE.jpg\" alt=\"\" width=\"940\" height=\"627\" srcset=\"https:\/\/www.aie.es\/wp-content\/uploads\/MDG-14SEP-AIE.jpg 940w, https:\/\/www.aie.es\/wp-content\/uploads\/MDG-14SEP-AIE-300x200.jpg 300w, https:\/\/www.aie.es\/wp-content\/uploads\/MDG-14SEP-AIE-768x512.jpg 768w, https:\/\/www.aie.es\/wp-content\/uploads\/MDG-14SEP-AIE-700x467.jpg 700w\" sizes=\"(max-width: 940px) 100vw, 940px\" \/>Cerr\u00f3 el acto con su actuaci\u00f3n Mar\u00eda Dolores Gait\u00e1n, compositora, concertista de piano y directora del 14 FIP Guadalquivir. Madrid, 14 de septiembre de 2023.<\/h4>\n<p>&nbsp;<\/p>\n<p>El FIP Guadalquivir ofrece a quienes deseen conocer este festival irrepetible descuentos del 10 % en billetes AVE y hasta el 15 % en los hoteles colaboradores para hacer inolvidable la vivencia del Festival. Toda la informaci\u00f3n sobre la programaci\u00f3n, eventos especiales, paquetes tur\u00edsticos y descuentos se encuentran en <a href=\"https:\/\/fipguadalquivir.org\/\" target=\"_blank\" rel=\"noopener\">el sitio web del festival.<\/a><\/p>\n<p>El Festival Internacional de Piano Guadalquivir est\u00e1 organizado por la Asociaci\u00f3n Cultural Guadalquivir Pian\u00edstico con el patrocinio principal del Ayuntamiento de C\u00f3rdoba, C\u00f3rdoba Patrimonio, con el patrocinio de la Consejer\u00eda de Turismo, Cultura y Deporte de la Junta de Andaluc\u00eda, cofinanciado con fondos europeos, Diputaci\u00f3n de C\u00f3rdoba, Universidad de C\u00f3rdoba y Cabildo Catedral. Los pianos elegidos son de la serie artesanal Yamaha y B\u00f6sendorfer con la colaboraci\u00f3n de Royal Pianos.<\/p>\n<p style=\"text-align: center;\"><a href=\"https:\/\/fipguadalquivir.org\/programa\/\" target=\"_blank\" rel=\"noopener\"><strong>CONSULTA AQU\u00cd EL PROGRAMA COMPLETO DEL 14 FIP GUADALQUIVIR<\/strong><\/a><\/p>\n","protected":false},"excerpt":{"rendered":"<p>La sede de la Sociedad de Artistas AIE acogi\u00f3 este jueves la presentaci\u00f3n de la decimocuarta edici\u00f3n del Festival Internacional de Piano Guadalquivir (14 FIP), en la que intervinieron Luis Cobos, presidente de AIE, y Mar\u00eda Dolores Gait\u00e1n, compositora, concertista de piano y directora del festival, y que cont\u00f3 con las actuaciones al piano de Pepe S\u00e1nchez, acompa\u00f1ado al baile por Pilar D\u00edaz, y de la propia Mar\u00eda Dolores Gait\u00e1n.<\/p>\n","protected":false},"author":3,"featured_media":44825,"comment_status":"closed","ping_status":"closed","sticky":false,"template":"","format":"standard","meta":{"_acf_changed":false,"_relevanssi_hide_post":"","_relevanssi_hide_content":"","_relevanssi_pin_for_all":"","_relevanssi_pin_keywords":"","_relevanssi_unpin_keywords":"","_relevanssi_related_keywords":"","_relevanssi_related_include_ids":"","_relevanssi_related_exclude_ids":"","_relevanssi_related_no_append":"","_relevanssi_related_not_related":"","_relevanssi_related_posts":"","_relevanssi_noindex_reason":"","footnotes":""},"categories":[318],"tags":[],"acf":[],"yoast_head":"<!-- This site is optimized with the Yoast SEO Premium plugin v21.5 (Yoast SEO v21.9.1) - https:\/\/yoast.com\/wordpress\/plugins\/seo\/ -->\n<title>AIE acoge la presentaci\u00f3n del FIP - AIE Sociedad de Artistas Int\u00e9rpretes o Ejecutantes de Espa\u00f1a<\/title>\n<meta name=\"robots\" content=\"index, follow, max-snippet:-1, max-image-preview:large, max-video-preview:-1\" \/>\n<link rel=\"canonical\" href=\"https:\/\/www.aie.es\/en\/aie-acoge-la-presentacion-del-fip\/\" \/>\n<meta property=\"og:locale\" content=\"en_US\" \/>\n<meta property=\"og:type\" content=\"article\" \/>\n<meta property=\"og:title\" content=\"AIE acoge la presentaci\u00f3n del FIP\" \/>\n<meta property=\"og:description\" content=\"La sede de la Sociedad de Artistas AIE acogi\u00f3 este jueves la presentaci\u00f3n de la decimocuarta edici\u00f3n del Festival Internacional de Piano Guadalquivir (14 FIP), en la que intervinieron Luis Cobos, presidente de AIE, y Mar\u00eda Dolores Gait\u00e1n, compositora, concertista de piano y directora del festival, y que cont\u00f3 con las actuaciones al piano de Pepe S\u00e1nchez, acompa\u00f1ado al baile por Pilar D\u00edaz, y de la propia Mar\u00eda Dolores Gait\u00e1n.\" \/>\n<meta property=\"og:url\" content=\"https:\/\/www.aie.es\/en\/aie-acoge-la-presentacion-del-fip\/\" \/>\n<meta property=\"og:site_name\" content=\"AIE Sociedad de Artistas Int\u00e9rpretes o Ejecutantes de Espa\u00f1a\" \/>\n<meta property=\"article:published_time\" content=\"2023-09-14T18:32:42+00:00\" \/>\n<meta property=\"og:image\" content=\"https:\/\/www.aie.es\/wp-content\/uploads\/PRES-14-FIP-AIE-14SEP.jpg\" \/>\n\t<meta property=\"og:image:width\" content=\"940\" \/>\n\t<meta property=\"og:image:height\" content=\"627\" \/>\n\t<meta property=\"og:image:type\" content=\"image\/jpeg\" \/>\n<meta name=\"author\" content=\"GGCOM\" \/>\n<meta name=\"twitter:card\" content=\"summary_large_image\" \/>\n<meta name=\"twitter:label1\" content=\"Written by\" \/>\n\t<meta name=\"twitter:data1\" content=\"GGCOM\" \/>\n\t<meta name=\"twitter:label2\" content=\"Est. reading time\" \/>\n\t<meta name=\"twitter:data2\" content=\"4 minutes\" \/>\n<script type=\"application\/ld+json\" class=\"yoast-schema-graph\">{\"@context\":\"https:\/\/schema.org\",\"@graph\":[{\"@type\":\"WebPage\",\"@id\":\"https:\/\/www.aie.es\/en\/aie-acoge-la-presentacion-del-fip\/\",\"url\":\"https:\/\/www.aie.es\/en\/aie-acoge-la-presentacion-del-fip\/\",\"name\":\"AIE acoge la presentaci\u00f3n del FIP - AIE Sociedad de Artistas Int\u00e9rpretes o Ejecutantes de Espa\u00f1a\",\"isPartOf\":{\"@id\":\"https:\/\/www.aie.es\/#website\"},\"datePublished\":\"2023-09-14T18:32:42+00:00\",\"dateModified\":\"2023-09-14T18:32:42+00:00\",\"author\":{\"@id\":\"https:\/\/www.aie.es\/#\/schema\/person\/9008ac87bc3b5836f79e2a677dace4d5\"},\"breadcrumb\":{\"@id\":\"https:\/\/www.aie.es\/en\/aie-acoge-la-presentacion-del-fip\/#breadcrumb\"},\"inLanguage\":\"en-US\",\"potentialAction\":[{\"@type\":\"ReadAction\",\"target\":[\"https:\/\/www.aie.es\/en\/aie-acoge-la-presentacion-del-fip\/\"]}]},{\"@type\":\"BreadcrumbList\",\"@id\":\"https:\/\/www.aie.es\/en\/aie-acoge-la-presentacion-del-fip\/#breadcrumb\",\"itemListElement\":[{\"@type\":\"ListItem\",\"position\":1,\"name\":\"Portada\",\"item\":\"https:\/\/www.aie.es\/en\/\"},{\"@type\":\"ListItem\",\"position\":2,\"name\":\"AIE acoge la presentaci\u00f3n del FIP\"}]},{\"@type\":\"WebSite\",\"@id\":\"https:\/\/www.aie.es\/#website\",\"url\":\"https:\/\/www.aie.es\/\",\"name\":\"AIE Sociedad de Artistas Int\u00e9rpretes o Ejecutantes de Espa\u00f1a\",\"description\":\"Entidad de gesti\u00f3n de derechos de propiedad intelectual\",\"potentialAction\":[{\"@type\":\"SearchAction\",\"target\":{\"@type\":\"EntryPoint\",\"urlTemplate\":\"https:\/\/www.aie.es\/?s={search_term_string}\"},\"query-input\":\"required name=search_term_string\"}],\"inLanguage\":\"en-US\"},{\"@type\":\"Person\",\"@id\":\"https:\/\/www.aie.es\/#\/schema\/person\/9008ac87bc3b5836f79e2a677dace4d5\",\"name\":\"GGCOM\",\"image\":{\"@type\":\"ImageObject\",\"inLanguage\":\"en-US\",\"@id\":\"https:\/\/www.aie.es\/#\/schema\/person\/image\/\",\"url\":\"https:\/\/secure.gravatar.com\/avatar\/b4ed17baa0f661a7cbe0494fbec9b888?s=96&d=mm&r=g\",\"contentUrl\":\"https:\/\/secure.gravatar.com\/avatar\/b4ed17baa0f661a7cbe0494fbec9b888?s=96&d=mm&r=g\",\"caption\":\"GGCOM\"},\"url\":\"https:\/\/www.aie.es\/en\/author\/cgarriga\/\"}]}<\/script>\n<!-- \/ Yoast SEO Premium plugin. -->","yoast_head_json":{"title":"AIE acoge la presentaci\u00f3n del FIP - AIE Sociedad de Artistas Int\u00e9rpretes o Ejecutantes de Espa\u00f1a","robots":{"index":"index","follow":"follow","max-snippet":"max-snippet:-1","max-image-preview":"max-image-preview:large","max-video-preview":"max-video-preview:-1"},"canonical":"https:\/\/www.aie.es\/en\/aie-acoge-la-presentacion-del-fip\/","og_locale":"en_US","og_type":"article","og_title":"AIE acoge la presentaci\u00f3n del FIP","og_description":"La sede de la Sociedad de Artistas AIE acogi\u00f3 este jueves la presentaci\u00f3n de la decimocuarta edici\u00f3n del Festival Internacional de Piano Guadalquivir (14 FIP), en la que intervinieron Luis Cobos, presidente de AIE, y Mar\u00eda Dolores Gait\u00e1n, compositora, concertista de piano y directora del festival, y que cont\u00f3 con las actuaciones al piano de Pepe S\u00e1nchez, acompa\u00f1ado al baile por Pilar D\u00edaz, y de la propia Mar\u00eda Dolores Gait\u00e1n.","og_url":"https:\/\/www.aie.es\/en\/aie-acoge-la-presentacion-del-fip\/","og_site_name":"AIE Sociedad de Artistas Int\u00e9rpretes o Ejecutantes de Espa\u00f1a","article_published_time":"2023-09-14T18:32:42+00:00","og_image":[{"width":940,"height":627,"url":"https:\/\/www.aie.es\/wp-content\/uploads\/PRES-14-FIP-AIE-14SEP.jpg","type":"image\/jpeg"}],"author":"GGCOM","twitter_card":"summary_large_image","twitter_misc":{"Written by":"GGCOM","Est. reading time":"4 minutes"},"schema":{"@context":"https:\/\/schema.org","@graph":[{"@type":"WebPage","@id":"https:\/\/www.aie.es\/en\/aie-acoge-la-presentacion-del-fip\/","url":"https:\/\/www.aie.es\/en\/aie-acoge-la-presentacion-del-fip\/","name":"AIE acoge la presentaci\u00f3n del FIP - AIE Sociedad de Artistas Int\u00e9rpretes o Ejecutantes de Espa\u00f1a","isPartOf":{"@id":"https:\/\/www.aie.es\/#website"},"datePublished":"2023-09-14T18:32:42+00:00","dateModified":"2023-09-14T18:32:42+00:00","author":{"@id":"https:\/\/www.aie.es\/#\/schema\/person\/9008ac87bc3b5836f79e2a677dace4d5"},"breadcrumb":{"@id":"https:\/\/www.aie.es\/en\/aie-acoge-la-presentacion-del-fip\/#breadcrumb"},"inLanguage":"en-US","potentialAction":[{"@type":"ReadAction","target":["https:\/\/www.aie.es\/en\/aie-acoge-la-presentacion-del-fip\/"]}]},{"@type":"BreadcrumbList","@id":"https:\/\/www.aie.es\/en\/aie-acoge-la-presentacion-del-fip\/#breadcrumb","itemListElement":[{"@type":"ListItem","position":1,"name":"Portada","item":"https:\/\/www.aie.es\/en\/"},{"@type":"ListItem","position":2,"name":"AIE acoge la presentaci\u00f3n del FIP"}]},{"@type":"WebSite","@id":"https:\/\/www.aie.es\/#website","url":"https:\/\/www.aie.es\/","name":"AIE Sociedad de Artistas Int\u00e9rpretes o Ejecutantes de Espa\u00f1a","description":"Entidad de gesti\u00f3n de derechos de propiedad intelectual","potentialAction":[{"@type":"SearchAction","target":{"@type":"EntryPoint","urlTemplate":"https:\/\/www.aie.es\/?s={search_term_string}"},"query-input":"required name=search_term_string"}],"inLanguage":"en-US"},{"@type":"Person","@id":"https:\/\/www.aie.es\/#\/schema\/person\/9008ac87bc3b5836f79e2a677dace4d5","name":"GGCOM","image":{"@type":"ImageObject","inLanguage":"en-US","@id":"https:\/\/www.aie.es\/#\/schema\/person\/image\/","url":"https:\/\/secure.gravatar.com\/avatar\/b4ed17baa0f661a7cbe0494fbec9b888?s=96&d=mm&r=g","contentUrl":"https:\/\/secure.gravatar.com\/avatar\/b4ed17baa0f661a7cbe0494fbec9b888?s=96&d=mm&r=g","caption":"GGCOM"},"url":"https:\/\/www.aie.es\/en\/author\/cgarriga\/"}]}},"_links":{"self":[{"href":"https:\/\/www.aie.es\/en\/wp-json\/wp\/v2\/posts\/44839"}],"collection":[{"href":"https:\/\/www.aie.es\/en\/wp-json\/wp\/v2\/posts"}],"about":[{"href":"https:\/\/www.aie.es\/en\/wp-json\/wp\/v2\/types\/post"}],"author":[{"embeddable":true,"href":"https:\/\/www.aie.es\/en\/wp-json\/wp\/v2\/users\/3"}],"replies":[{"embeddable":true,"href":"https:\/\/www.aie.es\/en\/wp-json\/wp\/v2\/comments?post=44839"}],"version-history":[{"count":0,"href":"https:\/\/www.aie.es\/en\/wp-json\/wp\/v2\/posts\/44839\/revisions"}],"wp:featuredmedia":[{"embeddable":true,"href":"https:\/\/www.aie.es\/en\/wp-json\/wp\/v2\/media\/44825"}],"wp:attachment":[{"href":"https:\/\/www.aie.es\/en\/wp-json\/wp\/v2\/media?parent=44839"}],"wp:term":[{"taxonomy":"category","embeddable":true,"href":"https:\/\/www.aie.es\/en\/wp-json\/wp\/v2\/categories?post=44839"},{"taxonomy":"post_tag","embeddable":true,"href":"https:\/\/www.aie.es\/en\/wp-json\/wp\/v2\/tags?post=44839"}],"curies":[{"name":"wp","href":"https:\/\/api.w.org\/{rel}","templated":true}]}}