{"id":48739,"date":"2023-12-02T13:15:43","date_gmt":"2023-12-02T12:15:43","guid":{"rendered":"https:\/\/www.aie.es\/adios-a-concha-velasco\/"},"modified":"2024-05-17T12:42:46","modified_gmt":"2024-05-17T11:42:46","slug":"adios-a-concha-velasco","status":"publish","type":"post","link":"https:\/\/www.aie.es\/en\/adios-a-concha-velasco\/","title":{"rendered":"Adi\u00f3s a Concha Velasco"},"content":{"rendered":"<p><img decoding=\"async\" class=\"size-full wp-image-45821\" title=\"Concha int\" src=\"https:\/\/www.aie.es\/wp-content\/uploads\/Concha-int.jpg\" alt=\"Concha int\" width=\"940\" height=\"362\" srcset=\"https:\/\/www.aie.es\/wp-content\/uploads\/Concha-int.jpg 940w, https:\/\/www.aie.es\/wp-content\/uploads\/Concha-int-300x116.jpg 300w, https:\/\/www.aie.es\/wp-content\/uploads\/Concha-int-768x296.jpg 768w, https:\/\/www.aie.es\/wp-content\/uploads\/Concha-int-700x270.jpg 700w\" sizes=\"(max-width: 940px) 100vw, 940px\" \/><\/p>\n<p>Concepci\u00f3n Velasco Varona, m\u00e1s conocida como <strong>Concha Velasco<\/strong> y antes como Conchita Velasco, nacida en Valladolid el 29 de noviembre de 1939, ha sido <strong>actriz, cantante, bailarina y presentadora de televisi\u00f3n<\/strong>, y una excelente profesional en todas esas facetas.<\/p>\n<p>Con todo cari\u00f1o y respeto para todos sus seres queridos, <strong>desde AIE decimos adi\u00f3s a una compa\u00f1era que la gran familia art\u00edstica mantendr\u00e1 viva en su memoria como persona y como artista por su enorme legado.<\/strong><\/p>\n<p>La veterana int\u00e9rprete falleci\u00f3 el s\u00e1bado 2 de diciembre en el Hospital Puerta de Hierro de Majadahonda: \u201cLamentamos informar de que nuestra madre, Concha Velasco, <strong>ha fallecido hoy s\u00e1bado 2 a las 2:00 en el Hospital Puerta de Hierro de Majadahonda<\/strong>, habiendo recibido los Santos Sacramentos, a consecuencia de una complicaci\u00f3n en su enfermedad&#8221;, informa el comunicado que<strong> sus hijos, Manuel y Paco,<\/strong> enviaron a los medios.<\/p>\n<p><strong>Concha Velasco se retir\u00f3 de los escenarios en 2021<\/strong>, despu\u00e9s de la pandemia. La artista tom\u00f3 la decisi\u00f3n tras ver que su cuerpo se hab\u00eda debilitado y ten\u00eda ciertos problemas de movilidad. Precisamente ese a\u00f1o fue, junto a <strong>Bj\u00f6rn Ulvaeus (ABBA), Ram\u00f3n Arcusa y Manuel de la Calva (D\u00fao Din\u00e1mico), Nacho Duato, Pepe Habichuela y Ginesa Ortega<\/strong>, <a href=\"https:\/\/www.aie.es\/el-xi-claustro-universitario-de-las-artes-suma-siete-nuevos-miembros-de-honor\/\" target=\"_blank\" rel=\"noopener\">homenajeada y distinguida<\/a> como <strong>Miembro de Honor del Claustro Universitario de las Artes<\/strong> en el Paraninfo de la Universidad de Alcal\u00e1, aunque ya no pudo acudir personalmente.<\/p>\n<p><strong>Una trayectoria impresionante e inolvidable<\/strong><\/p>\n<p><strong>Concha Velasco<\/strong> estudi\u00f3 danza cl\u00e1sica y espa\u00f1ola en Madrid, en el <strong>Conservatorio Nacional<\/strong> de los 10 a los 20 a\u00f1os. Se estren\u00f3 como bailarina en el cuerpo de baile de la <strong>\u00d3pera de La Coru\u00f1a<\/strong> y en la compa\u00f1\u00eda de <strong>Manolo Caracol<\/strong> como bailaora flamenca. Posteriormente debut\u00f3 como vicetiple en la de<strong> Celia G\u00e1mez.<\/strong><\/p>\n<p>Su carrera en el cine comenz\u00f3 con La reina mora, cuando la actriz solo ten\u00eda 15 a\u00f1os. Alcanzar\u00eda su fama con Las chicas de la Cruz Roja (1958), que la situar\u00eda entre nombres de primera fila como <strong>Tony Leblanc, Arturo Fern\u00e1ndez, Alfredo Landa, Jos\u00e9 Sacrist\u00e1n o Manolo Escobar.<\/strong><\/p>\n<p>Entonces Conchita Velasco se convertir\u00eda en la favorita del cine espa\u00f1ol, con t\u00edtulos como Los tramposos (1959), Mi noche de bodas (1961), Martes y Trece (1962), Relaciones casi p\u00fablicas (1969), La Colmena (1982) o su ya m\u00edtica \u00a1Mam\u00e1, quiero ser artista! (1989).<\/p>\n<p>Tras ese \u00e9xito, vinieron mucho m\u00e1s; en total, m\u00e1s de 80 largometrajes, obras de teatro y series de televisi\u00f3n; programas y concursos -Sorpresa, sorpresa o Velvet, solo por nombrar algunas- que le han convertido en todo un icono del panorama cultural nacional. Una trayectoria por la que, en 2013, recibi\u00f3 el premio <strong>Goya de Honor.<\/strong><\/p>\n","protected":false},"excerpt":{"rendered":"<p>La Sociedad de Artistas AIE expresa sus m\u00e1s sentidas condolencias a la familia, amigos y dem\u00e1s allegados de nuestra querida Concha Velasco, que falleci\u00f3 el s\u00e1bado 2 de diciembre en Madrid.<\/p>\n","protected":false},"author":3,"featured_media":45820,"comment_status":"closed","ping_status":"closed","sticky":false,"template":"","format":"standard","meta":{"_acf_changed":false,"_relevanssi_hide_post":"","_relevanssi_hide_content":"","_relevanssi_pin_for_all":"","_relevanssi_pin_keywords":"","_relevanssi_unpin_keywords":"","_relevanssi_related_keywords":"","_relevanssi_related_include_ids":"","_relevanssi_related_exclude_ids":"","_relevanssi_related_no_append":"","_relevanssi_related_not_related":"","_relevanssi_related_posts":"","_relevanssi_noindex_reason":"","footnotes":""},"categories":[321],"tags":[],"acf":[],"yoast_head":"<!-- This site is optimized with the Yoast SEO Premium plugin v21.5 (Yoast SEO v21.9.1) - https:\/\/yoast.com\/wordpress\/plugins\/seo\/ -->\n<title>Adi\u00f3s a Concha Velasco - AIE Sociedad de Artistas Int\u00e9rpretes o Ejecutantes de Espa\u00f1a<\/title>\n<meta name=\"robots\" content=\"index, follow, max-snippet:-1, max-image-preview:large, max-video-preview:-1\" \/>\n<link rel=\"canonical\" href=\"https:\/\/www.aie.es\/en\/adios-a-concha-velasco\/\" \/>\n<meta property=\"og:locale\" content=\"en_US\" \/>\n<meta property=\"og:type\" content=\"article\" \/>\n<meta property=\"og:title\" content=\"Adi\u00f3s a Concha Velasco\" \/>\n<meta property=\"og:description\" content=\"La Sociedad de Artistas AIE expresa sus m\u00e1s sentidas condolencias a la familia, amigos y dem\u00e1s allegados de nuestra querida Concha Velasco, que falleci\u00f3 el s\u00e1bado 2 de diciembre en Madrid.\" \/>\n<meta property=\"og:url\" content=\"https:\/\/www.aie.es\/en\/adios-a-concha-velasco\/\" \/>\n<meta property=\"og:site_name\" content=\"AIE Sociedad de Artistas Int\u00e9rpretes o Ejecutantes de Espa\u00f1a\" \/>\n<meta property=\"article:published_time\" content=\"2023-12-02T12:15:43+00:00\" \/>\n<meta property=\"article:modified_time\" content=\"2024-05-17T11:42:46+00:00\" \/>\n<meta property=\"og:image\" content=\"https:\/\/www.aie.es\/wp-content\/uploads\/Concha-portada.jpg\" \/>\n\t<meta property=\"og:image:width\" content=\"485\" \/>\n\t<meta property=\"og:image:height\" content=\"362\" \/>\n\t<meta property=\"og:image:type\" content=\"image\/jpeg\" \/>\n<meta name=\"author\" content=\"GGCOM\" \/>\n<meta name=\"twitter:card\" content=\"summary_large_image\" \/>\n<meta name=\"twitter:label1\" content=\"Written by\" \/>\n\t<meta name=\"twitter:data1\" content=\"GGCOM\" \/>\n\t<meta name=\"twitter:label2\" content=\"Est. reading time\" \/>\n\t<meta name=\"twitter:data2\" content=\"3 minutes\" \/>\n<script type=\"application\/ld+json\" class=\"yoast-schema-graph\">{\"@context\":\"https:\/\/schema.org\",\"@graph\":[{\"@type\":\"WebPage\",\"@id\":\"https:\/\/www.aie.es\/en\/adios-a-concha-velasco\/\",\"url\":\"https:\/\/www.aie.es\/en\/adios-a-concha-velasco\/\",\"name\":\"Adi\u00f3s a Concha Velasco - AIE Sociedad de Artistas Int\u00e9rpretes o Ejecutantes de Espa\u00f1a\",\"isPartOf\":{\"@id\":\"https:\/\/www.aie.es\/#website\"},\"datePublished\":\"2023-12-02T12:15:43+00:00\",\"dateModified\":\"2024-05-17T11:42:46+00:00\",\"author\":{\"@id\":\"https:\/\/www.aie.es\/#\/schema\/person\/9008ac87bc3b5836f79e2a677dace4d5\"},\"breadcrumb\":{\"@id\":\"https:\/\/www.aie.es\/en\/adios-a-concha-velasco\/#breadcrumb\"},\"inLanguage\":\"en-US\",\"potentialAction\":[{\"@type\":\"ReadAction\",\"target\":[\"https:\/\/www.aie.es\/en\/adios-a-concha-velasco\/\"]}]},{\"@type\":\"BreadcrumbList\",\"@id\":\"https:\/\/www.aie.es\/en\/adios-a-concha-velasco\/#breadcrumb\",\"itemListElement\":[{\"@type\":\"ListItem\",\"position\":1,\"name\":\"Portada\",\"item\":\"https:\/\/www.aie.es\/en\/\"},{\"@type\":\"ListItem\",\"position\":2,\"name\":\"Adi\u00f3s a Concha Velasco\"}]},{\"@type\":\"WebSite\",\"@id\":\"https:\/\/www.aie.es\/#website\",\"url\":\"https:\/\/www.aie.es\/\",\"name\":\"AIE Sociedad de Artistas Int\u00e9rpretes o Ejecutantes de Espa\u00f1a\",\"description\":\"Entidad de gesti\u00f3n de derechos de propiedad intelectual\",\"potentialAction\":[{\"@type\":\"SearchAction\",\"target\":{\"@type\":\"EntryPoint\",\"urlTemplate\":\"https:\/\/www.aie.es\/?s={search_term_string}\"},\"query-input\":\"required name=search_term_string\"}],\"inLanguage\":\"en-US\"},{\"@type\":\"Person\",\"@id\":\"https:\/\/www.aie.es\/#\/schema\/person\/9008ac87bc3b5836f79e2a677dace4d5\",\"name\":\"GGCOM\",\"image\":{\"@type\":\"ImageObject\",\"inLanguage\":\"en-US\",\"@id\":\"https:\/\/www.aie.es\/#\/schema\/person\/image\/\",\"url\":\"https:\/\/secure.gravatar.com\/avatar\/b4ed17baa0f661a7cbe0494fbec9b888?s=96&d=mm&r=g\",\"contentUrl\":\"https:\/\/secure.gravatar.com\/avatar\/b4ed17baa0f661a7cbe0494fbec9b888?s=96&d=mm&r=g\",\"caption\":\"GGCOM\"},\"url\":\"https:\/\/www.aie.es\/en\/author\/cgarriga\/\"}]}<\/script>\n<!-- \/ Yoast SEO Premium plugin. -->","yoast_head_json":{"title":"Adi\u00f3s a Concha Velasco - AIE Sociedad de Artistas Int\u00e9rpretes o Ejecutantes de Espa\u00f1a","robots":{"index":"index","follow":"follow","max-snippet":"max-snippet:-1","max-image-preview":"max-image-preview:large","max-video-preview":"max-video-preview:-1"},"canonical":"https:\/\/www.aie.es\/en\/adios-a-concha-velasco\/","og_locale":"en_US","og_type":"article","og_title":"Adi\u00f3s a Concha Velasco","og_description":"La Sociedad de Artistas AIE expresa sus m\u00e1s sentidas condolencias a la familia, amigos y dem\u00e1s allegados de nuestra querida Concha Velasco, que falleci\u00f3 el s\u00e1bado 2 de diciembre en Madrid.","og_url":"https:\/\/www.aie.es\/en\/adios-a-concha-velasco\/","og_site_name":"AIE Sociedad de Artistas Int\u00e9rpretes o Ejecutantes de Espa\u00f1a","article_published_time":"2023-12-02T12:15:43+00:00","article_modified_time":"2024-05-17T11:42:46+00:00","og_image":[{"width":485,"height":362,"url":"https:\/\/www.aie.es\/wp-content\/uploads\/Concha-portada.jpg","type":"image\/jpeg"}],"author":"GGCOM","twitter_card":"summary_large_image","twitter_misc":{"Written by":"GGCOM","Est. reading time":"3 minutes"},"schema":{"@context":"https:\/\/schema.org","@graph":[{"@type":"WebPage","@id":"https:\/\/www.aie.es\/en\/adios-a-concha-velasco\/","url":"https:\/\/www.aie.es\/en\/adios-a-concha-velasco\/","name":"Adi\u00f3s a Concha Velasco - AIE Sociedad de Artistas Int\u00e9rpretes o Ejecutantes de Espa\u00f1a","isPartOf":{"@id":"https:\/\/www.aie.es\/#website"},"datePublished":"2023-12-02T12:15:43+00:00","dateModified":"2024-05-17T11:42:46+00:00","author":{"@id":"https:\/\/www.aie.es\/#\/schema\/person\/9008ac87bc3b5836f79e2a677dace4d5"},"breadcrumb":{"@id":"https:\/\/www.aie.es\/en\/adios-a-concha-velasco\/#breadcrumb"},"inLanguage":"en-US","potentialAction":[{"@type":"ReadAction","target":["https:\/\/www.aie.es\/en\/adios-a-concha-velasco\/"]}]},{"@type":"BreadcrumbList","@id":"https:\/\/www.aie.es\/en\/adios-a-concha-velasco\/#breadcrumb","itemListElement":[{"@type":"ListItem","position":1,"name":"Portada","item":"https:\/\/www.aie.es\/en\/"},{"@type":"ListItem","position":2,"name":"Adi\u00f3s a Concha Velasco"}]},{"@type":"WebSite","@id":"https:\/\/www.aie.es\/#website","url":"https:\/\/www.aie.es\/","name":"AIE Sociedad de Artistas Int\u00e9rpretes o Ejecutantes de Espa\u00f1a","description":"Entidad de gesti\u00f3n de derechos de propiedad intelectual","potentialAction":[{"@type":"SearchAction","target":{"@type":"EntryPoint","urlTemplate":"https:\/\/www.aie.es\/?s={search_term_string}"},"query-input":"required name=search_term_string"}],"inLanguage":"en-US"},{"@type":"Person","@id":"https:\/\/www.aie.es\/#\/schema\/person\/9008ac87bc3b5836f79e2a677dace4d5","name":"GGCOM","image":{"@type":"ImageObject","inLanguage":"en-US","@id":"https:\/\/www.aie.es\/#\/schema\/person\/image\/","url":"https:\/\/secure.gravatar.com\/avatar\/b4ed17baa0f661a7cbe0494fbec9b888?s=96&d=mm&r=g","contentUrl":"https:\/\/secure.gravatar.com\/avatar\/b4ed17baa0f661a7cbe0494fbec9b888?s=96&d=mm&r=g","caption":"GGCOM"},"url":"https:\/\/www.aie.es\/en\/author\/cgarriga\/"}]}},"_links":{"self":[{"href":"https:\/\/www.aie.es\/en\/wp-json\/wp\/v2\/posts\/48739"}],"collection":[{"href":"https:\/\/www.aie.es\/en\/wp-json\/wp\/v2\/posts"}],"about":[{"href":"https:\/\/www.aie.es\/en\/wp-json\/wp\/v2\/types\/post"}],"author":[{"embeddable":true,"href":"https:\/\/www.aie.es\/en\/wp-json\/wp\/v2\/users\/3"}],"replies":[{"embeddable":true,"href":"https:\/\/www.aie.es\/en\/wp-json\/wp\/v2\/comments?post=48739"}],"version-history":[{"count":1,"href":"https:\/\/www.aie.es\/en\/wp-json\/wp\/v2\/posts\/48739\/revisions"}],"predecessor-version":[{"id":49069,"href":"https:\/\/www.aie.es\/en\/wp-json\/wp\/v2\/posts\/48739\/revisions\/49069"}],"wp:featuredmedia":[{"embeddable":true,"href":"https:\/\/www.aie.es\/en\/wp-json\/wp\/v2\/media\/45820"}],"wp:attachment":[{"href":"https:\/\/www.aie.es\/en\/wp-json\/wp\/v2\/media?parent=48739"}],"wp:term":[{"taxonomy":"category","embeddable":true,"href":"https:\/\/www.aie.es\/en\/wp-json\/wp\/v2\/categories?post=48739"},{"taxonomy":"post_tag","embeddable":true,"href":"https:\/\/www.aie.es\/en\/wp-json\/wp\/v2\/tags?post=48739"}],"curies":[{"name":"wp","href":"https:\/\/api.w.org\/{rel}","templated":true}]}}