{"id":49582,"date":"2024-06-17T17:20:00","date_gmt":"2024-06-17T16:20:00","guid":{"rendered":"https:\/\/www.aie.es\/aie-publica-su-memoria-de-2023\/"},"modified":"2024-09-18T09:56:28","modified_gmt":"2024-09-18T08:56:28","slug":"aie-publica-su-memoria-de-2023","status":"publish","type":"post","link":"https:\/\/www.aie.es\/en\/aie-publica-su-memoria-de-2023\/","title":{"rendered":"AIE publica su Memoria de 2023"},"content":{"rendered":"<p><a href=\"https:\/\/www.aie.es\/wp-content\/uploads\/Memoria-AIE-PD-BR-DEF-30may24.pdf\"><img decoding=\"async\" class=\"alignnone wp-image-49553 size-large\" title=\"Captura de pantalla 2024 06 17 a las 17.08.48\" src=\"https:\/\/www.aie.es\/wp-content\/uploads\/\/Captura-de-pantalla-2024-06-17-a-las-17.08.48-1024x1017.png\" alt=\"Captura de pantalla 2024 06 17 a las 17.08.48\" width=\"1024\" height=\"1017\" srcset=\"https:\/\/www.aie.es\/wp-content\/uploads\/Captura-de-pantalla-2024-06-17-a-las-17.08.48-1024x1017.png 1024w, https:\/\/www.aie.es\/wp-content\/uploads\/Captura-de-pantalla-2024-06-17-a-las-17.08.48-300x298.png 300w, https:\/\/www.aie.es\/wp-content\/uploads\/Captura-de-pantalla-2024-06-17-a-las-17.08.48-150x150.png 150w, https:\/\/www.aie.es\/wp-content\/uploads\/Captura-de-pantalla-2024-06-17-a-las-17.08.48-768x763.png 768w, https:\/\/www.aie.es\/wp-content\/uploads\/Captura-de-pantalla-2024-06-17-a-las-17.08.48-700x695.png 700w, https:\/\/www.aie.es\/wp-content\/uploads\/Captura-de-pantalla-2024-06-17-a-las-17.08.48.png 1460w\" sizes=\"(max-width: 1024px) 100vw, 1024px\" \/><\/a><\/p>\n<p>AIE publica la Memoria del a\u00f1o 2023.<\/p>\n<p>Puedes consultarla <a href=\"https:\/\/www.aie.es\/wp-content\/uploads\/Memoria-AIE-PD-BR-DEF-30may24.pdf\">aqu\u00ed<\/a>.<\/p>\n","protected":false},"excerpt":{"rendered":"<p>La Sociedad de Artistas AIE publica la Memoria AIE 2023, en la que se recoge la gesti\u00f3n realizada por AIE durante el a\u00f1o 2023, y que la entidad pone a disposici\u00f3n de todos sus socios y socias <\/p>\n","protected":false},"author":4,"featured_media":49580,"comment_status":"closed","ping_status":"closed","sticky":false,"template":"","format":"standard","meta":{"_acf_changed":false,"_relevanssi_hide_post":"","_relevanssi_hide_content":"","_relevanssi_pin_for_all":"","_relevanssi_pin_keywords":"","_relevanssi_unpin_keywords":"","_relevanssi_related_keywords":"","_relevanssi_related_include_ids":"","_relevanssi_related_exclude_ids":"","_relevanssi_related_no_append":"","_relevanssi_related_not_related":"","_relevanssi_related_posts":"","_relevanssi_noindex_reason":"","footnotes":""},"categories":[321],"tags":[],"acf":[],"yoast_head":"<!-- This site is optimized with the Yoast SEO Premium plugin v21.5 (Yoast SEO v21.9.1) - https:\/\/yoast.com\/wordpress\/plugins\/seo\/ -->\n<title>AIE publica su Memoria de 2023 - AIE Sociedad de Artistas Int\u00e9rpretes o Ejecutantes de Espa\u00f1a<\/title>\n<meta name=\"robots\" content=\"index, follow, max-snippet:-1, max-image-preview:large, max-video-preview:-1\" \/>\n<link rel=\"canonical\" href=\"https:\/\/www.aie.es\/en\/aie-publica-su-memoria-de-2023\/\" \/>\n<meta property=\"og:locale\" content=\"en_US\" \/>\n<meta property=\"og:type\" content=\"article\" \/>\n<meta property=\"og:title\" content=\"AIE publica su Memoria de 2023\" \/>\n<meta property=\"og:description\" content=\"La Sociedad de Artistas AIE publica la Memoria AIE 2023, en la que se recoge la gesti\u00f3n realizada por AIE durante el a\u00f1o 2023, y que la entidad pone a disposici\u00f3n de todos sus socios y socias\" \/>\n<meta property=\"og:url\" content=\"https:\/\/www.aie.es\/en\/aie-publica-su-memoria-de-2023\/\" \/>\n<meta property=\"og:site_name\" content=\"AIE Sociedad de Artistas Int\u00e9rpretes o Ejecutantes de Espa\u00f1a\" \/>\n<meta property=\"article:published_time\" content=\"2024-06-17T16:20:00+00:00\" \/>\n<meta property=\"article:modified_time\" content=\"2024-09-18T08:56:28+00:00\" \/>\n<meta property=\"og:image\" content=\"https:\/\/www.aie.es\/wp-content\/uploads\/Captura-de-pantalla-2024-06-17-a-las-17.08.48-1-1024x795.png\" \/>\n\t<meta property=\"og:image:width\" content=\"1024\" \/>\n\t<meta property=\"og:image:height\" content=\"795\" \/>\n\t<meta property=\"og:image:type\" content=\"image\/png\" \/>\n<meta name=\"author\" content=\"diego\" \/>\n<meta name=\"twitter:card\" content=\"summary_large_image\" \/>\n<meta name=\"twitter:label1\" content=\"Written by\" \/>\n\t<meta name=\"twitter:data1\" content=\"diego\" \/>\n<script type=\"application\/ld+json\" class=\"yoast-schema-graph\">{\"@context\":\"https:\/\/schema.org\",\"@graph\":[{\"@type\":\"WebPage\",\"@id\":\"https:\/\/www.aie.es\/en\/aie-publica-su-memoria-de-2023\/\",\"url\":\"https:\/\/www.aie.es\/en\/aie-publica-su-memoria-de-2023\/\",\"name\":\"AIE publica su Memoria de 2023 - AIE Sociedad de Artistas Int\u00e9rpretes o Ejecutantes de Espa\u00f1a\",\"isPartOf\":{\"@id\":\"https:\/\/www.aie.es\/#website\"},\"datePublished\":\"2024-06-17T16:20:00+00:00\",\"dateModified\":\"2024-09-18T08:56:28+00:00\",\"author\":{\"@id\":\"https:\/\/www.aie.es\/#\/schema\/person\/ad09c186388b5b9b686fc417f1a335c8\"},\"breadcrumb\":{\"@id\":\"https:\/\/www.aie.es\/en\/aie-publica-su-memoria-de-2023\/#breadcrumb\"},\"inLanguage\":\"en-US\",\"potentialAction\":[{\"@type\":\"ReadAction\",\"target\":[\"https:\/\/www.aie.es\/en\/aie-publica-su-memoria-de-2023\/\"]}]},{\"@type\":\"BreadcrumbList\",\"@id\":\"https:\/\/www.aie.es\/en\/aie-publica-su-memoria-de-2023\/#breadcrumb\",\"itemListElement\":[{\"@type\":\"ListItem\",\"position\":1,\"name\":\"Portada\",\"item\":\"https:\/\/www.aie.es\/en\/\"},{\"@type\":\"ListItem\",\"position\":2,\"name\":\"AIE publica su Memoria de 2023\"}]},{\"@type\":\"WebSite\",\"@id\":\"https:\/\/www.aie.es\/#website\",\"url\":\"https:\/\/www.aie.es\/\",\"name\":\"AIE Sociedad de Artistas Int\u00e9rpretes o Ejecutantes de Espa\u00f1a\",\"description\":\"Entidad de gesti\u00f3n de derechos de propiedad intelectual\",\"potentialAction\":[{\"@type\":\"SearchAction\",\"target\":{\"@type\":\"EntryPoint\",\"urlTemplate\":\"https:\/\/www.aie.es\/?s={search_term_string}\"},\"query-input\":\"required name=search_term_string\"}],\"inLanguage\":\"en-US\"},{\"@type\":\"Person\",\"@id\":\"https:\/\/www.aie.es\/#\/schema\/person\/ad09c186388b5b9b686fc417f1a335c8\",\"name\":\"diego\",\"image\":{\"@type\":\"ImageObject\",\"inLanguage\":\"en-US\",\"@id\":\"https:\/\/www.aie.es\/#\/schema\/person\/image\/\",\"url\":\"https:\/\/secure.gravatar.com\/avatar\/baac0355de5f662b0d1486934be3cae7?s=96&d=mm&r=g\",\"contentUrl\":\"https:\/\/secure.gravatar.com\/avatar\/baac0355de5f662b0d1486934be3cae7?s=96&d=mm&r=g\",\"caption\":\"diego\"},\"url\":\"https:\/\/www.aie.es\/en\/author\/diego\/\"}]}<\/script>\n<!-- \/ Yoast SEO Premium plugin. -->","yoast_head_json":{"title":"AIE publica su Memoria de 2023 - AIE Sociedad de Artistas Int\u00e9rpretes o Ejecutantes de Espa\u00f1a","robots":{"index":"index","follow":"follow","max-snippet":"max-snippet:-1","max-image-preview":"max-image-preview:large","max-video-preview":"max-video-preview:-1"},"canonical":"https:\/\/www.aie.es\/en\/aie-publica-su-memoria-de-2023\/","og_locale":"en_US","og_type":"article","og_title":"AIE publica su Memoria de 2023","og_description":"La Sociedad de Artistas AIE publica la Memoria AIE 2023, en la que se recoge la gesti\u00f3n realizada por AIE durante el a\u00f1o 2023, y que la entidad pone a disposici\u00f3n de todos sus socios y socias","og_url":"https:\/\/www.aie.es\/en\/aie-publica-su-memoria-de-2023\/","og_site_name":"AIE Sociedad de Artistas Int\u00e9rpretes o Ejecutantes de Espa\u00f1a","article_published_time":"2024-06-17T16:20:00+00:00","article_modified_time":"2024-09-18T08:56:28+00:00","og_image":[{"width":1024,"height":795,"url":"https:\/\/www.aie.es\/wp-content\/uploads\/Captura-de-pantalla-2024-06-17-a-las-17.08.48-1-1024x795.png","type":"image\/png"}],"author":"diego","twitter_card":"summary_large_image","twitter_misc":{"Written by":"diego"},"schema":{"@context":"https:\/\/schema.org","@graph":[{"@type":"WebPage","@id":"https:\/\/www.aie.es\/en\/aie-publica-su-memoria-de-2023\/","url":"https:\/\/www.aie.es\/en\/aie-publica-su-memoria-de-2023\/","name":"AIE publica su Memoria de 2023 - AIE Sociedad de Artistas Int\u00e9rpretes o Ejecutantes de Espa\u00f1a","isPartOf":{"@id":"https:\/\/www.aie.es\/#website"},"datePublished":"2024-06-17T16:20:00+00:00","dateModified":"2024-09-18T08:56:28+00:00","author":{"@id":"https:\/\/www.aie.es\/#\/schema\/person\/ad09c186388b5b9b686fc417f1a335c8"},"breadcrumb":{"@id":"https:\/\/www.aie.es\/en\/aie-publica-su-memoria-de-2023\/#breadcrumb"},"inLanguage":"en-US","potentialAction":[{"@type":"ReadAction","target":["https:\/\/www.aie.es\/en\/aie-publica-su-memoria-de-2023\/"]}]},{"@type":"BreadcrumbList","@id":"https:\/\/www.aie.es\/en\/aie-publica-su-memoria-de-2023\/#breadcrumb","itemListElement":[{"@type":"ListItem","position":1,"name":"Portada","item":"https:\/\/www.aie.es\/en\/"},{"@type":"ListItem","position":2,"name":"AIE publica su Memoria de 2023"}]},{"@type":"WebSite","@id":"https:\/\/www.aie.es\/#website","url":"https:\/\/www.aie.es\/","name":"AIE Sociedad de Artistas Int\u00e9rpretes o Ejecutantes de Espa\u00f1a","description":"Entidad de gesti\u00f3n de derechos de propiedad intelectual","potentialAction":[{"@type":"SearchAction","target":{"@type":"EntryPoint","urlTemplate":"https:\/\/www.aie.es\/?s={search_term_string}"},"query-input":"required name=search_term_string"}],"inLanguage":"en-US"},{"@type":"Person","@id":"https:\/\/www.aie.es\/#\/schema\/person\/ad09c186388b5b9b686fc417f1a335c8","name":"diego","image":{"@type":"ImageObject","inLanguage":"en-US","@id":"https:\/\/www.aie.es\/#\/schema\/person\/image\/","url":"https:\/\/secure.gravatar.com\/avatar\/baac0355de5f662b0d1486934be3cae7?s=96&d=mm&r=g","contentUrl":"https:\/\/secure.gravatar.com\/avatar\/baac0355de5f662b0d1486934be3cae7?s=96&d=mm&r=g","caption":"diego"},"url":"https:\/\/www.aie.es\/en\/author\/diego\/"}]}},"_links":{"self":[{"href":"https:\/\/www.aie.es\/en\/wp-json\/wp\/v2\/posts\/49582"}],"collection":[{"href":"https:\/\/www.aie.es\/en\/wp-json\/wp\/v2\/posts"}],"about":[{"href":"https:\/\/www.aie.es\/en\/wp-json\/wp\/v2\/types\/post"}],"author":[{"embeddable":true,"href":"https:\/\/www.aie.es\/en\/wp-json\/wp\/v2\/users\/4"}],"replies":[{"embeddable":true,"href":"https:\/\/www.aie.es\/en\/wp-json\/wp\/v2\/comments?post=49582"}],"version-history":[{"count":1,"href":"https:\/\/www.aie.es\/en\/wp-json\/wp\/v2\/posts\/49582\/revisions"}],"predecessor-version":[{"id":50944,"href":"https:\/\/www.aie.es\/en\/wp-json\/wp\/v2\/posts\/49582\/revisions\/50944"}],"wp:featuredmedia":[{"embeddable":true,"href":"https:\/\/www.aie.es\/en\/wp-json\/wp\/v2\/media\/49580"}],"wp:attachment":[{"href":"https:\/\/www.aie.es\/en\/wp-json\/wp\/v2\/media?parent=49582"}],"wp:term":[{"taxonomy":"category","embeddable":true,"href":"https:\/\/www.aie.es\/en\/wp-json\/wp\/v2\/categories?post=49582"},{"taxonomy":"post_tag","embeddable":true,"href":"https:\/\/www.aie.es\/en\/wp-json\/wp\/v2\/tags?post=49582"}],"curies":[{"name":"wp","href":"https:\/\/api.w.org\/{rel}","templated":true}]}}