{"id":54055,"date":"2025-03-31T09:08:30","date_gmt":"2025-03-31T08:08:30","guid":{"rendered":"https:\/\/www.aie.es\/aie-collaborates-once-again-with-la-radio-encendida\/"},"modified":"2025-04-22T17:19:50","modified_gmt":"2025-04-22T16:19:50","slug":"aie-collaborates-once-again-with-la-radio-encendida","status":"publish","type":"post","link":"https:\/\/www.aie.es\/en\/aie-collaborates-once-again-with-la-radio-encendida\/","title":{"rendered":"AIE collaborates once again with La Radio Encendida"},"content":{"rendered":"<p><img decoding=\"async\" class=\"aligncenter size-full wp-image-53890\" title=\"\" src=\"https:\/\/www.aie.es\/wp-content\/uploads\/Radio3-Web-scaled.jpg\" alt=\"\" width=\"2560\" height=\"1440\" srcset=\"https:\/\/www.aie.es\/wp-content\/uploads\/Radio3-Web-scaled.jpg 2560w, https:\/\/www.aie.es\/wp-content\/uploads\/Radio3-Web-300x169.jpg 300w, https:\/\/www.aie.es\/wp-content\/uploads\/Radio3-Web-1024x576.jpg 1024w, https:\/\/www.aie.es\/wp-content\/uploads\/Radio3-Web-768x432.jpg 768w, https:\/\/www.aie.es\/wp-content\/uploads\/Radio3-Web-1536x864.jpg 1536w, https:\/\/www.aie.es\/wp-content\/uploads\/Radio3-Web-2048x1152.jpg 2048w, https:\/\/www.aie.es\/wp-content\/uploads\/Radio3-Web-700x394.jpg 700w, https:\/\/www.aie.es\/wp-content\/uploads\/Radio3-Web-539x303.jpg 539w\" sizes=\"(max-width: 2560px) 100vw, 2560px\" \/><\/p>\n<p style=\"text-align: justify;\"><strong>AIE<\/strong> once again joins as a collaborator in the celebration of <strong>La Radio Encendida<\/strong>, the annual music marathon organized by <strong>Radio 3<\/strong> and <strong>La Casa Encendida<\/strong>, featuring both established and emerging national artists.<\/p>\n<p style=\"text-align: justify;\"><span data-contrast=\"auto\">This year, AIE will contribute with live performances from <strong>four<\/strong> bands participating in the first cycle of <strong>AIEnRUTa-Artistas 2025<\/strong>: <strong>Yeli Yeli<\/strong><em data-start=\"409\" data-end=\"448\">, <\/em><strong>El Nido<\/strong><em data-start=\"409\" data-end=\"448\">, <\/em><strong>El Ni\u00f1o Lord.Cah<\/strong><em data-start=\"409\" data-end=\"448\">,<\/em> and <strong>Meritxell Neddermann<\/strong>.<\/span><\/p>\n<p style=\"text-align: justify;\">In total, more than 20 bands will perform over <strong>eleven uninterrupted hours<\/strong> in this major music event, which offers free access via invitation. Additionally, there will be surprise small-format concerts with open access.<\/p>\n<p style=\"text-align: justify;\">These are the <strong>time slots<\/strong> in which the concerts of La Radio Encendida are divided:<\/p>\n<p style=\"text-align: justify;\"><span data-contrast=\"auto\">12.00 h \/ Patio: Jaguayano, Teo Lucadamo<\/span><span data-ccp-props=\"{}\">\u00a0<\/span><\/p>\n<p style=\"text-align: justify;\"><span data-contrast=\"auto\">13.00 h \/ Auditorio: Janire, La Bien Querida<\/span><span data-ccp-props=\"{}\">\u00a0<\/span><\/p>\n<p style=\"text-align: justify;\"><span data-contrast=\"auto\">14.00 h \/ Patio: Dollar Selmouni, Hens<\/span><span data-ccp-props=\"{}\">\u00a0<\/span><\/p>\n<p style=\"text-align: justify;\"><span data-contrast=\"auto\">15.00 h \/ Auditorio: El Nido, Cristalino<\/span><span data-ccp-props=\"{}\">\u00a0<\/span><span data-ccp-props=\"{}\">\u00a0<\/span><\/p>\n<p style=\"text-align: justify;\"><span data-contrast=\"auto\">16.00 h \/ Patio: Mohama Saz, Victorias, MELIFLUO<\/span><span data-ccp-props=\"{}\">\u00a0<\/span><\/p>\n<p style=\"text-align: justify;\"><span data-contrast=\"auto\">17.00 h \/ Auditorio: El Ni\u00f1o Lord.Cah, La Tania, Yeli Yeli<\/span><span data-ccp-props=\"{}\">\u00a0<\/span><\/p>\n<p style=\"text-align: justify;\"><span data-contrast=\"auto\">18.30 h \/ Patio: Anabel Lee, Merina Gris, Joe Crep\u00fasculo<\/span><span data-ccp-props=\"{}\">\u00a0<\/span><\/p>\n<p style=\"text-align: justify;\"><span data-contrast=\"auto\">20.00 h \/ Auditorio: Meritxell Neddermann, Amaral performing \u2018Dolce Vita\u2019 in duo format<\/span><\/p>\n<p style=\"text-align: justify;\"><span data-contrast=\"auto\">21.30 h \/ Patio: Vera Fauna, Colectivo da Silva, Parquesvr<\/span><span data-ccp-props=\"{}\">\u00a0<\/span><\/p>\n<p style=\"text-align: justify;\">You can follow the entire day of concerts live through Radio 3 and its social media.<\/p>\n","protected":false},"excerpt":{"rendered":"<p>This unmissable annual event will take place on March 23 across various spaces at La Casa Encendida.<\/p>\n","protected":false},"author":4,"featured_media":53891,"comment_status":"closed","ping_status":"closed","sticky":false,"template":"","format":"standard","meta":{"_acf_changed":false,"_relevanssi_hide_post":"","_relevanssi_hide_content":"","_relevanssi_pin_for_all":"","_relevanssi_pin_keywords":"","_relevanssi_unpin_keywords":"","_relevanssi_related_keywords":"","_relevanssi_related_include_ids":"","_relevanssi_related_exclude_ids":"","_relevanssi_related_no_append":"","_relevanssi_related_not_related":"","_relevanssi_related_posts":"","_relevanssi_noindex_reason":"","footnotes":""},"categories":[321],"tags":[],"acf":[],"yoast_head":"<!-- This site is optimized with the Yoast SEO Premium plugin v21.5 (Yoast SEO v21.9.1) - https:\/\/yoast.com\/wordpress\/plugins\/seo\/ -->\n<title>AIE collaborates once again with La Radio Encendida - AIE Sociedad de Artistas Int\u00e9rpretes o Ejecutantes de Espa\u00f1a<\/title>\n<meta name=\"description\" content=\"AIE collaborates with La Radio Encendida, this unmissable annual event will take place on March 23 across various spaces at La Casa Encendida.\" \/>\n<meta name=\"robots\" content=\"index, follow, max-snippet:-1, max-image-preview:large, max-video-preview:-1\" \/>\n<link rel=\"canonical\" href=\"https:\/\/www.aie.es\/aie-colabora-un-ano-mas-con-la-radio-encendida\/\" \/>\n<meta property=\"og:locale\" content=\"en_US\" \/>\n<meta property=\"og:type\" content=\"article\" \/>\n<meta property=\"og:title\" content=\"AIE collaborates once again with La Radio Encendida\" \/>\n<meta property=\"og:description\" content=\"AIE collaborates with La Radio Encendida, this unmissable annual event will take place on March 23 across various spaces at La Casa Encendida.\" \/>\n<meta property=\"og:url\" content=\"https:\/\/www.aie.es\/aie-colabora-un-ano-mas-con-la-radio-encendida\/\" \/>\n<meta property=\"og:site_name\" content=\"AIE Sociedad de Artistas Int\u00e9rpretes o Ejecutantes de Espa\u00f1a\" \/>\n<meta property=\"article:published_time\" content=\"2025-03-31T08:08:30+00:00\" \/>\n<meta property=\"article:modified_time\" content=\"2025-04-22T16:19:50+00:00\" \/>\n<meta property=\"og:image\" content=\"https:\/\/www.aie.es\/wp-content\/uploads\/Radio3-Web-scaled.jpg\" \/>\n\t<meta property=\"og:image:width\" content=\"2560\" \/>\n\t<meta property=\"og:image:height\" content=\"1440\" \/>\n\t<meta property=\"og:image:type\" content=\"image\/jpeg\" \/>\n<meta name=\"author\" content=\"diego\" \/>\n<meta name=\"twitter:card\" content=\"summary_large_image\" \/>\n<meta name=\"twitter:label1\" content=\"Written by\" \/>\n\t<meta name=\"twitter:data1\" content=\"diego\" \/>\n\t<meta name=\"twitter:label2\" content=\"Est. reading time\" \/>\n\t<meta name=\"twitter:data2\" content=\"1 minute\" \/>\n<script type=\"application\/ld+json\" class=\"yoast-schema-graph\">{\"@context\":\"https:\/\/schema.org\",\"@graph\":[{\"@type\":\"WebPage\",\"@id\":\"https:\/\/www.aie.es\/aie-colabora-un-ano-mas-con-la-radio-encendida\/\",\"url\":\"https:\/\/www.aie.es\/aie-colabora-un-ano-mas-con-la-radio-encendida\/\",\"name\":\"AIE collaborates once again with La Radio Encendida - AIE Sociedad de Artistas Int\u00e9rpretes o Ejecutantes de Espa\u00f1a\",\"isPartOf\":{\"@id\":\"https:\/\/www.aie.es\/#website\"},\"datePublished\":\"2025-03-31T08:08:30+00:00\",\"dateModified\":\"2025-04-22T16:19:50+00:00\",\"author\":{\"@id\":\"https:\/\/www.aie.es\/#\/schema\/person\/ad09c186388b5b9b686fc417f1a335c8\"},\"description\":\"AIE collaborates with La Radio Encendida, this unmissable annual event will take place on March 23 across various spaces at La Casa Encendida.\",\"breadcrumb\":{\"@id\":\"https:\/\/www.aie.es\/aie-colabora-un-ano-mas-con-la-radio-encendida\/#breadcrumb\"},\"inLanguage\":\"en-US\",\"potentialAction\":[{\"@type\":\"ReadAction\",\"target\":[\"https:\/\/www.aie.es\/aie-colabora-un-ano-mas-con-la-radio-encendida\/\"]}]},{\"@type\":\"BreadcrumbList\",\"@id\":\"https:\/\/www.aie.es\/aie-colabora-un-ano-mas-con-la-radio-encendida\/#breadcrumb\",\"itemListElement\":[{\"@type\":\"ListItem\",\"position\":1,\"name\":\"Portada\",\"item\":\"https:\/\/www.aie.es\/en\/\"},{\"@type\":\"ListItem\",\"position\":2,\"name\":\"AIE collaborates once again with La Radio Encendida\"}]},{\"@type\":\"WebSite\",\"@id\":\"https:\/\/www.aie.es\/#website\",\"url\":\"https:\/\/www.aie.es\/\",\"name\":\"AIE Sociedad de Artistas Int\u00e9rpretes o Ejecutantes de Espa\u00f1a\",\"description\":\"Entidad de gesti\u00f3n de derechos de propiedad intelectual\",\"potentialAction\":[{\"@type\":\"SearchAction\",\"target\":{\"@type\":\"EntryPoint\",\"urlTemplate\":\"https:\/\/www.aie.es\/?s={search_term_string}\"},\"query-input\":\"required name=search_term_string\"}],\"inLanguage\":\"en-US\"},{\"@type\":\"Person\",\"@id\":\"https:\/\/www.aie.es\/#\/schema\/person\/ad09c186388b5b9b686fc417f1a335c8\",\"name\":\"diego\",\"image\":{\"@type\":\"ImageObject\",\"inLanguage\":\"en-US\",\"@id\":\"https:\/\/www.aie.es\/#\/schema\/person\/image\/\",\"url\":\"https:\/\/secure.gravatar.com\/avatar\/baac0355de5f662b0d1486934be3cae7?s=96&d=mm&r=g\",\"contentUrl\":\"https:\/\/secure.gravatar.com\/avatar\/baac0355de5f662b0d1486934be3cae7?s=96&d=mm&r=g\",\"caption\":\"diego\"},\"url\":\"https:\/\/www.aie.es\/en\/author\/diego\/\"}]}<\/script>\n<!-- \/ Yoast SEO Premium plugin. -->","yoast_head_json":{"title":"AIE collaborates once again with La Radio Encendida - AIE Sociedad de Artistas Int\u00e9rpretes o Ejecutantes de Espa\u00f1a","description":"AIE collaborates with La Radio Encendida, this unmissable annual event will take place on March 23 across various spaces at La Casa Encendida.","robots":{"index":"index","follow":"follow","max-snippet":"max-snippet:-1","max-image-preview":"max-image-preview:large","max-video-preview":"max-video-preview:-1"},"canonical":"https:\/\/www.aie.es\/aie-colabora-un-ano-mas-con-la-radio-encendida\/","og_locale":"en_US","og_type":"article","og_title":"AIE collaborates once again with La Radio Encendida","og_description":"AIE collaborates with La Radio Encendida, this unmissable annual event will take place on March 23 across various spaces at La Casa Encendida.","og_url":"https:\/\/www.aie.es\/aie-colabora-un-ano-mas-con-la-radio-encendida\/","og_site_name":"AIE Sociedad de Artistas Int\u00e9rpretes o Ejecutantes de Espa\u00f1a","article_published_time":"2025-03-31T08:08:30+00:00","article_modified_time":"2025-04-22T16:19:50+00:00","og_image":[{"width":2560,"height":1440,"url":"https:\/\/www.aie.es\/wp-content\/uploads\/Radio3-Web-scaled.jpg","type":"image\/jpeg"}],"author":"diego","twitter_card":"summary_large_image","twitter_misc":{"Written by":"diego","Est. reading time":"1 minute"},"schema":{"@context":"https:\/\/schema.org","@graph":[{"@type":"WebPage","@id":"https:\/\/www.aie.es\/aie-colabora-un-ano-mas-con-la-radio-encendida\/","url":"https:\/\/www.aie.es\/aie-colabora-un-ano-mas-con-la-radio-encendida\/","name":"AIE collaborates once again with La Radio Encendida - AIE Sociedad de Artistas Int\u00e9rpretes o Ejecutantes de Espa\u00f1a","isPartOf":{"@id":"https:\/\/www.aie.es\/#website"},"datePublished":"2025-03-31T08:08:30+00:00","dateModified":"2025-04-22T16:19:50+00:00","author":{"@id":"https:\/\/www.aie.es\/#\/schema\/person\/ad09c186388b5b9b686fc417f1a335c8"},"description":"AIE collaborates with La Radio Encendida, this unmissable annual event will take place on March 23 across various spaces at La Casa Encendida.","breadcrumb":{"@id":"https:\/\/www.aie.es\/aie-colabora-un-ano-mas-con-la-radio-encendida\/#breadcrumb"},"inLanguage":"en-US","potentialAction":[{"@type":"ReadAction","target":["https:\/\/www.aie.es\/aie-colabora-un-ano-mas-con-la-radio-encendida\/"]}]},{"@type":"BreadcrumbList","@id":"https:\/\/www.aie.es\/aie-colabora-un-ano-mas-con-la-radio-encendida\/#breadcrumb","itemListElement":[{"@type":"ListItem","position":1,"name":"Portada","item":"https:\/\/www.aie.es\/en\/"},{"@type":"ListItem","position":2,"name":"AIE collaborates once again with La Radio Encendida"}]},{"@type":"WebSite","@id":"https:\/\/www.aie.es\/#website","url":"https:\/\/www.aie.es\/","name":"AIE Sociedad de Artistas Int\u00e9rpretes o Ejecutantes de Espa\u00f1a","description":"Entidad de gesti\u00f3n de derechos de propiedad intelectual","potentialAction":[{"@type":"SearchAction","target":{"@type":"EntryPoint","urlTemplate":"https:\/\/www.aie.es\/?s={search_term_string}"},"query-input":"required name=search_term_string"}],"inLanguage":"en-US"},{"@type":"Person","@id":"https:\/\/www.aie.es\/#\/schema\/person\/ad09c186388b5b9b686fc417f1a335c8","name":"diego","image":{"@type":"ImageObject","inLanguage":"en-US","@id":"https:\/\/www.aie.es\/#\/schema\/person\/image\/","url":"https:\/\/secure.gravatar.com\/avatar\/baac0355de5f662b0d1486934be3cae7?s=96&d=mm&r=g","contentUrl":"https:\/\/secure.gravatar.com\/avatar\/baac0355de5f662b0d1486934be3cae7?s=96&d=mm&r=g","caption":"diego"},"url":"https:\/\/www.aie.es\/en\/author\/diego\/"}]}},"_links":{"self":[{"href":"https:\/\/www.aie.es\/en\/wp-json\/wp\/v2\/posts\/54055"}],"collection":[{"href":"https:\/\/www.aie.es\/en\/wp-json\/wp\/v2\/posts"}],"about":[{"href":"https:\/\/www.aie.es\/en\/wp-json\/wp\/v2\/types\/post"}],"author":[{"embeddable":true,"href":"https:\/\/www.aie.es\/en\/wp-json\/wp\/v2\/users\/4"}],"replies":[{"embeddable":true,"href":"https:\/\/www.aie.es\/en\/wp-json\/wp\/v2\/comments?post=54055"}],"version-history":[{"count":1,"href":"https:\/\/www.aie.es\/en\/wp-json\/wp\/v2\/posts\/54055\/revisions"}],"predecessor-version":[{"id":54282,"href":"https:\/\/www.aie.es\/en\/wp-json\/wp\/v2\/posts\/54055\/revisions\/54282"}],"wp:featuredmedia":[{"embeddable":true,"href":"https:\/\/www.aie.es\/en\/wp-json\/wp\/v2\/media\/53891"}],"wp:attachment":[{"href":"https:\/\/www.aie.es\/en\/wp-json\/wp\/v2\/media?parent=54055"}],"wp:term":[{"taxonomy":"category","embeddable":true,"href":"https:\/\/www.aie.es\/en\/wp-json\/wp\/v2\/categories?post=54055"},{"taxonomy":"post_tag","embeddable":true,"href":"https:\/\/www.aie.es\/en\/wp-json\/wp\/v2\/tags?post=54055"}],"curies":[{"name":"wp","href":"https:\/\/api.w.org\/{rel}","templated":true}]}}