{"id":59716,"date":"2026-04-24T10:35:01","date_gmt":"2026-04-24T09:35:01","guid":{"rendered":"https:\/\/www.aie.es\/la-relacion-entre-musica-e-inteligencia-artificial-generativa-a-debate-en-la-xxii-edicion-del-seminario-juridico-de-aie\/"},"modified":"2026-04-24T10:35:01","modified_gmt":"2026-04-24T09:35:01","slug":"la-relacion-entre-musica-e-inteligencia-artificial-generativa-a-debate-en-la-xxii-edicion-del-seminario-juridico-de-aie","status":"publish","type":"post","link":"https:\/\/www.aie.es\/en\/la-relacion-entre-musica-e-inteligencia-artificial-generativa-a-debate-en-la-xxii-edicion-del-seminario-juridico-de-aie\/","title":{"rendered":"La relaci\u00f3n entre m\u00fasica e inteligencia artificial generativa a debate en la XXII edici\u00f3n del Seminario Jur\u00eddico de AIE"},"content":{"rendered":"<p><img decoding=\"async\" class=\"aligncenter wp-image-59699 size-full\" src=\"https:\/\/www.aie.es\/wp-content\/uploads\/047-Presidente-scaled.jpg\" alt=\"\" width=\"2560\" height=\"1707\" srcset=\"https:\/\/www.aie.es\/wp-content\/uploads\/047-Presidente-scaled.jpg 2560w, https:\/\/www.aie.es\/wp-content\/uploads\/047-Presidente-300x200.jpg 300w, https:\/\/www.aie.es\/wp-content\/uploads\/047-Presidente-1024x683.jpg 1024w, https:\/\/www.aie.es\/wp-content\/uploads\/047-Presidente-768x512.jpg 768w, https:\/\/www.aie.es\/wp-content\/uploads\/047-Presidente-1536x1024.jpg 1536w, https:\/\/www.aie.es\/wp-content\/uploads\/047-Presidente-2048x1365.jpg 2048w, https:\/\/www.aie.es\/wp-content\/uploads\/047-Presidente-700x467.jpg 700w\" sizes=\"(max-width: 2560px) 100vw, 2560px\" \/><\/p>\n<p style=\"text-align: justify;\"><b><span data-contrast=\"auto\">Barcelona, 16 de abril de 2026.-<\/span><\/b><span data-contrast=\"auto\">\u00a0\u201cPuede que la IA no haga una copia de tu m\u00fasica, pero s\u00ed generar m\u00fasica id\u00e9ntica y la\u00a0legislaci\u00f3n a\u00fan\u00a0no afronta esa realidad\u201d, se\u00f1al\u00f3 uno de los expertos reunidos por AIE en su XXII Seminario Jur\u00eddico en Barcelona.\u00a0\u00bfC\u00f3mo proteger los derechos de los artistas cuando las herramientas\u00a0legales para regular la\u00a0inteligencia artificial generativa (IAG)\u00a0no existen o son insuficientes?<\/span><span data-ccp-props=\"{&quot;201341983&quot;:0,&quot;335551550&quot;:6,&quot;335551620&quot;:6,&quot;335559739&quot;:0,&quot;335559740&quot;:240}\">\u00a0<\/span><\/p>\n<p style=\"text-align: justify;\"><span data-contrast=\"auto\">De esa y otras cuestiones debatieron en Barcelona el matem\u00e1tico e investigador\u00a0<\/span><b><span data-contrast=\"auto\">Axel Brando<\/span><\/b><span data-contrast=\"auto\">;\u00a0la profesora de la Universidad de Mil\u00e1n\u00a0<\/span><b><span data-contrast=\"auto\">Raffaela\u00a0Folgieri<\/span><\/b><span data-contrast=\"auto\">;\u00a0el catedr\u00e1tico de Comunicaci\u00f3n de la Universidad de Murcia\u00a0<\/span><b><span data-contrast=\"auto\">Juan Miguel Aguado<\/span><\/b><span data-contrast=\"auto\">\u00a0y la directora del \u00e1rea de Propiedad Intelectual de PONS IP\u00a0<\/span><b><span data-contrast=\"auto\">Violeta Arnaiz<\/span><\/b><span data-contrast=\"auto\">, con la moderaci\u00f3n de\u00a0<\/span><b><span data-contrast=\"auto\">Cristina Armu\u00f1a<\/span><\/b><span data-contrast=\"auto\">\u00a0y\u00a0<\/span><b><span data-contrast=\"auto\">Jos\u00e9 Luis Sevillano<\/span><\/b><span data-contrast=\"auto\">, jefa de \u00e1rea de Datos e Inteligencia de Negocio\u00a0y CEO de AIE, respectivamente.\u00a0Como broche de la jornada, el m\u00fasico y productor\u00a0<\/span><b><span data-contrast=\"auto\">Fernando Sancho<\/span><\/b><span data-contrast=\"auto\">\u00a0realiz\u00f3 una demostraci\u00f3n pr\u00e1ctica de la creaci\u00f3n\u00a0de m\u00fasica con una herramienta de IAG.<\/span><span data-ccp-props=\"{&quot;201341983&quot;:0,&quot;335551550&quot;:6,&quot;335551620&quot;:6,&quot;335559739&quot;:0,&quot;335559740&quot;:240}\">\u00a0<\/span><\/p>\n<p style=\"text-align: justify;\"><span data-ccp-props=\"{&quot;201341983&quot;:0,&quot;335551550&quot;:6,&quot;335551620&quot;:6,&quot;335559739&quot;:0,&quot;335559740&quot;:240}\">\u00a0<\/span><\/p>\n<p style=\"text-align: justify;\"><b><span data-contrast=\"auto\">Un debate que va m\u00e1s all\u00e1 de la tecnolog\u00eda<\/span><\/b><span data-ccp-props=\"{&quot;201341983&quot;:0,&quot;335551550&quot;:6,&quot;335551620&quot;:6,&quot;335559739&quot;:0,&quot;335559740&quot;:240}\">\u00a0<\/span><span data-ccp-props=\"{&quot;201341983&quot;:0,&quot;335551550&quot;:6,&quot;335551620&quot;:6,&quot;335559739&quot;:0,&quot;335559740&quot;:240}\">\u00a0<\/span><\/p>\n<p style=\"text-align: justify;\"><span data-contrast=\"auto\">El\u00a0presidente de AIE,\u00a0<\/span><b><span data-contrast=\"auto\">Luis Cobos<\/span><\/b><span data-contrast=\"auto\">, inaugur\u00f3 el seminario con un mensaje de bienvenida y\u00a0puesta en situaci\u00f3n\u00a0que plante\u00f3 el punto de partida\u00a0del debate en t\u00e9rminos pr\u00e1cticamente\u00a0filos\u00f3ficos: la\u00a0<\/span><b><span data-contrast=\"auto\">tensi\u00f3n entre \u201ccreaci\u00f3n e interpretaci\u00f3n frente a generaci\u00f3n\u201d<\/span><\/b><span data-contrast=\"auto\">\u00a0que, m\u00e1s all\u00e1 de lo ret\u00f3rico, resume el n\u00facleo del conflicto actual.\u00a0<\/span><b><span data-contrast=\"auto\">Y advirti\u00f3 del riesgo creciente de\u00a0que los sistemas\u00a0de inteligencia artificial, entrenados con obras\u00a0de los\u00a0creadores,\u00a0los\u00a0transformen\u00a0en meros \u201cespecialistas en preguntar\u201d<\/span><\/b><span data-contrast=\"auto\">,\u00a0que dependan de\u00a0m\u00e1quinas entrenadas con contenidos que, en la mayor\u00eda de\u00a0ocasiones, han sido utilizados sin autorizaci\u00f3n ni compensaci\u00f3n.\u00a0Y es que,\u00a0se\u00f1al\u00f3 Luis Cobos,\u00a0la IAG\u00a0no solo plantea un problema econ\u00f3mico, sino tambi\u00e9n cultural, pues\u00a0cuestiona el valor mismo de la autor\u00eda en un entorno donde la producci\u00f3n puede automatizarse a partir de grandes\u00a0conjuntos de datos.<\/span><span data-ccp-props=\"{&quot;201341983&quot;:0,&quot;335551550&quot;:6,&quot;335551620&quot;:6,&quot;335559739&quot;:0,&quot;335559740&quot;:240}\">\u00a0<\/span><\/p>\n<p style=\"text-align: justify;\"><span data-contrast=\"auto\">La subsecretaria de Cultura del Ministerio de Cultura,\u00a0<\/span><b><span data-contrast=\"auto\">Carmen P\u00e1ez<\/span><\/b><span data-contrast=\"auto\">, reconoci\u00f3\u00a0que\u00a0<\/span><b><span data-contrast=\"auto\">las normas vigentes\u00a0\u201cse han mostrado\u00a0incapaces\u201d de dar respuesta a dos cuestiones clave: el uso de contenidos para entrenar modelos y la regulaci\u00f3n de los resultados generados por estos sistemas.<\/span><\/b><span data-contrast=\"auto\">\u00a0El problema, explic\u00f3, no es solo jur\u00eddico, sino estructural. La inteligencia artificial opera con una\u00a0l\u00f3gica global que desborda principios cl\u00e1sicos del derecho como el de territorialidad: \u201cempresas que entrenan modelos fuera de la Uni\u00f3n Europea afectan a titulares de derechos dentro de ella, generando un vac\u00edo normativo dif\u00edcil de gestionar\u201d.<\/span><span data-ccp-props=\"{&quot;201341983&quot;:0,&quot;335551550&quot;:6,&quot;335551620&quot;:6,&quot;335559739&quot;:0,&quot;335559740&quot;:240}\">\u00a0<\/span><\/p>\n<p><img decoding=\"async\" class=\"aligncenter wp-image-59695 size-full\" src=\"https:\/\/www.aie.es\/wp-content\/uploads\/065-Carmen-Paez-scaled.jpg\" alt=\"\" width=\"1707\" height=\"2560\" srcset=\"https:\/\/www.aie.es\/wp-content\/uploads\/065-Carmen-Paez-scaled.jpg 1707w, https:\/\/www.aie.es\/wp-content\/uploads\/065-Carmen-Paez-200x300.jpg 200w, https:\/\/www.aie.es\/wp-content\/uploads\/065-Carmen-Paez-683x1024.jpg 683w, https:\/\/www.aie.es\/wp-content\/uploads\/065-Carmen-Paez-768x1152.jpg 768w, https:\/\/www.aie.es\/wp-content\/uploads\/065-Carmen-Paez-1024x1536.jpg 1024w, https:\/\/www.aie.es\/wp-content\/uploads\/065-Carmen-Paez-1365x2048.jpg 1365w, https:\/\/www.aie.es\/wp-content\/uploads\/065-Carmen-Paez-700x1050.jpg 700w\" sizes=\"(max-width: 1707px) 100vw, 1707px\" \/><\/p>\n<p style=\"text-align: justify;\"><span data-contrast=\"auto\">El intento del Ministerio de Cultura de impulsar un sistema de licencias colectivas para el entrenamiento de IA no prosper\u00f3, pero el diagn\u00f3stico sigue vigente:\u00a0sin mecanismos de autorizaci\u00f3n, remuneraci\u00f3n y reconocimiento, el sistema corre el riesgo de erosionar la base econ\u00f3mica de la creaci\u00f3n cultural:\u00a0<\/span><b><span data-contrast=\"auto\">\u201cla IAG debe respetar el marco jur\u00eddico que ya existe, y que se basa en principios como los de autorizaci\u00f3n, reconocimiento, remuneraci\u00f3n y trazabilidad, tanto en el\u00a0<\/span><\/b><b><i><span data-contrast=\"auto\">input<\/span><\/i><\/b><b><span data-contrast=\"auto\">\u00a0como en el\u00a0<\/span><\/b><b><i><span data-contrast=\"auto\">output<\/span><\/i><\/b><b><span data-contrast=\"auto\">\u00a0de los contenidos\u201d,<\/span><\/b><span data-contrast=\"auto\">\u00a0destac\u00f3 P\u00e1ez.<\/span><span data-ccp-props=\"{&quot;201341983&quot;:0,&quot;335551550&quot;:6,&quot;335551620&quot;:6,&quot;335559739&quot;:0,&quot;335559740&quot;:240}\">\u00a0<\/span><\/p>\n<p style=\"text-align: justify;\"><span data-contrast=\"auto\">Desde el\u00a0Ministerio, asegur\u00f3 la subsecretaria de Cultura, \u201cse defiende que\u00a0<\/span><b><span data-contrast=\"auto\">solo es posible desarrollar herramientas de IAG mediante el modelo de licenciamiento,\u00a0en el que las entidades de gesti\u00f3n colectiva juegan un papel fundamental\u201d.<\/span><\/b><span data-contrast=\"auto\">\u00a0\u201cTambi\u00e9n para vencer las asimetr\u00edas en los procesos de negociaci\u00f3n, a fin de garantizar los derechos de todos los titulares, no solo de las grandes empresas u operadores\u201d, concluy\u00f3.<\/span><span data-ccp-props=\"{&quot;201341983&quot;:0,&quot;335551550&quot;:6,&quot;335551620&quot;:6,&quot;335559739&quot;:0,&quot;335559740&quot;:240}\">\u00a0<\/span><\/p>\n<p style=\"text-align: justify;\"><span data-ccp-props=\"{&quot;201341983&quot;:0,&quot;335551550&quot;:6,&quot;335551620&quot;:6,&quot;335559739&quot;:0,&quot;335559740&quot;:240}\">\u00a0<\/span><\/p>\n<p style=\"text-align: justify;\"><b><span data-contrast=\"auto\">Entender la m\u00e1quina para regularla<\/span><\/b><span data-ccp-props=\"{&quot;201341983&quot;:0,&quot;335551550&quot;:6,&quot;335551620&quot;:6,&quot;335559739&quot;:0,&quot;335559740&quot;:240}\">\u00a0<\/span><\/p>\n<p><img decoding=\"async\" class=\"aligncenter wp-image-59697 size-full\" src=\"https:\/\/www.aie.es\/wp-content\/uploads\/095-Mesa-1-scaled.jpg\" alt=\"\" width=\"2560\" height=\"1707\" srcset=\"https:\/\/www.aie.es\/wp-content\/uploads\/095-Mesa-1-scaled.jpg 2560w, https:\/\/www.aie.es\/wp-content\/uploads\/095-Mesa-1-300x200.jpg 300w, https:\/\/www.aie.es\/wp-content\/uploads\/095-Mesa-1-1024x683.jpg 1024w, https:\/\/www.aie.es\/wp-content\/uploads\/095-Mesa-1-768x512.jpg 768w, https:\/\/www.aie.es\/wp-content\/uploads\/095-Mesa-1-1536x1024.jpg 1536w, https:\/\/www.aie.es\/wp-content\/uploads\/095-Mesa-1-2048x1365.jpg 2048w, https:\/\/www.aie.es\/wp-content\/uploads\/095-Mesa-1-700x467.jpg 700w\" sizes=\"(max-width: 2560px) 100vw, 2560px\" \/><\/p>\n<p style=\"text-align: justify;\"><span data-contrast=\"auto\">Pero el seminario no\u00a0se qued\u00f3\u00a0en el plano jur\u00eddico. En esta edici\u00f3n, el enfoque dio un giro: antes de legislar, hay que entender c\u00f3mo funcionan realmente estos sistemas.\u00a0Y en este contexto, emergi\u00f3 un concepto clave:\u00a0<\/span><b><span data-contrast=\"auto\">la trazabilidad<\/span><\/b><span data-contrast=\"auto\">. Saber qu\u00e9 obras han sido utilizadas para entrenar modelos y c\u00f3mo influyen en los resultados se perfila como uno de los pilares de cualquier actualizaci\u00f3n de la regulaci\u00f3n.<\/span><span data-ccp-props=\"{&quot;201341983&quot;:0,&quot;335551550&quot;:6,&quot;335551620&quot;:6,&quot;335559739&quot;:0,&quot;335559740&quot;:240}\">\u00a0<\/span><\/p>\n<p style=\"text-align: justify;\"><span data-contrast=\"auto\">El matem\u00e1tico e\u00a0investigador\u00a0<\/span><b><span data-contrast=\"auto\">Axel Brando<\/span><\/b><span data-contrast=\"auto\">\u00a0que desmont\u00f3 algunos de los mitos m\u00e1s extendidos sobre la inteligencia artificial. Su explicaci\u00f3n, apoyada en fundamentos matem\u00e1ticos, apunt\u00f3 a una idea central:\u00a0<\/span><b><span data-contrast=\"auto\">los modelos no \u201ccopian\u201d en el sentido tradicional, sino que construyen funciones que transforman datos en resultados.<\/span><\/b><span data-contrast=\"auto\">\u00a0Brando proporcion\u00f3 una perspectiva t\u00e9cnica sobre la IAG,\u00a0explicando conceptos complejos\u00a0como los de inferencia probabil\u00edstica, trazabilidad y atribuci\u00f3n\u00a0mediante la met\u00e1fora de una &#8220;malla&#8221; o superficie matem\u00e1tica. Explic\u00f3 que determinar qu\u00e9 grabaciones han contribuido a la generaci\u00f3n de m\u00fasica espec\u00edfica ser\u00e1 probabil\u00edstico, no determinista, pero teniendo siempre muy presente que \u201cla IA es infraestructura c\u00edvica y una tecnolog\u00eda de prop\u00f3sito general que est\u00e1 cambiando todo a nivel cognitivo\u201d.<\/span><span data-ccp-props=\"{&quot;201341983&quot;:0,&quot;335551550&quot;:6,&quot;335551620&quot;:6,&quot;335559739&quot;:0,&quot;335559740&quot;:240}\">\u00a0<\/span><\/p>\n<p style=\"text-align: justify;\"><span data-contrast=\"auto\">Sin embargo, esa matizaci\u00f3n no elimina el problema. Como se\u00f1al\u00f3,\u00a0<\/span><b><span data-contrast=\"auto\">un modelo puede generar exactamente un contenido presente en su entrenamiento, no porque lo recorte y lo pegue, sino porque la funci\u00f3n matem\u00e1tica que ha aprendido pasa por ese \u201cpunto concreto\u201d.<\/span><\/b><span data-ccp-props=\"{&quot;201341983&quot;:0,&quot;335551550&quot;:6,&quot;335551620&quot;:6,&quot;335559739&quot;:0,&quot;335559740&quot;:240}\">\u00a0<\/span><\/p>\n<p style=\"text-align: justify;\"><b><span data-contrast=\"auto\">La implicaci\u00f3n es profunda: la distinci\u00f3n entre copia y generaci\u00f3n se vuelve difusa. Y con ella, los criterios jur\u00eddicos tradicionales para determinar infracciones de derechos de autor.<\/span><\/b><span data-contrast=\"auto\">\u00a0Por este motivo,\u00a0<\/span><b><span data-contrast=\"auto\">los retos de la IAG en relaci\u00f3n con la propiedad intelectual son la atribuci\u00f3n y la originalidad (\u201c<\/span><\/b><b><i><span data-contrast=\"auto\">attribution\u00a0and\u00a0novelty<\/span><\/i><\/b><b><span data-contrast=\"auto\">\u201d)<\/span><\/b><span data-contrast=\"auto\">:\u00a0como es imposible descartar que el contenido\u00a0generado incluya datos de entrenamiento, es fundamental\u00a0<\/span><b><span data-contrast=\"auto\">analizar en qu\u00e9 proporci\u00f3n los modelos los ofrecen en sus resultados para poder determinar c\u00f3mo debe remunerarse su utilizaci\u00f3n.<\/span><\/b><span data-ccp-props=\"{&quot;201341983&quot;:0,&quot;335551550&quot;:6,&quot;335551620&quot;:6,&quot;335559739&quot;:0,&quot;335559740&quot;:240}\">\u00a0<\/span><span data-ccp-props=\"{&quot;201341983&quot;:0,&quot;335551550&quot;:6,&quot;335551620&quot;:6,&quot;335559739&quot;:0,&quot;335559740&quot;:240}\">\u00a0<\/span><\/p>\n<p style=\"text-align: justify;\"><span data-contrast=\"auto\">Brando propuso reformular el debate:\u00a0<\/span><b><span data-contrast=\"auto\">en lugar de preguntar si la IA copia, habr\u00eda que preguntarse si es posible garantizar que no reproduzca contenidos existentes\u00a0en los conjuntos de datos con los que ha sido entrenada.<\/span><\/b><span data-contrast=\"auto\">\u00a0Y\u00a0no\u00a0puede asegurarse completamente.\u00a0Una realidad que la legislaci\u00f3n para regular la IAG no puede obviar.<\/span><span data-ccp-props=\"{&quot;201341983&quot;:0,&quot;335551550&quot;:6,&quot;335551620&quot;:6,&quot;335559739&quot;:0,&quot;335559740&quot;:240}\">\u00a0<\/span><\/p>\n<p style=\"text-align: justify;\"><span data-ccp-props=\"{&quot;201341983&quot;:0,&quot;335551550&quot;:6,&quot;335551620&quot;:6,&quot;335559739&quot;:0,&quot;335559740&quot;:240}\">\u00a0<\/span><\/p>\n<p style=\"text-align: justify;\"><b><span data-contrast=\"auto\">El reto de la atribuci\u00f3n y la \u201csuperficie infinita\u201d<\/span><\/b><span data-ccp-props=\"{&quot;201341983&quot;:0,&quot;335551550&quot;:6,&quot;335551620&quot;:6,&quot;335559739&quot;:0,&quot;335559740&quot;:240}\">\u00a0<\/span><span data-ccp-props=\"{&quot;201341983&quot;:0,&quot;335551550&quot;:6,&quot;335551620&quot;:6,&quot;335559739&quot;:0,&quot;335559740&quot;:240}\">\u00a0<\/span><\/p>\n<p style=\"text-align: justify;\"><span data-contrast=\"auto\">Uno de los conceptos\u00a0m\u00e1s sugerentes de cuantos se plantearon en\u00a0la jornada fue la idea de que\u00a0<\/span><b><span data-contrast=\"auto\">los modelos de IA funcionan como \u201csuperficies\u201d moldeadas por los datos de entrenamiento.<\/span><\/b><span data-contrast=\"auto\">\u00a0<\/span><b><span data-contrast=\"auto\">Cada obra utilizada ejerce una influencia \u2014mayor o menor\u2014 en la forma final del modelo.<\/span><\/b><span data-ccp-props=\"{&quot;201341983&quot;:0,&quot;335551550&quot;:6,&quot;335551620&quot;:6,&quot;335559739&quot;:0,&quot;335559740&quot;:240}\">\u00a0<\/span><span data-ccp-props=\"{&quot;201341983&quot;:0,&quot;335551550&quot;:6,&quot;335551620&quot;:6,&quot;335559739&quot;:0,&quot;335559740&quot;:240}\">\u00a0<\/span><\/p>\n<p style=\"text-align: justify;\"><b><span data-contrast=\"auto\">Esto abre una v\u00eda alternativa al debate jur\u00eddico: la atribuci\u00f3n probabil\u00edstica.<\/span><\/b><span data-contrast=\"auto\">\u00a0Es decir, desarrollar herramientas que permitan identificar qu\u00e9 contenidos han influido en un resultado concreto, aunque no exista una copia directa.<\/span><span data-ccp-props=\"{&quot;201341983&quot;:0,&quot;335551550&quot;:6,&quot;335551620&quot;:6,&quot;335559739&quot;:0,&quot;335559740&quot;:240}\">\u00a0<\/span><span data-ccp-props=\"{&quot;201341983&quot;:0,&quot;335551550&quot;:6,&quot;335551620&quot;:6,&quot;335559739&quot;:0,&quot;335559740&quot;:240}\">\u00a0<\/span><\/p>\n<p style=\"text-align: justify;\"><span data-contrast=\"auto\">No se trata de una soluci\u00f3n sencilla:\u00a0estos sistemas operan en espacios de dimensiones pr\u00e1cticamente infinitas, lo que dificulta cualquier intento de trazabilidad completa. Pero tambi\u00e9n se subray\u00f3 que la complejidad t\u00e9cnica no puede ser una excusa para la falta de responsabilidad en el desarrollo de la IAG.<\/span><span data-ccp-props=\"{&quot;201341983&quot;:0,&quot;335551550&quot;:6,&quot;335551620&quot;:6,&quot;335559739&quot;:0,&quot;335559740&quot;:240}\">\u00a0<\/span><\/p>\n<p style=\"text-align: justify;\"><span data-ccp-props=\"{&quot;201341983&quot;:0,&quot;335551550&quot;:6,&quot;335551620&quot;:6,&quot;335559739&quot;:0,&quot;335559740&quot;:240}\">\u00a0<\/span><\/p>\n<p style=\"text-align: justify;\"><b><span data-contrast=\"auto\">La creatividad bajo sospecha (y en redefinici\u00f3n)<\/span><\/b><span data-ccp-props=\"{&quot;201341983&quot;:0,&quot;335551550&quot;:6,&quot;335551620&quot;:6,&quot;335559739&quot;:0,&quot;335559740&quot;:240}\">\u00a0<\/span><\/p>\n<p style=\"text-align: justify;\"><span data-contrast=\"auto\">Desde una perspectiva m\u00e1s humanista, la intervenci\u00f3n de la investigadora\u00a0<\/span><b><span data-contrast=\"auto\">Raffaela\u00a0Folgieri<\/span><\/b><span data-contrast=\"auto\">, profesora de IA y Ciencias Cognitivas en la Universidad de Mil\u00e1n,\u00a0introdujo un matiz clave:\u00a0<\/span><b><span data-contrast=\"auto\">la inteligencia artificial no es creativa en sentido estricto. Puede generar combinaciones, pero carece de intenci\u00f3n, necesidad o experiencia.<\/span><\/b><span data-ccp-props=\"{&quot;201341983&quot;:0,&quot;335551550&quot;:6,&quot;335551620&quot;:6,&quot;335559739&quot;:0,&quot;335559740&quot;:240}\">\u00a0<\/span><\/p>\n<p style=\"text-align: justify;\"><span data-contrast=\"auto\">Esta diferencia, aparentemente te\u00f3rica, tiene consecuencias pr\u00e1cticas. La creatividad humana no reside \u00fanicamente en el resultado, sino en la intenci\u00f3n que lo impulsa. Y esa dimensi\u00f3n, argument\u00f3, sigue siendo insustituible:\u00a0<\/span><b><span data-contrast=\"auto\">\u201cLa creatividad no debe ser considerada \u00fanicamente en funci\u00f3n del resultado final, porque se basa en las ideas, la intenci\u00f3n, la chispa humana\u2026\u00a0 y eso no puede aportarlo la IA\u201d.<\/span><\/b><span data-ccp-props=\"{&quot;201341983&quot;:0,&quot;335551550&quot;:6,&quot;335551620&quot;:6,&quot;335559739&quot;:0,&quot;335559740&quot;:240}\">\u00a0<\/span><span data-ccp-props=\"{&quot;201341983&quot;:0,&quot;335551550&quot;:6,&quot;335551620&quot;:6,&quot;335559739&quot;:0,&quot;335559740&quot;:240}\">\u00a0<\/span><\/p>\n<p style=\"text-align: justify;\"><span data-contrast=\"auto\">Sin embargo, la percepci\u00f3n social no siempre distingue entre ambos planos. La participaci\u00f3n de la m\u00e1quina tiende a reducir el valor atribuido a la obra, generando una \u201cbrecha de legitimidad\u201d tanto entre artistas como entre consumidores.<\/span><span data-ccp-props=\"{&quot;201341983&quot;:0,&quot;335551550&quot;:6,&quot;335551620&quot;:6,&quot;335559739&quot;:0,&quot;335559740&quot;:240}\">\u00a0<\/span><\/p>\n<p style=\"text-align: justify;\"><b><span data-contrast=\"auto\">El riesgo, se\u00f1al\u00f3\u00a0Folgieri,\u00a0es doble: por un lado, la precarizaci\u00f3n de los creadores que no son los m\u00e1s exitosos<\/span><\/b><span data-contrast=\"auto\">\u00a0\u2014la inmensa mayor\u00eda, que adem\u00e1s son los\u00a0m\u00e1s vulnerables\u2014\u00a0<\/span><b><span data-contrast=\"auto\">y, por otro, la erosi\u00f3n de un ecosistema cultural basado en la diversidad y la originalidad<\/span><\/b><span data-contrast=\"auto\">: \u201cLos miles de profesionales de la llamada \u201cclase media\u201d son esenciales para transmitir experiencia a los m\u00e1s j\u00f3venes y no deben desaparecer porque son un patrimonio que hay que preservar\u201d.<\/span><span data-ccp-props=\"{&quot;201341983&quot;:0,&quot;335551550&quot;:6,&quot;335551620&quot;:6,&quot;335559739&quot;:0,&quot;335559740&quot;:240}\">\u00a0<\/span><\/p>\n<p style=\"text-align: justify;\"><span data-contrast=\"auto\">\u201cLas normas actuales de\u00a0<\/span><i><span data-contrast=\"auto\">copyright<\/span><\/i><span data-contrast=\"auto\">\u00a0ya no bastan, pero hoy no usar la IA es como no usar el ordenador:\u00a0ya ten\u00e9is el conocimiento musical,\u00a0<\/span><b><span data-contrast=\"auto\">ahora es necesario hacer entender a la industria que no puede beneficiarse de la IA a costa de no retribuir a los m\u00fasicos\u201d<\/span><\/b><span data-contrast=\"auto\">, concluy\u00f3 la acad\u00e9mica e investigadora italiana.<\/span><span data-ccp-props=\"{&quot;201341983&quot;:0,&quot;335551550&quot;:6,&quot;335551620&quot;:6,&quot;335559739&quot;:0,&quot;335559740&quot;:240}\">\u00a0<\/span><\/p>\n<p style=\"text-align: justify;\"><span data-contrast=\"auto\">Los ponentes de este primer bloque coincidieron en que es importante definir como sociedad hasta d\u00f3nde queremos llegar con la IAG, porque \u201cla soberan\u00eda digital es tambi\u00e9n que el sector cultural decida si solo queremos producir contenido a destajo o dar un paso adelante en la creatividad\u201d.<\/span><span data-ccp-props=\"{&quot;201341983&quot;:0,&quot;335551550&quot;:6,&quot;335551620&quot;:6,&quot;335559739&quot;:0,&quot;335559740&quot;:240}\">\u00a0<\/span><\/p>\n<p style=\"text-align: justify;\"><span data-ccp-props=\"{&quot;201341983&quot;:0,&quot;335551550&quot;:6,&quot;335551620&quot;:6,&quot;335559739&quot;:0,&quot;335559740&quot;:240}\">\u00a0<\/span><\/p>\n<p style=\"text-align: justify;\"><b><span data-contrast=\"auto\">Un problema colectivo que exige respuestas colectivas<\/span><\/b><span data-ccp-props=\"{&quot;201341983&quot;:0,&quot;335551550&quot;:6,&quot;335551620&quot;:6,&quot;335559739&quot;:0,&quot;335559740&quot;:240}\">\u00a0<\/span><\/p>\n<p><img decoding=\"async\" class=\"aligncenter wp-image-59701 size-full\" src=\"https:\/\/www.aie.es\/wp-content\/uploads\/232-Mesa-2-general-scaled.jpg\" alt=\"\" width=\"2560\" height=\"1707\" srcset=\"https:\/\/www.aie.es\/wp-content\/uploads\/232-Mesa-2-general-scaled.jpg 2560w, https:\/\/www.aie.es\/wp-content\/uploads\/232-Mesa-2-general-300x200.jpg 300w, https:\/\/www.aie.es\/wp-content\/uploads\/232-Mesa-2-general-1024x683.jpg 1024w, https:\/\/www.aie.es\/wp-content\/uploads\/232-Mesa-2-general-768x512.jpg 768w, https:\/\/www.aie.es\/wp-content\/uploads\/232-Mesa-2-general-1536x1024.jpg 1536w, https:\/\/www.aie.es\/wp-content\/uploads\/232-Mesa-2-general-2048x1365.jpg 2048w, https:\/\/www.aie.es\/wp-content\/uploads\/232-Mesa-2-general-700x467.jpg 700w\" sizes=\"(max-width: 2560px) 100vw, 2560px\" \/><\/p>\n<p style=\"text-align: justify;\"><span data-contrast=\"auto\">En el segundo bloque de la jornada, moderado por el CEO de AIE,\u00a0<\/span><b><span data-contrast=\"auto\">Jos\u00e9 Luis Sevillano<\/span><\/b><span data-contrast=\"auto\">,\u00a0se trataron\u00a0de acotar las mejores pr\u00e1cticas y modelos de compensaci\u00f3n para el desarrollo de una IA sostenible, en torno a la idea de que\u00a0<\/span><b><span data-contrast=\"auto\">el desaf\u00edo de la inteligencia artificial no puede abordarse desde una \u00fanica disciplina.\u00a0<\/span><\/b><span data-ccp-props=\"{&quot;201341983&quot;:0,&quot;335551550&quot;:6,&quot;335551620&quot;:6,&quot;335559739&quot;:0,&quot;335559740&quot;:240}\">\u00a0<\/span><\/p>\n<p style=\"text-align: justify;\"><b><span data-contrast=\"auto\">Matem\u00e1ticos, juristas, fil\u00f3sofos, artistas e instituciones est\u00e1n llamados a construir un marco com\u00fan que permita compatibilizar innovaci\u00f3n y derechos.<\/span><\/b><span data-contrast=\"auto\">\u00a0No se trata de frenar la tecnolog\u00eda, sino de integrarla en un modelo sostenible y que remunere justamente la creaci\u00f3n cultural y a los artistas.<\/span><span data-ccp-props=\"{&quot;201341983&quot;:0,&quot;335551550&quot;:6,&quot;335551620&quot;:6,&quot;335559739&quot;:0,&quot;335559740&quot;:240}\">\u00a0<\/span><span data-ccp-props=\"{&quot;201341983&quot;:0,&quot;335551550&quot;:6,&quot;335551620&quot;:6,&quot;335559739&quot;:0,&quot;335559740&quot;:240}\">\u00a0<\/span><\/p>\n<p style=\"text-align: justify;\"><b><span data-contrast=\"auto\">En este sentido, las entidades de gesti\u00f3n colectiva emergen como actores clave. Su capacidad para negociar en nombre de m\u00faltiples titulares puede equilibrar una relaci\u00f3n asim\u00e9trica frente a grandes plataformas tecnol\u00f3gicas.<\/span><\/b><span data-ccp-props=\"{&quot;201341983&quot;:0,&quot;335551550&quot;:6,&quot;335551620&quot;:6,&quot;335559739&quot;:0,&quot;335559740&quot;:240}\">\u00a0<\/span><\/p>\n<p style=\"text-align: justify;\"><span data-contrast=\"auto\">Pero tambi\u00e9n se hizo evidente que el tiempo juega en contra. La velocidad de desarrollo de la IA supera con creces la de los procesos legislativos, obligando a explorar soluciones intermedias, como mecanismos de\u00a0<\/span><i><span data-contrast=\"auto\">soft\u00a0law<\/span><\/i><span data-contrast=\"auto\">\u00a0o acuerdos sectoriales.<\/span><span data-ccp-props=\"{&quot;201341983&quot;:0,&quot;335551550&quot;:6,&quot;335551620&quot;:6,&quot;335559739&quot;:0,&quot;335559740&quot;:240}\">\u00a0<\/span><\/p>\n<p style=\"text-align: justify;\"><b><span data-contrast=\"auto\">Violeta Arnaiz<\/span><\/b><span data-contrast=\"auto\">, especialista en propiedad intelectual de Pons IP, proporcion\u00f3 un an\u00e1lisis jur\u00eddico detallado del marco legal europeo. Explic\u00f3 las obligaciones de transparencia del Reglamento de IA, incluyendo el art\u00edculo 53 que requiere un &#8220;resumen suficientemente detallado&#8221; de las fuentes de entrenamiento. Describi\u00f3 diferentes modelos de compensaci\u00f3n, incluyendo el libre mercado actual,\u00a0donde las grandes compa\u00f1\u00edas est\u00e1n pagando entre 50-60 millones de d\u00f3lares anuales por utilizaci\u00f3n\u00a0de contenidos.<\/span><span data-ccp-props=\"{&quot;201341983&quot;:0,&quot;335551550&quot;:6,&quot;335551620&quot;:6,&quot;335559739&quot;:0,&quot;335559740&quot;:240}\">\u00a0<\/span><span data-ccp-props=\"{&quot;201341983&quot;:0,&quot;335551550&quot;:6,&quot;335551620&quot;:6,&quot;335559739&quot;:0,&quot;335559740&quot;:240}\">\u00a0<\/span><\/p>\n<p style=\"text-align: justify;\"><span data-contrast=\"auto\">Detall\u00f3 Arnaiz algunos de los puntos clave del \u201cinforme\u00a0Voss\u201d recientemente aprobado por el Parlamento Europeo. Uno de los principales es la inversi\u00f3n de la carga de la prueba si el proveedor no hace p\u00fablicos los datos de entrenamiento, en cuyo caso deber\u00e1 demostrar que no ha utilizado contenidos protegidos.<\/span><span data-ccp-props=\"{&quot;201341983&quot;:0,&quot;335551550&quot;:6,&quot;335551620&quot;:6,&quot;335559739&quot;:0,&quot;335559740&quot;:240}\">\u00a0<\/span><\/p>\n<p style=\"text-align: justify;\"><b><span data-contrast=\"auto\">Arnaiz propuso la creaci\u00f3n de un nuevo derecho exclusivo de reproducci\u00f3n para fines de entrenamiento y sistemas de presunciones para casos de falta de transparencia.<\/span><\/b><span data-contrast=\"auto\">\u00a0Y a\u00f1adi\u00f3,\u00a0en base\u00a0al \u201cinforme\u00a0Voss\u201d, que,\u00a0en relaci\u00f3n al\u00a0<\/span><i><span data-contrast=\"auto\">opt-out<\/span><\/i><span data-contrast=\"auto\">, es muy importante que\u00a0cuestione la excepci\u00f3n de miner\u00eda de datos y textos (TDM), porque no cumple la regla de los tres pasos del Convenio de Berna y que asuma los perjuicios que causa a los creadores.<\/span><span data-ccp-props=\"{&quot;201341983&quot;:0,&quot;335551550&quot;:6,&quot;335551620&quot;:6,&quot;335559739&quot;:0,&quot;335559740&quot;:240}\">\u00a0<\/span><\/p>\n<p style=\"text-align: justify;\"><b><span data-contrast=\"auto\">Juan Miguel Aguado<\/span><\/b><span data-contrast=\"auto\">, catedr\u00e1tico de Medios de Comunicaci\u00f3n de la Universidad de Murcia, aport\u00f3 la perspectiva de los usuarios y la investigaci\u00f3n acad\u00e9mica.\u00a0<\/span><b><span data-contrast=\"auto\">Aguado se\u00f1al\u00f3 dos aspectos clave en la propuesta de valor: la experiencia comunicativa\u00a0<\/span><\/b><span data-contrast=\"auto\">(es fundamental que exista una \u00edntima relaci\u00f3n, de conexi\u00f3n, entre el emisor y el receptor del contenido)<\/span><b><span data-contrast=\"auto\">\u00a0y la dimensi\u00f3n social\u00a0<\/span><\/b><span data-contrast=\"auto\">(especialmente en el caso de la m\u00fasica, donde es esencial la posibilidad de compartirla con otros).\u00a0Y present\u00f3 hallazgos sobre dos modos de escucha: comunicativo (buscando encuentro con la persona detr\u00e1s de la obra) y no comunicativo (m\u00fasica funcional). Destac\u00f3 que los usuarios j\u00f3venes muestran mayor nostalgia por contenido aut\u00e9ntico y valoran la dimensi\u00f3n social de la experiencia de escucha. Mencion\u00f3 que las m\u00e9tricas de medios online han ca\u00eddo un 70 % en los \u00faltimos meses debido al efecto sustituci\u00f3n de la IA.<\/span><span data-ccp-props=\"{&quot;201341983&quot;:0,&quot;335551550&quot;:6,&quot;335551620&quot;:6,&quot;335559739&quot;:0,&quot;335559740&quot;:240}\">\u00a0<\/span><\/p>\n<p>&nbsp;<\/p>\n<p style=\"text-align: justify;\"><b><span data-contrast=\"auto\">La importancia de la gesti\u00f3n colectiva<\/span><\/b><span data-ccp-props=\"{&quot;201341983&quot;:0,&quot;335551550&quot;:6,&quot;335551620&quot;:6,&quot;335559739&quot;:0,&quot;335559740&quot;:240}\">\u00a0<\/span><\/p>\n<p style=\"text-align: justify;\"><span data-contrast=\"auto\">Con la mirada puesta en una hoja de ruta donde la gesti\u00f3n colectiva act\u00fae como pieza clave para la sostenibilidad de la industria,\u00a0<\/span><b><span data-contrast=\"auto\">Jos\u00e9 Luis Sevillano pregunt\u00f3 a los tres intervinientes cu\u00e1l es, a su juicio, el sistema m\u00e1s sensato para compensar por la explotaci\u00f3n de toda la m\u00fasica que usan como entrenamiento las herramientas\u00a0de IAG.<\/span><\/b><span data-ccp-props=\"{&quot;201341983&quot;:0,&quot;335551550&quot;:6,&quot;335551620&quot;:6,&quot;335559739&quot;:0,&quot;335559740&quot;:240}\">\u00a0<\/span><\/p>\n<p style=\"text-align: justify;\"><b><span data-contrast=\"auto\">Axel Brando se\u00f1al\u00f3\u00a0que es fundamental la uni\u00f3n, establecer alianzas entre todos los operadores y actores,<\/span><\/b><span data-contrast=\"auto\">\u00a0porque la\u00a0IA es infraestructura c\u00edvica, un motor de cambio en muchos campos, incluso cognitivo y solo con consensos podremos decidir hacia d\u00f3nde queremos ir como sociedad respecto a la IA.<\/span><span data-ccp-props=\"{&quot;201341983&quot;:0,&quot;335551550&quot;:6,&quot;335551620&quot;:6,&quot;335559739&quot;:0,&quot;335559740&quot;:240}\">\u00a0<\/span><\/p>\n<p style=\"text-align: justify;\"><b><span data-contrast=\"auto\">Violeta Arnaiz<\/span><\/b><span data-contrast=\"auto\">\u00a0record\u00f3\u00a0por su parte que la Uni\u00f3n Europea debe tener claro qu\u00e9 quiere hacer prevalecer,\u00a0y si se trata de proteger a los creadores hay varias opciones: por ejemplo,\u00a0<\/span><b><span data-contrast=\"auto\">crear un\u00a0nuevo derecho exclusivo de reproducci\u00f3n para fines de entrenamiento, que sea objeto de cesi\u00f3n y quiz\u00e1 incluso generar un derecho de mera remuneraci\u00f3n.<\/span><\/b><span data-ccp-props=\"{&quot;201341983&quot;:0,&quot;335551550&quot;:6,&quot;335551620&quot;:6,&quot;335559739&quot;:0,&quot;335559740&quot;:240}\">\u00a0<\/span><\/p>\n<p style=\"text-align: justify;\"><span data-contrast=\"auto\">A juicio de\u00a0<\/span><b><span data-contrast=\"auto\">Juan Miguel Aguado,\u00a0para establecer un sistema de remuneraci\u00f3n justo debemos tener en cuenta a los usuarios,<\/span><\/b><span data-contrast=\"auto\">\u00a0porque est\u00e1n del lado de los creadores y en esa experiencia social que es el consumo de m\u00fasica prefieren ampliamente que la m\u00fasica que escuchan haya sido creada por artistas humanos.<\/span><span data-ccp-props=\"{&quot;201341983&quot;:0,&quot;335551550&quot;:6,&quot;335551620&quot;:6,&quot;335559739&quot;:0,&quot;335559740&quot;:240}\">\u00a0<\/span><\/p>\n<p style=\"text-align: justify;\"><span data-contrast=\"auto\">Como broche de la jornada, el m\u00fasico y productor\u00a0<\/span><b><span data-contrast=\"auto\">Fernando Sancho<\/span><\/b><span data-contrast=\"auto\">\u00a0realiz\u00f3 una demostraci\u00f3n pr\u00e1ctica de la creaci\u00f3n de m\u00fasica con IAG utilizando la plataforma\u00a0Suno. Sancho explic\u00f3 las capacidades de la plataforma para crear m\u00fasica a trav\u00e9s de texto, incluyendo la posibilidad de subir m\u00fasica propia y transformarla en diferentes estilos, recomendando documentar todo el proceso creativo para futuras reclamaciones legales.\u00a0<\/span><span data-ccp-props=\"{&quot;201341983&quot;:0,&quot;335551550&quot;:6,&quot;335551620&quot;:6,&quot;335559739&quot;:0,&quot;335559740&quot;:240}\">\u00a0<\/span><\/p>\n<p><img decoding=\"async\" class=\"aligncenter wp-image-59703 size-full\" src=\"https:\/\/www.aie.es\/wp-content\/uploads\/253-Fernando-Sancho-scaled.jpg\" alt=\"\" width=\"2560\" height=\"1707\" srcset=\"https:\/\/www.aie.es\/wp-content\/uploads\/253-Fernando-Sancho-scaled.jpg 2560w, https:\/\/www.aie.es\/wp-content\/uploads\/253-Fernando-Sancho-300x200.jpg 300w, https:\/\/www.aie.es\/wp-content\/uploads\/253-Fernando-Sancho-1024x683.jpg 1024w, https:\/\/www.aie.es\/wp-content\/uploads\/253-Fernando-Sancho-768x512.jpg 768w, https:\/\/www.aie.es\/wp-content\/uploads\/253-Fernando-Sancho-1536x1024.jpg 1536w, https:\/\/www.aie.es\/wp-content\/uploads\/253-Fernando-Sancho-2048x1365.jpg 2048w, https:\/\/www.aie.es\/wp-content\/uploads\/253-Fernando-Sancho-700x467.jpg 700w\" sizes=\"(max-width: 2560px) 100vw, 2560px\" \/><\/p>\n<p style=\"text-align: justify;\"><span data-ccp-props=\"{&quot;201341983&quot;:0,&quot;335551550&quot;:6,&quot;335551620&quot;:6,&quot;335559739&quot;:0,&quot;335559740&quot;:240}\">\u00a0<\/span><\/p>\n<p style=\"text-align: justify;\"><b><span data-contrast=\"auto\">El futuro en disputa<\/span><\/b><span data-ccp-props=\"{&quot;201341983&quot;:0,&quot;335551550&quot;:6,&quot;335551620&quot;:6,&quot;335559739&quot;:0,&quot;335559740&quot;:240}\">\u00a0<\/span><\/p>\n<p style=\"text-align: justify;\"><b><span data-contrast=\"auto\">Al cierre de la sesi\u00f3n, m\u00e1s que respuestas definitivas, qued\u00f3 la sensaci\u00f3n de estar ante un punto de inflexi\u00f3n. La inteligencia artificial no es una herramienta m\u00e1s: es una tecnolog\u00eda que redefine las reglas del juego.<\/span><\/b><span data-ccp-props=\"{&quot;201341983&quot;:0,&quot;335551550&quot;:6,&quot;335551620&quot;:6,&quot;335559739&quot;:0,&quot;335559740&quot;:240}\">\u00a0<\/span><span data-ccp-props=\"{&quot;201341983&quot;:0,&quot;335551550&quot;:6,&quot;335551620&quot;:6,&quot;335559739&quot;:0,&quot;335559740&quot;:240}\">\u00a0<\/span><\/p>\n<p style=\"text-align: justify;\"><span data-contrast=\"auto\">El derecho, tradicionalmente reactivo, se enfrenta ahora a la necesidad de anticiparse. Y la cultura, a la de defender su valor en un entorno donde la reproducci\u00f3n y la generaci\u00f3n se entrelazan de forma in\u00e9dita.<\/span><span data-ccp-props=\"{&quot;201341983&quot;:0,&quot;335551550&quot;:6,&quot;335551620&quot;:6,&quot;335559739&quot;:0,&quot;335559740&quot;:240}\">\u00a0<\/span><\/p>\n<p style=\"text-align: justify;\"><span data-contrast=\"auto\">En palabras impl\u00edcitas de todo el seminario,\u00a0<\/span><b><span data-contrast=\"auto\">la cuesti\u00f3n no es solo qu\u00e9 puede hacer la inteligencia artificial, sino qu\u00e9 queremos permitirle hacer como sociedad.<\/span><\/b><span data-contrast=\"auto\">\u00a0Porque en ese margen \u2014entre lo posible y lo aceptable\u2014 se\u00a0juega el futuro de la creaci\u00f3n y de los artistas.<\/span><span data-ccp-props=\"{&quot;201341983&quot;:0,&quot;335551550&quot;:6,&quot;335551620&quot;:6,&quot;335559739&quot;:0,&quot;335559740&quot;:240}\">\u00a0<\/span><\/p>\n<p><img decoding=\"async\" class=\"aligncenter wp-image-59705 size-full\" src=\"https:\/\/www.aie.es\/wp-content\/uploads\/Foto-Seminario-todos-los-ponentes.jpg\" alt=\"\" width=\"341\" height=\"455\" srcset=\"https:\/\/www.aie.es\/wp-content\/uploads\/Foto-Seminario-todos-los-ponentes.jpg 341w, https:\/\/www.aie.es\/wp-content\/uploads\/Foto-Seminario-todos-los-ponentes-225x300.jpg 225w\" sizes=\"(max-width: 341px) 100vw, 341px\" \/><\/p>\n<p style=\"text-align: justify;\"><b><span data-contrast=\"auto\">Si te perdiste el Seminario Jur\u00eddico,\u00a0lo tienes disponible en nuestro canal de YouTube:\u00a0<\/span><\/b><a href=\"https:\/\/youtu.be\/tSzNoMacGxw\"><span data-contrast=\"none\">https:\/\/youtu.be\/tSzNoMacGxw<\/span><\/a><span data-ccp-props=\"{&quot;201341983&quot;:0,&quot;335551550&quot;:6,&quot;335551620&quot;:6,&quot;335559739&quot;:0,&quot;335559740&quot;:240}\">\u00a0<\/span><\/p>\n<p style=\"text-align: justify;\"><span data-ccp-props=\"{&quot;201341983&quot;:0,&quot;335551550&quot;:6,&quot;335551620&quot;:6,&quot;335559739&quot;:0,&quot;335559740&quot;:240}\">\u00a0<\/span><b><span data-contrast=\"auto\">Asimismo,\u00a0ponemos a tu disposici\u00f3n un\u00a0documento de an\u00e1lisis t\u00e9cnico y jur\u00eddico (<\/span><\/b><b><i><span data-contrast=\"auto\">Briefing Note<\/span><\/i><\/b><b><span data-contrast=\"auto\">\u00a0sobre Gobernanza y Sostenibilidad de la IA Musical)\u00a0sobre el fallo de mercado estructural que la IA generativa plantea a las industrias creativas europeas:<\/span><\/b><span data-contrast=\"auto\">\u00a0<\/span><a href=\"https:\/\/www.aie.es\/wp-content\/uploads\/20260416-Briefing-note-SeminAIE-2026.pdf\"><span data-contrast=\"none\">20260416-Briefing-note-SeminAIE-2026.pdf<\/span><\/a><span data-ccp-props=\"{&quot;201341983&quot;:0,&quot;335551550&quot;:6,&quot;335551620&quot;:6,&quot;335559739&quot;:0,&quot;335559740&quot;:240}\">\u00a0<\/span><\/p>\n<p><span data-ccp-props=\"{&quot;201341983&quot;:0,&quot;335551550&quot;:6,&quot;335551620&quot;:6,&quot;335559739&quot;:0,&quot;335559740&quot;:240}\">\u00a0<\/span><\/p>\n","protected":false},"excerpt":{"rendered":"<p>Autorizaci\u00f3n, transparencia, trazabilidad, remuneraci\u00f3n y gesti\u00f3n colectiva, claves para los derechos de los artistas <\/p>\n","protected":false},"author":4,"featured_media":59700,"comment_status":"closed","ping_status":"closed","sticky":false,"template":"","format":"standard","meta":{"_acf_changed":false,"_relevanssi_hide_post":"","_relevanssi_hide_content":"","_relevanssi_pin_for_all":"","_relevanssi_pin_keywords":"","_relevanssi_unpin_keywords":"","_relevanssi_related_keywords":"","_relevanssi_related_include_ids":"","_relevanssi_related_exclude_ids":"","_relevanssi_related_no_append":"","_relevanssi_related_not_related":"","_relevanssi_related_posts":"","_relevanssi_noindex_reason":"","footnotes":""},"categories":[857,321],"tags":[],"acf":[],"yoast_head":"<!-- This site is optimized with the Yoast SEO Premium plugin v21.5 (Yoast SEO v21.9.1) - https:\/\/yoast.com\/wordpress\/plugins\/seo\/ -->\n<title>La relaci\u00f3n entre m\u00fasica e inteligencia artificial generativa a debate en la XXII edici\u00f3n del Seminario Jur\u00eddico de AIE - AIE Sociedad de Artistas Int\u00e9rpretes o Ejecutantes de Espa\u00f1a<\/title>\n<meta name=\"robots\" content=\"index, follow, max-snippet:-1, max-image-preview:large, max-video-preview:-1\" \/>\n<link rel=\"canonical\" href=\"https:\/\/www.aie.es\/la-relacion-entre-musica-e-inteligencia-artificial-generativa-a-debate-en-la-xxii-edicion-del-seminario-juridico-de-aie\/\" \/>\n<meta property=\"og:locale\" content=\"en_US\" \/>\n<meta property=\"og:type\" content=\"article\" \/>\n<meta property=\"og:title\" content=\"La relaci\u00f3n entre m\u00fasica e inteligencia artificial generativa a debate en la XXII edici\u00f3n del Seminario Jur\u00eddico de AIE\" \/>\n<meta property=\"og:description\" content=\"Autorizaci\u00f3n, transparencia, trazabilidad, remuneraci\u00f3n y gesti\u00f3n colectiva, claves para los derechos de los artistas\" \/>\n<meta property=\"og:url\" content=\"https:\/\/www.aie.es\/la-relacion-entre-musica-e-inteligencia-artificial-generativa-a-debate-en-la-xxii-edicion-del-seminario-juridico-de-aie\/\" \/>\n<meta property=\"og:site_name\" content=\"AIE Sociedad de Artistas Int\u00e9rpretes o Ejecutantes de Espa\u00f1a\" \/>\n<meta property=\"article:published_time\" content=\"2026-04-24T09:35:01+00:00\" \/>\n<meta property=\"og:image\" content=\"https:\/\/www.aie.es\/wp-content\/uploads\/047-Presidente-scaled.jpg\" \/>\n\t<meta property=\"og:image:width\" content=\"2560\" \/>\n\t<meta property=\"og:image:height\" content=\"1707\" \/>\n\t<meta property=\"og:image:type\" content=\"image\/jpeg\" \/>\n<meta name=\"author\" content=\"diego\" \/>\n<meta name=\"twitter:card\" content=\"summary_large_image\" \/>\n<meta name=\"twitter:label1\" content=\"Written by\" \/>\n\t<meta name=\"twitter:data1\" content=\"diego\" \/>\n\t<meta name=\"twitter:label2\" content=\"Est. reading time\" \/>\n\t<meta name=\"twitter:data2\" content=\"13 minutes\" \/>\n<script type=\"application\/ld+json\" class=\"yoast-schema-graph\">{\"@context\":\"https:\/\/schema.org\",\"@graph\":[{\"@type\":\"WebPage\",\"@id\":\"https:\/\/www.aie.es\/la-relacion-entre-musica-e-inteligencia-artificial-generativa-a-debate-en-la-xxii-edicion-del-seminario-juridico-de-aie\/\",\"url\":\"https:\/\/www.aie.es\/la-relacion-entre-musica-e-inteligencia-artificial-generativa-a-debate-en-la-xxii-edicion-del-seminario-juridico-de-aie\/\",\"name\":\"La relaci\u00f3n entre m\u00fasica e inteligencia artificial generativa a debate en la XXII edici\u00f3n del Seminario Jur\u00eddico de AIE - AIE Sociedad de Artistas Int\u00e9rpretes o Ejecutantes de Espa\u00f1a\",\"isPartOf\":{\"@id\":\"https:\/\/www.aie.es\/#website\"},\"datePublished\":\"2026-04-24T09:35:01+00:00\",\"dateModified\":\"2026-04-24T09:35:01+00:00\",\"author\":{\"@id\":\"https:\/\/www.aie.es\/#\/schema\/person\/ad09c186388b5b9b686fc417f1a335c8\"},\"breadcrumb\":{\"@id\":\"https:\/\/www.aie.es\/la-relacion-entre-musica-e-inteligencia-artificial-generativa-a-debate-en-la-xxii-edicion-del-seminario-juridico-de-aie\/#breadcrumb\"},\"inLanguage\":\"en-US\",\"potentialAction\":[{\"@type\":\"ReadAction\",\"target\":[\"https:\/\/www.aie.es\/la-relacion-entre-musica-e-inteligencia-artificial-generativa-a-debate-en-la-xxii-edicion-del-seminario-juridico-de-aie\/\"]}]},{\"@type\":\"BreadcrumbList\",\"@id\":\"https:\/\/www.aie.es\/la-relacion-entre-musica-e-inteligencia-artificial-generativa-a-debate-en-la-xxii-edicion-del-seminario-juridico-de-aie\/#breadcrumb\",\"itemListElement\":[{\"@type\":\"ListItem\",\"position\":1,\"name\":\"Portada\",\"item\":\"https:\/\/www.aie.es\/en\/\"},{\"@type\":\"ListItem\",\"position\":2,\"name\":\"La relaci\u00f3n entre m\u00fasica e inteligencia artificial generativa a debate en la XXII edici\u00f3n del Seminario Jur\u00eddico de AIE\"}]},{\"@type\":\"WebSite\",\"@id\":\"https:\/\/www.aie.es\/#website\",\"url\":\"https:\/\/www.aie.es\/\",\"name\":\"AIE Sociedad de Artistas Int\u00e9rpretes o Ejecutantes de Espa\u00f1a\",\"description\":\"Entidad de gesti\u00f3n de derechos de propiedad intelectual\",\"potentialAction\":[{\"@type\":\"SearchAction\",\"target\":{\"@type\":\"EntryPoint\",\"urlTemplate\":\"https:\/\/www.aie.es\/?s={search_term_string}\"},\"query-input\":\"required name=search_term_string\"}],\"inLanguage\":\"en-US\"},{\"@type\":\"Person\",\"@id\":\"https:\/\/www.aie.es\/#\/schema\/person\/ad09c186388b5b9b686fc417f1a335c8\",\"name\":\"diego\",\"image\":{\"@type\":\"ImageObject\",\"inLanguage\":\"en-US\",\"@id\":\"https:\/\/www.aie.es\/#\/schema\/person\/image\/\",\"url\":\"https:\/\/secure.gravatar.com\/avatar\/baac0355de5f662b0d1486934be3cae7?s=96&d=mm&r=g\",\"contentUrl\":\"https:\/\/secure.gravatar.com\/avatar\/baac0355de5f662b0d1486934be3cae7?s=96&d=mm&r=g\",\"caption\":\"diego\"},\"url\":\"https:\/\/www.aie.es\/en\/author\/diego\/\"}]}<\/script>\n<!-- \/ Yoast SEO Premium plugin. -->","yoast_head_json":{"title":"La relaci\u00f3n entre m\u00fasica e inteligencia artificial generativa a debate en la XXII edici\u00f3n del Seminario Jur\u00eddico de AIE - AIE Sociedad de Artistas Int\u00e9rpretes o Ejecutantes de Espa\u00f1a","robots":{"index":"index","follow":"follow","max-snippet":"max-snippet:-1","max-image-preview":"max-image-preview:large","max-video-preview":"max-video-preview:-1"},"canonical":"https:\/\/www.aie.es\/la-relacion-entre-musica-e-inteligencia-artificial-generativa-a-debate-en-la-xxii-edicion-del-seminario-juridico-de-aie\/","og_locale":"en_US","og_type":"article","og_title":"La relaci\u00f3n entre m\u00fasica e inteligencia artificial generativa a debate en la XXII edici\u00f3n del Seminario Jur\u00eddico de AIE","og_description":"Autorizaci\u00f3n, transparencia, trazabilidad, remuneraci\u00f3n y gesti\u00f3n colectiva, claves para los derechos de los artistas","og_url":"https:\/\/www.aie.es\/la-relacion-entre-musica-e-inteligencia-artificial-generativa-a-debate-en-la-xxii-edicion-del-seminario-juridico-de-aie\/","og_site_name":"AIE Sociedad de Artistas Int\u00e9rpretes o Ejecutantes de Espa\u00f1a","article_published_time":"2026-04-24T09:35:01+00:00","og_image":[{"width":2560,"height":1707,"url":"https:\/\/www.aie.es\/wp-content\/uploads\/047-Presidente-scaled.jpg","type":"image\/jpeg"}],"author":"diego","twitter_card":"summary_large_image","twitter_misc":{"Written by":"diego","Est. reading time":"13 minutes"},"schema":{"@context":"https:\/\/schema.org","@graph":[{"@type":"WebPage","@id":"https:\/\/www.aie.es\/la-relacion-entre-musica-e-inteligencia-artificial-generativa-a-debate-en-la-xxii-edicion-del-seminario-juridico-de-aie\/","url":"https:\/\/www.aie.es\/la-relacion-entre-musica-e-inteligencia-artificial-generativa-a-debate-en-la-xxii-edicion-del-seminario-juridico-de-aie\/","name":"La relaci\u00f3n entre m\u00fasica e inteligencia artificial generativa a debate en la XXII edici\u00f3n del Seminario Jur\u00eddico de AIE - AIE Sociedad de Artistas Int\u00e9rpretes o Ejecutantes de Espa\u00f1a","isPartOf":{"@id":"https:\/\/www.aie.es\/#website"},"datePublished":"2026-04-24T09:35:01+00:00","dateModified":"2026-04-24T09:35:01+00:00","author":{"@id":"https:\/\/www.aie.es\/#\/schema\/person\/ad09c186388b5b9b686fc417f1a335c8"},"breadcrumb":{"@id":"https:\/\/www.aie.es\/la-relacion-entre-musica-e-inteligencia-artificial-generativa-a-debate-en-la-xxii-edicion-del-seminario-juridico-de-aie\/#breadcrumb"},"inLanguage":"en-US","potentialAction":[{"@type":"ReadAction","target":["https:\/\/www.aie.es\/la-relacion-entre-musica-e-inteligencia-artificial-generativa-a-debate-en-la-xxii-edicion-del-seminario-juridico-de-aie\/"]}]},{"@type":"BreadcrumbList","@id":"https:\/\/www.aie.es\/la-relacion-entre-musica-e-inteligencia-artificial-generativa-a-debate-en-la-xxii-edicion-del-seminario-juridico-de-aie\/#breadcrumb","itemListElement":[{"@type":"ListItem","position":1,"name":"Portada","item":"https:\/\/www.aie.es\/en\/"},{"@type":"ListItem","position":2,"name":"La relaci\u00f3n entre m\u00fasica e inteligencia artificial generativa a debate en la XXII edici\u00f3n del Seminario Jur\u00eddico de AIE"}]},{"@type":"WebSite","@id":"https:\/\/www.aie.es\/#website","url":"https:\/\/www.aie.es\/","name":"AIE Sociedad de Artistas Int\u00e9rpretes o Ejecutantes de Espa\u00f1a","description":"Entidad de gesti\u00f3n de derechos de propiedad intelectual","potentialAction":[{"@type":"SearchAction","target":{"@type":"EntryPoint","urlTemplate":"https:\/\/www.aie.es\/?s={search_term_string}"},"query-input":"required name=search_term_string"}],"inLanguage":"en-US"},{"@type":"Person","@id":"https:\/\/www.aie.es\/#\/schema\/person\/ad09c186388b5b9b686fc417f1a335c8","name":"diego","image":{"@type":"ImageObject","inLanguage":"en-US","@id":"https:\/\/www.aie.es\/#\/schema\/person\/image\/","url":"https:\/\/secure.gravatar.com\/avatar\/baac0355de5f662b0d1486934be3cae7?s=96&d=mm&r=g","contentUrl":"https:\/\/secure.gravatar.com\/avatar\/baac0355de5f662b0d1486934be3cae7?s=96&d=mm&r=g","caption":"diego"},"url":"https:\/\/www.aie.es\/en\/author\/diego\/"}]}},"_links":{"self":[{"href":"https:\/\/www.aie.es\/en\/wp-json\/wp\/v2\/posts\/59716"}],"collection":[{"href":"https:\/\/www.aie.es\/en\/wp-json\/wp\/v2\/posts"}],"about":[{"href":"https:\/\/www.aie.es\/en\/wp-json\/wp\/v2\/types\/post"}],"author":[{"embeddable":true,"href":"https:\/\/www.aie.es\/en\/wp-json\/wp\/v2\/users\/4"}],"replies":[{"embeddable":true,"href":"https:\/\/www.aie.es\/en\/wp-json\/wp\/v2\/comments?post=59716"}],"version-history":[{"count":0,"href":"https:\/\/www.aie.es\/en\/wp-json\/wp\/v2\/posts\/59716\/revisions"}],"wp:featuredmedia":[{"embeddable":true,"href":"https:\/\/www.aie.es\/en\/wp-json\/wp\/v2\/media\/59700"}],"wp:attachment":[{"href":"https:\/\/www.aie.es\/en\/wp-json\/wp\/v2\/media?parent=59716"}],"wp:term":[{"taxonomy":"category","embeddable":true,"href":"https:\/\/www.aie.es\/en\/wp-json\/wp\/v2\/categories?post=59716"},{"taxonomy":"post_tag","embeddable":true,"href":"https:\/\/www.aie.es\/en\/wp-json\/wp\/v2\/tags?post=59716"}],"curies":[{"name":"wp","href":"https:\/\/api.w.org\/{rel}","templated":true}]}}