{"id":59890,"date":"2026-04-30T15:32:49","date_gmt":"2026-04-30T14:32:49","guid":{"rendered":"https:\/\/www.aie.es\/el-presidente-de-aie-se-reune-con-el-director-general-de-la-ompi-en-ginebra\/"},"modified":"2026-04-30T15:32:49","modified_gmt":"2026-04-30T14:32:49","slug":"el-presidente-de-aie-se-reune-con-el-director-general-de-la-ompi-en-ginebra","status":"publish","type":"post","link":"https:\/\/www.aie.es\/en\/el-presidente-de-aie-se-reune-con-el-director-general-de-la-ompi-en-ginebra\/","title":{"rendered":"El presidente de AIE se re\u00fane con el director general de la OMPI en Ginebra"},"content":{"rendered":"<p><img decoding=\"async\" class=\"aligncenter wp-image-59885 size-full\" src=\"https:\/\/www.aie.es\/wp-content\/uploads\/Daren-Tang-AIE-Ginebra-4-28ab26-scaled.jpg\" alt=\"\" width=\"2560\" height=\"1462\" srcset=\"https:\/\/www.aie.es\/wp-content\/uploads\/Daren-Tang-AIE-Ginebra-4-28ab26-scaled.jpg 2560w, https:\/\/www.aie.es\/wp-content\/uploads\/Daren-Tang-AIE-Ginebra-4-28ab26-300x171.jpg 300w, https:\/\/www.aie.es\/wp-content\/uploads\/Daren-Tang-AIE-Ginebra-4-28ab26-1024x585.jpg 1024w, https:\/\/www.aie.es\/wp-content\/uploads\/Daren-Tang-AIE-Ginebra-4-28ab26-768x439.jpg 768w, https:\/\/www.aie.es\/wp-content\/uploads\/Daren-Tang-AIE-Ginebra-4-28ab26-1536x877.jpg 1536w, https:\/\/www.aie.es\/wp-content\/uploads\/Daren-Tang-AIE-Ginebra-4-28ab26-2048x1169.jpg 2048w, https:\/\/www.aie.es\/wp-content\/uploads\/Daren-Tang-AIE-Ginebra-4-28ab26-345x198.jpg 345w, https:\/\/www.aie.es\/wp-content\/uploads\/Daren-Tang-AIE-Ginebra-4-28ab26-700x400.jpg 700w\" sizes=\"(max-width: 2560px) 100vw, 2560px\" \/><\/p>\n<p style=\"text-align: justify;\"><b><span data-contrast=\"auto\">Ginebra, 28 de abril de 2026.-<\/span><\/b><span data-contrast=\"auto\">\u00a0El presidente de AIE,\u00a0<\/span><b><span data-contrast=\"auto\">Luis Cobos<\/span><\/b><span data-contrast=\"auto\">, junto al vicepresidente ejecutivo\u00a0de la entidad,\u00a0<\/span><b><span data-contrast=\"auto\">Jos\u00e9 Luis Sevillano<\/span><\/b><span data-contrast=\"auto\">\u00a0y\u00a0el director general,\u00a0<\/span><b><span data-contrast=\"auto\">\u00c1lvaro Hern\u00e1ndez-Pinz\u00f3n<\/span><\/b><span data-contrast=\"auto\">, han mantenido una\u00a0<\/span><b><span data-contrast=\"auto\">reuni\u00f3n con el director general de la Organizaci\u00f3n Mundial de Propiedad Intelectual (OMPI),\u00a0Daren\u00a0Tang,<\/span><\/b><span data-contrast=\"auto\">\u00a0en la que ha sido la primera reuni\u00f3n oficial con una entidad de gesti\u00f3n tras su reciente reelecci\u00f3n.<\/span><span data-ccp-props=\"{&quot;201341983&quot;:0,&quot;335559739&quot;:0,&quot;335559740&quot;:240}\">\u00a0<\/span><\/p>\n<p style=\"text-align: justify;\"><span data-contrast=\"auto\">Durante el encuentro, se abordaron\u00a0<\/span><b><span data-contrast=\"auto\">temas de diversa \u00edndole<\/span><\/b><span data-contrast=\"auto\">\u202fcomo la creaci\u00f3n de la\u00a0<\/span><b><span data-contrast=\"auto\">Alianza Internacional por los Derechos de los Artistas Musicales (IMARA)<\/span><\/b><span data-contrast=\"auto\">, de la que Hern\u00e1ndez-Pinz\u00f3n es vicepresidente y Sevillano, coordinador general, nacida con la vocaci\u00f3n de convertirse en una voz internacional de referencia y representar globalmente a los artistas musicales y que brinda su apoyo a OMPI en diversos proyectos, como la implementaci\u00f3n del Tratado de Beijing sobre Interpretaciones Audiovisuales; as\u00ed como del apoyo de la Federaci\u00f3n Ibero-Latinoamericana de Artistas Int\u00e9rpretes o Ejecutantes (FILAIE), de la que Cobos es presidente, al Grupo de Pa\u00edses de Am\u00e9rica Latina\u202f y el Caribe (GRULAC) sobre el\u00a0<\/span><b><span data-contrast=\"auto\">derecho de remuneraci\u00f3n de los artistas en el\u00a0<\/span><\/b><b><i><span data-contrast=\"auto\">streaming<\/span><\/i><\/b><b><span data-contrast=\"auto\">.<\/span><\/b><span data-ccp-props=\"{&quot;201341983&quot;:0,&quot;335559739&quot;:0,&quot;335559740&quot;:240}\">\u00a0<\/span><span data-ccp-props=\"{&quot;201341983&quot;:0,&quot;335559739&quot;:0,&quot;335559740&quot;:240}\">\u00a0<\/span><\/p>\n<p style=\"text-align: justify;\"><span data-contrast=\"auto\">Asimismo, tambi\u00e9n se\u00a0puso de manifiesto la\u00a0<\/span><b><span data-contrast=\"auto\">incertidumbre que genera la IA generativa en el \u00e1mbito de la propiedad intelectual,<\/span><\/b><span data-contrast=\"auto\">\u00a0con todos los desaf\u00edos que ello conlleva y se le traslad\u00f3\u00a0que desde\u00a0AIE y FILAIE\u00a0se est\u00e1n planeando una serie de\u00a0<\/span><b><span data-contrast=\"auto\">actividades para\u00a0conmemorar el 30 aniversario del Tratado de la OMPI sobre Derecho de Autor (WCT)<\/span><\/b><span data-contrast=\"auto\">, adoptado en Ginebra el 20 de diciembre de 1996.<\/span><span data-ccp-props=\"{&quot;201341983&quot;:0,&quot;335559739&quot;:0,&quot;335559740&quot;:240}\">\u00a0<\/span><\/p>\n<p>&nbsp;<\/p>\n<p><img decoding=\"async\" class=\"aligncenter wp-image-59887 size-full\" title=\"Daren Tang AIE Ginebra 7 28ab26\" src=\"https:\/\/www.aie.es\/wp-content\/uploads\/Daren-Tang-AIE-Ginebra-7-28ab26-scaled.jpg\" alt=\"\" width=\"2560\" height=\"1562\" srcset=\"https:\/\/www.aie.es\/wp-content\/uploads\/Daren-Tang-AIE-Ginebra-7-28ab26-scaled.jpg 2560w, https:\/\/www.aie.es\/wp-content\/uploads\/Daren-Tang-AIE-Ginebra-7-28ab26-300x183.jpg 300w, https:\/\/www.aie.es\/wp-content\/uploads\/Daren-Tang-AIE-Ginebra-7-28ab26-1024x625.jpg 1024w, https:\/\/www.aie.es\/wp-content\/uploads\/Daren-Tang-AIE-Ginebra-7-28ab26-768x468.jpg 768w, https:\/\/www.aie.es\/wp-content\/uploads\/Daren-Tang-AIE-Ginebra-7-28ab26-1536x937.jpg 1536w, https:\/\/www.aie.es\/wp-content\/uploads\/Daren-Tang-AIE-Ginebra-7-28ab26-2048x1249.jpg 2048w, https:\/\/www.aie.es\/wp-content\/uploads\/Daren-Tang-AIE-Ginebra-7-28ab26-700x427.jpg 700w\" sizes=\"(max-width: 2560px) 100vw, 2560px\" \/><\/p>\n<p style=\"text-align: justify;\"><span data-ccp-props=\"{&quot;201341983&quot;:0,&quot;335559739&quot;:0,&quot;335559740&quot;:240}\">\u00a0<\/span><\/p>\n<p style=\"text-align: justify;\"><b><span data-contrast=\"auto\">Visita\u00a0a Espa\u00f1a\u00a0de\u00a0Daren\u00a0Tang<\/span><\/b><span data-ccp-props=\"{&quot;201341983&quot;:0,&quot;335559739&quot;:0,&quot;335559740&quot;:240}\">\u00a0<\/span><\/p>\n<p style=\"text-align: justify;\"><span data-contrast=\"auto\">El 27 de noviembre del pasado a\u00f1o, la sede de AIE acogi\u00f3 la reuni\u00f3n de trabajo\u00a0entre\u00a0Daren\u00a0Tang y las entidades de gesti\u00f3n de la m\u00fasica de Espa\u00f1a, en la que se abordaron los problemas y la situaci\u00f3n de la propiedad intelectual en Espa\u00f1a y el resto del mundo, los derechos en el \u00e1mbito digital y la Inteligencia Artificial.<\/span><span data-ccp-props=\"{&quot;201341983&quot;:0,&quot;335559739&quot;:0,&quot;335559740&quot;:240}\">\u00a0<\/span><\/p>\n<p style=\"text-align: justify;\"><span data-contrast=\"auto\">En ella,\u00a0Daren\u00a0Tang expuso la situaci\u00f3n de la PI y las claves del futuro inmediato en cuanto a la legislaci\u00f3n sobre propiedad intelectual y el cumplimiento de los tratados de la OMPI se refiere.<\/span><span data-ccp-props=\"{&quot;201341983&quot;:0,&quot;335559739&quot;:0,&quot;335559740&quot;:240}\">\u00a0<\/span><\/p>\n<p style=\"text-align: justify;\"><span data-ccp-props=\"{}\">\u00a0<\/span><\/p>\n<p style=\"text-align: justify;\"><b><span data-contrast=\"auto\">Sobre la OMPI<\/span><\/b><span data-ccp-props=\"{}\">\u00a0<\/span><\/p>\n<p style=\"text-align: justify;\"><span data-contrast=\"auto\">La Organizaci\u00f3n Mundial de la Propiedad Intelectual (OMPI) es el organismo de las Naciones Unidas que rinde servicio a las personas innovadoras y creadoras en todo el mundo, velando por que sus ideas se trasladen con seguridad al mercado y mejoren la vida de las personas en todas partes.<\/span><span data-ccp-props=\"{}\">\u00a0<\/span><\/p>\n<p style=\"text-align: justify;\"><b><span data-contrast=\"auto\">Para ello, prestan servicios que permiten a creadores, innovadores y empresarios proteger y promover su propiedad intelectual (PI) m\u00e1s all\u00e1 de las fronteras y sirve de foro para abordar cuestiones de m\u00e1xima actualidad en materia de PI.<\/span><\/b><span data-contrast=\"auto\">\u00a0Sus datos e informaci\u00f3n sobre PI orientan a las instancias decisorias de todo el mundo.\u00a0<\/span><\/p>\n","protected":false},"excerpt":{"rendered":"<p>Es la primera reuni\u00f3n oficial de Daren Tang con una entidad de gesti\u00f3n tras su reciente reelecci\u00f3n  <\/p>\n","protected":false},"author":4,"featured_media":59886,"comment_status":"closed","ping_status":"closed","sticky":false,"template":"","format":"standard","meta":{"_acf_changed":false,"_relevanssi_hide_post":"","_relevanssi_hide_content":"","_relevanssi_pin_for_all":"","_relevanssi_pin_keywords":"","_relevanssi_unpin_keywords":"","_relevanssi_related_keywords":"","_relevanssi_related_include_ids":"","_relevanssi_related_exclude_ids":"","_relevanssi_related_no_append":"","_relevanssi_related_not_related":"","_relevanssi_related_posts":"","_relevanssi_noindex_reason":"","footnotes":""},"categories":[857,321],"tags":[],"acf":[],"yoast_head":"<!-- This site is optimized with the Yoast SEO Premium plugin v21.5 (Yoast SEO v21.9.1) - https:\/\/yoast.com\/wordpress\/plugins\/seo\/ -->\n<title>El presidente de AIE se re\u00fane con el director general de la OMPI en Ginebra - AIE Sociedad de Artistas Int\u00e9rpretes o Ejecutantes de Espa\u00f1a<\/title>\n<meta name=\"robots\" content=\"index, follow, max-snippet:-1, max-image-preview:large, max-video-preview:-1\" \/>\n<link rel=\"canonical\" href=\"https:\/\/www.aie.es\/el-presidente-de-aie-se-reune-con-el-director-general-de-la-ompi-en-ginebra\/\" \/>\n<meta property=\"og:locale\" content=\"en_US\" \/>\n<meta property=\"og:type\" content=\"article\" \/>\n<meta property=\"og:title\" content=\"El presidente de AIE se re\u00fane con el director general de la OMPI en Ginebra\" \/>\n<meta property=\"og:description\" content=\"Es la primera reuni\u00f3n oficial de Daren Tang con una entidad de gesti\u00f3n tras su reciente reelecci\u00f3n\" \/>\n<meta property=\"og:url\" content=\"https:\/\/www.aie.es\/el-presidente-de-aie-se-reune-con-el-director-general-de-la-ompi-en-ginebra\/\" \/>\n<meta property=\"og:site_name\" content=\"AIE Sociedad de Artistas Int\u00e9rpretes o Ejecutantes de Espa\u00f1a\" \/>\n<meta property=\"article:published_time\" content=\"2026-04-30T14:32:49+00:00\" \/>\n<meta property=\"og:image\" content=\"https:\/\/www.aie.es\/wp-content\/uploads\/Daren-Tang-AIE-Ginebra-4-28ab26-scaled.jpg\" \/>\n\t<meta property=\"og:image:width\" content=\"2560\" \/>\n\t<meta property=\"og:image:height\" content=\"1462\" \/>\n\t<meta property=\"og:image:type\" content=\"image\/jpeg\" \/>\n<meta name=\"author\" content=\"diego\" \/>\n<meta name=\"twitter:card\" content=\"summary_large_image\" \/>\n<meta name=\"twitter:label1\" content=\"Written by\" \/>\n\t<meta name=\"twitter:data1\" content=\"diego\" \/>\n\t<meta name=\"twitter:label2\" content=\"Est. reading time\" \/>\n\t<meta name=\"twitter:data2\" content=\"2 minutes\" \/>\n<script type=\"application\/ld+json\" class=\"yoast-schema-graph\">{\"@context\":\"https:\/\/schema.org\",\"@graph\":[{\"@type\":\"WebPage\",\"@id\":\"https:\/\/www.aie.es\/el-presidente-de-aie-se-reune-con-el-director-general-de-la-ompi-en-ginebra\/\",\"url\":\"https:\/\/www.aie.es\/el-presidente-de-aie-se-reune-con-el-director-general-de-la-ompi-en-ginebra\/\",\"name\":\"El presidente de AIE se re\u00fane con el director general de la OMPI en Ginebra - AIE Sociedad de Artistas Int\u00e9rpretes o Ejecutantes de Espa\u00f1a\",\"isPartOf\":{\"@id\":\"https:\/\/www.aie.es\/#website\"},\"datePublished\":\"2026-04-30T14:32:49+00:00\",\"dateModified\":\"2026-04-30T14:32:49+00:00\",\"author\":{\"@id\":\"https:\/\/www.aie.es\/#\/schema\/person\/ad09c186388b5b9b686fc417f1a335c8\"},\"breadcrumb\":{\"@id\":\"https:\/\/www.aie.es\/el-presidente-de-aie-se-reune-con-el-director-general-de-la-ompi-en-ginebra\/#breadcrumb\"},\"inLanguage\":\"en-US\",\"potentialAction\":[{\"@type\":\"ReadAction\",\"target\":[\"https:\/\/www.aie.es\/el-presidente-de-aie-se-reune-con-el-director-general-de-la-ompi-en-ginebra\/\"]}]},{\"@type\":\"BreadcrumbList\",\"@id\":\"https:\/\/www.aie.es\/el-presidente-de-aie-se-reune-con-el-director-general-de-la-ompi-en-ginebra\/#breadcrumb\",\"itemListElement\":[{\"@type\":\"ListItem\",\"position\":1,\"name\":\"Portada\",\"item\":\"https:\/\/www.aie.es\/en\/\"},{\"@type\":\"ListItem\",\"position\":2,\"name\":\"El presidente de AIE se re\u00fane con el director general de la OMPI en Ginebra\"}]},{\"@type\":\"WebSite\",\"@id\":\"https:\/\/www.aie.es\/#website\",\"url\":\"https:\/\/www.aie.es\/\",\"name\":\"AIE Sociedad de Artistas Int\u00e9rpretes o Ejecutantes de Espa\u00f1a\",\"description\":\"Entidad de gesti\u00f3n de derechos de propiedad intelectual\",\"potentialAction\":[{\"@type\":\"SearchAction\",\"target\":{\"@type\":\"EntryPoint\",\"urlTemplate\":\"https:\/\/www.aie.es\/?s={search_term_string}\"},\"query-input\":\"required name=search_term_string\"}],\"inLanguage\":\"en-US\"},{\"@type\":\"Person\",\"@id\":\"https:\/\/www.aie.es\/#\/schema\/person\/ad09c186388b5b9b686fc417f1a335c8\",\"name\":\"diego\",\"image\":{\"@type\":\"ImageObject\",\"inLanguage\":\"en-US\",\"@id\":\"https:\/\/www.aie.es\/#\/schema\/person\/image\/\",\"url\":\"https:\/\/secure.gravatar.com\/avatar\/baac0355de5f662b0d1486934be3cae7?s=96&d=mm&r=g\",\"contentUrl\":\"https:\/\/secure.gravatar.com\/avatar\/baac0355de5f662b0d1486934be3cae7?s=96&d=mm&r=g\",\"caption\":\"diego\"},\"url\":\"https:\/\/www.aie.es\/en\/author\/diego\/\"}]}<\/script>\n<!-- \/ Yoast SEO Premium plugin. -->","yoast_head_json":{"title":"El presidente de AIE se re\u00fane con el director general de la OMPI en Ginebra - AIE Sociedad de Artistas Int\u00e9rpretes o Ejecutantes de Espa\u00f1a","robots":{"index":"index","follow":"follow","max-snippet":"max-snippet:-1","max-image-preview":"max-image-preview:large","max-video-preview":"max-video-preview:-1"},"canonical":"https:\/\/www.aie.es\/el-presidente-de-aie-se-reune-con-el-director-general-de-la-ompi-en-ginebra\/","og_locale":"en_US","og_type":"article","og_title":"El presidente de AIE se re\u00fane con el director general de la OMPI en Ginebra","og_description":"Es la primera reuni\u00f3n oficial de Daren Tang con una entidad de gesti\u00f3n tras su reciente reelecci\u00f3n","og_url":"https:\/\/www.aie.es\/el-presidente-de-aie-se-reune-con-el-director-general-de-la-ompi-en-ginebra\/","og_site_name":"AIE Sociedad de Artistas Int\u00e9rpretes o Ejecutantes de Espa\u00f1a","article_published_time":"2026-04-30T14:32:49+00:00","og_image":[{"width":2560,"height":1462,"url":"https:\/\/www.aie.es\/wp-content\/uploads\/Daren-Tang-AIE-Ginebra-4-28ab26-scaled.jpg","type":"image\/jpeg"}],"author":"diego","twitter_card":"summary_large_image","twitter_misc":{"Written by":"diego","Est. reading time":"2 minutes"},"schema":{"@context":"https:\/\/schema.org","@graph":[{"@type":"WebPage","@id":"https:\/\/www.aie.es\/el-presidente-de-aie-se-reune-con-el-director-general-de-la-ompi-en-ginebra\/","url":"https:\/\/www.aie.es\/el-presidente-de-aie-se-reune-con-el-director-general-de-la-ompi-en-ginebra\/","name":"El presidente de AIE se re\u00fane con el director general de la OMPI en Ginebra - AIE Sociedad de Artistas Int\u00e9rpretes o Ejecutantes de Espa\u00f1a","isPartOf":{"@id":"https:\/\/www.aie.es\/#website"},"datePublished":"2026-04-30T14:32:49+00:00","dateModified":"2026-04-30T14:32:49+00:00","author":{"@id":"https:\/\/www.aie.es\/#\/schema\/person\/ad09c186388b5b9b686fc417f1a335c8"},"breadcrumb":{"@id":"https:\/\/www.aie.es\/el-presidente-de-aie-se-reune-con-el-director-general-de-la-ompi-en-ginebra\/#breadcrumb"},"inLanguage":"en-US","potentialAction":[{"@type":"ReadAction","target":["https:\/\/www.aie.es\/el-presidente-de-aie-se-reune-con-el-director-general-de-la-ompi-en-ginebra\/"]}]},{"@type":"BreadcrumbList","@id":"https:\/\/www.aie.es\/el-presidente-de-aie-se-reune-con-el-director-general-de-la-ompi-en-ginebra\/#breadcrumb","itemListElement":[{"@type":"ListItem","position":1,"name":"Portada","item":"https:\/\/www.aie.es\/en\/"},{"@type":"ListItem","position":2,"name":"El presidente de AIE se re\u00fane con el director general de la OMPI en Ginebra"}]},{"@type":"WebSite","@id":"https:\/\/www.aie.es\/#website","url":"https:\/\/www.aie.es\/","name":"AIE Sociedad de Artistas Int\u00e9rpretes o Ejecutantes de Espa\u00f1a","description":"Entidad de gesti\u00f3n de derechos de propiedad intelectual","potentialAction":[{"@type":"SearchAction","target":{"@type":"EntryPoint","urlTemplate":"https:\/\/www.aie.es\/?s={search_term_string}"},"query-input":"required name=search_term_string"}],"inLanguage":"en-US"},{"@type":"Person","@id":"https:\/\/www.aie.es\/#\/schema\/person\/ad09c186388b5b9b686fc417f1a335c8","name":"diego","image":{"@type":"ImageObject","inLanguage":"en-US","@id":"https:\/\/www.aie.es\/#\/schema\/person\/image\/","url":"https:\/\/secure.gravatar.com\/avatar\/baac0355de5f662b0d1486934be3cae7?s=96&d=mm&r=g","contentUrl":"https:\/\/secure.gravatar.com\/avatar\/baac0355de5f662b0d1486934be3cae7?s=96&d=mm&r=g","caption":"diego"},"url":"https:\/\/www.aie.es\/en\/author\/diego\/"}]}},"_links":{"self":[{"href":"https:\/\/www.aie.es\/en\/wp-json\/wp\/v2\/posts\/59890"}],"collection":[{"href":"https:\/\/www.aie.es\/en\/wp-json\/wp\/v2\/posts"}],"about":[{"href":"https:\/\/www.aie.es\/en\/wp-json\/wp\/v2\/types\/post"}],"author":[{"embeddable":true,"href":"https:\/\/www.aie.es\/en\/wp-json\/wp\/v2\/users\/4"}],"replies":[{"embeddable":true,"href":"https:\/\/www.aie.es\/en\/wp-json\/wp\/v2\/comments?post=59890"}],"version-history":[{"count":0,"href":"https:\/\/www.aie.es\/en\/wp-json\/wp\/v2\/posts\/59890\/revisions"}],"wp:featuredmedia":[{"embeddable":true,"href":"https:\/\/www.aie.es\/en\/wp-json\/wp\/v2\/media\/59886"}],"wp:attachment":[{"href":"https:\/\/www.aie.es\/en\/wp-json\/wp\/v2\/media?parent=59890"}],"wp:term":[{"taxonomy":"category","embeddable":true,"href":"https:\/\/www.aie.es\/en\/wp-json\/wp\/v2\/categories?post=59890"},{"taxonomy":"post_tag","embeddable":true,"href":"https:\/\/www.aie.es\/en\/wp-json\/wp\/v2\/tags?post=59890"}],"curies":[{"name":"wp","href":"https:\/\/api.w.org\/{rel}","templated":true}]}}